{"id":246403,"date":"2025-03-29T15:15:00","date_gmt":"2025-03-29T18:15:00","guid":{"rendered":"https:\/\/www.gaveanews.com\/?p=246403"},"modified":"2025-03-29T14:30:14","modified_gmt":"2025-03-29T17:30:14","slug":"presidente-da-cbf-analisava-demissao-de-dorival-desde-2024-entenda","status":"publish","type":"post","link":"https:\/\/www.gaveanews.com\/index.php\/2025\/03\/29\/presidente-da-cbf-analisava-demissao-de-dorival-desde-2024-entenda\/","title":{"rendered":"Presidente da CBF analisava demiss\u00e3o de Dorival desde 2024; entenda"},"content":{"rendered":"\n<p>A decis\u00e3o da Confedera\u00e7\u00e3o Brasileira de Futebol (CBF) de demitir Dorival J\u00fanior do comando da sele\u00e7\u00e3o brasileira, oficializada na sexta-feira (28 de mar\u00e7o), vinha sendo maturada desde 2024. Conforme divulgado pelo &#8216;GE&#8217;, a insatisfa\u00e7\u00e3o com o desempenho da equipe sob sua lideran\u00e7a ganhou for\u00e7a especialmente ap\u00f3s a Data Fifa de novembro, sendo os jogos de mar\u00e7o tratados internamente como um poss\u00edvel ultimato.<\/p>\n\n\n\n<p>Embora Dorival tenha recebido publicamente o respaldo da diretoria, o distanciamento do presidente Ednaldo Rodrigues nas \u00faltimas convoca\u00e7\u00f5es foi interpretado como um sinal de insatisfa\u00e7\u00e3o. A dificuldade para vencer a Col\u00f4mbia e, sobretudo, a goleada sofrida para a Argentina, por 4 a 1, acentuaram o desgaste. \u201cO vesti\u00e1rio ap\u00f3s o jogo j\u00e1 indicava o fim de uma rela\u00e7\u00e3o com poucas palavras e nada que indicasse respaldo dali em diante\u201d, apontou uma fonte ligada \u00e0 comiss\u00e3o.<\/p>\n\n\n\n<p>Ali\u00e1s, j\u00e1 antes das partidas de mar\u00e7o, a CBF mantinha conversas com poss\u00edveis substitutos, incluindo Carlo Ancelotti e Jorge Jesus. Apesar do desejo antigo por Ancelotti, a dire\u00e7\u00e3o passou a ver Jorge Jesus como uma alternativa mais vi\u00e1vel. Entretanto, essas negocia\u00e7\u00f5es ocorreram sem a participa\u00e7\u00e3o do diretor de sele\u00e7\u00f5es, Rodrigo Caetano.<\/p>\n\n\n\n<p>No ambiente da sele\u00e7\u00e3o, o clima era de press\u00e3o e incerteza. O planejamento da comiss\u00e3o t\u00e9cnica previa a conquista de quatro pontos, o que poderia aliviar a situa\u00e7\u00e3o, mas n\u00e3o impedir a troca. A chegada tardia de Ednaldo a Bras\u00edlia, onde ocorreram os jogos, refor\u00e7ou a percep\u00e7\u00e3o de que os resultados seriam decisivos.<\/p>\n\n\n\n<p>A escolha do presidente foi por uma demiss\u00e3o parcial, restringindo as sa\u00eddas aos profissionais indicados diretamente por Dorival. Ainda assim, surpreendeu a manuten\u00e7\u00e3o do coordenador t\u00e9cnico Juan, tamb\u00e9m sugerido pelo treinador. A movimenta\u00e7\u00e3o abre espa\u00e7o para que a CBF busque novo nome para a Data Fifa de junho.<\/p>\n\n\n\n<p>Enfim, a sa\u00edda de Dorival marca mais um cap\u00edtulo turbulento na tentativa de reorganizar a sele\u00e7\u00e3o brasileira. A busca por um novo comandante passa, agora, por conciliar disponibilidade, perfil t\u00e9cnico e o projeto rumo \u00e0 Copa de 2026.<\/p>\n","protected":false},"excerpt":{"rendered":"<p>A decis\u00e3o da Confedera\u00e7\u00e3o Brasileira de Futebol (CBF) de demitir Dorival J\u00fanior do comando da sele\u00e7\u00e3o brasileira, oficializada na sexta-feira (28 de mar\u00e7o), vinha sendo maturada desde 2024. Conforme divulgado pelo &#8216;GE&#8217;, a insatisfa\u00e7\u00e3o com o desempenho da equipe sob sua lideran\u00e7a ganhou for\u00e7a especialmente ap\u00f3s a Data Fifa de novembro, sendo os jogos de [&hellip;]<\/p>\n","protected":false},"author":18,"featured_media":126556,"comment_status":"open","ping_status":"closed","sticky":false,"template":"","format":"standard","meta":{"footnotes":""},"categories":[478,477],"tags":[],"class_list":["post-246403","post","type-post","status-publish","format-standard","has-post-thumbnail","hentry","category-brasil","category-selecoes"],"yoast_head":"<!-- This site is optimized with the Yoast SEO Premium plugin v24.2 (Yoast SEO v26.9) - https:\/\/yoast.com\/product\/yoast-seo-premium-wordpress\/ -->\n<title>Presidente da CBF analisava demiss\u00e3o de Dorival desde 2024; entenda<\/title>\n<meta name=\"robots\" content=\"index, follow, max-snippet:-1, max-image-preview:large, max-video-preview:-1\" \/>\n<link rel=\"canonical\" href=\"https:\/\/www.gaveanews.com\/index.php\/2025\/03\/29\/presidente-da-cbf-analisava-demissao-de-dorival-desde-2024-entenda\/\" \/>\n<meta property=\"og:locale\" content=\"pt_BR\" \/>\n<meta property=\"og:type\" content=\"article\" \/>\n<meta property=\"og:title\" content=\"Presidente da CBF analisava demiss\u00e3o de Dorival desde 2024; entenda\" \/>\n<meta property=\"og:description\" content=\"A decis\u00e3o da Confedera\u00e7\u00e3o Brasileira de Futebol (CBF) de demitir Dorival J\u00fanior do comando da sele\u00e7\u00e3o brasileira, oficializada na sexta-feira (28 de mar\u00e7o), vinha sendo maturada desde 2024. Conforme divulgado pelo &#8216;GE&#8217;, a insatisfa\u00e7\u00e3o com o desempenho da equipe sob sua lideran\u00e7a ganhou for\u00e7a especialmente ap\u00f3s a Data Fifa de novembro, sendo os jogos de [&hellip;]\" \/>\n<meta property=\"og:url\" content=\"https:\/\/www.gaveanews.com\/index.php\/2025\/03\/29\/presidente-da-cbf-analisava-demissao-de-dorival-desde-2024-entenda\/\" \/>\n<meta property=\"og:site_name\" content=\"G\u00e1vea News\" \/>\n<meta property=\"article:publisher\" content=\"https:\/\/facebook.com\/gaveaNews\/\" \/>\n<meta property=\"article:published_time\" content=\"2025-03-29T18:15:00+00:00\" \/>\n<meta property=\"og:image\" content=\"https:\/\/www.gaveanews.com\/wp-content\/uploads\/dorival-junior-selecao-e1704998153515.webp\" \/>\n\t<meta property=\"og:image:width\" content=\"732\" \/>\n\t<meta property=\"og:image:height\" content=\"412\" \/>\n\t<meta property=\"og:image:type\" content=\"image\/webp\" \/>\n<meta name=\"author\" content=\"Paula Silva\" \/>\n<meta name=\"twitter:card\" content=\"summary_large_image\" \/>\n<meta name=\"twitter:label1\" content=\"Escrito por\" \/>\n\t<meta name=\"twitter:data1\" content=\"Paula Silva\" \/>\n\t<meta name=\"twitter:label2\" content=\"Est. tempo de leitura\" \/>\n\t<meta name=\"twitter:data2\" content=\"3 minutos\" \/>\n<script type=\"application\/ld+json\" class=\"yoast-schema-graph\">{\"@context\":\"https:\/\/schema.org\",\"@graph\":[{\"@type\":\"NewsArticle\",\"@id\":\"https:\/\/www.gaveanews.com\/index.php\/2025\/03\/29\/presidente-da-cbf-analisava-demissao-de-dorival-desde-2024-entenda\/#article\",\"isPartOf\":{\"@id\":\"https:\/\/www.gaveanews.com\/index.php\/2025\/03\/29\/presidente-da-cbf-analisava-demissao-de-dorival-desde-2024-entenda\/\"},\"author\":{\"name\":\"Paula Silva\",\"@id\":\"https:\/\/www.gaveanews.com\/#\/schema\/person\/daf63eec72e1164eb13dc35096c2b8da\"},\"headline\":\"Presidente da CBF analisava demiss\u00e3o de Dorival desde 2024; entenda\",\"datePublished\":\"2025-03-29T18:15:00+00:00\",\"mainEntityOfPage\":{\"@id\":\"https:\/\/www.gaveanews.com\/index.php\/2025\/03\/29\/presidente-da-cbf-analisava-demissao-de-dorival-desde-2024-entenda\/\"},\"wordCount\":376,\"commentCount\":0,\"image\":{\"@id\":\"https:\/\/www.gaveanews.com\/index.php\/2025\/03\/29\/presidente-da-cbf-analisava-demissao-de-dorival-desde-2024-entenda\/#primaryimage\"},\"thumbnailUrl\":\"https:\/\/www.gaveanews.com\/wp-content\/uploads\/dorival-junior-selecao-e1704998153515.webp\",\"articleSection\":[\"Brasil\",\"Sele\u00e7\u00f5es\"],\"inLanguage\":\"pt-BR\",\"potentialAction\":[{\"@type\":\"CommentAction\",\"name\":\"Comment\",\"target\":[\"https:\/\/www.gaveanews.com\/index.php\/2025\/03\/29\/presidente-da-cbf-analisava-demissao-de-dorival-desde-2024-entenda\/#respond\"]}],\"copyrightYear\":\"2025\",\"copyrightHolder\":{\"@id\":\"https:\/\/www.gaveanews.com\/#organization\"}},{\"@type\":\"WebPage\",\"@id\":\"https:\/\/www.gaveanews.com\/index.php\/2025\/03\/29\/presidente-da-cbf-analisava-demissao-de-dorival-desde-2024-entenda\/\",\"url\":\"https:\/\/www.gaveanews.com\/index.php\/2025\/03\/29\/presidente-da-cbf-analisava-demissao-de-dorival-desde-2024-entenda\/\",\"name\":\"Presidente da CBF analisava demiss\u00e3o de Dorival desde 2024; entenda\",\"isPartOf\":{\"@id\":\"https:\/\/www.gaveanews.com\/#website\"},\"primaryImageOfPage\":{\"@id\":\"https:\/\/www.gaveanews.com\/index.php\/2025\/03\/29\/presidente-da-cbf-analisava-demissao-de-dorival-desde-2024-entenda\/#primaryimage\"},\"image\":{\"@id\":\"https:\/\/www.gaveanews.com\/index.php\/2025\/03\/29\/presidente-da-cbf-analisava-demissao-de-dorival-desde-2024-entenda\/#primaryimage\"},\"thumbnailUrl\":\"https:\/\/www.gaveanews.com\/wp-content\/uploads\/dorival-junior-selecao-e1704998153515.webp\",\"datePublished\":\"2025-03-29T18:15:00+00:00\",\"author\":{\"@id\":\"https:\/\/www.gaveanews.com\/#\/schema\/person\/daf63eec72e1164eb13dc35096c2b8da\"},\"breadcrumb\":{\"@id\":\"https:\/\/www.gaveanews.com\/index.php\/2025\/03\/29\/presidente-da-cbf-analisava-demissao-de-dorival-desde-2024-entenda\/#breadcrumb\"},\"inLanguage\":\"pt-BR\",\"potentialAction\":[{\"@type\":\"ReadAction\",\"target\":[\"https:\/\/www.gaveanews.com\/index.php\/2025\/03\/29\/presidente-da-cbf-analisava-demissao-de-dorival-desde-2024-entenda\/\"]}]},{\"@type\":\"ImageObject\",\"inLanguage\":\"pt-BR\",\"@id\":\"https:\/\/www.gaveanews.com\/index.php\/2025\/03\/29\/presidente-da-cbf-analisava-demissao-de-dorival-desde-2024-entenda\/#primaryimage\",\"url\":\"https:\/\/www.gaveanews.com\/wp-content\/uploads\/dorival-junior-selecao-e1704998153515.webp\",\"contentUrl\":\"https:\/\/www.gaveanews.com\/wp-content\/uploads\/dorival-junior-selecao-e1704998153515.webp\",\"width\":732,\"height\":412,\"caption\":\"Dorival J\u00fanior, t\u00e9cnico da Sele\u00e7\u00e3o Brasileira (Foto: Reprodu\u00e7\u00e3o)\"},{\"@type\":\"BreadcrumbList\",\"@id\":\"https:\/\/www.gaveanews.com\/index.php\/2025\/03\/29\/presidente-da-cbf-analisava-demissao-de-dorival-desde-2024-entenda\/#breadcrumb\",\"itemListElement\":[{\"@type\":\"ListItem\",\"position\":1,\"name\":\"Home\",\"item\":\"https:\/\/www.gaveanews.com\/\"},{\"@type\":\"ListItem\",\"position\":2,\"name\":\"Presidente da CBF analisava demiss\u00e3o de Dorival desde 2024; entenda\"}]},{\"@type\":\"WebSite\",\"@id\":\"https:\/\/www.gaveanews.com\/#website\",\"url\":\"https:\/\/www.gaveanews.com\/\",\"name\":\"G\u00e1vea News\",\"description\":\"Veja todas as not\u00edcias sobre o Flamengo: Contrata\u00e7\u00f5es, categorias de base, resultados das partidas, tabela de classifica\u00e7\u00e3o, pr\u00f3ximos jogos!\",\"potentialAction\":[{\"@type\":\"SearchAction\",\"target\":{\"@type\":\"EntryPoint\",\"urlTemplate\":\"https:\/\/www.gaveanews.com\/?s={search_term_string}\"},\"query-input\":{\"@type\":\"PropertyValueSpecification\",\"valueRequired\":true,\"valueName\":\"search_term_string\"}}],\"inLanguage\":\"pt-BR\"},{\"@type\":\"Person\",\"@id\":\"https:\/\/www.gaveanews.com\/#\/schema\/person\/daf63eec72e1164eb13dc35096c2b8da\",\"name\":\"Paula Silva\",\"image\":{\"@type\":\"ImageObject\",\"inLanguage\":\"pt-BR\",\"@id\":\"https:\/\/www.gaveanews.com\/#\/schema\/person\/image\/\",\"url\":\"https:\/\/secure.gravatar.com\/avatar\/eda381c845527cc5d64c13b901833cda29d97500ba040d3e6461f76f51d163bb?s=96&d=mm&r=g\",\"contentUrl\":\"https:\/\/secure.gravatar.com\/avatar\/eda381c845527cc5d64c13b901833cda29d97500ba040d3e6461f76f51d163bb?s=96&d=mm&r=g\",\"caption\":\"Paula Silva\"}}]}<\/script>\n<!-- \/ Yoast SEO Premium plugin. -->","yoast_head_json":{"title":"Presidente da CBF analisava demiss\u00e3o de Dorival desde 2024; entenda","robots":{"index":"index","follow":"follow","max-snippet":"max-snippet:-1","max-image-preview":"max-image-preview:large","max-video-preview":"max-video-preview:-1"},"canonical":"https:\/\/www.gaveanews.com\/index.php\/2025\/03\/29\/presidente-da-cbf-analisava-demissao-de-dorival-desde-2024-entenda\/","og_locale":"pt_BR","og_type":"article","og_title":"Presidente da CBF analisava demiss\u00e3o de Dorival desde 2024; entenda","og_description":"A decis\u00e3o da Confedera\u00e7\u00e3o Brasileira de Futebol (CBF) de demitir Dorival J\u00fanior do comando da sele\u00e7\u00e3o brasileira, oficializada na sexta-feira (28 de mar\u00e7o), vinha sendo maturada desde 2024. Conforme divulgado pelo &#8216;GE&#8217;, a insatisfa\u00e7\u00e3o com o desempenho da equipe sob sua lideran\u00e7a ganhou for\u00e7a especialmente ap\u00f3s a Data Fifa de novembro, sendo os jogos de [&hellip;]","og_url":"https:\/\/www.gaveanews.com\/index.php\/2025\/03\/29\/presidente-da-cbf-analisava-demissao-de-dorival-desde-2024-entenda\/","og_site_name":"G\u00e1vea News","article_publisher":"https:\/\/facebook.com\/gaveaNews\/","article_published_time":"2025-03-29T18:15:00+00:00","og_image":[{"width":732,"height":412,"url":"https:\/\/www.gaveanews.com\/wp-content\/uploads\/dorival-junior-selecao-e1704998153515.webp","type":"image\/webp"}],"author":"Paula Silva","twitter_card":"summary_large_image","twitter_misc":{"Escrito por":"Paula Silva","Est. tempo de leitura":"3 minutos"},"schema":{"@context":"https:\/\/schema.org","@graph":[{"@type":"NewsArticle","@id":"https:\/\/www.gaveanews.com\/index.php\/2025\/03\/29\/presidente-da-cbf-analisava-demissao-de-dorival-desde-2024-entenda\/#article","isPartOf":{"@id":"https:\/\/www.gaveanews.com\/index.php\/2025\/03\/29\/presidente-da-cbf-analisava-demissao-de-dorival-desde-2024-entenda\/"},"author":{"name":"Paula Silva","@id":"https:\/\/www.gaveanews.com\/#\/schema\/person\/daf63eec72e1164eb13dc35096c2b8da"},"headline":"Presidente da CBF analisava demiss\u00e3o de Dorival desde 2024; entenda","datePublished":"2025-03-29T18:15:00+00:00","mainEntityOfPage":{"@id":"https:\/\/www.gaveanews.com\/index.php\/2025\/03\/29\/presidente-da-cbf-analisava-demissao-de-dorival-desde-2024-entenda\/"},"wordCount":376,"commentCount":0,"image":{"@id":"https:\/\/www.gaveanews.com\/index.php\/2025\/03\/29\/presidente-da-cbf-analisava-demissao-de-dorival-desde-2024-entenda\/#primaryimage"},"thumbnailUrl":"https:\/\/www.gaveanews.com\/wp-content\/uploads\/dorival-junior-selecao-e1704998153515.webp","articleSection":["Brasil","Sele\u00e7\u00f5es"],"inLanguage":"pt-BR","potentialAction":[{"@type":"CommentAction","name":"Comment","target":["https:\/\/www.gaveanews.com\/index.php\/2025\/03\/29\/presidente-da-cbf-analisava-demissao-de-dorival-desde-2024-entenda\/#respond"]}],"copyrightYear":"2025","copyrightHolder":{"@id":"https:\/\/www.gaveanews.com\/#organization"}},{"@type":"WebPage","@id":"https:\/\/www.gaveanews.com\/index.php\/2025\/03\/29\/presidente-da-cbf-analisava-demissao-de-dorival-desde-2024-entenda\/","url":"https:\/\/www.gaveanews.com\/index.php\/2025\/03\/29\/presidente-da-cbf-analisava-demissao-de-dorival-desde-2024-entenda\/","name":"Presidente da CBF analisava demiss\u00e3o de Dorival desde 2024; entenda","isPartOf":{"@id":"https:\/\/www.gaveanews.com\/#website"},"primaryImageOfPage":{"@id":"https:\/\/www.gaveanews.com\/index.php\/2025\/03\/29\/presidente-da-cbf-analisava-demissao-de-dorival-desde-2024-entenda\/#primaryimage"},"image":{"@id":"https:\/\/www.gaveanews.com\/index.php\/2025\/03\/29\/presidente-da-cbf-analisava-demissao-de-dorival-desde-2024-entenda\/#primaryimage"},"thumbnailUrl":"https:\/\/www.gaveanews.com\/wp-content\/uploads\/dorival-junior-selecao-e1704998153515.webp","datePublished":"2025-03-29T18:15:00+00:00","author":{"@id":"https:\/\/www.gaveanews.com\/#\/schema\/person\/daf63eec72e1164eb13dc35096c2b8da"},"breadcrumb":{"@id":"https:\/\/www.gaveanews.com\/index.php\/2025\/03\/29\/presidente-da-cbf-analisava-demissao-de-dorival-desde-2024-entenda\/#breadcrumb"},"inLanguage":"pt-BR","potentialAction":[{"@type":"ReadAction","target":["https:\/\/www.gaveanews.com\/index.php\/2025\/03\/29\/presidente-da-cbf-analisava-demissao-de-dorival-desde-2024-entenda\/"]}]},{"@type":"ImageObject","inLanguage":"pt-BR","@id":"https:\/\/www.gaveanews.com\/index.php\/2025\/03\/29\/presidente-da-cbf-analisava-demissao-de-dorival-desde-2024-entenda\/#primaryimage","url":"https:\/\/www.gaveanews.com\/wp-content\/uploads\/dorival-junior-selecao-e1704998153515.webp","contentUrl":"https:\/\/www.gaveanews.com\/wp-content\/uploads\/dorival-junior-selecao-e1704998153515.webp","width":732,"height":412,"caption":"Dorival J\u00fanior, t\u00e9cnico da Sele\u00e7\u00e3o Brasileira (Foto: Reprodu\u00e7\u00e3o)"},{"@type":"BreadcrumbList","@id":"https:\/\/www.gaveanews.com\/index.php\/2025\/03\/29\/presidente-da-cbf-analisava-demissao-de-dorival-desde-2024-entenda\/#breadcrumb","itemListElement":[{"@type":"ListItem","position":1,"name":"Home","item":"https:\/\/www.gaveanews.com\/"},{"@type":"ListItem","position":2,"name":"Presidente da CBF analisava demiss\u00e3o de Dorival desde 2024; entenda"}]},{"@type":"WebSite","@id":"https:\/\/www.gaveanews.com\/#website","url":"https:\/\/www.gaveanews.com\/","name":"G\u00e1vea News","description":"Veja todas as not\u00edcias sobre o Flamengo: Contrata\u00e7\u00f5es, categorias de base, resultados das partidas, tabela de classifica\u00e7\u00e3o, pr\u00f3ximos jogos!","potentialAction":[{"@type":"SearchAction","target":{"@type":"EntryPoint","urlTemplate":"https:\/\/www.gaveanews.com\/?s={search_term_string}"},"query-input":{"@type":"PropertyValueSpecification","valueRequired":true,"valueName":"search_term_string"}}],"inLanguage":"pt-BR"},{"@type":"Person","@id":"https:\/\/www.gaveanews.com\/#\/schema\/person\/daf63eec72e1164eb13dc35096c2b8da","name":"Paula Silva","image":{"@type":"ImageObject","inLanguage":"pt-BR","@id":"https:\/\/www.gaveanews.com\/#\/schema\/person\/image\/","url":"https:\/\/secure.gravatar.com\/avatar\/eda381c845527cc5d64c13b901833cda29d97500ba040d3e6461f76f51d163bb?s=96&d=mm&r=g","contentUrl":"https:\/\/secure.gravatar.com\/avatar\/eda381c845527cc5d64c13b901833cda29d97500ba040d3e6461f76f51d163bb?s=96&d=mm&r=g","caption":"Paula Silva"}}]}},"_links":{"self":[{"href":"https:\/\/www.gaveanews.com\/index.php\/wp-json\/wp\/v2\/posts\/246403","targetHints":{"allow":["GET"]}}],"collection":[{"href":"https:\/\/www.gaveanews.com\/index.php\/wp-json\/wp\/v2\/posts"}],"about":[{"href":"https:\/\/www.gaveanews.com\/index.php\/wp-json\/wp\/v2\/types\/post"}],"author":[{"embeddable":true,"href":"https:\/\/www.gaveanews.com\/index.php\/wp-json\/wp\/v2\/users\/18"}],"replies":[{"embeddable":true,"href":"https:\/\/www.gaveanews.com\/index.php\/wp-json\/wp\/v2\/comments?post=246403"}],"version-history":[{"count":1,"href":"https:\/\/www.gaveanews.com\/index.php\/wp-json\/wp\/v2\/posts\/246403\/revisions"}],"predecessor-version":[{"id":246405,"href":"https:\/\/www.gaveanews.com\/index.php\/wp-json\/wp\/v2\/posts\/246403\/revisions\/246405"}],"wp:featuredmedia":[{"embeddable":true,"href":"https:\/\/www.gaveanews.com\/index.php\/wp-json\/wp\/v2\/media\/126556"}],"wp:attachment":[{"href":"https:\/\/www.gaveanews.com\/index.php\/wp-json\/wp\/v2\/media?parent=246403"}],"wp:term":[{"taxonomy":"category","embeddable":true,"href":"https:\/\/www.gaveanews.com\/index.php\/wp-json\/wp\/v2\/categories?post=246403"},{"taxonomy":"post_tag","embeddable":true,"href":"https:\/\/www.gaveanews.com\/index.php\/wp-json\/wp\/v2\/tags?post=246403"}],"curies":[{"name":"wp","href":"https:\/\/api.w.org\/{rel}","templated":true}]}}