{"id":246411,"date":"2025-03-29T16:40:00","date_gmt":"2025-03-29T19:40:00","guid":{"rendered":"https:\/\/www.gaveanews.com\/?p=246411"},"modified":"2025-03-29T15:00:28","modified_gmt":"2025-03-29T18:00:28","slug":"tres-reforcos-chegando-novidades-para-estreia-e-decisao-prejudica-clube-as-ultimas-noticias-do-vasco","status":"publish","type":"post","link":"https:\/\/www.gaveanews.com\/index.php\/2025\/03\/29\/tres-reforcos-chegando-novidades-para-estreia-e-decisao-prejudica-clube-as-ultimas-noticias-do-vasco\/","title":{"rendered":"Tr\u00eas refor\u00e7os chegando, novidades para estreia e decis\u00e3o prejudica clube: as \u00faltimas not\u00edcias do Vasco"},"content":{"rendered":"\n<p>Nas \u00faltimas horas, o foco das not\u00edcias sobre o Vasco se concentram nos bastidores do clube, com destaques do dia a dia do time.<\/p>\n\n\n\n<p>Por conta deste contexto, leia abaixo um resumo preparado pela equipe do portal G\u00e1vea News para lhe manter muito bem informado!<\/p>\n\n\n\n<div class=\"wp-block-group\"><div class=\"wp-block-group__inner-container is-layout-constrained wp-block-group-is-layout-constrained\">\n<h2 class=\"wp-block-heading\" id=\"h-decisao-prejudica-clube\">Decis\u00e3o prejudica clube<\/h2>\n\n\n\n<p>O Vasco da Gama tomou uma decis\u00e3o que pode trazer consequ\u00eancias no Campeonato Brasileiro de 2025: a venda do mando de campo dos jogos contra Palmeiras e Botafogo para o Est\u00e1dio Man\u00e9 Garrincha, em Bras\u00edlia. Apesar do retorno financeiro, a escolha preocupa parte da torcida, j\u00e1 que o clube possui um hist\u00f3rico extremamente negativo atuando na capital federal. Desde 2013, o time ainda n\u00e3o venceu partidas da S\u00e9rie A no local, somando apenas empates e derrotas em suas participa\u00e7\u00f5es <strong><a href=\"https:\/\/www.gaveanews.com\/index.php\/2025\/03\/25\/decisao-da-diretoria-pode-prejudicar-o-vasco\/\">(leia a mat\u00e9ria completa).<\/a><\/strong><\/p>\n\n\n\n<figure class=\"wp-block-image size-full\"><img loading=\"lazy\" decoding=\"async\" width=\"1024\" height=\"562\" src=\"http:\/\/www.gaveanews.com\/wp-content\/uploads\/Pedrinho-presidente-do-Vasco.webp\" alt=\"\" class=\"wp-image-146559\" srcset=\"https:\/\/www.gaveanews.com\/wp-content\/uploads\/Pedrinho-presidente-do-Vasco.webp 1024w, https:\/\/www.gaveanews.com\/wp-content\/uploads\/Pedrinho-presidente-do-Vasco-300x165.webp 300w, https:\/\/www.gaveanews.com\/wp-content\/uploads\/Pedrinho-presidente-do-Vasco-768x422.webp 768w, https:\/\/www.gaveanews.com\/wp-content\/uploads\/Pedrinho-presidente-do-Vasco-765x420.webp 765w, https:\/\/www.gaveanews.com\/wp-content\/uploads\/Pedrinho-presidente-do-Vasco-640x350.webp 640w, https:\/\/www.gaveanews.com\/wp-content\/uploads\/Pedrinho-presidente-do-Vasco-681x374.webp 681w, https:\/\/www.gaveanews.com\/wp-content\/uploads\/Pedrinho-presidente-do-Vasco-1022x562.webp 1022w, https:\/\/www.gaveanews.com\/wp-content\/uploads\/Pedrinho-presidente-do-Vasco-100x55.webp 100w\" sizes=\"auto, (max-width: 1024px) 100vw, 1024px\" \/><figcaption class=\"wp-element-caption\">Pedrinho, presidente do Vasco (Foto: Reprodu\u00e7\u00e3o\/Vasco TV)<\/figcaption><\/figure>\n\n\n\n<p>Ao todo, o Vasco disputou oito jogos do Brasileir\u00e3o no Man\u00e9 Garrincha, com tr\u00eas empates e cinco derrotas. Entre os momentos mais marcantes, est\u00e3o a goleada sofrida para o S\u00e3o Paulo em 2015 e o rev\u00e9s por 4 a 1 diante do Corinthians em 2018, mesmo ap\u00f3s ter sa\u00eddo na frente. <\/p>\n\n\n\n<p>A equipe tamb\u00e9m amarga mem\u00f3rias dolorosas, como a derrota para o Flamengo em 2019, quando desperdi\u00e7ou dois p\u00eanaltis, e a partida mais recente, em 2024, quando caiu diante do Palmeiras ap\u00f3s falhas defensivas.<\/p>\n\n\n\n<p>Diante desse retrospecto, a escolha da diretoria comandada por Pedrinho gera apreens\u00e3o. Em um momento no qual o clube busca maior estabilidade e resultados consistentes, a press\u00e3o para quebrar esse tabu em Bras\u00edlia \u00e9 ainda maior. Os confrontos em quest\u00e3o s\u00e3o contra advers\u00e1rios de peso e considerados candidatos ao t\u00edtulo, o que torna a miss\u00e3o do Vasco ainda mais desafiadora. A torcida, por sua vez, aguarda com expectativa por um desempenho que possa finalmente mudar a hist\u00f3ria do clube no Man\u00e9 Garrincha.<\/p>\n\n\n\n<h2 class=\"wp-block-heading\" id=\"h-novidades-para-estreia\">Novidades para estreia<\/h2>\n\n\n\n<p>O Vasco da Gama iniciou a semana com foco total na estreia do Campeonato Brasileiro de 2025, marcada para o pr\u00f3ximo domingo (30), contra o Santos, em S\u00e3o Janu\u00e1rio. A prepara\u00e7\u00e3o ganhou refor\u00e7os importantes: o goleiro L\u00e9o Jardim, o meia Philippe Coutinho e o volante Tch\u00ea Tch\u00ea devem estar \u00e0 disposi\u00e7\u00e3o do t\u00e9cnico F\u00e1bio Carille ap\u00f3s se recuperarem de les\u00f5es. Com o retorno desses jogadores, o clube carioca poder\u00e1 contar com um elenco mais encorpado e competitivo para come\u00e7ar a competi\u00e7\u00e3o com o p\u00e9 direito diante de sua torcida<strong><a href=\"https:\/\/www.gaveanews.com\/index.php\/2025\/03\/25\/de-olho-na-estreia-do-brasileirao-vasco-tera-novidades\/\"> (leia a mat\u00e9ria completa).<\/a><\/strong><\/p>\n\n\n\n<figure class=\"wp-block-image size-large\"><img loading=\"lazy\" decoding=\"async\" width=\"1024\" height=\"683\" src=\"http:\/\/www.gaveanews.com\/wp-content\/uploads\/Jogadores-do-Vasco-durante-partida-contra-o-Atletico-GO-pela-Copa-do-Brasil-2024-1024x683.webp\" alt=\"\" class=\"wp-image-157096\" srcset=\"https:\/\/www.gaveanews.com\/wp-content\/uploads\/Jogadores-do-Vasco-durante-partida-contra-o-Atletico-GO-pela-Copa-do-Brasil-2024-1024x683.webp 1024w, https:\/\/www.gaveanews.com\/wp-content\/uploads\/Jogadores-do-Vasco-durante-partida-contra-o-Atletico-GO-pela-Copa-do-Brasil-2024-300x200.webp 300w, https:\/\/www.gaveanews.com\/wp-content\/uploads\/Jogadores-do-Vasco-durante-partida-contra-o-Atletico-GO-pela-Copa-do-Brasil-2024-768x512.webp 768w, https:\/\/www.gaveanews.com\/wp-content\/uploads\/Jogadores-do-Vasco-durante-partida-contra-o-Atletico-GO-pela-Copa-do-Brasil-2024-630x420.webp 630w, https:\/\/www.gaveanews.com\/wp-content\/uploads\/Jogadores-do-Vasco-durante-partida-contra-o-Atletico-GO-pela-Copa-do-Brasil-2024-1260x840.webp 1260w, https:\/\/www.gaveanews.com\/wp-content\/uploads\/Jogadores-do-Vasco-durante-partida-contra-o-Atletico-GO-pela-Copa-do-Brasil-2024-640x427.webp 640w, https:\/\/www.gaveanews.com\/wp-content\/uploads\/Jogadores-do-Vasco-durante-partida-contra-o-Atletico-GO-pela-Copa-do-Brasil-2024-1280x853.webp 1280w, https:\/\/www.gaveanews.com\/wp-content\/uploads\/Jogadores-do-Vasco-durante-partida-contra-o-Atletico-GO-pela-Copa-do-Brasil-2024-681x454.webp 681w, https:\/\/www.gaveanews.com\/wp-content\/uploads\/Jogadores-do-Vasco-durante-partida-contra-o-Atletico-GO-pela-Copa-do-Brasil-2024-1362x908.webp 1362w, https:\/\/www.gaveanews.com\/wp-content\/uploads\/Jogadores-do-Vasco-durante-partida-contra-o-Atletico-GO-pela-Copa-do-Brasil-2024-100x67.webp 100w, https:\/\/www.gaveanews.com\/wp-content\/uploads\/Jogadores-do-Vasco-durante-partida-contra-o-Atletico-GO-pela-Copa-do-Brasil-2024.webp 1440w\" sizes=\"auto, (max-width: 1024px) 100vw, 1024px\" \/><figcaption class=\"wp-element-caption\">Jogadores do Vasco durante partida contra o Atletico-GO pela Copa do Brasil 2024 (Foto: Reprodu\u00e7\u00e3o\/Instagram)<\/figcaption><\/figure>\n\n\n\n<p>L\u00e9o Jardim, pe\u00e7a-chave do sistema defensivo, iniciou tratamento ap\u00f3s sentir dores no joelho esquerdo, mas deve estar liberado a tempo. J\u00e1 Coutinho, que se recupera de uma les\u00e3o no m\u00fasculo adutor da coxa, est\u00e1 em fase final de transi\u00e7\u00e3o e tem boas chances de refor\u00e7ar o setor ofensivo. No meio-campo, Tch\u00ea Tch\u00ea tamb\u00e9m deve retomar os treinos ap\u00f3s les\u00e3o no joelho, sendo considerado uma pe\u00e7a estrat\u00e9gica por sua versatilidade e intensidade em campo.<\/p>\n\n\n\n<p>Com esses refor\u00e7os, a comiss\u00e3o t\u00e9cnica intensificar\u00e1 os trabalhos t\u00e9cnicos, t\u00e1ticos e f\u00edsicos ao longo da semana. O objetivo \u00e9 garantir ritmo de jogo e minimizar o risco de novas les\u00f5es, j\u00e1 que o in\u00edcio do Brasileir\u00e3o pode ser determinante para a confian\u00e7a do time. A expectativa da torcida \u00e9 grande, e a partida contra o Santos ser\u00e1 uma importante oportunidade para o Vasco mostrar sua for\u00e7a com um elenco mais qualificado e determinado.<\/p>\n\n\n\n<h2 class=\"wp-block-heading\" id=\"h-tres-reforcos-chegando\">Tr\u00eas refor\u00e7os chegando<\/h2>\n\n\n\n<p>O Vasco da Gama se prepara para movimentar o mercado na pr\u00f3xima janela de transfer\u00eancias, com o an\u00fancio previsto de tr\u00eas refor\u00e7os pontuais. A diretoria entende que, apesar de o elenco atual ser competitivo, ainda faltam pe\u00e7as-chave para que o clube brigue em alto n\u00edvel no cen\u00e1rio nacional. A expectativa \u00e9 que cheguem um zagueiro, um meia e um atacante, com investimentos estimados em cerca de R$ 40 milh\u00f5es para elevar o patamar da equipe na temporada<strong><a href=\"https:\/\/www.gaveanews.com\/index.php\/2025\/03\/25\/vasco-vai-anunciar-tres-reforcos-na-proxima-janela-de-transferencias\/\"> (leia a mat\u00e9ria completa).<\/a><\/strong><\/p>\n\n\n\n<figure class=\"wp-block-image size-full\"><img loading=\"lazy\" decoding=\"async\" width=\"738\" height=\"469\" src=\"http:\/\/www.gaveanews.com\/wp-content\/uploads\/Carille-pelo-Vasco.webp\" alt=\"Carille pelo Vasco\" class=\"wp-image-220355\"\/><figcaption class=\"wp-element-caption\">Carille pelo Vasco (Foto: Reprodu\u00e7\u00e3o) <\/figcaption><\/figure>\n\n\n\n<p>Enquanto busca refor\u00e7os, o clube tamb\u00e9m lida com press\u00e3o fora das quatro linhas. O presidente Pedrinho, embora tenha mantido postura firme diante de poss\u00edveis propostas de venda do clube, enfrenta cr\u00edticas por n\u00e3o resolver pend\u00eancias estruturais, sobretudo ap\u00f3s o desgaste com a 777 Partners. A torcida, cansada de promessas, exige resultados concretos, tanto dentro quanto fora de campo, para confiar novamente no projeto vasca\u00edno.<\/p>\n\n\n\n<p>Dentro das quatro linhas, o t\u00e9cnico F\u00e1bio Carille tamb\u00e9m vive momento de cobran\u00e7a. A elimina\u00e7\u00e3o no Campeonato Carioca aumentou a press\u00e3o por desempenho no Campeonato Brasileiro. Apesar da confian\u00e7a da diretoria, a continuidade do treinador depender\u00e1 de uma evolu\u00e7\u00e3o significativa nas pr\u00f3ximas rodadas. Por isso, os refor\u00e7os que chegar\u00e3o na pr\u00f3xima janela s\u00e3o vistos n\u00e3o apenas como apostas esportivas, mas como medidas urgentes para estabilizar o ambiente e recolocar o Vasco em uma trajet\u00f3ria positiva.<\/p>\n<\/div><\/div>\n","protected":false},"excerpt":{"rendered":"<p>Nas \u00faltimas horas, o foco das not\u00edcias sobre o Vasco se concentram nos bastidores do clube, com destaques do dia a dia do time. Por conta deste contexto, leia abaixo um resumo preparado pela equipe do portal G\u00e1vea News para lhe manter muito bem informado! Decis\u00e3o prejudica clube O Vasco da Gama tomou uma decis\u00e3o [&hellip;]<\/p>\n","protected":false},"author":33,"featured_media":147443,"comment_status":"open","ping_status":"closed","sticky":false,"template":"","format":"standard","meta":{"footnotes":""},"categories":[152],"tags":[],"class_list":["post-246411","post","type-post","status-publish","format-standard","has-post-thumbnail","hentry","category-vasco"],"yoast_head":"<!-- This site is optimized with the Yoast SEO Premium plugin v24.2 (Yoast SEO v26.9) - https:\/\/yoast.com\/product\/yoast-seo-premium-wordpress\/ -->\n<title>Tr\u00eas refor\u00e7os chegando, novidades para estreia e decis\u00e3o prejudica clube: as \u00faltimas not\u00edcias do Vasco<\/title>\n<meta name=\"robots\" content=\"index, follow, max-snippet:-1, max-image-preview:large, max-video-preview:-1\" \/>\n<link rel=\"canonical\" href=\"https:\/\/www.gaveanews.com\/index.php\/2025\/03\/29\/tres-reforcos-chegando-novidades-para-estreia-e-decisao-prejudica-clube-as-ultimas-noticias-do-vasco\/\" \/>\n<meta property=\"og:locale\" content=\"pt_BR\" \/>\n<meta property=\"og:type\" content=\"article\" \/>\n<meta property=\"og:title\" content=\"Tr\u00eas refor\u00e7os chegando, novidades para estreia e decis\u00e3o prejudica clube: as \u00faltimas not\u00edcias do Vasco\" \/>\n<meta property=\"og:description\" content=\"Nas \u00faltimas horas, o foco das not\u00edcias sobre o Vasco se concentram nos bastidores do clube, com destaques do dia a dia do time. Por conta deste contexto, leia abaixo um resumo preparado pela equipe do portal G\u00e1vea News para lhe manter muito bem informado! Decis\u00e3o prejudica clube O Vasco da Gama tomou uma decis\u00e3o [&hellip;]\" \/>\n<meta property=\"og:url\" content=\"https:\/\/www.gaveanews.com\/index.php\/2025\/03\/29\/tres-reforcos-chegando-novidades-para-estreia-e-decisao-prejudica-clube-as-ultimas-noticias-do-vasco\/\" \/>\n<meta property=\"og:site_name\" content=\"G\u00e1vea News\" \/>\n<meta property=\"article:publisher\" content=\"https:\/\/facebook.com\/gaveaNews\/\" \/>\n<meta property=\"article:published_time\" content=\"2025-03-29T19:40:00+00:00\" \/>\n<meta property=\"og:image\" content=\"https:\/\/www.gaveanews.com\/wp-content\/uploads\/Camisa-do-Vasco-da-Gama.webp\" \/>\n\t<meta property=\"og:image:width\" content=\"1440\" \/>\n\t<meta property=\"og:image:height\" content=\"960\" \/>\n\t<meta property=\"og:image:type\" content=\"image\/jpeg\" \/>\n<meta name=\"author\" content=\"Brenda Cezillo\" \/>\n<meta name=\"twitter:card\" content=\"summary_large_image\" \/>\n<meta name=\"twitter:label1\" content=\"Escrito por\" \/>\n\t<meta name=\"twitter:data1\" content=\"Brenda Cezillo\" \/>\n\t<meta name=\"twitter:label2\" content=\"Est. tempo de leitura\" \/>\n\t<meta name=\"twitter:data2\" content=\"6 minutos\" \/>\n<script type=\"application\/ld+json\" class=\"yoast-schema-graph\">{\"@context\":\"https:\/\/schema.org\",\"@graph\":[{\"@type\":\"NewsArticle\",\"@id\":\"https:\/\/www.gaveanews.com\/index.php\/2025\/03\/29\/tres-reforcos-chegando-novidades-para-estreia-e-decisao-prejudica-clube-as-ultimas-noticias-do-vasco\/#article\",\"isPartOf\":{\"@id\":\"https:\/\/www.gaveanews.com\/index.php\/2025\/03\/29\/tres-reforcos-chegando-novidades-para-estreia-e-decisao-prejudica-clube-as-ultimas-noticias-do-vasco\/\"},\"author\":{\"name\":\"Brenda Cezillo\",\"@id\":\"https:\/\/www.gaveanews.com\/#\/schema\/person\/c79759ca337c40791ae8d08e2923d403\"},\"headline\":\"Tr\u00eas refor\u00e7os chegando, novidades para estreia e decis\u00e3o prejudica clube: as \u00faltimas not\u00edcias do Vasco\",\"datePublished\":\"2025-03-29T19:40:00+00:00\",\"mainEntityOfPage\":{\"@id\":\"https:\/\/www.gaveanews.com\/index.php\/2025\/03\/29\/tres-reforcos-chegando-novidades-para-estreia-e-decisao-prejudica-clube-as-ultimas-noticias-do-vasco\/\"},\"wordCount\":902,\"commentCount\":0,\"image\":{\"@id\":\"https:\/\/www.gaveanews.com\/index.php\/2025\/03\/29\/tres-reforcos-chegando-novidades-para-estreia-e-decisao-prejudica-clube-as-ultimas-noticias-do-vasco\/#primaryimage\"},\"thumbnailUrl\":\"https:\/\/www.gaveanews.com\/wp-content\/uploads\/Camisa-do-Vasco-da-Gama.webp\",\"articleSection\":[\"Vasco\"],\"inLanguage\":\"pt-BR\",\"potentialAction\":[{\"@type\":\"CommentAction\",\"name\":\"Comment\",\"target\":[\"https:\/\/www.gaveanews.com\/index.php\/2025\/03\/29\/tres-reforcos-chegando-novidades-para-estreia-e-decisao-prejudica-clube-as-ultimas-noticias-do-vasco\/#respond\"]}],\"copyrightYear\":\"2025\",\"copyrightHolder\":{\"@id\":\"https:\/\/www.gaveanews.com\/#organization\"}},{\"@type\":\"WebPage\",\"@id\":\"https:\/\/www.gaveanews.com\/index.php\/2025\/03\/29\/tres-reforcos-chegando-novidades-para-estreia-e-decisao-prejudica-clube-as-ultimas-noticias-do-vasco\/\",\"url\":\"https:\/\/www.gaveanews.com\/index.php\/2025\/03\/29\/tres-reforcos-chegando-novidades-para-estreia-e-decisao-prejudica-clube-as-ultimas-noticias-do-vasco\/\",\"name\":\"Tr\u00eas refor\u00e7os chegando, novidades para estreia e decis\u00e3o prejudica clube: as \u00faltimas not\u00edcias do Vasco\",\"isPartOf\":{\"@id\":\"https:\/\/www.gaveanews.com\/#website\"},\"primaryImageOfPage\":{\"@id\":\"https:\/\/www.gaveanews.com\/index.php\/2025\/03\/29\/tres-reforcos-chegando-novidades-para-estreia-e-decisao-prejudica-clube-as-ultimas-noticias-do-vasco\/#primaryimage\"},\"image\":{\"@id\":\"https:\/\/www.gaveanews.com\/index.php\/2025\/03\/29\/tres-reforcos-chegando-novidades-para-estreia-e-decisao-prejudica-clube-as-ultimas-noticias-do-vasco\/#primaryimage\"},\"thumbnailUrl\":\"https:\/\/www.gaveanews.com\/wp-content\/uploads\/Camisa-do-Vasco-da-Gama.webp\",\"datePublished\":\"2025-03-29T19:40:00+00:00\",\"author\":{\"@id\":\"https:\/\/www.gaveanews.com\/#\/schema\/person\/c79759ca337c40791ae8d08e2923d403\"},\"breadcrumb\":{\"@id\":\"https:\/\/www.gaveanews.com\/index.php\/2025\/03\/29\/tres-reforcos-chegando-novidades-para-estreia-e-decisao-prejudica-clube-as-ultimas-noticias-do-vasco\/#breadcrumb\"},\"inLanguage\":\"pt-BR\",\"potentialAction\":[{\"@type\":\"ReadAction\",\"target\":[\"https:\/\/www.gaveanews.com\/index.php\/2025\/03\/29\/tres-reforcos-chegando-novidades-para-estreia-e-decisao-prejudica-clube-as-ultimas-noticias-do-vasco\/\"]}]},{\"@type\":\"ImageObject\",\"inLanguage\":\"pt-BR\",\"@id\":\"https:\/\/www.gaveanews.com\/index.php\/2025\/03\/29\/tres-reforcos-chegando-novidades-para-estreia-e-decisao-prejudica-clube-as-ultimas-noticias-do-vasco\/#primaryimage\",\"url\":\"https:\/\/www.gaveanews.com\/wp-content\/uploads\/Camisa-do-Vasco-da-Gama.webp\",\"contentUrl\":\"https:\/\/www.gaveanews.com\/wp-content\/uploads\/Camisa-do-Vasco-da-Gama.webp\",\"width\":1440,\"height\":960,\"caption\":\"Camisa do Vasco da Gama (Foto: Reprodu\u00e7\u00e3o\/Instagram)\"},{\"@type\":\"BreadcrumbList\",\"@id\":\"https:\/\/www.gaveanews.com\/index.php\/2025\/03\/29\/tres-reforcos-chegando-novidades-para-estreia-e-decisao-prejudica-clube-as-ultimas-noticias-do-vasco\/#breadcrumb\",\"itemListElement\":[{\"@type\":\"ListItem\",\"position\":1,\"name\":\"Home\",\"item\":\"https:\/\/www.gaveanews.com\/\"},{\"@type\":\"ListItem\",\"position\":2,\"name\":\"Tr\u00eas refor\u00e7os chegando, novidades para estreia e decis\u00e3o prejudica clube: as \u00faltimas not\u00edcias do Vasco\"}]},{\"@type\":\"WebSite\",\"@id\":\"https:\/\/www.gaveanews.com\/#website\",\"url\":\"https:\/\/www.gaveanews.com\/\",\"name\":\"G\u00e1vea News\",\"description\":\"Veja todas as not\u00edcias sobre o Flamengo: Contrata\u00e7\u00f5es, categorias de base, resultados das partidas, tabela de classifica\u00e7\u00e3o, pr\u00f3ximos jogos!\",\"potentialAction\":[{\"@type\":\"SearchAction\",\"target\":{\"@type\":\"EntryPoint\",\"urlTemplate\":\"https:\/\/www.gaveanews.com\/?s={search_term_string}\"},\"query-input\":{\"@type\":\"PropertyValueSpecification\",\"valueRequired\":true,\"valueName\":\"search_term_string\"}}],\"inLanguage\":\"pt-BR\"},{\"@type\":\"Person\",\"@id\":\"https:\/\/www.gaveanews.com\/#\/schema\/person\/c79759ca337c40791ae8d08e2923d403\",\"name\":\"Brenda Cezillo\",\"image\":{\"@type\":\"ImageObject\",\"inLanguage\":\"pt-BR\",\"@id\":\"https:\/\/www.gaveanews.com\/#\/schema\/person\/image\/\",\"url\":\"https:\/\/secure.gravatar.com\/avatar\/1738d75cee7317f9c29ae61dd67620c5883d80a92e42a6fff88ae5d527af217a?s=96&d=mm&r=g\",\"contentUrl\":\"https:\/\/secure.gravatar.com\/avatar\/1738d75cee7317f9c29ae61dd67620c5883d80a92e42a6fff88ae5d527af217a?s=96&d=mm&r=g\",\"caption\":\"Brenda Cezillo\"}}]}<\/script>\n<!-- \/ Yoast SEO Premium plugin. -->","yoast_head_json":{"title":"Tr\u00eas refor\u00e7os chegando, novidades para estreia e decis\u00e3o prejudica clube: as \u00faltimas not\u00edcias do Vasco","robots":{"index":"index","follow":"follow","max-snippet":"max-snippet:-1","max-image-preview":"max-image-preview:large","max-video-preview":"max-video-preview:-1"},"canonical":"https:\/\/www.gaveanews.com\/index.php\/2025\/03\/29\/tres-reforcos-chegando-novidades-para-estreia-e-decisao-prejudica-clube-as-ultimas-noticias-do-vasco\/","og_locale":"pt_BR","og_type":"article","og_title":"Tr\u00eas refor\u00e7os chegando, novidades para estreia e decis\u00e3o prejudica clube: as \u00faltimas not\u00edcias do Vasco","og_description":"Nas \u00faltimas horas, o foco das not\u00edcias sobre o Vasco se concentram nos bastidores do clube, com destaques do dia a dia do time. Por conta deste contexto, leia abaixo um resumo preparado pela equipe do portal G\u00e1vea News para lhe manter muito bem informado! Decis\u00e3o prejudica clube O Vasco da Gama tomou uma decis\u00e3o [&hellip;]","og_url":"https:\/\/www.gaveanews.com\/index.php\/2025\/03\/29\/tres-reforcos-chegando-novidades-para-estreia-e-decisao-prejudica-clube-as-ultimas-noticias-do-vasco\/","og_site_name":"G\u00e1vea News","article_publisher":"https:\/\/facebook.com\/gaveaNews\/","article_published_time":"2025-03-29T19:40:00+00:00","og_image":[{"width":1440,"height":960,"url":"https:\/\/www.gaveanews.com\/wp-content\/uploads\/Camisa-do-Vasco-da-Gama.webp","type":"image\/jpeg"}],"author":"Brenda Cezillo","twitter_card":"summary_large_image","twitter_misc":{"Escrito por":"Brenda Cezillo","Est. tempo de leitura":"6 minutos"},"schema":{"@context":"https:\/\/schema.org","@graph":[{"@type":"NewsArticle","@id":"https:\/\/www.gaveanews.com\/index.php\/2025\/03\/29\/tres-reforcos-chegando-novidades-para-estreia-e-decisao-prejudica-clube-as-ultimas-noticias-do-vasco\/#article","isPartOf":{"@id":"https:\/\/www.gaveanews.com\/index.php\/2025\/03\/29\/tres-reforcos-chegando-novidades-para-estreia-e-decisao-prejudica-clube-as-ultimas-noticias-do-vasco\/"},"author":{"name":"Brenda Cezillo","@id":"https:\/\/www.gaveanews.com\/#\/schema\/person\/c79759ca337c40791ae8d08e2923d403"},"headline":"Tr\u00eas refor\u00e7os chegando, novidades para estreia e decis\u00e3o prejudica clube: as \u00faltimas not\u00edcias do Vasco","datePublished":"2025-03-29T19:40:00+00:00","mainEntityOfPage":{"@id":"https:\/\/www.gaveanews.com\/index.php\/2025\/03\/29\/tres-reforcos-chegando-novidades-para-estreia-e-decisao-prejudica-clube-as-ultimas-noticias-do-vasco\/"},"wordCount":902,"commentCount":0,"image":{"@id":"https:\/\/www.gaveanews.com\/index.php\/2025\/03\/29\/tres-reforcos-chegando-novidades-para-estreia-e-decisao-prejudica-clube-as-ultimas-noticias-do-vasco\/#primaryimage"},"thumbnailUrl":"https:\/\/www.gaveanews.com\/wp-content\/uploads\/Camisa-do-Vasco-da-Gama.webp","articleSection":["Vasco"],"inLanguage":"pt-BR","potentialAction":[{"@type":"CommentAction","name":"Comment","target":["https:\/\/www.gaveanews.com\/index.php\/2025\/03\/29\/tres-reforcos-chegando-novidades-para-estreia-e-decisao-prejudica-clube-as-ultimas-noticias-do-vasco\/#respond"]}],"copyrightYear":"2025","copyrightHolder":{"@id":"https:\/\/www.gaveanews.com\/#organization"}},{"@type":"WebPage","@id":"https:\/\/www.gaveanews.com\/index.php\/2025\/03\/29\/tres-reforcos-chegando-novidades-para-estreia-e-decisao-prejudica-clube-as-ultimas-noticias-do-vasco\/","url":"https:\/\/www.gaveanews.com\/index.php\/2025\/03\/29\/tres-reforcos-chegando-novidades-para-estreia-e-decisao-prejudica-clube-as-ultimas-noticias-do-vasco\/","name":"Tr\u00eas refor\u00e7os chegando, novidades para estreia e decis\u00e3o prejudica clube: as \u00faltimas not\u00edcias do Vasco","isPartOf":{"@id":"https:\/\/www.gaveanews.com\/#website"},"primaryImageOfPage":{"@id":"https:\/\/www.gaveanews.com\/index.php\/2025\/03\/29\/tres-reforcos-chegando-novidades-para-estreia-e-decisao-prejudica-clube-as-ultimas-noticias-do-vasco\/#primaryimage"},"image":{"@id":"https:\/\/www.gaveanews.com\/index.php\/2025\/03\/29\/tres-reforcos-chegando-novidades-para-estreia-e-decisao-prejudica-clube-as-ultimas-noticias-do-vasco\/#primaryimage"},"thumbnailUrl":"https:\/\/www.gaveanews.com\/wp-content\/uploads\/Camisa-do-Vasco-da-Gama.webp","datePublished":"2025-03-29T19:40:00+00:00","author":{"@id":"https:\/\/www.gaveanews.com\/#\/schema\/person\/c79759ca337c40791ae8d08e2923d403"},"breadcrumb":{"@id":"https:\/\/www.gaveanews.com\/index.php\/2025\/03\/29\/tres-reforcos-chegando-novidades-para-estreia-e-decisao-prejudica-clube-as-ultimas-noticias-do-vasco\/#breadcrumb"},"inLanguage":"pt-BR","potentialAction":[{"@type":"ReadAction","target":["https:\/\/www.gaveanews.com\/index.php\/2025\/03\/29\/tres-reforcos-chegando-novidades-para-estreia-e-decisao-prejudica-clube-as-ultimas-noticias-do-vasco\/"]}]},{"@type":"ImageObject","inLanguage":"pt-BR","@id":"https:\/\/www.gaveanews.com\/index.php\/2025\/03\/29\/tres-reforcos-chegando-novidades-para-estreia-e-decisao-prejudica-clube-as-ultimas-noticias-do-vasco\/#primaryimage","url":"https:\/\/www.gaveanews.com\/wp-content\/uploads\/Camisa-do-Vasco-da-Gama.webp","contentUrl":"https:\/\/www.gaveanews.com\/wp-content\/uploads\/Camisa-do-Vasco-da-Gama.webp","width":1440,"height":960,"caption":"Camisa do Vasco da Gama (Foto: Reprodu\u00e7\u00e3o\/Instagram)"},{"@type":"BreadcrumbList","@id":"https:\/\/www.gaveanews.com\/index.php\/2025\/03\/29\/tres-reforcos-chegando-novidades-para-estreia-e-decisao-prejudica-clube-as-ultimas-noticias-do-vasco\/#breadcrumb","itemListElement":[{"@type":"ListItem","position":1,"name":"Home","item":"https:\/\/www.gaveanews.com\/"},{"@type":"ListItem","position":2,"name":"Tr\u00eas refor\u00e7os chegando, novidades para estreia e decis\u00e3o prejudica clube: as \u00faltimas not\u00edcias do Vasco"}]},{"@type":"WebSite","@id":"https:\/\/www.gaveanews.com\/#website","url":"https:\/\/www.gaveanews.com\/","name":"G\u00e1vea News","description":"Veja todas as not\u00edcias sobre o Flamengo: Contrata\u00e7\u00f5es, categorias de base, resultados das partidas, tabela de classifica\u00e7\u00e3o, pr\u00f3ximos jogos!","potentialAction":[{"@type":"SearchAction","target":{"@type":"EntryPoint","urlTemplate":"https:\/\/www.gaveanews.com\/?s={search_term_string}"},"query-input":{"@type":"PropertyValueSpecification","valueRequired":true,"valueName":"search_term_string"}}],"inLanguage":"pt-BR"},{"@type":"Person","@id":"https:\/\/www.gaveanews.com\/#\/schema\/person\/c79759ca337c40791ae8d08e2923d403","name":"Brenda Cezillo","image":{"@type":"ImageObject","inLanguage":"pt-BR","@id":"https:\/\/www.gaveanews.com\/#\/schema\/person\/image\/","url":"https:\/\/secure.gravatar.com\/avatar\/1738d75cee7317f9c29ae61dd67620c5883d80a92e42a6fff88ae5d527af217a?s=96&d=mm&r=g","contentUrl":"https:\/\/secure.gravatar.com\/avatar\/1738d75cee7317f9c29ae61dd67620c5883d80a92e42a6fff88ae5d527af217a?s=96&d=mm&r=g","caption":"Brenda Cezillo"}}]}},"_links":{"self":[{"href":"https:\/\/www.gaveanews.com\/index.php\/wp-json\/wp\/v2\/posts\/246411","targetHints":{"allow":["GET"]}}],"collection":[{"href":"https:\/\/www.gaveanews.com\/index.php\/wp-json\/wp\/v2\/posts"}],"about":[{"href":"https:\/\/www.gaveanews.com\/index.php\/wp-json\/wp\/v2\/types\/post"}],"author":[{"embeddable":true,"href":"https:\/\/www.gaveanews.com\/index.php\/wp-json\/wp\/v2\/users\/33"}],"replies":[{"embeddable":true,"href":"https:\/\/www.gaveanews.com\/index.php\/wp-json\/wp\/v2\/comments?post=246411"}],"version-history":[{"count":1,"href":"https:\/\/www.gaveanews.com\/index.php\/wp-json\/wp\/v2\/posts\/246411\/revisions"}],"predecessor-version":[{"id":246436,"href":"https:\/\/www.gaveanews.com\/index.php\/wp-json\/wp\/v2\/posts\/246411\/revisions\/246436"}],"wp:featuredmedia":[{"embeddable":true,"href":"https:\/\/www.gaveanews.com\/index.php\/wp-json\/wp\/v2\/media\/147443"}],"wp:attachment":[{"href":"https:\/\/www.gaveanews.com\/index.php\/wp-json\/wp\/v2\/media?parent=246411"}],"wp:term":[{"taxonomy":"category","embeddable":true,"href":"https:\/\/www.gaveanews.com\/index.php\/wp-json\/wp\/v2\/categories?post=246411"},{"taxonomy":"post_tag","embeddable":true,"href":"https:\/\/www.gaveanews.com\/index.php\/wp-json\/wp\/v2\/tags?post=246411"}],"curies":[{"name":"wp","href":"https:\/\/api.w.org\/{rel}","templated":true}]}}