{"id":246412,"date":"2025-03-29T15:25:00","date_gmt":"2025-03-29T18:25:00","guid":{"rendered":"https:\/\/www.gaveanews.com\/?p=246412"},"modified":"2025-03-29T14:35:27","modified_gmt":"2025-03-29T17:35:27","slug":"fabinho-soldado-atualiza-situacao-de-talles-magno-no-corithians","status":"publish","type":"post","link":"https:\/\/www.gaveanews.com\/index.php\/2025\/03\/29\/fabinho-soldado-atualiza-situacao-de-talles-magno-no-corithians\/","title":{"rendered":"Fabinho Soldado atualiza situa\u00e7\u00e3o de Talles Magno no Corithians"},"content":{"rendered":"\n<p>O Corinthians v\u00ea com otimismo a possibilidade de manter Talles Magno no elenco al\u00e9m do prazo atual de empr\u00e9stimo, que termina em junho. Conforme o diretor executivo Fabinho Soldado, a negocia\u00e7\u00e3o para perman\u00eancia do atacante avan\u00e7ou e restam apenas tr\u00e2mites burocr\u00e1ticos para serem conclu\u00eddos com o New York City FC e a liga norte-americana.<\/p>\n\n\n\n<p>Segundo o dirigente, h\u00e1 um interesse m\u00fatuo na continuidade do atleta no clube paulista. \u201cO jogador demonstrou interesse de permanecer, e o Corinthians tamb\u00e9m; ent\u00e3o est\u00e1 tudo favor\u00e1vel para logo a gente anunciar essa perman\u00eancia do Talles Magno\u201d, declarou Soldado. Assim sendo, a situa\u00e7\u00e3o \u00e9 vista com confian\u00e7a nos bastidores.<\/p>\n\n\n\n<p>O desempenho recente do Corinthians, que conquistou o t\u00edtulo do Campeonato Paulista, refor\u00e7ou o desejo da diretoria em manter a base atual do elenco. A perman\u00eancia de Talles, portanto, est\u00e1 inserida nesse planejamento, sobretudo porque o clube enfrenta limita\u00e7\u00f5es financeiras e priorizou a manuten\u00e7\u00e3o do grupo atual ao inv\u00e9s de grandes investimentos no mercado.<\/p>\n\n\n\n<p>Apesar disso, o clube admite que poder\u00e1 realizar vendas na janela de transfer\u00eancias do meio do ano, buscando atingir a meta or\u00e7ament\u00e1ria de R$ 181 milh\u00f5es em negocia\u00e7\u00f5es de atletas. J\u00e1 foram arrecadados cerca de R$ 60 milh\u00f5es com a venda do lateral Denner para o Chelsea, o que indica que mais sa\u00eddas podem ocorrer.<\/p>\n\n\n\n<p>Ainda que o momento financeiro exija cautela, o Corinthians demonstra disposi\u00e7\u00e3o em encontrar solu\u00e7\u00f5es vi\u00e1veis para segurar Talles Magno. O entendimento interno \u00e9 de que o atacante contribui significativamente dentro de campo e possui boa identifica\u00e7\u00e3o com o torcedor.<\/p>\n\n\n\n<p>Por fim, a expectativa \u00e9 de que um an\u00fancio oficial sobre a perman\u00eancia do jogador aconte\u00e7a em breve. Enquanto isso, o departamento de futebol continua trabalhando para fortalecer o elenco visando os pr\u00f3ximos desafios da temporada.<\/p>\n\n\n\n<p>Enquanto negocia a renova\u00e7\u00e3o, Talles Magno segue \u00e0 disposi\u00e7\u00e3o do Corinthians e se prepara para estrear no Brasileir\u00e3o. O Alvinegro inicia a trajet\u00f3ria no domingo (30), contra o Bahia. A partida ser\u00e1 disputada na Arena Fonte Nova, \u00e0s 20h (de Bras\u00edlia).<\/p>\n","protected":false},"excerpt":{"rendered":"<p>O Corinthians v\u00ea com otimismo a possibilidade de manter Talles Magno no elenco al\u00e9m do prazo atual de empr\u00e9stimo, que termina em junho. Conforme o diretor executivo Fabinho Soldado, a negocia\u00e7\u00e3o para perman\u00eancia do atacante avan\u00e7ou e restam apenas tr\u00e2mites burocr\u00e1ticos para serem conclu\u00eddos com o New York City FC e a liga norte-americana. Segundo [&hellip;]<\/p>\n","protected":false},"author":18,"featured_media":159232,"comment_status":"open","ping_status":"closed","sticky":false,"template":"","format":"standard","meta":{"footnotes":""},"categories":[141],"tags":[],"class_list":["post-246412","post","type-post","status-publish","format-standard","has-post-thumbnail","hentry","category-corinthians"],"yoast_head":"<!-- This site is optimized with the Yoast SEO Premium plugin v24.2 (Yoast SEO v26.9) - https:\/\/yoast.com\/product\/yoast-seo-premium-wordpress\/ -->\n<title>Fabinho Soldado atualiza situa\u00e7\u00e3o de Talles Magno no Corithians<\/title>\n<meta name=\"robots\" content=\"index, follow, max-snippet:-1, max-image-preview:large, max-video-preview:-1\" \/>\n<link rel=\"canonical\" href=\"https:\/\/www.gaveanews.com\/index.php\/2025\/03\/29\/fabinho-soldado-atualiza-situacao-de-talles-magno-no-corithians\/\" \/>\n<meta property=\"og:locale\" content=\"pt_BR\" \/>\n<meta property=\"og:type\" content=\"article\" \/>\n<meta property=\"og:title\" content=\"Fabinho Soldado atualiza situa\u00e7\u00e3o de Talles Magno no Corithians\" \/>\n<meta property=\"og:description\" content=\"O Corinthians v\u00ea com otimismo a possibilidade de manter Talles Magno no elenco al\u00e9m do prazo atual de empr\u00e9stimo, que termina em junho. Conforme o diretor executivo Fabinho Soldado, a negocia\u00e7\u00e3o para perman\u00eancia do atacante avan\u00e7ou e restam apenas tr\u00e2mites burocr\u00e1ticos para serem conclu\u00eddos com o New York City FC e a liga norte-americana. Segundo [&hellip;]\" \/>\n<meta property=\"og:url\" content=\"https:\/\/www.gaveanews.com\/index.php\/2025\/03\/29\/fabinho-soldado-atualiza-situacao-de-talles-magno-no-corithians\/\" \/>\n<meta property=\"og:site_name\" content=\"G\u00e1vea News\" \/>\n<meta property=\"article:publisher\" content=\"https:\/\/facebook.com\/gaveaNews\/\" \/>\n<meta property=\"article:published_time\" content=\"2025-03-29T18:25:00+00:00\" \/>\n<meta property=\"og:image\" content=\"https:\/\/www.gaveanews.com\/wp-content\/uploads\/Talles-Magno-em-acao-pelo-Corinthians.webp\" \/>\n\t<meta property=\"og:image:width\" content=\"1080\" \/>\n\t<meta property=\"og:image:height\" content=\"1343\" \/>\n\t<meta property=\"og:image:type\" content=\"image\/jpeg\" \/>\n<meta name=\"author\" content=\"Paula Silva\" \/>\n<meta name=\"twitter:card\" content=\"summary_large_image\" \/>\n<meta name=\"twitter:label1\" content=\"Escrito por\" \/>\n\t<meta name=\"twitter:data1\" content=\"Paula Silva\" \/>\n\t<meta name=\"twitter:label2\" content=\"Est. tempo de leitura\" \/>\n\t<meta name=\"twitter:data2\" content=\"3 minutos\" \/>\n<script type=\"application\/ld+json\" class=\"yoast-schema-graph\">{\"@context\":\"https:\/\/schema.org\",\"@graph\":[{\"@type\":\"NewsArticle\",\"@id\":\"https:\/\/www.gaveanews.com\/index.php\/2025\/03\/29\/fabinho-soldado-atualiza-situacao-de-talles-magno-no-corithians\/#article\",\"isPartOf\":{\"@id\":\"https:\/\/www.gaveanews.com\/index.php\/2025\/03\/29\/fabinho-soldado-atualiza-situacao-de-talles-magno-no-corithians\/\"},\"author\":{\"name\":\"Paula Silva\",\"@id\":\"https:\/\/www.gaveanews.com\/#\/schema\/person\/daf63eec72e1164eb13dc35096c2b8da\"},\"headline\":\"Fabinho Soldado atualiza situa\u00e7\u00e3o de Talles Magno no Corithians\",\"datePublished\":\"2025-03-29T18:25:00+00:00\",\"mainEntityOfPage\":{\"@id\":\"https:\/\/www.gaveanews.com\/index.php\/2025\/03\/29\/fabinho-soldado-atualiza-situacao-de-talles-magno-no-corithians\/\"},\"wordCount\":373,\"commentCount\":0,\"image\":{\"@id\":\"https:\/\/www.gaveanews.com\/index.php\/2025\/03\/29\/fabinho-soldado-atualiza-situacao-de-talles-magno-no-corithians\/#primaryimage\"},\"thumbnailUrl\":\"https:\/\/www.gaveanews.com\/wp-content\/uploads\/Talles-Magno-em-acao-pelo-Corinthians.webp\",\"articleSection\":[\"Corinthians\"],\"inLanguage\":\"pt-BR\",\"potentialAction\":[{\"@type\":\"CommentAction\",\"name\":\"Comment\",\"target\":[\"https:\/\/www.gaveanews.com\/index.php\/2025\/03\/29\/fabinho-soldado-atualiza-situacao-de-talles-magno-no-corithians\/#respond\"]}],\"copyrightYear\":\"2025\",\"copyrightHolder\":{\"@id\":\"https:\/\/www.gaveanews.com\/#organization\"}},{\"@type\":\"WebPage\",\"@id\":\"https:\/\/www.gaveanews.com\/index.php\/2025\/03\/29\/fabinho-soldado-atualiza-situacao-de-talles-magno-no-corithians\/\",\"url\":\"https:\/\/www.gaveanews.com\/index.php\/2025\/03\/29\/fabinho-soldado-atualiza-situacao-de-talles-magno-no-corithians\/\",\"name\":\"Fabinho Soldado atualiza situa\u00e7\u00e3o de Talles Magno no Corithians\",\"isPartOf\":{\"@id\":\"https:\/\/www.gaveanews.com\/#website\"},\"primaryImageOfPage\":{\"@id\":\"https:\/\/www.gaveanews.com\/index.php\/2025\/03\/29\/fabinho-soldado-atualiza-situacao-de-talles-magno-no-corithians\/#primaryimage\"},\"image\":{\"@id\":\"https:\/\/www.gaveanews.com\/index.php\/2025\/03\/29\/fabinho-soldado-atualiza-situacao-de-talles-magno-no-corithians\/#primaryimage\"},\"thumbnailUrl\":\"https:\/\/www.gaveanews.com\/wp-content\/uploads\/Talles-Magno-em-acao-pelo-Corinthians.webp\",\"datePublished\":\"2025-03-29T18:25:00+00:00\",\"author\":{\"@id\":\"https:\/\/www.gaveanews.com\/#\/schema\/person\/daf63eec72e1164eb13dc35096c2b8da\"},\"breadcrumb\":{\"@id\":\"https:\/\/www.gaveanews.com\/index.php\/2025\/03\/29\/fabinho-soldado-atualiza-situacao-de-talles-magno-no-corithians\/#breadcrumb\"},\"inLanguage\":\"pt-BR\",\"potentialAction\":[{\"@type\":\"ReadAction\",\"target\":[\"https:\/\/www.gaveanews.com\/index.php\/2025\/03\/29\/fabinho-soldado-atualiza-situacao-de-talles-magno-no-corithians\/\"]}]},{\"@type\":\"ImageObject\",\"inLanguage\":\"pt-BR\",\"@id\":\"https:\/\/www.gaveanews.com\/index.php\/2025\/03\/29\/fabinho-soldado-atualiza-situacao-de-talles-magno-no-corithians\/#primaryimage\",\"url\":\"https:\/\/www.gaveanews.com\/wp-content\/uploads\/Talles-Magno-em-acao-pelo-Corinthians.webp\",\"contentUrl\":\"https:\/\/www.gaveanews.com\/wp-content\/uploads\/Talles-Magno-em-acao-pelo-Corinthians.webp\",\"width\":1080,\"height\":1343,\"caption\":\"Talles Magno em a\u00e7\u00e3o pelo Corinthians (Foto: Reprodu\u00e7\u00e3o\/Instagram)\"},{\"@type\":\"BreadcrumbList\",\"@id\":\"https:\/\/www.gaveanews.com\/index.php\/2025\/03\/29\/fabinho-soldado-atualiza-situacao-de-talles-magno-no-corithians\/#breadcrumb\",\"itemListElement\":[{\"@type\":\"ListItem\",\"position\":1,\"name\":\"Home\",\"item\":\"https:\/\/www.gaveanews.com\/\"},{\"@type\":\"ListItem\",\"position\":2,\"name\":\"Fabinho Soldado atualiza situa\u00e7\u00e3o de Talles Magno no Corithians\"}]},{\"@type\":\"WebSite\",\"@id\":\"https:\/\/www.gaveanews.com\/#website\",\"url\":\"https:\/\/www.gaveanews.com\/\",\"name\":\"G\u00e1vea News\",\"description\":\"Veja todas as not\u00edcias sobre o Flamengo: Contrata\u00e7\u00f5es, categorias de base, resultados das partidas, tabela de classifica\u00e7\u00e3o, pr\u00f3ximos jogos!\",\"potentialAction\":[{\"@type\":\"SearchAction\",\"target\":{\"@type\":\"EntryPoint\",\"urlTemplate\":\"https:\/\/www.gaveanews.com\/?s={search_term_string}\"},\"query-input\":{\"@type\":\"PropertyValueSpecification\",\"valueRequired\":true,\"valueName\":\"search_term_string\"}}],\"inLanguage\":\"pt-BR\"},{\"@type\":\"Person\",\"@id\":\"https:\/\/www.gaveanews.com\/#\/schema\/person\/daf63eec72e1164eb13dc35096c2b8da\",\"name\":\"Paula Silva\",\"image\":{\"@type\":\"ImageObject\",\"inLanguage\":\"pt-BR\",\"@id\":\"https:\/\/www.gaveanews.com\/#\/schema\/person\/image\/\",\"url\":\"https:\/\/secure.gravatar.com\/avatar\/eda381c845527cc5d64c13b901833cda29d97500ba040d3e6461f76f51d163bb?s=96&d=mm&r=g\",\"contentUrl\":\"https:\/\/secure.gravatar.com\/avatar\/eda381c845527cc5d64c13b901833cda29d97500ba040d3e6461f76f51d163bb?s=96&d=mm&r=g\",\"caption\":\"Paula Silva\"}}]}<\/script>\n<!-- \/ Yoast SEO Premium plugin. -->","yoast_head_json":{"title":"Fabinho Soldado atualiza situa\u00e7\u00e3o de Talles Magno no Corithians","robots":{"index":"index","follow":"follow","max-snippet":"max-snippet:-1","max-image-preview":"max-image-preview:large","max-video-preview":"max-video-preview:-1"},"canonical":"https:\/\/www.gaveanews.com\/index.php\/2025\/03\/29\/fabinho-soldado-atualiza-situacao-de-talles-magno-no-corithians\/","og_locale":"pt_BR","og_type":"article","og_title":"Fabinho Soldado atualiza situa\u00e7\u00e3o de Talles Magno no Corithians","og_description":"O Corinthians v\u00ea com otimismo a possibilidade de manter Talles Magno no elenco al\u00e9m do prazo atual de empr\u00e9stimo, que termina em junho. Conforme o diretor executivo Fabinho Soldado, a negocia\u00e7\u00e3o para perman\u00eancia do atacante avan\u00e7ou e restam apenas tr\u00e2mites burocr\u00e1ticos para serem conclu\u00eddos com o New York City FC e a liga norte-americana. Segundo [&hellip;]","og_url":"https:\/\/www.gaveanews.com\/index.php\/2025\/03\/29\/fabinho-soldado-atualiza-situacao-de-talles-magno-no-corithians\/","og_site_name":"G\u00e1vea News","article_publisher":"https:\/\/facebook.com\/gaveaNews\/","article_published_time":"2025-03-29T18:25:00+00:00","og_image":[{"width":1080,"height":1343,"url":"https:\/\/www.gaveanews.com\/wp-content\/uploads\/Talles-Magno-em-acao-pelo-Corinthians.webp","type":"image\/jpeg"}],"author":"Paula Silva","twitter_card":"summary_large_image","twitter_misc":{"Escrito por":"Paula Silva","Est. tempo de leitura":"3 minutos"},"schema":{"@context":"https:\/\/schema.org","@graph":[{"@type":"NewsArticle","@id":"https:\/\/www.gaveanews.com\/index.php\/2025\/03\/29\/fabinho-soldado-atualiza-situacao-de-talles-magno-no-corithians\/#article","isPartOf":{"@id":"https:\/\/www.gaveanews.com\/index.php\/2025\/03\/29\/fabinho-soldado-atualiza-situacao-de-talles-magno-no-corithians\/"},"author":{"name":"Paula Silva","@id":"https:\/\/www.gaveanews.com\/#\/schema\/person\/daf63eec72e1164eb13dc35096c2b8da"},"headline":"Fabinho Soldado atualiza situa\u00e7\u00e3o de Talles Magno no Corithians","datePublished":"2025-03-29T18:25:00+00:00","mainEntityOfPage":{"@id":"https:\/\/www.gaveanews.com\/index.php\/2025\/03\/29\/fabinho-soldado-atualiza-situacao-de-talles-magno-no-corithians\/"},"wordCount":373,"commentCount":0,"image":{"@id":"https:\/\/www.gaveanews.com\/index.php\/2025\/03\/29\/fabinho-soldado-atualiza-situacao-de-talles-magno-no-corithians\/#primaryimage"},"thumbnailUrl":"https:\/\/www.gaveanews.com\/wp-content\/uploads\/Talles-Magno-em-acao-pelo-Corinthians.webp","articleSection":["Corinthians"],"inLanguage":"pt-BR","potentialAction":[{"@type":"CommentAction","name":"Comment","target":["https:\/\/www.gaveanews.com\/index.php\/2025\/03\/29\/fabinho-soldado-atualiza-situacao-de-talles-magno-no-corithians\/#respond"]}],"copyrightYear":"2025","copyrightHolder":{"@id":"https:\/\/www.gaveanews.com\/#organization"}},{"@type":"WebPage","@id":"https:\/\/www.gaveanews.com\/index.php\/2025\/03\/29\/fabinho-soldado-atualiza-situacao-de-talles-magno-no-corithians\/","url":"https:\/\/www.gaveanews.com\/index.php\/2025\/03\/29\/fabinho-soldado-atualiza-situacao-de-talles-magno-no-corithians\/","name":"Fabinho Soldado atualiza situa\u00e7\u00e3o de Talles Magno no Corithians","isPartOf":{"@id":"https:\/\/www.gaveanews.com\/#website"},"primaryImageOfPage":{"@id":"https:\/\/www.gaveanews.com\/index.php\/2025\/03\/29\/fabinho-soldado-atualiza-situacao-de-talles-magno-no-corithians\/#primaryimage"},"image":{"@id":"https:\/\/www.gaveanews.com\/index.php\/2025\/03\/29\/fabinho-soldado-atualiza-situacao-de-talles-magno-no-corithians\/#primaryimage"},"thumbnailUrl":"https:\/\/www.gaveanews.com\/wp-content\/uploads\/Talles-Magno-em-acao-pelo-Corinthians.webp","datePublished":"2025-03-29T18:25:00+00:00","author":{"@id":"https:\/\/www.gaveanews.com\/#\/schema\/person\/daf63eec72e1164eb13dc35096c2b8da"},"breadcrumb":{"@id":"https:\/\/www.gaveanews.com\/index.php\/2025\/03\/29\/fabinho-soldado-atualiza-situacao-de-talles-magno-no-corithians\/#breadcrumb"},"inLanguage":"pt-BR","potentialAction":[{"@type":"ReadAction","target":["https:\/\/www.gaveanews.com\/index.php\/2025\/03\/29\/fabinho-soldado-atualiza-situacao-de-talles-magno-no-corithians\/"]}]},{"@type":"ImageObject","inLanguage":"pt-BR","@id":"https:\/\/www.gaveanews.com\/index.php\/2025\/03\/29\/fabinho-soldado-atualiza-situacao-de-talles-magno-no-corithians\/#primaryimage","url":"https:\/\/www.gaveanews.com\/wp-content\/uploads\/Talles-Magno-em-acao-pelo-Corinthians.webp","contentUrl":"https:\/\/www.gaveanews.com\/wp-content\/uploads\/Talles-Magno-em-acao-pelo-Corinthians.webp","width":1080,"height":1343,"caption":"Talles Magno em a\u00e7\u00e3o pelo Corinthians (Foto: Reprodu\u00e7\u00e3o\/Instagram)"},{"@type":"BreadcrumbList","@id":"https:\/\/www.gaveanews.com\/index.php\/2025\/03\/29\/fabinho-soldado-atualiza-situacao-de-talles-magno-no-corithians\/#breadcrumb","itemListElement":[{"@type":"ListItem","position":1,"name":"Home","item":"https:\/\/www.gaveanews.com\/"},{"@type":"ListItem","position":2,"name":"Fabinho Soldado atualiza situa\u00e7\u00e3o de Talles Magno no Corithians"}]},{"@type":"WebSite","@id":"https:\/\/www.gaveanews.com\/#website","url":"https:\/\/www.gaveanews.com\/","name":"G\u00e1vea News","description":"Veja todas as not\u00edcias sobre o Flamengo: Contrata\u00e7\u00f5es, categorias de base, resultados das partidas, tabela de classifica\u00e7\u00e3o, pr\u00f3ximos jogos!","potentialAction":[{"@type":"SearchAction","target":{"@type":"EntryPoint","urlTemplate":"https:\/\/www.gaveanews.com\/?s={search_term_string}"},"query-input":{"@type":"PropertyValueSpecification","valueRequired":true,"valueName":"search_term_string"}}],"inLanguage":"pt-BR"},{"@type":"Person","@id":"https:\/\/www.gaveanews.com\/#\/schema\/person\/daf63eec72e1164eb13dc35096c2b8da","name":"Paula Silva","image":{"@type":"ImageObject","inLanguage":"pt-BR","@id":"https:\/\/www.gaveanews.com\/#\/schema\/person\/image\/","url":"https:\/\/secure.gravatar.com\/avatar\/eda381c845527cc5d64c13b901833cda29d97500ba040d3e6461f76f51d163bb?s=96&d=mm&r=g","contentUrl":"https:\/\/secure.gravatar.com\/avatar\/eda381c845527cc5d64c13b901833cda29d97500ba040d3e6461f76f51d163bb?s=96&d=mm&r=g","caption":"Paula Silva"}}]}},"_links":{"self":[{"href":"https:\/\/www.gaveanews.com\/index.php\/wp-json\/wp\/v2\/posts\/246412","targetHints":{"allow":["GET"]}}],"collection":[{"href":"https:\/\/www.gaveanews.com\/index.php\/wp-json\/wp\/v2\/posts"}],"about":[{"href":"https:\/\/www.gaveanews.com\/index.php\/wp-json\/wp\/v2\/types\/post"}],"author":[{"embeddable":true,"href":"https:\/\/www.gaveanews.com\/index.php\/wp-json\/wp\/v2\/users\/18"}],"replies":[{"embeddable":true,"href":"https:\/\/www.gaveanews.com\/index.php\/wp-json\/wp\/v2\/comments?post=246412"}],"version-history":[{"count":1,"href":"https:\/\/www.gaveanews.com\/index.php\/wp-json\/wp\/v2\/posts\/246412\/revisions"}],"predecessor-version":[{"id":246415,"href":"https:\/\/www.gaveanews.com\/index.php\/wp-json\/wp\/v2\/posts\/246412\/revisions\/246415"}],"wp:featuredmedia":[{"embeddable":true,"href":"https:\/\/www.gaveanews.com\/index.php\/wp-json\/wp\/v2\/media\/159232"}],"wp:attachment":[{"href":"https:\/\/www.gaveanews.com\/index.php\/wp-json\/wp\/v2\/media?parent=246412"}],"wp:term":[{"taxonomy":"category","embeddable":true,"href":"https:\/\/www.gaveanews.com\/index.php\/wp-json\/wp\/v2\/categories?post=246412"},{"taxonomy":"post_tag","embeddable":true,"href":"https:\/\/www.gaveanews.com\/index.php\/wp-json\/wp\/v2\/tags?post=246412"}],"curies":[{"name":"wp","href":"https:\/\/api.w.org\/{rel}","templated":true}]}}