{"id":246414,"date":"2025-03-29T16:45:00","date_gmt":"2025-03-29T19:45:00","guid":{"rendered":"https:\/\/www.gaveanews.com\/?p=246414"},"modified":"2025-03-29T14:58:09","modified_gmt":"2025-03-29T17:58:09","slug":"negocio-bilionario-atacante-agita-torcida-e-declaracao-de-flavio-prado-as-ultimas-noticias-do-sao-paulo","status":"publish","type":"post","link":"https:\/\/www.gaveanews.com\/index.php\/2025\/03\/29\/negocio-bilionario-atacante-agita-torcida-e-declaracao-de-flavio-prado-as-ultimas-noticias-do-sao-paulo\/","title":{"rendered":"Neg\u00f3cio bilion\u00e1rio, atacante agita torcida e declara\u00e7\u00e3o de Fl\u00e1vio Prado: as \u00faltimas not\u00edcias do S\u00e3o Paulo"},"content":{"rendered":"\n<p>Nas \u00faltimas horas, o foco das not\u00edcias sobre o S\u00e3o Paulo se concentram nos bastidores do clube, com destaques do dia a dia do time.<\/p>\n\n\n\n<p>Por conta deste contexto, leia abaixo um resumo preparado pela equipe do portal G\u00e1vea News para lhe manter muito bem informado!<\/p>\n\n\n\n<div class=\"wp-block-group\"><div class=\"wp-block-group__inner-container is-layout-constrained wp-block-group-is-layout-constrained\">\n<h2 class=\"wp-block-heading\" id=\"h-declaracao-de-flavio-prado\">Declara\u00e7\u00e3o de Fl\u00e1vio Prado<\/h2>\n\n\n\n<p>O jornalista Fl\u00e1vio Prado emitiu um alerta ao S\u00e3o Paulo Futebol Clube, destacando a delicada situa\u00e7\u00e3o financeira da institui\u00e7\u00e3o. Segundo ele, o Tricolor acumula um passivo que se aproxima de R$ 1 bilh\u00e3o, e s\u00f3 n\u00e3o est\u00e1 em situa\u00e7\u00e3o mais grave como a do Corinthians \u2014 cuja d\u00edvida ultrapassa os R$ 2 bilh\u00f5es \u2014 por possuir um est\u00e1dio pr\u00f3prio. A an\u00e1lise foi refor\u00e7ada por Craque Neto, que tamb\u00e9m criticou a falta de controle financeiro dos clubes brasileiros e alertou para uma poss\u00edvel crise generalizada no setor <strong><a href=\"https:\/\/www.gaveanews.com\/index.php\/2025\/03\/24\/flavio-prado-faz-alerta-ao-sao-paulo-estaria-muito-perto\/\">(leia a mat\u00e9ria completa).<\/a><\/strong><\/p>\n\n\n\n<figure class=\"wp-block-image size-full\"><img loading=\"lazy\" decoding=\"async\" width=\"999\" height=\"548\" src=\"http:\/\/www.gaveanews.com\/wp-content\/uploads\/Flavio-Prado.webp\" alt=\"Flavio Prado\" class=\"wp-image-102292\" srcset=\"https:\/\/www.gaveanews.com\/wp-content\/uploads\/Flavio-Prado.webp 999w, https:\/\/www.gaveanews.com\/wp-content\/uploads\/Flavio-Prado-300x165.webp 300w, https:\/\/www.gaveanews.com\/wp-content\/uploads\/Flavio-Prado-768x421.webp 768w, https:\/\/www.gaveanews.com\/wp-content\/uploads\/Flavio-Prado-766x420.webp 766w, https:\/\/www.gaveanews.com\/wp-content\/uploads\/Flavio-Prado-640x350.webp 640w, https:\/\/www.gaveanews.com\/wp-content\/uploads\/Flavio-Prado-681x374.webp 681w, https:\/\/www.gaveanews.com\/wp-content\/uploads\/Flavio-Prado-100x55.webp 100w\" sizes=\"auto, (max-width: 999px) 100vw, 999px\" \/><figcaption class=\"wp-element-caption\">Flavio Prado &#8211; Foto: Reprodu\u00e7\u00e3o<\/figcaption><\/figure>\n\n\n\n<p>Apesar do cen\u00e1rio preocupante, o S\u00e3o Paulo segue com sua programa\u00e7\u00e3o esportiva para 2025, mantendo uma postura cautelosa no mercado de transfer\u00eancias. <\/p>\n\n\n\n<p>O t\u00e9cnico Luis Zubeld\u00eda comanda a prepara\u00e7\u00e3o para a estreia no Campeonato Brasileiro, contra o Sport, e tamb\u00e9m para o in\u00edcio da campanha na Libertadores, diante do Talleres. A diretoria tricolor, ciente das limita\u00e7\u00f5es or\u00e7ament\u00e1rias, adotou uma estrat\u00e9gia de refor\u00e7os pontuais e aposta na valoriza\u00e7\u00e3o da base e no equil\u00edbrio fiscal.<\/p>\n\n\n\n<p>O alerta feito por Prado refor\u00e7a a urg\u00eancia de mudan\u00e7as estruturais na gest\u00e3o do futebol nacional. O S\u00e3o Paulo, ainda que tente manter a competitividade em campo, precisa lidar com os desafios financeiros de forma criteriosa para evitar consequ\u00eancias mais severas. O momento \u00e9 de responsabilidade administrativa, buscando sustentabilidade a longo prazo sem comprometer os resultados esportivos.<\/p>\n\n\n\n<h2 class=\"wp-block-heading\" id=\"h-atacante-agita-torcida\">Atacante agita torcida<\/h2>\n\n\n\n<p>A torcida do S\u00e3o Paulo foi \u00e0 loucura nas redes sociais ap\u00f3s o atacante Ryan Francisco balan\u00e7ar as redes em um jogo-treino contra o S\u00e3o Bernardo, vencido pelo Tricolor por 4 a 2. O jovem atacante, revelado em Cotia, foi um dos destaques da atividade e reacendeu o debate sobre a utiliza\u00e7\u00e3o da base no time principal. Al\u00e9m dele, Andr\u00e9 Silva, atual artilheiro da equipe, tamb\u00e9m deixou sua marca, mostrando que o setor ofensivo pode ganhar novas alternativas para a temporada<strong><a href=\"https:\/\/www.gaveanews.com\/index.php\/2025\/03\/24\/atacante-do-sao-paulo-deixa-torcida-agitada-nas-redes-sociais\/\"> (leia a mat\u00e9ria completa).<\/a><\/strong><\/p>\n\n\n\n<figure class=\"wp-block-image size-large\"><img loading=\"lazy\" decoding=\"async\" width=\"1024\" height=\"683\" src=\"http:\/\/www.gaveanews.com\/wp-content\/uploads\/Estadio-do-MorumBis-na-final-da-Copa-do-Brasil-de-2023-1024x683.webp\" alt=\"\" class=\"wp-image-155630\" srcset=\"https:\/\/www.gaveanews.com\/wp-content\/uploads\/Estadio-do-MorumBis-na-final-da-Copa-do-Brasil-de-2023-1024x683.webp 1024w, https:\/\/www.gaveanews.com\/wp-content\/uploads\/Estadio-do-MorumBis-na-final-da-Copa-do-Brasil-de-2023-300x200.webp 300w, https:\/\/www.gaveanews.com\/wp-content\/uploads\/Estadio-do-MorumBis-na-final-da-Copa-do-Brasil-de-2023-768x512.webp 768w, https:\/\/www.gaveanews.com\/wp-content\/uploads\/Estadio-do-MorumBis-na-final-da-Copa-do-Brasil-de-2023-630x420.webp 630w, https:\/\/www.gaveanews.com\/wp-content\/uploads\/Estadio-do-MorumBis-na-final-da-Copa-do-Brasil-de-2023-1260x840.webp 1260w, https:\/\/www.gaveanews.com\/wp-content\/uploads\/Estadio-do-MorumBis-na-final-da-Copa-do-Brasil-de-2023-640x427.webp 640w, https:\/\/www.gaveanews.com\/wp-content\/uploads\/Estadio-do-MorumBis-na-final-da-Copa-do-Brasil-de-2023-1280x853.webp 1280w, https:\/\/www.gaveanews.com\/wp-content\/uploads\/Estadio-do-MorumBis-na-final-da-Copa-do-Brasil-de-2023-681x454.webp 681w, https:\/\/www.gaveanews.com\/wp-content\/uploads\/Estadio-do-MorumBis-na-final-da-Copa-do-Brasil-de-2023-1362x908.webp 1362w, https:\/\/www.gaveanews.com\/wp-content\/uploads\/Estadio-do-MorumBis-na-final-da-Copa-do-Brasil-de-2023-100x67.webp 100w, https:\/\/www.gaveanews.com\/wp-content\/uploads\/Estadio-do-MorumBis-na-final-da-Copa-do-Brasil-de-2023.webp 1440w\" sizes=\"auto, (max-width: 1024px) 100vw, 1024px\" \/><figcaption class=\"wp-element-caption\">Est\u00e1dio do MorumBis na final da Copa do Brasil de 2023 (Foto: Reprodu\u00e7\u00e3o\/S\u00e3o Paulo)<\/figcaption><\/figure>\n\n\n\n<p>O desempenho dos jovens, como Ryan Francisco, Matheus Alves e Lucas Ferreira, aumentou a press\u00e3o sobre o t\u00e9cnico Luis Zubeld\u00eda, que vem sendo criticado por n\u00e3o dar muitas oportunidades \u00e0s promessas do clube, mesmo ap\u00f3s o t\u00edtulo da Copa S\u00e3o Paulo. O gol de Ryan especialmente gerou grande repercuss\u00e3o entre os torcedores, que enxergam no garoto um nome promissor para ganhar minutos, especialmente em uma temporada exigente.<\/p>\n\n\n\n<p>Com a estreia no Campeonato Brasileiro marcada para o dia 29 de abril, diante do Sport, e uma maratona de jogos \u00e0 frente, incluindo partidas pela Libertadores, a expectativa \u00e9 que Zubeld\u00eda passe a rodar mais o elenco. A torcida espera ver os talentos de Cotia sendo aproveitados em campo, o que pode ser decisivo tanto para o desempenho da equipe quanto para a perman\u00eancia do treinador no cargo.<\/p>\n\n\n\n<h2 class=\"wp-block-heading\" id=\"h-negocio-bilionario\">Neg\u00f3cio bilion\u00e1rio<\/h2>\n\n\n\n<p>O S\u00e3o Paulo firmou um passo importante rumo a uma nova fase em sua estrutura esportiva ao assinar um memorando de entendimento com o bilion\u00e1rio grego Evangelos Marinakis. A parceria, ainda em est\u00e1gio preliminar, tem como foco o fortalecimento das categorias de base do clube, especialmente o centro de forma\u00e7\u00e3o em Cotia. Apesar de o documento n\u00e3o ser juridicamente vinculativo, ele sinaliza uma inten\u00e7\u00e3o concreta de colabora\u00e7\u00e3o entre as partes para investimentos futuros que podem chegar a at\u00e9 R$ 350 milh\u00f5es <strong><a href=\"https:\/\/www.gaveanews.com\/index.php\/2025\/03\/24\/diretoria-do-sao-paulo-assina-com-bilionario-grego\/\">(leia a mat\u00e9ria completa).<\/a><\/strong><\/p>\n\n\n\n<figure class=\"wp-block-image size-large\"><img loading=\"lazy\" decoding=\"async\" width=\"1024\" height=\"576\" src=\"http:\/\/www.gaveanews.com\/wp-content\/uploads\/Futebol-e-dinheiro-1-1024x576.webp\" alt=\"\" class=\"wp-image-167418\" srcset=\"https:\/\/www.gaveanews.com\/wp-content\/uploads\/Futebol-e-dinheiro-1-1024x576.webp 1024w, https:\/\/www.gaveanews.com\/wp-content\/uploads\/Futebol-e-dinheiro-1-300x169.webp 300w, https:\/\/www.gaveanews.com\/wp-content\/uploads\/Futebol-e-dinheiro-1-768x432.webp 768w, https:\/\/www.gaveanews.com\/wp-content\/uploads\/Futebol-e-dinheiro-1-747x420.webp 747w, https:\/\/www.gaveanews.com\/wp-content\/uploads\/Futebol-e-dinheiro-1-640x360.webp 640w, https:\/\/www.gaveanews.com\/wp-content\/uploads\/Futebol-e-dinheiro-1-681x383.webp 681w, https:\/\/www.gaveanews.com\/wp-content\/uploads\/Futebol-e-dinheiro-1-100x56.webp 100w, https:\/\/www.gaveanews.com\/wp-content\/uploads\/Futebol-e-dinheiro-1.webp 1280w\" sizes=\"auto, (max-width: 1024px) 100vw, 1024px\" \/><figcaption class=\"wp-element-caption\">Futebol e dinheiro (Imagem: Editoria de arte\/G\u00e1vea News\/Henrique Machado)<\/figcaption><\/figure>\n\n\n\n<p>Segundo a diretoria tricolor, o objetivo n\u00e3o \u00e9 vender o controle da base, mas sim atrair capital estrangeiro para modernizar a estrutura e ampliar a capacidade de forma\u00e7\u00e3o de talentos. Marinakis, conhecido no mundo do futebol por comandar clubes como Olympiacos e Nottingham Forest, traz um hist\u00f3rico de conquistas e tamb\u00e9m de controv\u00e9rsias, mas tem capital e experi\u00eancia suficientes para causar impacto positivo, caso o acordo avance. O superintendente M\u00e1rcio Carlomagno ressaltou que o memorando serve para aprofundar as tratativas e avaliar com mais clareza os n\u00fameros e condi\u00e7\u00f5es envolvidas.<\/p>\n\n\n\n<p>A parceria pode representar uma virada estrat\u00e9gica para o S\u00e3o Paulo, que, mesmo com uma das melhores bases do pa\u00eds, enfrenta limita\u00e7\u00f5es financeiras que dificultam sua manuten\u00e7\u00e3o em alto n\u00edvel. Com o aporte internacional, o clube poder\u00e1 competir com mais for\u00e7a no mercado de jovens promessas e, ao mesmo tempo, garantir retorno t\u00e9cnico e financeiro a m\u00e9dio e longo prazo. A torcida acompanha de perto os desdobramentos, na esperan\u00e7a de que essa nova alian\u00e7a marque o in\u00edcio de uma era mais s\u00f3lida e promissora para o Tricolor.<\/p>\n<\/div><\/div>\n","protected":false},"excerpt":{"rendered":"<p>Nas \u00faltimas horas, o foco das not\u00edcias sobre o S\u00e3o Paulo se concentram nos bastidores do clube, com destaques do dia a dia do time. Por conta deste contexto, leia abaixo um resumo preparado pela equipe do portal G\u00e1vea News para lhe manter muito bem informado! Declara\u00e7\u00e3o de Fl\u00e1vio Prado O jornalista Fl\u00e1vio Prado emitiu [&hellip;]<\/p>\n","protected":false},"author":33,"featured_media":154451,"comment_status":"open","ping_status":"closed","sticky":false,"template":"","format":"standard","meta":{"footnotes":""},"categories":[151],"tags":[],"class_list":["post-246414","post","type-post","status-publish","format-standard","has-post-thumbnail","hentry","category-sao-paulo"],"yoast_head":"<!-- This site is optimized with the Yoast SEO Premium plugin v24.2 (Yoast SEO v26.9) - https:\/\/yoast.com\/product\/yoast-seo-premium-wordpress\/ -->\n<title>Neg\u00f3cio bilion\u00e1rio, atacante agita torcida e declara\u00e7\u00e3o de Fl\u00e1vio Prado: as \u00faltimas not\u00edcias do S\u00e3o Paulo<\/title>\n<meta name=\"robots\" content=\"index, follow, max-snippet:-1, max-image-preview:large, max-video-preview:-1\" \/>\n<link rel=\"canonical\" href=\"https:\/\/www.gaveanews.com\/index.php\/2025\/03\/29\/negocio-bilionario-atacante-agita-torcida-e-declaracao-de-flavio-prado-as-ultimas-noticias-do-sao-paulo\/\" \/>\n<meta property=\"og:locale\" content=\"pt_BR\" \/>\n<meta property=\"og:type\" content=\"article\" \/>\n<meta property=\"og:title\" content=\"Neg\u00f3cio bilion\u00e1rio, atacante agita torcida e declara\u00e7\u00e3o de Fl\u00e1vio Prado: as \u00faltimas not\u00edcias do S\u00e3o Paulo\" \/>\n<meta property=\"og:description\" content=\"Nas \u00faltimas horas, o foco das not\u00edcias sobre o S\u00e3o Paulo se concentram nos bastidores do clube, com destaques do dia a dia do time. Por conta deste contexto, leia abaixo um resumo preparado pela equipe do portal G\u00e1vea News para lhe manter muito bem informado! Declara\u00e7\u00e3o de Fl\u00e1vio Prado O jornalista Fl\u00e1vio Prado emitiu [&hellip;]\" \/>\n<meta property=\"og:url\" content=\"https:\/\/www.gaveanews.com\/index.php\/2025\/03\/29\/negocio-bilionario-atacante-agita-torcida-e-declaracao-de-flavio-prado-as-ultimas-noticias-do-sao-paulo\/\" \/>\n<meta property=\"og:site_name\" content=\"G\u00e1vea News\" \/>\n<meta property=\"article:publisher\" content=\"https:\/\/facebook.com\/gaveaNews\/\" \/>\n<meta property=\"article:published_time\" content=\"2025-03-29T19:45:00+00:00\" \/>\n<meta property=\"og:image\" content=\"https:\/\/www.gaveanews.com\/wp-content\/uploads\/Escudo-do-Sao-Paulo.webp\" \/>\n\t<meta property=\"og:image:width\" content=\"977\" \/>\n\t<meta property=\"og:image:height\" content=\"651\" \/>\n\t<meta property=\"og:image:type\" content=\"image\/webp\" \/>\n<meta name=\"author\" content=\"Brenda Cezillo\" \/>\n<meta name=\"twitter:card\" content=\"summary_large_image\" \/>\n<meta name=\"twitter:label1\" content=\"Escrito por\" \/>\n\t<meta name=\"twitter:data1\" content=\"Brenda Cezillo\" \/>\n\t<meta name=\"twitter:label2\" content=\"Est. tempo de leitura\" \/>\n\t<meta name=\"twitter:data2\" content=\"6 minutos\" \/>\n<script type=\"application\/ld+json\" class=\"yoast-schema-graph\">{\"@context\":\"https:\/\/schema.org\",\"@graph\":[{\"@type\":\"NewsArticle\",\"@id\":\"https:\/\/www.gaveanews.com\/index.php\/2025\/03\/29\/negocio-bilionario-atacante-agita-torcida-e-declaracao-de-flavio-prado-as-ultimas-noticias-do-sao-paulo\/#article\",\"isPartOf\":{\"@id\":\"https:\/\/www.gaveanews.com\/index.php\/2025\/03\/29\/negocio-bilionario-atacante-agita-torcida-e-declaracao-de-flavio-prado-as-ultimas-noticias-do-sao-paulo\/\"},\"author\":{\"name\":\"Brenda Cezillo\",\"@id\":\"https:\/\/www.gaveanews.com\/#\/schema\/person\/c79759ca337c40791ae8d08e2923d403\"},\"headline\":\"Neg\u00f3cio bilion\u00e1rio, atacante agita torcida e declara\u00e7\u00e3o de Fl\u00e1vio Prado: as \u00faltimas not\u00edcias do S\u00e3o Paulo\",\"datePublished\":\"2025-03-29T19:45:00+00:00\",\"mainEntityOfPage\":{\"@id\":\"https:\/\/www.gaveanews.com\/index.php\/2025\/03\/29\/negocio-bilionario-atacante-agita-torcida-e-declaracao-de-flavio-prado-as-ultimas-noticias-do-sao-paulo\/\"},\"wordCount\":895,\"commentCount\":0,\"image\":{\"@id\":\"https:\/\/www.gaveanews.com\/index.php\/2025\/03\/29\/negocio-bilionario-atacante-agita-torcida-e-declaracao-de-flavio-prado-as-ultimas-noticias-do-sao-paulo\/#primaryimage\"},\"thumbnailUrl\":\"https:\/\/www.gaveanews.com\/wp-content\/uploads\/Escudo-do-Sao-Paulo.webp\",\"articleSection\":[\"S\u00e3o Paulo\"],\"inLanguage\":\"pt-BR\",\"potentialAction\":[{\"@type\":\"CommentAction\",\"name\":\"Comment\",\"target\":[\"https:\/\/www.gaveanews.com\/index.php\/2025\/03\/29\/negocio-bilionario-atacante-agita-torcida-e-declaracao-de-flavio-prado-as-ultimas-noticias-do-sao-paulo\/#respond\"]}],\"copyrightYear\":\"2025\",\"copyrightHolder\":{\"@id\":\"https:\/\/www.gaveanews.com\/#organization\"}},{\"@type\":\"WebPage\",\"@id\":\"https:\/\/www.gaveanews.com\/index.php\/2025\/03\/29\/negocio-bilionario-atacante-agita-torcida-e-declaracao-de-flavio-prado-as-ultimas-noticias-do-sao-paulo\/\",\"url\":\"https:\/\/www.gaveanews.com\/index.php\/2025\/03\/29\/negocio-bilionario-atacante-agita-torcida-e-declaracao-de-flavio-prado-as-ultimas-noticias-do-sao-paulo\/\",\"name\":\"Neg\u00f3cio bilion\u00e1rio, atacante agita torcida e declara\u00e7\u00e3o de Fl\u00e1vio Prado: as \u00faltimas not\u00edcias do S\u00e3o Paulo\",\"isPartOf\":{\"@id\":\"https:\/\/www.gaveanews.com\/#website\"},\"primaryImageOfPage\":{\"@id\":\"https:\/\/www.gaveanews.com\/index.php\/2025\/03\/29\/negocio-bilionario-atacante-agita-torcida-e-declaracao-de-flavio-prado-as-ultimas-noticias-do-sao-paulo\/#primaryimage\"},\"image\":{\"@id\":\"https:\/\/www.gaveanews.com\/index.php\/2025\/03\/29\/negocio-bilionario-atacante-agita-torcida-e-declaracao-de-flavio-prado-as-ultimas-noticias-do-sao-paulo\/#primaryimage\"},\"thumbnailUrl\":\"https:\/\/www.gaveanews.com\/wp-content\/uploads\/Escudo-do-Sao-Paulo.webp\",\"datePublished\":\"2025-03-29T19:45:00+00:00\",\"author\":{\"@id\":\"https:\/\/www.gaveanews.com\/#\/schema\/person\/c79759ca337c40791ae8d08e2923d403\"},\"breadcrumb\":{\"@id\":\"https:\/\/www.gaveanews.com\/index.php\/2025\/03\/29\/negocio-bilionario-atacante-agita-torcida-e-declaracao-de-flavio-prado-as-ultimas-noticias-do-sao-paulo\/#breadcrumb\"},\"inLanguage\":\"pt-BR\",\"potentialAction\":[{\"@type\":\"ReadAction\",\"target\":[\"https:\/\/www.gaveanews.com\/index.php\/2025\/03\/29\/negocio-bilionario-atacante-agita-torcida-e-declaracao-de-flavio-prado-as-ultimas-noticias-do-sao-paulo\/\"]}]},{\"@type\":\"ImageObject\",\"inLanguage\":\"pt-BR\",\"@id\":\"https:\/\/www.gaveanews.com\/index.php\/2025\/03\/29\/negocio-bilionario-atacante-agita-torcida-e-declaracao-de-flavio-prado-as-ultimas-noticias-do-sao-paulo\/#primaryimage\",\"url\":\"https:\/\/www.gaveanews.com\/wp-content\/uploads\/Escudo-do-Sao-Paulo.webp\",\"contentUrl\":\"https:\/\/www.gaveanews.com\/wp-content\/uploads\/Escudo-do-Sao-Paulo.webp\",\"width\":977,\"height\":651,\"caption\":\"Escudo do S\u00e3o Paulo (Foto: Reprodu\u00e7\u00e3o\/S\u00e3o Paulo)\"},{\"@type\":\"BreadcrumbList\",\"@id\":\"https:\/\/www.gaveanews.com\/index.php\/2025\/03\/29\/negocio-bilionario-atacante-agita-torcida-e-declaracao-de-flavio-prado-as-ultimas-noticias-do-sao-paulo\/#breadcrumb\",\"itemListElement\":[{\"@type\":\"ListItem\",\"position\":1,\"name\":\"Home\",\"item\":\"https:\/\/www.gaveanews.com\/\"},{\"@type\":\"ListItem\",\"position\":2,\"name\":\"Neg\u00f3cio bilion\u00e1rio, atacante agita torcida e declara\u00e7\u00e3o de Fl\u00e1vio Prado: as \u00faltimas not\u00edcias do S\u00e3o Paulo\"}]},{\"@type\":\"WebSite\",\"@id\":\"https:\/\/www.gaveanews.com\/#website\",\"url\":\"https:\/\/www.gaveanews.com\/\",\"name\":\"G\u00e1vea News\",\"description\":\"Veja todas as not\u00edcias sobre o Flamengo: Contrata\u00e7\u00f5es, categorias de base, resultados das partidas, tabela de classifica\u00e7\u00e3o, pr\u00f3ximos jogos!\",\"potentialAction\":[{\"@type\":\"SearchAction\",\"target\":{\"@type\":\"EntryPoint\",\"urlTemplate\":\"https:\/\/www.gaveanews.com\/?s={search_term_string}\"},\"query-input\":{\"@type\":\"PropertyValueSpecification\",\"valueRequired\":true,\"valueName\":\"search_term_string\"}}],\"inLanguage\":\"pt-BR\"},{\"@type\":\"Person\",\"@id\":\"https:\/\/www.gaveanews.com\/#\/schema\/person\/c79759ca337c40791ae8d08e2923d403\",\"name\":\"Brenda Cezillo\",\"image\":{\"@type\":\"ImageObject\",\"inLanguage\":\"pt-BR\",\"@id\":\"https:\/\/www.gaveanews.com\/#\/schema\/person\/image\/\",\"url\":\"https:\/\/secure.gravatar.com\/avatar\/1738d75cee7317f9c29ae61dd67620c5883d80a92e42a6fff88ae5d527af217a?s=96&d=mm&r=g\",\"contentUrl\":\"https:\/\/secure.gravatar.com\/avatar\/1738d75cee7317f9c29ae61dd67620c5883d80a92e42a6fff88ae5d527af217a?s=96&d=mm&r=g\",\"caption\":\"Brenda Cezillo\"}}]}<\/script>\n<!-- \/ Yoast SEO Premium plugin. -->","yoast_head_json":{"title":"Neg\u00f3cio bilion\u00e1rio, atacante agita torcida e declara\u00e7\u00e3o de Fl\u00e1vio Prado: as \u00faltimas not\u00edcias do S\u00e3o Paulo","robots":{"index":"index","follow":"follow","max-snippet":"max-snippet:-1","max-image-preview":"max-image-preview:large","max-video-preview":"max-video-preview:-1"},"canonical":"https:\/\/www.gaveanews.com\/index.php\/2025\/03\/29\/negocio-bilionario-atacante-agita-torcida-e-declaracao-de-flavio-prado-as-ultimas-noticias-do-sao-paulo\/","og_locale":"pt_BR","og_type":"article","og_title":"Neg\u00f3cio bilion\u00e1rio, atacante agita torcida e declara\u00e7\u00e3o de Fl\u00e1vio Prado: as \u00faltimas not\u00edcias do S\u00e3o Paulo","og_description":"Nas \u00faltimas horas, o foco das not\u00edcias sobre o S\u00e3o Paulo se concentram nos bastidores do clube, com destaques do dia a dia do time. Por conta deste contexto, leia abaixo um resumo preparado pela equipe do portal G\u00e1vea News para lhe manter muito bem informado! Declara\u00e7\u00e3o de Fl\u00e1vio Prado O jornalista Fl\u00e1vio Prado emitiu [&hellip;]","og_url":"https:\/\/www.gaveanews.com\/index.php\/2025\/03\/29\/negocio-bilionario-atacante-agita-torcida-e-declaracao-de-flavio-prado-as-ultimas-noticias-do-sao-paulo\/","og_site_name":"G\u00e1vea News","article_publisher":"https:\/\/facebook.com\/gaveaNews\/","article_published_time":"2025-03-29T19:45:00+00:00","og_image":[{"width":977,"height":651,"url":"https:\/\/www.gaveanews.com\/wp-content\/uploads\/Escudo-do-Sao-Paulo.webp","type":"image\/webp"}],"author":"Brenda Cezillo","twitter_card":"summary_large_image","twitter_misc":{"Escrito por":"Brenda Cezillo","Est. tempo de leitura":"6 minutos"},"schema":{"@context":"https:\/\/schema.org","@graph":[{"@type":"NewsArticle","@id":"https:\/\/www.gaveanews.com\/index.php\/2025\/03\/29\/negocio-bilionario-atacante-agita-torcida-e-declaracao-de-flavio-prado-as-ultimas-noticias-do-sao-paulo\/#article","isPartOf":{"@id":"https:\/\/www.gaveanews.com\/index.php\/2025\/03\/29\/negocio-bilionario-atacante-agita-torcida-e-declaracao-de-flavio-prado-as-ultimas-noticias-do-sao-paulo\/"},"author":{"name":"Brenda Cezillo","@id":"https:\/\/www.gaveanews.com\/#\/schema\/person\/c79759ca337c40791ae8d08e2923d403"},"headline":"Neg\u00f3cio bilion\u00e1rio, atacante agita torcida e declara\u00e7\u00e3o de Fl\u00e1vio Prado: as \u00faltimas not\u00edcias do S\u00e3o Paulo","datePublished":"2025-03-29T19:45:00+00:00","mainEntityOfPage":{"@id":"https:\/\/www.gaveanews.com\/index.php\/2025\/03\/29\/negocio-bilionario-atacante-agita-torcida-e-declaracao-de-flavio-prado-as-ultimas-noticias-do-sao-paulo\/"},"wordCount":895,"commentCount":0,"image":{"@id":"https:\/\/www.gaveanews.com\/index.php\/2025\/03\/29\/negocio-bilionario-atacante-agita-torcida-e-declaracao-de-flavio-prado-as-ultimas-noticias-do-sao-paulo\/#primaryimage"},"thumbnailUrl":"https:\/\/www.gaveanews.com\/wp-content\/uploads\/Escudo-do-Sao-Paulo.webp","articleSection":["S\u00e3o Paulo"],"inLanguage":"pt-BR","potentialAction":[{"@type":"CommentAction","name":"Comment","target":["https:\/\/www.gaveanews.com\/index.php\/2025\/03\/29\/negocio-bilionario-atacante-agita-torcida-e-declaracao-de-flavio-prado-as-ultimas-noticias-do-sao-paulo\/#respond"]}],"copyrightYear":"2025","copyrightHolder":{"@id":"https:\/\/www.gaveanews.com\/#organization"}},{"@type":"WebPage","@id":"https:\/\/www.gaveanews.com\/index.php\/2025\/03\/29\/negocio-bilionario-atacante-agita-torcida-e-declaracao-de-flavio-prado-as-ultimas-noticias-do-sao-paulo\/","url":"https:\/\/www.gaveanews.com\/index.php\/2025\/03\/29\/negocio-bilionario-atacante-agita-torcida-e-declaracao-de-flavio-prado-as-ultimas-noticias-do-sao-paulo\/","name":"Neg\u00f3cio bilion\u00e1rio, atacante agita torcida e declara\u00e7\u00e3o de Fl\u00e1vio Prado: as \u00faltimas not\u00edcias do S\u00e3o Paulo","isPartOf":{"@id":"https:\/\/www.gaveanews.com\/#website"},"primaryImageOfPage":{"@id":"https:\/\/www.gaveanews.com\/index.php\/2025\/03\/29\/negocio-bilionario-atacante-agita-torcida-e-declaracao-de-flavio-prado-as-ultimas-noticias-do-sao-paulo\/#primaryimage"},"image":{"@id":"https:\/\/www.gaveanews.com\/index.php\/2025\/03\/29\/negocio-bilionario-atacante-agita-torcida-e-declaracao-de-flavio-prado-as-ultimas-noticias-do-sao-paulo\/#primaryimage"},"thumbnailUrl":"https:\/\/www.gaveanews.com\/wp-content\/uploads\/Escudo-do-Sao-Paulo.webp","datePublished":"2025-03-29T19:45:00+00:00","author":{"@id":"https:\/\/www.gaveanews.com\/#\/schema\/person\/c79759ca337c40791ae8d08e2923d403"},"breadcrumb":{"@id":"https:\/\/www.gaveanews.com\/index.php\/2025\/03\/29\/negocio-bilionario-atacante-agita-torcida-e-declaracao-de-flavio-prado-as-ultimas-noticias-do-sao-paulo\/#breadcrumb"},"inLanguage":"pt-BR","potentialAction":[{"@type":"ReadAction","target":["https:\/\/www.gaveanews.com\/index.php\/2025\/03\/29\/negocio-bilionario-atacante-agita-torcida-e-declaracao-de-flavio-prado-as-ultimas-noticias-do-sao-paulo\/"]}]},{"@type":"ImageObject","inLanguage":"pt-BR","@id":"https:\/\/www.gaveanews.com\/index.php\/2025\/03\/29\/negocio-bilionario-atacante-agita-torcida-e-declaracao-de-flavio-prado-as-ultimas-noticias-do-sao-paulo\/#primaryimage","url":"https:\/\/www.gaveanews.com\/wp-content\/uploads\/Escudo-do-Sao-Paulo.webp","contentUrl":"https:\/\/www.gaveanews.com\/wp-content\/uploads\/Escudo-do-Sao-Paulo.webp","width":977,"height":651,"caption":"Escudo do S\u00e3o Paulo (Foto: Reprodu\u00e7\u00e3o\/S\u00e3o Paulo)"},{"@type":"BreadcrumbList","@id":"https:\/\/www.gaveanews.com\/index.php\/2025\/03\/29\/negocio-bilionario-atacante-agita-torcida-e-declaracao-de-flavio-prado-as-ultimas-noticias-do-sao-paulo\/#breadcrumb","itemListElement":[{"@type":"ListItem","position":1,"name":"Home","item":"https:\/\/www.gaveanews.com\/"},{"@type":"ListItem","position":2,"name":"Neg\u00f3cio bilion\u00e1rio, atacante agita torcida e declara\u00e7\u00e3o de Fl\u00e1vio Prado: as \u00faltimas not\u00edcias do S\u00e3o Paulo"}]},{"@type":"WebSite","@id":"https:\/\/www.gaveanews.com\/#website","url":"https:\/\/www.gaveanews.com\/","name":"G\u00e1vea News","description":"Veja todas as not\u00edcias sobre o Flamengo: Contrata\u00e7\u00f5es, categorias de base, resultados das partidas, tabela de classifica\u00e7\u00e3o, pr\u00f3ximos jogos!","potentialAction":[{"@type":"SearchAction","target":{"@type":"EntryPoint","urlTemplate":"https:\/\/www.gaveanews.com\/?s={search_term_string}"},"query-input":{"@type":"PropertyValueSpecification","valueRequired":true,"valueName":"search_term_string"}}],"inLanguage":"pt-BR"},{"@type":"Person","@id":"https:\/\/www.gaveanews.com\/#\/schema\/person\/c79759ca337c40791ae8d08e2923d403","name":"Brenda Cezillo","image":{"@type":"ImageObject","inLanguage":"pt-BR","@id":"https:\/\/www.gaveanews.com\/#\/schema\/person\/image\/","url":"https:\/\/secure.gravatar.com\/avatar\/1738d75cee7317f9c29ae61dd67620c5883d80a92e42a6fff88ae5d527af217a?s=96&d=mm&r=g","contentUrl":"https:\/\/secure.gravatar.com\/avatar\/1738d75cee7317f9c29ae61dd67620c5883d80a92e42a6fff88ae5d527af217a?s=96&d=mm&r=g","caption":"Brenda Cezillo"}}]}},"_links":{"self":[{"href":"https:\/\/www.gaveanews.com\/index.php\/wp-json\/wp\/v2\/posts\/246414","targetHints":{"allow":["GET"]}}],"collection":[{"href":"https:\/\/www.gaveanews.com\/index.php\/wp-json\/wp\/v2\/posts"}],"about":[{"href":"https:\/\/www.gaveanews.com\/index.php\/wp-json\/wp\/v2\/types\/post"}],"author":[{"embeddable":true,"href":"https:\/\/www.gaveanews.com\/index.php\/wp-json\/wp\/v2\/users\/33"}],"replies":[{"embeddable":true,"href":"https:\/\/www.gaveanews.com\/index.php\/wp-json\/wp\/v2\/comments?post=246414"}],"version-history":[{"count":1,"href":"https:\/\/www.gaveanews.com\/index.php\/wp-json\/wp\/v2\/posts\/246414\/revisions"}],"predecessor-version":[{"id":246441,"href":"https:\/\/www.gaveanews.com\/index.php\/wp-json\/wp\/v2\/posts\/246414\/revisions\/246441"}],"wp:featuredmedia":[{"embeddable":true,"href":"https:\/\/www.gaveanews.com\/index.php\/wp-json\/wp\/v2\/media\/154451"}],"wp:attachment":[{"href":"https:\/\/www.gaveanews.com\/index.php\/wp-json\/wp\/v2\/media?parent=246414"}],"wp:term":[{"taxonomy":"category","embeddable":true,"href":"https:\/\/www.gaveanews.com\/index.php\/wp-json\/wp\/v2\/categories?post=246414"},{"taxonomy":"post_tag","embeddable":true,"href":"https:\/\/www.gaveanews.com\/index.php\/wp-json\/wp\/v2\/tags?post=246414"}],"curies":[{"name":"wp","href":"https:\/\/api.w.org\/{rel}","templated":true}]}}