{"id":246419,"date":"2025-03-29T16:50:00","date_gmt":"2025-03-29T19:50:00","guid":{"rendered":"https:\/\/www.gaveanews.com\/?p=246419"},"modified":"2025-03-29T15:03:37","modified_gmt":"2025-03-29T18:03:37","slug":"santos-faz-exigencia-para-vender-soteldo-pedro-caixinha-revolta-torcida-e-declaracao-de-luxemburgo-as-ultimas-noticias-do-peixe","status":"publish","type":"post","link":"https:\/\/www.gaveanews.com\/index.php\/2025\/03\/29\/santos-faz-exigencia-para-vender-soteldo-pedro-caixinha-revolta-torcida-e-declaracao-de-luxemburgo-as-ultimas-noticias-do-peixe\/","title":{"rendered":"Santos faz exig\u00eancia para vender Soteldo, Pedro Caixinha revolta torcida e declara\u00e7\u00e3o de Luxemburgo: as \u00faltimas not\u00edcias do Peixe"},"content":{"rendered":"\n<p>Nas \u00faltimas horas, o foco das not\u00edcias sobre o Santos se concentram nos bastidores do clube, com destaques do dia a dia do time.<\/p>\n\n\n\n<p>Por conta deste contexto, leia abaixo um resumo preparado pela equipe do portal G\u00e1vea News para lhe manter muito bem informado!<\/p>\n\n\n\n<div class=\"wp-block-group\"><div class=\"wp-block-group__inner-container is-layout-constrained wp-block-group-is-layout-constrained\">\n<h2 class=\"wp-block-heading\" id=\"h-declaracao-de-luxemburgo\">Declara\u00e7\u00e3o de Luxemburgo<\/h2>\n\n\n\n<p>Em entrevista ao programa \u201cCNN Esportes S\/A\u201d, Vanderlei Luxemburgo foi direto ao afirmar que a Sele\u00e7\u00e3o Brasileira n\u00e3o pode abrir m\u00e3o de Neymar para a disputa da Copa do Mundo de 2026. O experiente treinador destacou que o camisa 10 segue sendo o principal nome do elenco e \u00e9 fundamental para que o Brasil tenha chances reais de conquistar o t\u00e3o sonhado hexacampeonato. Para ele, Neymar ainda exerce uma influ\u00eancia t\u00e1tica importante, atraindo a marca\u00e7\u00e3o dos advers\u00e1rios e criando espa\u00e7o para outros talentos como Vin\u00edcius J\u00fanior, Rodrygo, Raphinha e o jovem Est\u00eav\u00e3o<strong><a href=\"https:\/\/www.gaveanews.com\/index.php\/2025\/03\/24\/vanderlei-luxemburgo-e-sincero-ao-falar-sobre-neymar\/\"> (leia a mat\u00e9ria completa).<\/a><\/strong><\/p>\n\n\n\n<figure class=\"wp-block-image size-large\"><img loading=\"lazy\" decoding=\"async\" width=\"1024\" height=\"683\" src=\"http:\/\/www.gaveanews.com\/wp-content\/uploads\/esporte-vanderlei-luxemburgo-28092015-001-1024x683.webp\" alt=\"\" class=\"wp-image-33887\" srcset=\"https:\/\/www.gaveanews.com\/wp-content\/uploads\/esporte-vanderlei-luxemburgo-28092015-001-1024x683.webp 1024w, https:\/\/www.gaveanews.com\/wp-content\/uploads\/esporte-vanderlei-luxemburgo-28092015-001-300x200.webp 300w, https:\/\/www.gaveanews.com\/wp-content\/uploads\/esporte-vanderlei-luxemburgo-28092015-001-768x512.webp 768w, https:\/\/www.gaveanews.com\/wp-content\/uploads\/esporte-vanderlei-luxemburgo-28092015-001-1536x1024.webp 1536w, https:\/\/www.gaveanews.com\/wp-content\/uploads\/esporte-vanderlei-luxemburgo-28092015-001-2048x1365.webp 2048w, https:\/\/www.gaveanews.com\/wp-content\/uploads\/esporte-vanderlei-luxemburgo-28092015-001-630x420.webp 630w, https:\/\/www.gaveanews.com\/wp-content\/uploads\/esporte-vanderlei-luxemburgo-28092015-001-1260x840.webp 1260w, https:\/\/www.gaveanews.com\/wp-content\/uploads\/esporte-vanderlei-luxemburgo-28092015-001-640x427.webp 640w, https:\/\/www.gaveanews.com\/wp-content\/uploads\/esporte-vanderlei-luxemburgo-28092015-001-1280x853.webp 1280w, https:\/\/www.gaveanews.com\/wp-content\/uploads\/esporte-vanderlei-luxemburgo-28092015-001-681x454.webp 681w, https:\/\/www.gaveanews.com\/wp-content\/uploads\/esporte-vanderlei-luxemburgo-28092015-001-1362x908.webp 1362w, https:\/\/www.gaveanews.com\/wp-content\/uploads\/esporte-vanderlei-luxemburgo-28092015-001-100x67.webp 100w\" sizes=\"auto, (max-width: 1024px) 100vw, 1024px\" \/><figcaption class=\"wp-element-caption\">Vanderlei Luxemburgo (Photo by VCG\/VCG via Getty Images)<\/figcaption><\/figure>\n\n\n\n<p>Luxemburgo comparou o atual cen\u00e1rio da sele\u00e7\u00e3o com o time hist\u00f3rico de 1970, sugerindo que a combina\u00e7\u00e3o de jogadores habilidosos pode se repetir, desde que Neymar esteja comprometido. <\/p>\n\n\n\n<p>O treinador acredita que, ao centralizar a aten\u00e7\u00e3o dos rivais, o camisa 10 facilita o desempenho dos demais atacantes. Ainda assim, ele refor\u00e7ou que \u00e9 necess\u00e1rio um posicionamento mais maduro do jogador dentro e fora de campo, cobrando foco e postura profissional diante do que pode ser sua \u00faltima participa\u00e7\u00e3o em Copas.<\/p>\n\n\n\n<p>Por fim, Luxa revelou qual seria sua primeira atitude caso fosse o t\u00e9cnico da Sele\u00e7\u00e3o: uma conversa franca com Neymar. Na vis\u00e3o dele, o atacante precisa compreender o papel de lideran\u00e7a que tem no grupo e a oportunidade \u00fanica de buscar a consagra\u00e7\u00e3o definitiva como melhor jogador do mundo. Segundo o treinador, o Brasil precisa de Neymar inteiro \u2014 f\u00edsica e mentalmente \u2014 para sonhar com o t\u00edtulo, e cabe ao pr\u00f3prio atleta decidir se quer assumir essa responsabilidade.<\/p>\n\n\n\n<h2 class=\"wp-block-heading\" id=\"h-pedro-caixinha-revolta-torcida\">Pedro Caixinha revolta torcida<\/h2>\n\n\n\n<p>A decis\u00e3o do t\u00e9cnico Pedro Caixinha de conceder uma folga prolongada ao elenco do Santos antes da estreia no Brasileir\u00e3o 2025 gerou pol\u00eamica entre torcedores e bastidores do clube. Em um momento de alta expectativa pelo retorno \u00e0 elite do futebol nacional, a pausa de cinco dias causou insatisfa\u00e7\u00e3o por parte da torcida, que esperava mais intensidade na prepara\u00e7\u00e3o. No entanto, segundo o treinador, a escolha faz parte de uma estrat\u00e9gia focada no bem-estar mental dos atletas, visando equil\u00edbrio emocional e f\u00edsico para a sequ\u00eancia da temporada<strong><a href=\"https:\/\/www.gaveanews.com\/index.php\/2025\/03\/26\/decisao-de-pedro-caixinha-nao-agrada-e-gera-revolta-da-torcida\/\"> (leia a mat\u00e9ria completa).<\/a><\/strong><\/p>\n\n\n\n<figure class=\"wp-block-image size-full\"><img loading=\"lazy\" decoding=\"async\" width=\"725\" height=\"526\" src=\"http:\/\/www.gaveanews.com\/wp-content\/uploads\/Pedro-Caixinha-tecnico-do-Santos.webp\" alt=\"\" class=\"wp-image-227144\"\/><figcaption class=\"wp-element-caption\">Pedro Caixinha, t\u00e9cnico do Santos (Foto: Divulga\u00e7\u00e3o\/Santos)<\/figcaption><\/figure>\n\n\n\n<p>De acordo com informa\u00e7\u00f5es do Globo Esporte, Caixinha aposta nas chamadas \u201cpausas profil\u00e1ticas\u201d como m\u00e9todo de recupera\u00e7\u00e3o mental, prevenindo sobrecargas e melhorando o desempenho coletivo a longo prazo. A medida, embora impopular entre parte da torcida, tem respaldo dentro da comiss\u00e3o t\u00e9cnica, que busca preservar a sa\u00fade emocional dos jogadores diante da exigente maratona que se aproxima. O Peixe enfrentar\u00e1 o Vasco na estreia do Campeonato Brasileiro, no pr\u00f3ximo s\u00e1bado (29), em S\u00e3o Janu\u00e1rio, sem poder contar com Neymar, ainda em processo de recupera\u00e7\u00e3o.<\/p>\n\n\n\n<p>Para suprir a aus\u00eancia do camisa 10, o treinador deve apostar em Barreal, que assumir\u00e1 a fun\u00e7\u00e3o de articulador no setor ofensivo. Enquanto isso, nos bastidores, a situa\u00e7\u00e3o do goleiro Jo\u00e3o Paulo tamb\u00e9m agita o ambiente: apesar de proposta do Cruzeiro, o Santos recusou a oferta, mas o atleta estaria inclinado a buscar novos ares. Com quest\u00f5es extracampo e decis\u00f5es t\u00e9cnicas em evid\u00eancia, o momento no clube \u00e9 de gest\u00e3o cuidadosa para evitar turbul\u00eancias logo no in\u00edcio da principal competi\u00e7\u00e3o do ano.<\/p>\n\n\n\n<h2 class=\"wp-block-heading\" id=\"h-santos-faz-exigencia-para-vender-soteldo\">Santos faz exig\u00eancia para vender Soteldo<\/h2>\n\n\n\n<p>Ap\u00f3s ser eliminado na semifinal do Campeonato Paulista, o Santos concentra esfor\u00e7os em reorganizar o elenco para o restante da temporada. Um dos principais assuntos nos bastidores \u00e9 a situa\u00e7\u00e3o de Yeferson Soteldo, alvo de especula\u00e7\u00f5es no mercado. Apesar do interesse de clubes como o Gr\u00eamio, a diretoria santista deixou claro que o camisa 7 s\u00f3 ser\u00e1 negociado mediante uma proposta considerada irrecus\u00e1vel, refor\u00e7ando que o venezuelano ainda faz parte dos planos da equipe comandada por Pedro Caixinha <strong><a href=\"https:\/\/www.gaveanews.com\/index.php\/2025\/03\/25\/a-exigencia-do-santos-para-vender-soteldo\/\">(leia a mat\u00e9ria completa).<\/a><\/strong><\/p>\n\n\n\n<figure class=\"wp-block-image size-full\"><img loading=\"lazy\" decoding=\"async\" width=\"602\" height=\"552\" src=\"http:\/\/www.gaveanews.com\/wp-content\/uploads\/Soteldo-pelo-Santos.webp\" alt=\"\" class=\"wp-image-217773\" srcset=\"https:\/\/www.gaveanews.com\/wp-content\/uploads\/Soteldo-pelo-Santos.webp 602w, https:\/\/www.gaveanews.com\/wp-content\/uploads\/Soteldo-pelo-Santos-300x275.webp 300w, https:\/\/www.gaveanews.com\/wp-content\/uploads\/Soteldo-pelo-Santos-458x420.webp 458w, https:\/\/www.gaveanews.com\/wp-content\/uploads\/Soteldo-pelo-Santos-100x92.webp 100w\" sizes=\"auto, (max-width: 602px) 100vw, 602px\" \/><figcaption class=\"wp-element-caption\">Soteldo pelo Santos (Foto: Instagram\/Soteldo)<\/figcaption><\/figure>\n\n\n\n<p>Soteldo, no entanto, vive um momento abaixo do esperado. Com 12 partidas disputadas em 2025, o atacante ainda n\u00e3o marcou gols e soma apenas duas assist\u00eancias, n\u00fameros aqu\u00e9m das expectativas para um jogador de sua relev\u00e2ncia. Por conta disso, perdeu espa\u00e7o entre os titulares e passou a ser op\u00e7\u00e3o no banco. A concorr\u00eancia no setor ofensivo, com a chegada de nomes como Rollheiser e Gabriel Ver\u00f3n, aumenta a press\u00e3o sobre o venezuelano, que precisar\u00e1 se destacar nas pr\u00f3ximas rodadas para recuperar protagonismo.<\/p>\n\n\n\n<p>Mesmo assim, o clube mant\u00e9m cautela em rela\u00e7\u00e3o a qualquer negocia\u00e7\u00e3o. O Santos est\u00e1 focado em fazer um bom in\u00edcio no Campeonato Brasileiro e considera Soteldo uma pe\u00e7a importante para compor o elenco diante do calend\u00e1rio apertado. Embora haja possibilidade de mudan\u00e7as no grupo, a diretoria refor\u00e7a que qualquer sa\u00edda ser\u00e1 cuidadosamente analisada, especialmente em um momento de reestrutura\u00e7\u00e3o e reconstru\u00e7\u00e3o do projeto esportivo do clube.<\/p>\n<\/div><\/div>\n","protected":false},"excerpt":{"rendered":"<p>Nas \u00faltimas horas, o foco das not\u00edcias sobre o Santos se concentram nos bastidores do clube, com destaques do dia a dia do time. Por conta deste contexto, leia abaixo um resumo preparado pela equipe do portal G\u00e1vea News para lhe manter muito bem informado! Declara\u00e7\u00e3o de Luxemburgo Em entrevista ao programa \u201cCNN Esportes S\/A\u201d, [&hellip;]<\/p>\n","protected":false},"author":33,"featured_media":152156,"comment_status":"open","ping_status":"closed","sticky":false,"template":"","format":"standard","meta":{"footnotes":""},"categories":[139],"tags":[],"class_list":["post-246419","post","type-post","status-publish","format-standard","has-post-thumbnail","hentry","category-santos"],"yoast_head":"<!-- This site is optimized with the Yoast SEO Premium plugin v24.2 (Yoast SEO v26.9) - https:\/\/yoast.com\/product\/yoast-seo-premium-wordpress\/ -->\n<title>Santos faz exig\u00eancia para vender Soteldo, Pedro Caixinha revolta torcida e declara\u00e7\u00e3o de Luxemburgo: as \u00faltimas not\u00edcias do Peixe<\/title>\n<meta name=\"robots\" content=\"index, follow, max-snippet:-1, max-image-preview:large, max-video-preview:-1\" \/>\n<link rel=\"canonical\" href=\"https:\/\/www.gaveanews.com\/index.php\/2025\/03\/29\/santos-faz-exigencia-para-vender-soteldo-pedro-caixinha-revolta-torcida-e-declaracao-de-luxemburgo-as-ultimas-noticias-do-peixe\/\" \/>\n<meta property=\"og:locale\" content=\"pt_BR\" \/>\n<meta property=\"og:type\" content=\"article\" \/>\n<meta property=\"og:title\" content=\"Santos faz exig\u00eancia para vender Soteldo, Pedro Caixinha revolta torcida e declara\u00e7\u00e3o de Luxemburgo: as \u00faltimas not\u00edcias do Peixe\" \/>\n<meta property=\"og:description\" content=\"Nas \u00faltimas horas, o foco das not\u00edcias sobre o Santos se concentram nos bastidores do clube, com destaques do dia a dia do time. Por conta deste contexto, leia abaixo um resumo preparado pela equipe do portal G\u00e1vea News para lhe manter muito bem informado! Declara\u00e7\u00e3o de Luxemburgo Em entrevista ao programa \u201cCNN Esportes S\/A\u201d, [&hellip;]\" \/>\n<meta property=\"og:url\" content=\"https:\/\/www.gaveanews.com\/index.php\/2025\/03\/29\/santos-faz-exigencia-para-vender-soteldo-pedro-caixinha-revolta-torcida-e-declaracao-de-luxemburgo-as-ultimas-noticias-do-peixe\/\" \/>\n<meta property=\"og:site_name\" content=\"G\u00e1vea News\" \/>\n<meta property=\"article:publisher\" content=\"https:\/\/facebook.com\/gaveaNews\/\" \/>\n<meta property=\"article:published_time\" content=\"2025-03-29T19:50:00+00:00\" \/>\n<meta property=\"og:image\" content=\"https:\/\/www.gaveanews.com\/wp-content\/uploads\/Escudo-do-Santos-1.webp\" \/>\n\t<meta property=\"og:image:width\" content=\"1300\" \/>\n\t<meta property=\"og:image:height\" content=\"1056\" \/>\n\t<meta property=\"og:image:type\" content=\"image\/webp\" \/>\n<meta name=\"author\" content=\"Brenda Cezillo\" \/>\n<meta name=\"twitter:card\" content=\"summary_large_image\" \/>\n<meta name=\"twitter:label1\" content=\"Escrito por\" \/>\n\t<meta name=\"twitter:data1\" content=\"Brenda Cezillo\" \/>\n\t<meta name=\"twitter:label2\" content=\"Est. tempo de leitura\" \/>\n\t<meta name=\"twitter:data2\" content=\"6 minutos\" \/>\n<script type=\"application\/ld+json\" class=\"yoast-schema-graph\">{\"@context\":\"https:\/\/schema.org\",\"@graph\":[{\"@type\":\"NewsArticle\",\"@id\":\"https:\/\/www.gaveanews.com\/index.php\/2025\/03\/29\/santos-faz-exigencia-para-vender-soteldo-pedro-caixinha-revolta-torcida-e-declaracao-de-luxemburgo-as-ultimas-noticias-do-peixe\/#article\",\"isPartOf\":{\"@id\":\"https:\/\/www.gaveanews.com\/index.php\/2025\/03\/29\/santos-faz-exigencia-para-vender-soteldo-pedro-caixinha-revolta-torcida-e-declaracao-de-luxemburgo-as-ultimas-noticias-do-peixe\/\"},\"author\":{\"name\":\"Brenda Cezillo\",\"@id\":\"https:\/\/www.gaveanews.com\/#\/schema\/person\/c79759ca337c40791ae8d08e2923d403\"},\"headline\":\"Santos faz exig\u00eancia para vender Soteldo, Pedro Caixinha revolta torcida e declara\u00e7\u00e3o de Luxemburgo: as \u00faltimas not\u00edcias do Peixe\",\"datePublished\":\"2025-03-29T19:50:00+00:00\",\"mainEntityOfPage\":{\"@id\":\"https:\/\/www.gaveanews.com\/index.php\/2025\/03\/29\/santos-faz-exigencia-para-vender-soteldo-pedro-caixinha-revolta-torcida-e-declaracao-de-luxemburgo-as-ultimas-noticias-do-peixe\/\"},\"wordCount\":931,\"commentCount\":0,\"image\":{\"@id\":\"https:\/\/www.gaveanews.com\/index.php\/2025\/03\/29\/santos-faz-exigencia-para-vender-soteldo-pedro-caixinha-revolta-torcida-e-declaracao-de-luxemburgo-as-ultimas-noticias-do-peixe\/#primaryimage\"},\"thumbnailUrl\":\"https:\/\/www.gaveanews.com\/wp-content\/uploads\/Escudo-do-Santos-1.webp\",\"articleSection\":[\"Santos\"],\"inLanguage\":\"pt-BR\",\"potentialAction\":[{\"@type\":\"CommentAction\",\"name\":\"Comment\",\"target\":[\"https:\/\/www.gaveanews.com\/index.php\/2025\/03\/29\/santos-faz-exigencia-para-vender-soteldo-pedro-caixinha-revolta-torcida-e-declaracao-de-luxemburgo-as-ultimas-noticias-do-peixe\/#respond\"]}],\"copyrightYear\":\"2025\",\"copyrightHolder\":{\"@id\":\"https:\/\/www.gaveanews.com\/#organization\"}},{\"@type\":\"WebPage\",\"@id\":\"https:\/\/www.gaveanews.com\/index.php\/2025\/03\/29\/santos-faz-exigencia-para-vender-soteldo-pedro-caixinha-revolta-torcida-e-declaracao-de-luxemburgo-as-ultimas-noticias-do-peixe\/\",\"url\":\"https:\/\/www.gaveanews.com\/index.php\/2025\/03\/29\/santos-faz-exigencia-para-vender-soteldo-pedro-caixinha-revolta-torcida-e-declaracao-de-luxemburgo-as-ultimas-noticias-do-peixe\/\",\"name\":\"Santos faz exig\u00eancia para vender Soteldo, Pedro Caixinha revolta torcida e declara\u00e7\u00e3o de Luxemburgo: as \u00faltimas not\u00edcias do Peixe\",\"isPartOf\":{\"@id\":\"https:\/\/www.gaveanews.com\/#website\"},\"primaryImageOfPage\":{\"@id\":\"https:\/\/www.gaveanews.com\/index.php\/2025\/03\/29\/santos-faz-exigencia-para-vender-soteldo-pedro-caixinha-revolta-torcida-e-declaracao-de-luxemburgo-as-ultimas-noticias-do-peixe\/#primaryimage\"},\"image\":{\"@id\":\"https:\/\/www.gaveanews.com\/index.php\/2025\/03\/29\/santos-faz-exigencia-para-vender-soteldo-pedro-caixinha-revolta-torcida-e-declaracao-de-luxemburgo-as-ultimas-noticias-do-peixe\/#primaryimage\"},\"thumbnailUrl\":\"https:\/\/www.gaveanews.com\/wp-content\/uploads\/Escudo-do-Santos-1.webp\",\"datePublished\":\"2025-03-29T19:50:00+00:00\",\"author\":{\"@id\":\"https:\/\/www.gaveanews.com\/#\/schema\/person\/c79759ca337c40791ae8d08e2923d403\"},\"breadcrumb\":{\"@id\":\"https:\/\/www.gaveanews.com\/index.php\/2025\/03\/29\/santos-faz-exigencia-para-vender-soteldo-pedro-caixinha-revolta-torcida-e-declaracao-de-luxemburgo-as-ultimas-noticias-do-peixe\/#breadcrumb\"},\"inLanguage\":\"pt-BR\",\"potentialAction\":[{\"@type\":\"ReadAction\",\"target\":[\"https:\/\/www.gaveanews.com\/index.php\/2025\/03\/29\/santos-faz-exigencia-para-vender-soteldo-pedro-caixinha-revolta-torcida-e-declaracao-de-luxemburgo-as-ultimas-noticias-do-peixe\/\"]}]},{\"@type\":\"ImageObject\",\"inLanguage\":\"pt-BR\",\"@id\":\"https:\/\/www.gaveanews.com\/index.php\/2025\/03\/29\/santos-faz-exigencia-para-vender-soteldo-pedro-caixinha-revolta-torcida-e-declaracao-de-luxemburgo-as-ultimas-noticias-do-peixe\/#primaryimage\",\"url\":\"https:\/\/www.gaveanews.com\/wp-content\/uploads\/Escudo-do-Santos-1.webp\",\"contentUrl\":\"https:\/\/www.gaveanews.com\/wp-content\/uploads\/Escudo-do-Santos-1.webp\",\"width\":1300,\"height\":1056,\"caption\":\"Escudo do Santos (Foto: Reprodu\u00e7\u00e3o\/Instagram)\"},{\"@type\":\"BreadcrumbList\",\"@id\":\"https:\/\/www.gaveanews.com\/index.php\/2025\/03\/29\/santos-faz-exigencia-para-vender-soteldo-pedro-caixinha-revolta-torcida-e-declaracao-de-luxemburgo-as-ultimas-noticias-do-peixe\/#breadcrumb\",\"itemListElement\":[{\"@type\":\"ListItem\",\"position\":1,\"name\":\"Home\",\"item\":\"https:\/\/www.gaveanews.com\/\"},{\"@type\":\"ListItem\",\"position\":2,\"name\":\"Santos faz exig\u00eancia para vender Soteldo, Pedro Caixinha revolta torcida e declara\u00e7\u00e3o de Luxemburgo: as \u00faltimas not\u00edcias do Peixe\"}]},{\"@type\":\"WebSite\",\"@id\":\"https:\/\/www.gaveanews.com\/#website\",\"url\":\"https:\/\/www.gaveanews.com\/\",\"name\":\"G\u00e1vea News\",\"description\":\"Veja todas as not\u00edcias sobre o Flamengo: Contrata\u00e7\u00f5es, categorias de base, resultados das partidas, tabela de classifica\u00e7\u00e3o, pr\u00f3ximos jogos!\",\"potentialAction\":[{\"@type\":\"SearchAction\",\"target\":{\"@type\":\"EntryPoint\",\"urlTemplate\":\"https:\/\/www.gaveanews.com\/?s={search_term_string}\"},\"query-input\":{\"@type\":\"PropertyValueSpecification\",\"valueRequired\":true,\"valueName\":\"search_term_string\"}}],\"inLanguage\":\"pt-BR\"},{\"@type\":\"Person\",\"@id\":\"https:\/\/www.gaveanews.com\/#\/schema\/person\/c79759ca337c40791ae8d08e2923d403\",\"name\":\"Brenda Cezillo\",\"image\":{\"@type\":\"ImageObject\",\"inLanguage\":\"pt-BR\",\"@id\":\"https:\/\/www.gaveanews.com\/#\/schema\/person\/image\/\",\"url\":\"https:\/\/secure.gravatar.com\/avatar\/1738d75cee7317f9c29ae61dd67620c5883d80a92e42a6fff88ae5d527af217a?s=96&d=mm&r=g\",\"contentUrl\":\"https:\/\/secure.gravatar.com\/avatar\/1738d75cee7317f9c29ae61dd67620c5883d80a92e42a6fff88ae5d527af217a?s=96&d=mm&r=g\",\"caption\":\"Brenda Cezillo\"}}]}<\/script>\n<!-- \/ Yoast SEO Premium plugin. -->","yoast_head_json":{"title":"Santos faz exig\u00eancia para vender Soteldo, Pedro Caixinha revolta torcida e declara\u00e7\u00e3o de Luxemburgo: as \u00faltimas not\u00edcias do Peixe","robots":{"index":"index","follow":"follow","max-snippet":"max-snippet:-1","max-image-preview":"max-image-preview:large","max-video-preview":"max-video-preview:-1"},"canonical":"https:\/\/www.gaveanews.com\/index.php\/2025\/03\/29\/santos-faz-exigencia-para-vender-soteldo-pedro-caixinha-revolta-torcida-e-declaracao-de-luxemburgo-as-ultimas-noticias-do-peixe\/","og_locale":"pt_BR","og_type":"article","og_title":"Santos faz exig\u00eancia para vender Soteldo, Pedro Caixinha revolta torcida e declara\u00e7\u00e3o de Luxemburgo: as \u00faltimas not\u00edcias do Peixe","og_description":"Nas \u00faltimas horas, o foco das not\u00edcias sobre o Santos se concentram nos bastidores do clube, com destaques do dia a dia do time. Por conta deste contexto, leia abaixo um resumo preparado pela equipe do portal G\u00e1vea News para lhe manter muito bem informado! Declara\u00e7\u00e3o de Luxemburgo Em entrevista ao programa \u201cCNN Esportes S\/A\u201d, [&hellip;]","og_url":"https:\/\/www.gaveanews.com\/index.php\/2025\/03\/29\/santos-faz-exigencia-para-vender-soteldo-pedro-caixinha-revolta-torcida-e-declaracao-de-luxemburgo-as-ultimas-noticias-do-peixe\/","og_site_name":"G\u00e1vea News","article_publisher":"https:\/\/facebook.com\/gaveaNews\/","article_published_time":"2025-03-29T19:50:00+00:00","og_image":[{"width":1300,"height":1056,"url":"https:\/\/www.gaveanews.com\/wp-content\/uploads\/Escudo-do-Santos-1.webp","type":"image\/webp"}],"author":"Brenda Cezillo","twitter_card":"summary_large_image","twitter_misc":{"Escrito por":"Brenda Cezillo","Est. tempo de leitura":"6 minutos"},"schema":{"@context":"https:\/\/schema.org","@graph":[{"@type":"NewsArticle","@id":"https:\/\/www.gaveanews.com\/index.php\/2025\/03\/29\/santos-faz-exigencia-para-vender-soteldo-pedro-caixinha-revolta-torcida-e-declaracao-de-luxemburgo-as-ultimas-noticias-do-peixe\/#article","isPartOf":{"@id":"https:\/\/www.gaveanews.com\/index.php\/2025\/03\/29\/santos-faz-exigencia-para-vender-soteldo-pedro-caixinha-revolta-torcida-e-declaracao-de-luxemburgo-as-ultimas-noticias-do-peixe\/"},"author":{"name":"Brenda Cezillo","@id":"https:\/\/www.gaveanews.com\/#\/schema\/person\/c79759ca337c40791ae8d08e2923d403"},"headline":"Santos faz exig\u00eancia para vender Soteldo, Pedro Caixinha revolta torcida e declara\u00e7\u00e3o de Luxemburgo: as \u00faltimas not\u00edcias do Peixe","datePublished":"2025-03-29T19:50:00+00:00","mainEntityOfPage":{"@id":"https:\/\/www.gaveanews.com\/index.php\/2025\/03\/29\/santos-faz-exigencia-para-vender-soteldo-pedro-caixinha-revolta-torcida-e-declaracao-de-luxemburgo-as-ultimas-noticias-do-peixe\/"},"wordCount":931,"commentCount":0,"image":{"@id":"https:\/\/www.gaveanews.com\/index.php\/2025\/03\/29\/santos-faz-exigencia-para-vender-soteldo-pedro-caixinha-revolta-torcida-e-declaracao-de-luxemburgo-as-ultimas-noticias-do-peixe\/#primaryimage"},"thumbnailUrl":"https:\/\/www.gaveanews.com\/wp-content\/uploads\/Escudo-do-Santos-1.webp","articleSection":["Santos"],"inLanguage":"pt-BR","potentialAction":[{"@type":"CommentAction","name":"Comment","target":["https:\/\/www.gaveanews.com\/index.php\/2025\/03\/29\/santos-faz-exigencia-para-vender-soteldo-pedro-caixinha-revolta-torcida-e-declaracao-de-luxemburgo-as-ultimas-noticias-do-peixe\/#respond"]}],"copyrightYear":"2025","copyrightHolder":{"@id":"https:\/\/www.gaveanews.com\/#organization"}},{"@type":"WebPage","@id":"https:\/\/www.gaveanews.com\/index.php\/2025\/03\/29\/santos-faz-exigencia-para-vender-soteldo-pedro-caixinha-revolta-torcida-e-declaracao-de-luxemburgo-as-ultimas-noticias-do-peixe\/","url":"https:\/\/www.gaveanews.com\/index.php\/2025\/03\/29\/santos-faz-exigencia-para-vender-soteldo-pedro-caixinha-revolta-torcida-e-declaracao-de-luxemburgo-as-ultimas-noticias-do-peixe\/","name":"Santos faz exig\u00eancia para vender Soteldo, Pedro Caixinha revolta torcida e declara\u00e7\u00e3o de Luxemburgo: as \u00faltimas not\u00edcias do Peixe","isPartOf":{"@id":"https:\/\/www.gaveanews.com\/#website"},"primaryImageOfPage":{"@id":"https:\/\/www.gaveanews.com\/index.php\/2025\/03\/29\/santos-faz-exigencia-para-vender-soteldo-pedro-caixinha-revolta-torcida-e-declaracao-de-luxemburgo-as-ultimas-noticias-do-peixe\/#primaryimage"},"image":{"@id":"https:\/\/www.gaveanews.com\/index.php\/2025\/03\/29\/santos-faz-exigencia-para-vender-soteldo-pedro-caixinha-revolta-torcida-e-declaracao-de-luxemburgo-as-ultimas-noticias-do-peixe\/#primaryimage"},"thumbnailUrl":"https:\/\/www.gaveanews.com\/wp-content\/uploads\/Escudo-do-Santos-1.webp","datePublished":"2025-03-29T19:50:00+00:00","author":{"@id":"https:\/\/www.gaveanews.com\/#\/schema\/person\/c79759ca337c40791ae8d08e2923d403"},"breadcrumb":{"@id":"https:\/\/www.gaveanews.com\/index.php\/2025\/03\/29\/santos-faz-exigencia-para-vender-soteldo-pedro-caixinha-revolta-torcida-e-declaracao-de-luxemburgo-as-ultimas-noticias-do-peixe\/#breadcrumb"},"inLanguage":"pt-BR","potentialAction":[{"@type":"ReadAction","target":["https:\/\/www.gaveanews.com\/index.php\/2025\/03\/29\/santos-faz-exigencia-para-vender-soteldo-pedro-caixinha-revolta-torcida-e-declaracao-de-luxemburgo-as-ultimas-noticias-do-peixe\/"]}]},{"@type":"ImageObject","inLanguage":"pt-BR","@id":"https:\/\/www.gaveanews.com\/index.php\/2025\/03\/29\/santos-faz-exigencia-para-vender-soteldo-pedro-caixinha-revolta-torcida-e-declaracao-de-luxemburgo-as-ultimas-noticias-do-peixe\/#primaryimage","url":"https:\/\/www.gaveanews.com\/wp-content\/uploads\/Escudo-do-Santos-1.webp","contentUrl":"https:\/\/www.gaveanews.com\/wp-content\/uploads\/Escudo-do-Santos-1.webp","width":1300,"height":1056,"caption":"Escudo do Santos (Foto: Reprodu\u00e7\u00e3o\/Instagram)"},{"@type":"BreadcrumbList","@id":"https:\/\/www.gaveanews.com\/index.php\/2025\/03\/29\/santos-faz-exigencia-para-vender-soteldo-pedro-caixinha-revolta-torcida-e-declaracao-de-luxemburgo-as-ultimas-noticias-do-peixe\/#breadcrumb","itemListElement":[{"@type":"ListItem","position":1,"name":"Home","item":"https:\/\/www.gaveanews.com\/"},{"@type":"ListItem","position":2,"name":"Santos faz exig\u00eancia para vender Soteldo, Pedro Caixinha revolta torcida e declara\u00e7\u00e3o de Luxemburgo: as \u00faltimas not\u00edcias do Peixe"}]},{"@type":"WebSite","@id":"https:\/\/www.gaveanews.com\/#website","url":"https:\/\/www.gaveanews.com\/","name":"G\u00e1vea News","description":"Veja todas as not\u00edcias sobre o Flamengo: Contrata\u00e7\u00f5es, categorias de base, resultados das partidas, tabela de classifica\u00e7\u00e3o, pr\u00f3ximos jogos!","potentialAction":[{"@type":"SearchAction","target":{"@type":"EntryPoint","urlTemplate":"https:\/\/www.gaveanews.com\/?s={search_term_string}"},"query-input":{"@type":"PropertyValueSpecification","valueRequired":true,"valueName":"search_term_string"}}],"inLanguage":"pt-BR"},{"@type":"Person","@id":"https:\/\/www.gaveanews.com\/#\/schema\/person\/c79759ca337c40791ae8d08e2923d403","name":"Brenda Cezillo","image":{"@type":"ImageObject","inLanguage":"pt-BR","@id":"https:\/\/www.gaveanews.com\/#\/schema\/person\/image\/","url":"https:\/\/secure.gravatar.com\/avatar\/1738d75cee7317f9c29ae61dd67620c5883d80a92e42a6fff88ae5d527af217a?s=96&d=mm&r=g","contentUrl":"https:\/\/secure.gravatar.com\/avatar\/1738d75cee7317f9c29ae61dd67620c5883d80a92e42a6fff88ae5d527af217a?s=96&d=mm&r=g","caption":"Brenda Cezillo"}}]}},"_links":{"self":[{"href":"https:\/\/www.gaveanews.com\/index.php\/wp-json\/wp\/v2\/posts\/246419","targetHints":{"allow":["GET"]}}],"collection":[{"href":"https:\/\/www.gaveanews.com\/index.php\/wp-json\/wp\/v2\/posts"}],"about":[{"href":"https:\/\/www.gaveanews.com\/index.php\/wp-json\/wp\/v2\/types\/post"}],"author":[{"embeddable":true,"href":"https:\/\/www.gaveanews.com\/index.php\/wp-json\/wp\/v2\/users\/33"}],"replies":[{"embeddable":true,"href":"https:\/\/www.gaveanews.com\/index.php\/wp-json\/wp\/v2\/comments?post=246419"}],"version-history":[{"count":1,"href":"https:\/\/www.gaveanews.com\/index.php\/wp-json\/wp\/v2\/posts\/246419\/revisions"}],"predecessor-version":[{"id":246445,"href":"https:\/\/www.gaveanews.com\/index.php\/wp-json\/wp\/v2\/posts\/246419\/revisions\/246445"}],"wp:featuredmedia":[{"embeddable":true,"href":"https:\/\/www.gaveanews.com\/index.php\/wp-json\/wp\/v2\/media\/152156"}],"wp:attachment":[{"href":"https:\/\/www.gaveanews.com\/index.php\/wp-json\/wp\/v2\/media?parent=246419"}],"wp:term":[{"taxonomy":"category","embeddable":true,"href":"https:\/\/www.gaveanews.com\/index.php\/wp-json\/wp\/v2\/categories?post=246419"},{"taxonomy":"post_tag","embeddable":true,"href":"https:\/\/www.gaveanews.com\/index.php\/wp-json\/wp\/v2\/tags?post=246419"}],"curies":[{"name":"wp","href":"https:\/\/api.w.org\/{rel}","templated":true}]}}