{"id":246421,"date":"2025-03-29T16:55:00","date_gmt":"2025-03-29T19:55:00","guid":{"rendered":"https:\/\/www.gaveanews.com\/?p=246421"},"modified":"2025-03-29T15:33:27","modified_gmt":"2025-03-29T18:33:27","slug":"bahia-a-declaracao-de-rmp-sobre-o-trabalho-de-rogerio-ceni","status":"publish","type":"post","link":"https:\/\/www.gaveanews.com\/index.php\/2025\/03\/29\/bahia-a-declaracao-de-rmp-sobre-o-trabalho-de-rogerio-ceni\/","title":{"rendered":"Bahia: a declara\u00e7\u00e3o de RMP sobre o trabalho de Rog\u00e9rio Ceni"},"content":{"rendered":"\n<h2 class=\"wp-block-heading\" id=\"h-nao-acredito-que\">&#8220;N\u00e3o acredito que&#8230;&#8221;<\/h2>\n\n\n\n<p>No \u00faltimo final de semana, o Bahia superou o Vit\u00f3ria e se sagrou campe\u00e3o do Campeonato Baiano pela 51\u00b0 vez na hist\u00f3ria. Esse inclusive, foi o primeiro t\u00edtulo do t\u00e9cnico Rog\u00e9rio Ceni no comando do Tricolor de A\u00e7o. RMP analisou o trabalho de Ceni e comentou sobre o 2025 do clube baiano.<\/p>\n\n\n\n<p>O jornalista do UOL, RMP, mais conhecido como Renato Maur\u00edcio Prado, fez uma an\u00e1lise sobre o trabalho do t\u00e9cnico Rog\u00e9rio Ceni no Bahia. Apesar de te sido campe\u00e3o estadual, RMP acredita que o Esquadr\u00e3o n\u00e3o ven\u00e7a mais nenhuma competi\u00e7\u00e3o nesta temporada. <\/p>\n\n\n\n<p>Al\u00e9m disso, o jornalista deu uma cutucada em Ceni, ao dizer que o treinador est\u00e1 no comando do Bahia h\u00e1 dois anos e foi ser campe\u00e3o &#8220;apenas&#8221; agora. RMP discordou da opini\u00e3o de Casagrande, que disse que o Esquadr\u00e3o pode surpreender em alguma competi\u00e7\u00e3o mata-mata, como por exemplo a Copa do Brasil.<\/p>\n\n\n\n<p>&#8220;O Rog\u00e9rio est\u00e1 l\u00e1 h\u00e1 quase dois anos. Foi ganhar o primeiro t\u00edtulo, um estadual, agora. Podia ter ganho a Copa do Nordeste, n\u00e3o ganhou. Tudo bem, esse ano est\u00e1 indo bem, classificou para a Libertadores, coisa que o Corinthians n\u00e3o conseguiu. N\u00e3o deixa de ser um feito&#8221;, iniciou. <\/p>\n\n\n\n<p>&#8220;Mas acho, Cas\u00e3o, ao contr\u00e1rio de voc\u00ea, que o Bahia ganhou o t\u00edtulo que ele pode ganhar nessa temporada. N\u00e3o acredito que o Rog\u00e9rio Ceni ganhe mais nenhum t\u00edtulo nessa temporada. Tem a Copa do Nordeste ainda l\u00e1. Mas fora isso, n\u00e3o vejo o Bahia ganhando mais outros t\u00edtulos importantes, n\u00e3o. Nem brasileiro, nem Copa do Brasil, e muito menos Libertadores&#8221;, finalizou Renato Maur\u00edcio Prado. <\/p>\n\n\n\n<p>Rog\u00e9rio Ceni assumiu o comando do Bahia em setembro de 2023, ou seja, n\u00e3o possui os dois anos de trabalho como RMP citou. O treinador salvou o Tricolor de A\u00e7o do rebaixamento do Brasileir\u00e3o naquele ano e em 2024 classificou a equipe para as fases preliminares da Libertadores. <\/p>\n\n\n\n<p>Este ano, Rog\u00e9rio Ceni venceu o estadual em cima do rival Vit\u00f3ria, tendo apenas duas derrotas na competi\u00e7\u00e3o toda. Al\u00e9m disso, a equipe se classificou para a fase de grupos da Copa Libertadores e enfrentar\u00e1 Internacional, Nacional-URU e Atl\u00e9tico Nacional-COL. <\/p>\n","protected":false},"excerpt":{"rendered":"<p>&#8220;N\u00e3o acredito que&#8230;&#8221; No \u00faltimo final de semana, o Bahia superou o Vit\u00f3ria e se sagrou campe\u00e3o do Campeonato Baiano pela 51\u00b0 vez na hist\u00f3ria. Esse inclusive, foi o primeiro t\u00edtulo do t\u00e9cnico Rog\u00e9rio Ceni no comando do Tricolor de A\u00e7o. RMP analisou o trabalho de Ceni e comentou sobre o 2025 do clube baiano. [&hellip;]<\/p>\n","protected":false},"author":21,"featured_media":148504,"comment_status":"open","ping_status":"closed","sticky":false,"template":"","format":"standard","meta":{"footnotes":""},"categories":[137],"tags":[],"class_list":["post-246421","post","type-post","status-publish","format-standard","has-post-thumbnail","hentry","category-bahia"],"yoast_head":"<!-- This site is optimized with the Yoast SEO Premium plugin v24.2 (Yoast SEO v26.9) - https:\/\/yoast.com\/product\/yoast-seo-premium-wordpress\/ -->\n<title>Bahia: a declara\u00e7\u00e3o de RMP sobre o trabalho de Rog\u00e9rio Ceni<\/title>\n<meta name=\"robots\" content=\"index, follow, max-snippet:-1, max-image-preview:large, max-video-preview:-1\" \/>\n<link rel=\"canonical\" href=\"https:\/\/www.gaveanews.com\/index.php\/2025\/03\/29\/bahia-a-declaracao-de-rmp-sobre-o-trabalho-de-rogerio-ceni\/\" \/>\n<meta property=\"og:locale\" content=\"pt_BR\" \/>\n<meta property=\"og:type\" content=\"article\" \/>\n<meta property=\"og:title\" content=\"Bahia: a declara\u00e7\u00e3o de RMP sobre o trabalho de Rog\u00e9rio Ceni\" \/>\n<meta property=\"og:description\" content=\"&#8220;N\u00e3o acredito que&#8230;&#8221; No \u00faltimo final de semana, o Bahia superou o Vit\u00f3ria e se sagrou campe\u00e3o do Campeonato Baiano pela 51\u00b0 vez na hist\u00f3ria. Esse inclusive, foi o primeiro t\u00edtulo do t\u00e9cnico Rog\u00e9rio Ceni no comando do Tricolor de A\u00e7o. RMP analisou o trabalho de Ceni e comentou sobre o 2025 do clube baiano. [&hellip;]\" \/>\n<meta property=\"og:url\" content=\"https:\/\/www.gaveanews.com\/index.php\/2025\/03\/29\/bahia-a-declaracao-de-rmp-sobre-o-trabalho-de-rogerio-ceni\/\" \/>\n<meta property=\"og:site_name\" content=\"G\u00e1vea News\" \/>\n<meta property=\"article:publisher\" content=\"https:\/\/facebook.com\/gaveaNews\/\" \/>\n<meta property=\"article:published_time\" content=\"2025-03-29T19:55:00+00:00\" \/>\n<meta property=\"og:image\" content=\"https:\/\/www.gaveanews.com\/wp-content\/uploads\/Rogerio-Ceni-tecnico-do-Bahia-em-entrevista-coletiva-apos-o-classico-contra-o-Vitoria.webp\" \/>\n\t<meta property=\"og:image:width\" content=\"874\" \/>\n\t<meta property=\"og:image:height\" content=\"463\" \/>\n\t<meta property=\"og:image:type\" content=\"image\/webp\" \/>\n<meta name=\"author\" content=\"Andr\u00e9 Serra\" \/>\n<meta name=\"twitter:card\" content=\"summary_large_image\" \/>\n<meta name=\"twitter:label1\" content=\"Escrito por\" \/>\n\t<meta name=\"twitter:data1\" content=\"Andr\u00e9 Serra\" \/>\n\t<meta name=\"twitter:label2\" content=\"Est. tempo de leitura\" \/>\n\t<meta name=\"twitter:data2\" content=\"3 minutos\" \/>\n<script type=\"application\/ld+json\" class=\"yoast-schema-graph\">{\"@context\":\"https:\/\/schema.org\",\"@graph\":[{\"@type\":\"NewsArticle\",\"@id\":\"https:\/\/www.gaveanews.com\/index.php\/2025\/03\/29\/bahia-a-declaracao-de-rmp-sobre-o-trabalho-de-rogerio-ceni\/#article\",\"isPartOf\":{\"@id\":\"https:\/\/www.gaveanews.com\/index.php\/2025\/03\/29\/bahia-a-declaracao-de-rmp-sobre-o-trabalho-de-rogerio-ceni\/\"},\"author\":{\"name\":\"Andr\u00e9 Serra\",\"@id\":\"https:\/\/www.gaveanews.com\/#\/schema\/person\/0277a79a1289c451c281ec0411d84f0c\"},\"headline\":\"Bahia: a declara\u00e7\u00e3o de RMP sobre o trabalho de Rog\u00e9rio Ceni\",\"datePublished\":\"2025-03-29T19:55:00+00:00\",\"mainEntityOfPage\":{\"@id\":\"https:\/\/www.gaveanews.com\/index.php\/2025\/03\/29\/bahia-a-declaracao-de-rmp-sobre-o-trabalho-de-rogerio-ceni\/\"},\"wordCount\":405,\"commentCount\":0,\"image\":{\"@id\":\"https:\/\/www.gaveanews.com\/index.php\/2025\/03\/29\/bahia-a-declaracao-de-rmp-sobre-o-trabalho-de-rogerio-ceni\/#primaryimage\"},\"thumbnailUrl\":\"https:\/\/www.gaveanews.com\/wp-content\/uploads\/Rogerio-Ceni-tecnico-do-Bahia-em-entrevista-coletiva-apos-o-classico-contra-o-Vitoria.webp\",\"articleSection\":[\"Bahia\"],\"inLanguage\":\"pt-BR\",\"potentialAction\":[{\"@type\":\"CommentAction\",\"name\":\"Comment\",\"target\":[\"https:\/\/www.gaveanews.com\/index.php\/2025\/03\/29\/bahia-a-declaracao-de-rmp-sobre-o-trabalho-de-rogerio-ceni\/#respond\"]}],\"copyrightYear\":\"2025\",\"copyrightHolder\":{\"@id\":\"https:\/\/www.gaveanews.com\/#organization\"}},{\"@type\":\"WebPage\",\"@id\":\"https:\/\/www.gaveanews.com\/index.php\/2025\/03\/29\/bahia-a-declaracao-de-rmp-sobre-o-trabalho-de-rogerio-ceni\/\",\"url\":\"https:\/\/www.gaveanews.com\/index.php\/2025\/03\/29\/bahia-a-declaracao-de-rmp-sobre-o-trabalho-de-rogerio-ceni\/\",\"name\":\"Bahia: a declara\u00e7\u00e3o de RMP sobre o trabalho de Rog\u00e9rio Ceni\",\"isPartOf\":{\"@id\":\"https:\/\/www.gaveanews.com\/#website\"},\"primaryImageOfPage\":{\"@id\":\"https:\/\/www.gaveanews.com\/index.php\/2025\/03\/29\/bahia-a-declaracao-de-rmp-sobre-o-trabalho-de-rogerio-ceni\/#primaryimage\"},\"image\":{\"@id\":\"https:\/\/www.gaveanews.com\/index.php\/2025\/03\/29\/bahia-a-declaracao-de-rmp-sobre-o-trabalho-de-rogerio-ceni\/#primaryimage\"},\"thumbnailUrl\":\"https:\/\/www.gaveanews.com\/wp-content\/uploads\/Rogerio-Ceni-tecnico-do-Bahia-em-entrevista-coletiva-apos-o-classico-contra-o-Vitoria.webp\",\"datePublished\":\"2025-03-29T19:55:00+00:00\",\"author\":{\"@id\":\"https:\/\/www.gaveanews.com\/#\/schema\/person\/0277a79a1289c451c281ec0411d84f0c\"},\"breadcrumb\":{\"@id\":\"https:\/\/www.gaveanews.com\/index.php\/2025\/03\/29\/bahia-a-declaracao-de-rmp-sobre-o-trabalho-de-rogerio-ceni\/#breadcrumb\"},\"inLanguage\":\"pt-BR\",\"potentialAction\":[{\"@type\":\"ReadAction\",\"target\":[\"https:\/\/www.gaveanews.com\/index.php\/2025\/03\/29\/bahia-a-declaracao-de-rmp-sobre-o-trabalho-de-rogerio-ceni\/\"]}]},{\"@type\":\"ImageObject\",\"inLanguage\":\"pt-BR\",\"@id\":\"https:\/\/www.gaveanews.com\/index.php\/2025\/03\/29\/bahia-a-declaracao-de-rmp-sobre-o-trabalho-de-rogerio-ceni\/#primaryimage\",\"url\":\"https:\/\/www.gaveanews.com\/wp-content\/uploads\/Rogerio-Ceni-tecnico-do-Bahia-em-entrevista-coletiva-apos-o-classico-contra-o-Vitoria.webp\",\"contentUrl\":\"https:\/\/www.gaveanews.com\/wp-content\/uploads\/Rogerio-Ceni-tecnico-do-Bahia-em-entrevista-coletiva-apos-o-classico-contra-o-Vitoria.webp\",\"width\":874,\"height\":463,\"caption\":\"Rog\u00e9rio Ceni - Foto: Let\u00edcia Martins \/ EC Bahia\"},{\"@type\":\"BreadcrumbList\",\"@id\":\"https:\/\/www.gaveanews.com\/index.php\/2025\/03\/29\/bahia-a-declaracao-de-rmp-sobre-o-trabalho-de-rogerio-ceni\/#breadcrumb\",\"itemListElement\":[{\"@type\":\"ListItem\",\"position\":1,\"name\":\"Home\",\"item\":\"https:\/\/www.gaveanews.com\/\"},{\"@type\":\"ListItem\",\"position\":2,\"name\":\"Bahia: a declara\u00e7\u00e3o de RMP sobre o trabalho de Rog\u00e9rio Ceni\"}]},{\"@type\":\"WebSite\",\"@id\":\"https:\/\/www.gaveanews.com\/#website\",\"url\":\"https:\/\/www.gaveanews.com\/\",\"name\":\"G\u00e1vea News\",\"description\":\"Veja todas as not\u00edcias sobre o Flamengo: Contrata\u00e7\u00f5es, categorias de base, resultados das partidas, tabela de classifica\u00e7\u00e3o, pr\u00f3ximos jogos!\",\"potentialAction\":[{\"@type\":\"SearchAction\",\"target\":{\"@type\":\"EntryPoint\",\"urlTemplate\":\"https:\/\/www.gaveanews.com\/?s={search_term_string}\"},\"query-input\":{\"@type\":\"PropertyValueSpecification\",\"valueRequired\":true,\"valueName\":\"search_term_string\"}}],\"inLanguage\":\"pt-BR\"},{\"@type\":\"Person\",\"@id\":\"https:\/\/www.gaveanews.com\/#\/schema\/person\/0277a79a1289c451c281ec0411d84f0c\",\"name\":\"Andr\u00e9 Serra\",\"image\":{\"@type\":\"ImageObject\",\"inLanguage\":\"pt-BR\",\"@id\":\"https:\/\/www.gaveanews.com\/#\/schema\/person\/image\/\",\"url\":\"https:\/\/secure.gravatar.com\/avatar\/d7231369fe48db93292b3e88eb2162dbd9a34a47a8437d9ef3bcaca2a86a83d7?s=96&d=mm&r=g\",\"contentUrl\":\"https:\/\/secure.gravatar.com\/avatar\/d7231369fe48db93292b3e88eb2162dbd9a34a47a8437d9ef3bcaca2a86a83d7?s=96&d=mm&r=g\",\"caption\":\"Andr\u00e9 Serra\"}}]}<\/script>\n<!-- \/ Yoast SEO Premium plugin. -->","yoast_head_json":{"title":"Bahia: a declara\u00e7\u00e3o de RMP sobre o trabalho de Rog\u00e9rio Ceni","robots":{"index":"index","follow":"follow","max-snippet":"max-snippet:-1","max-image-preview":"max-image-preview:large","max-video-preview":"max-video-preview:-1"},"canonical":"https:\/\/www.gaveanews.com\/index.php\/2025\/03\/29\/bahia-a-declaracao-de-rmp-sobre-o-trabalho-de-rogerio-ceni\/","og_locale":"pt_BR","og_type":"article","og_title":"Bahia: a declara\u00e7\u00e3o de RMP sobre o trabalho de Rog\u00e9rio Ceni","og_description":"&#8220;N\u00e3o acredito que&#8230;&#8221; No \u00faltimo final de semana, o Bahia superou o Vit\u00f3ria e se sagrou campe\u00e3o do Campeonato Baiano pela 51\u00b0 vez na hist\u00f3ria. Esse inclusive, foi o primeiro t\u00edtulo do t\u00e9cnico Rog\u00e9rio Ceni no comando do Tricolor de A\u00e7o. RMP analisou o trabalho de Ceni e comentou sobre o 2025 do clube baiano. [&hellip;]","og_url":"https:\/\/www.gaveanews.com\/index.php\/2025\/03\/29\/bahia-a-declaracao-de-rmp-sobre-o-trabalho-de-rogerio-ceni\/","og_site_name":"G\u00e1vea News","article_publisher":"https:\/\/facebook.com\/gaveaNews\/","article_published_time":"2025-03-29T19:55:00+00:00","og_image":[{"width":874,"height":463,"url":"https:\/\/www.gaveanews.com\/wp-content\/uploads\/Rogerio-Ceni-tecnico-do-Bahia-em-entrevista-coletiva-apos-o-classico-contra-o-Vitoria.webp","type":"image\/webp"}],"author":"Andr\u00e9 Serra","twitter_card":"summary_large_image","twitter_misc":{"Escrito por":"Andr\u00e9 Serra","Est. tempo de leitura":"3 minutos"},"schema":{"@context":"https:\/\/schema.org","@graph":[{"@type":"NewsArticle","@id":"https:\/\/www.gaveanews.com\/index.php\/2025\/03\/29\/bahia-a-declaracao-de-rmp-sobre-o-trabalho-de-rogerio-ceni\/#article","isPartOf":{"@id":"https:\/\/www.gaveanews.com\/index.php\/2025\/03\/29\/bahia-a-declaracao-de-rmp-sobre-o-trabalho-de-rogerio-ceni\/"},"author":{"name":"Andr\u00e9 Serra","@id":"https:\/\/www.gaveanews.com\/#\/schema\/person\/0277a79a1289c451c281ec0411d84f0c"},"headline":"Bahia: a declara\u00e7\u00e3o de RMP sobre o trabalho de Rog\u00e9rio Ceni","datePublished":"2025-03-29T19:55:00+00:00","mainEntityOfPage":{"@id":"https:\/\/www.gaveanews.com\/index.php\/2025\/03\/29\/bahia-a-declaracao-de-rmp-sobre-o-trabalho-de-rogerio-ceni\/"},"wordCount":405,"commentCount":0,"image":{"@id":"https:\/\/www.gaveanews.com\/index.php\/2025\/03\/29\/bahia-a-declaracao-de-rmp-sobre-o-trabalho-de-rogerio-ceni\/#primaryimage"},"thumbnailUrl":"https:\/\/www.gaveanews.com\/wp-content\/uploads\/Rogerio-Ceni-tecnico-do-Bahia-em-entrevista-coletiva-apos-o-classico-contra-o-Vitoria.webp","articleSection":["Bahia"],"inLanguage":"pt-BR","potentialAction":[{"@type":"CommentAction","name":"Comment","target":["https:\/\/www.gaveanews.com\/index.php\/2025\/03\/29\/bahia-a-declaracao-de-rmp-sobre-o-trabalho-de-rogerio-ceni\/#respond"]}],"copyrightYear":"2025","copyrightHolder":{"@id":"https:\/\/www.gaveanews.com\/#organization"}},{"@type":"WebPage","@id":"https:\/\/www.gaveanews.com\/index.php\/2025\/03\/29\/bahia-a-declaracao-de-rmp-sobre-o-trabalho-de-rogerio-ceni\/","url":"https:\/\/www.gaveanews.com\/index.php\/2025\/03\/29\/bahia-a-declaracao-de-rmp-sobre-o-trabalho-de-rogerio-ceni\/","name":"Bahia: a declara\u00e7\u00e3o de RMP sobre o trabalho de Rog\u00e9rio Ceni","isPartOf":{"@id":"https:\/\/www.gaveanews.com\/#website"},"primaryImageOfPage":{"@id":"https:\/\/www.gaveanews.com\/index.php\/2025\/03\/29\/bahia-a-declaracao-de-rmp-sobre-o-trabalho-de-rogerio-ceni\/#primaryimage"},"image":{"@id":"https:\/\/www.gaveanews.com\/index.php\/2025\/03\/29\/bahia-a-declaracao-de-rmp-sobre-o-trabalho-de-rogerio-ceni\/#primaryimage"},"thumbnailUrl":"https:\/\/www.gaveanews.com\/wp-content\/uploads\/Rogerio-Ceni-tecnico-do-Bahia-em-entrevista-coletiva-apos-o-classico-contra-o-Vitoria.webp","datePublished":"2025-03-29T19:55:00+00:00","author":{"@id":"https:\/\/www.gaveanews.com\/#\/schema\/person\/0277a79a1289c451c281ec0411d84f0c"},"breadcrumb":{"@id":"https:\/\/www.gaveanews.com\/index.php\/2025\/03\/29\/bahia-a-declaracao-de-rmp-sobre-o-trabalho-de-rogerio-ceni\/#breadcrumb"},"inLanguage":"pt-BR","potentialAction":[{"@type":"ReadAction","target":["https:\/\/www.gaveanews.com\/index.php\/2025\/03\/29\/bahia-a-declaracao-de-rmp-sobre-o-trabalho-de-rogerio-ceni\/"]}]},{"@type":"ImageObject","inLanguage":"pt-BR","@id":"https:\/\/www.gaveanews.com\/index.php\/2025\/03\/29\/bahia-a-declaracao-de-rmp-sobre-o-trabalho-de-rogerio-ceni\/#primaryimage","url":"https:\/\/www.gaveanews.com\/wp-content\/uploads\/Rogerio-Ceni-tecnico-do-Bahia-em-entrevista-coletiva-apos-o-classico-contra-o-Vitoria.webp","contentUrl":"https:\/\/www.gaveanews.com\/wp-content\/uploads\/Rogerio-Ceni-tecnico-do-Bahia-em-entrevista-coletiva-apos-o-classico-contra-o-Vitoria.webp","width":874,"height":463,"caption":"Rog\u00e9rio Ceni - Foto: Let\u00edcia Martins \/ EC Bahia"},{"@type":"BreadcrumbList","@id":"https:\/\/www.gaveanews.com\/index.php\/2025\/03\/29\/bahia-a-declaracao-de-rmp-sobre-o-trabalho-de-rogerio-ceni\/#breadcrumb","itemListElement":[{"@type":"ListItem","position":1,"name":"Home","item":"https:\/\/www.gaveanews.com\/"},{"@type":"ListItem","position":2,"name":"Bahia: a declara\u00e7\u00e3o de RMP sobre o trabalho de Rog\u00e9rio Ceni"}]},{"@type":"WebSite","@id":"https:\/\/www.gaveanews.com\/#website","url":"https:\/\/www.gaveanews.com\/","name":"G\u00e1vea News","description":"Veja todas as not\u00edcias sobre o Flamengo: Contrata\u00e7\u00f5es, categorias de base, resultados das partidas, tabela de classifica\u00e7\u00e3o, pr\u00f3ximos jogos!","potentialAction":[{"@type":"SearchAction","target":{"@type":"EntryPoint","urlTemplate":"https:\/\/www.gaveanews.com\/?s={search_term_string}"},"query-input":{"@type":"PropertyValueSpecification","valueRequired":true,"valueName":"search_term_string"}}],"inLanguage":"pt-BR"},{"@type":"Person","@id":"https:\/\/www.gaveanews.com\/#\/schema\/person\/0277a79a1289c451c281ec0411d84f0c","name":"Andr\u00e9 Serra","image":{"@type":"ImageObject","inLanguage":"pt-BR","@id":"https:\/\/www.gaveanews.com\/#\/schema\/person\/image\/","url":"https:\/\/secure.gravatar.com\/avatar\/d7231369fe48db93292b3e88eb2162dbd9a34a47a8437d9ef3bcaca2a86a83d7?s=96&d=mm&r=g","contentUrl":"https:\/\/secure.gravatar.com\/avatar\/d7231369fe48db93292b3e88eb2162dbd9a34a47a8437d9ef3bcaca2a86a83d7?s=96&d=mm&r=g","caption":"Andr\u00e9 Serra"}}]}},"_links":{"self":[{"href":"https:\/\/www.gaveanews.com\/index.php\/wp-json\/wp\/v2\/posts\/246421","targetHints":{"allow":["GET"]}}],"collection":[{"href":"https:\/\/www.gaveanews.com\/index.php\/wp-json\/wp\/v2\/posts"}],"about":[{"href":"https:\/\/www.gaveanews.com\/index.php\/wp-json\/wp\/v2\/types\/post"}],"author":[{"embeddable":true,"href":"https:\/\/www.gaveanews.com\/index.php\/wp-json\/wp\/v2\/users\/21"}],"replies":[{"embeddable":true,"href":"https:\/\/www.gaveanews.com\/index.php\/wp-json\/wp\/v2\/comments?post=246421"}],"version-history":[{"count":1,"href":"https:\/\/www.gaveanews.com\/index.php\/wp-json\/wp\/v2\/posts\/246421\/revisions"}],"predecessor-version":[{"id":246427,"href":"https:\/\/www.gaveanews.com\/index.php\/wp-json\/wp\/v2\/posts\/246421\/revisions\/246427"}],"wp:featuredmedia":[{"embeddable":true,"href":"https:\/\/www.gaveanews.com\/index.php\/wp-json\/wp\/v2\/media\/148504"}],"wp:attachment":[{"href":"https:\/\/www.gaveanews.com\/index.php\/wp-json\/wp\/v2\/media?parent=246421"}],"wp:term":[{"taxonomy":"category","embeddable":true,"href":"https:\/\/www.gaveanews.com\/index.php\/wp-json\/wp\/v2\/categories?post=246421"},{"taxonomy":"post_tag","embeddable":true,"href":"https:\/\/www.gaveanews.com\/index.php\/wp-json\/wp\/v2\/tags?post=246421"}],"curies":[{"name":"wp","href":"https:\/\/api.w.org\/{rel}","templated":true}]}}