{"id":246423,"date":"2025-03-29T15:35:00","date_gmt":"2025-03-29T18:35:00","guid":{"rendered":"https:\/\/www.gaveanews.com\/?p=246423"},"modified":"2025-03-29T14:48:12","modified_gmt":"2025-03-29T17:48:12","slug":"vasco-x-santos-a-escalacao-escolhida-por-pedro-caixinha","status":"publish","type":"post","link":"https:\/\/www.gaveanews.com\/index.php\/2025\/03\/29\/vasco-x-santos-a-escalacao-escolhida-por-pedro-caixinha\/","title":{"rendered":"Vasco x Santos: a escala\u00e7\u00e3o escolhida por Pedro Caixinha"},"content":{"rendered":"\n<p>Vasco e Santos se enfrentam neste domingo (30 de mar\u00e7o), \u00e0s 18h30 (hor\u00e1rio de Bras\u00edlia), em S\u00e3o Janu\u00e1rio, na abertura do Campeonato Brasileiro de 2025. A partida marca o reencontro do time santista com a S\u00e9rie A, ap\u00f3s conquistar o t\u00edtulo da \u00faltima edi\u00e7\u00e3o da S\u00e9rie B. J\u00e1 o Cruzmaltino busca iniciar a competi\u00e7\u00e3o com mais seguran\u00e7a, diferente do ano anterior, quando chegou a frequentar a zona de rebaixamento nas rodadas iniciais.<\/p>\n\n\n\n<p>No Santos, a aus\u00eancia de Neymar continua sendo sentida. Conforme o clube, o jogador ainda est\u00e1 em processo de recupera\u00e7\u00e3o de uma les\u00e3o na coxa esquerda e realiza exerc\u00edcios f\u00edsicos no CT Rei Pel\u00e9. Similarmente, Yeferson Soteldo tamb\u00e9m ser\u00e1 desfalque. O camisa 7 apresentou desgaste f\u00edsico ap\u00f3s retornar da sele\u00e7\u00e3o venezuelana e foi poupado por precau\u00e7\u00e3o. &#8220;\u00c9 importante priorizar a recupera\u00e7\u00e3o total para n\u00e3o comprometer a sequ\u00eancia da temporada&#8221;, comunicou o clube.<\/p>\n\n\n\n<p>Com a aus\u00eancia de Soteldo, o argentino Benjam\u00edn Rollheiser deve ganhar a primeira oportunidade como titular em uma partida oficial pelo Santos. Ele j\u00e1 havia sido testado durante o amistoso contra o Coritiba, quando atuou durante 45 minutos. Dessa maneira, a prov\u00e1vel escala\u00e7\u00e3o do Santos conta com: <strong>Gabriel Braz\u00e3o; JP Chermont, Gil, Z\u00e9 Ivaldo e Escobar; Jo\u00e3o Schmidt, Gabriel Bontempo e Barreal; Rollheiser, Guilherme e Tiquinho Soares.<\/strong><\/p>\n\n\n\n<p>O time comandado por F\u00e1bio Carille contar\u00e1 com refor\u00e7os importantes. Philippe Coutinho est\u00e1 de volta ap\u00f3s se recuperar de uma les\u00e3o muscular e ser\u00e1 o principal nome da equipe. Al\u00e9m dele, Adson e Tch\u00ea Tch\u00ea tamb\u00e9m retornam ap\u00f3s per\u00edodo fora por quest\u00f5es f\u00edsicas. \u201cTer esses jogadores novamente \u00e0 disposi\u00e7\u00e3o \u00e9 fundamental para manter o n\u00edvel competitivo\u201d, afirmou o treinador. Por outro lado, David e Estrella seguem fora, ainda no departamento m\u00e9dico.<\/p>\n\n\n\n<p>Ali\u00e1s, o Vasco ter\u00e1 novidades na forma\u00e7\u00e3o titular. O zagueiro Mauricio Lemos e o meia-atacante Benjam\u00edn Garr\u00e9 devem fazer suas estreias desde o in\u00edcio. Assim, a escala\u00e7\u00e3o prov\u00e1vel do time da casa conta com: <strong>L\u00e9o Jardim; Paulo Henrique, Jo\u00e3o Victor, Mauricio Lemos e Lucas Piton; Hugo Moura, Paulinho e Coutinho; Nuno Moreira, Vegetti e Garr\u00e9.<\/strong><\/p>\n\n\n\n<p>A arbitragem do confronto ficar\u00e1 a cargo de Rafael Rodrigo Klein, auxiliado por Rafael da Silva Alves e Michael Stanislau. No VAR, a responsabilidade ser\u00e1 de Rafael Traci. O duelo ser\u00e1 transmitido ao vivo pela Record (TV aberta), Caz\u00e9TV (YouTube) e Premiere (pay-per-view).<\/p>\n","protected":false},"excerpt":{"rendered":"<p>Vasco e Santos se enfrentam neste domingo (30 de mar\u00e7o), \u00e0s 18h30 (hor\u00e1rio de Bras\u00edlia), em S\u00e3o Janu\u00e1rio, na abertura do Campeonato Brasileiro de 2025. A partida marca o reencontro do time santista com a S\u00e9rie A, ap\u00f3s conquistar o t\u00edtulo da \u00faltima edi\u00e7\u00e3o da S\u00e9rie B. J\u00e1 o Cruzmaltino busca iniciar a competi\u00e7\u00e3o com [&hellip;]<\/p>\n","protected":false},"author":18,"featured_media":227143,"comment_status":"open","ping_status":"closed","sticky":false,"template":"","format":"standard","meta":{"footnotes":""},"categories":[139,152],"tags":[],"class_list":["post-246423","post","type-post","status-publish","format-standard","has-post-thumbnail","hentry","category-santos","category-vasco"],"yoast_head":"<!-- This site is optimized with the Yoast SEO Premium plugin v24.2 (Yoast SEO v26.9) - https:\/\/yoast.com\/product\/yoast-seo-premium-wordpress\/ -->\n<title>Vasco x Santos: a escala\u00e7\u00e3o escolhida por Pedro Caixinha<\/title>\n<meta name=\"robots\" content=\"index, follow, max-snippet:-1, max-image-preview:large, max-video-preview:-1\" \/>\n<link rel=\"canonical\" href=\"https:\/\/www.gaveanews.com\/index.php\/2025\/03\/29\/vasco-x-santos-a-escalacao-escolhida-por-pedro-caixinha\/\" \/>\n<meta property=\"og:locale\" content=\"pt_BR\" \/>\n<meta property=\"og:type\" content=\"article\" \/>\n<meta property=\"og:title\" content=\"Vasco x Santos: a escala\u00e7\u00e3o escolhida por Pedro Caixinha\" \/>\n<meta property=\"og:description\" content=\"Vasco e Santos se enfrentam neste domingo (30 de mar\u00e7o), \u00e0s 18h30 (hor\u00e1rio de Bras\u00edlia), em S\u00e3o Janu\u00e1rio, na abertura do Campeonato Brasileiro de 2025. A partida marca o reencontro do time santista com a S\u00e9rie A, ap\u00f3s conquistar o t\u00edtulo da \u00faltima edi\u00e7\u00e3o da S\u00e9rie B. J\u00e1 o Cruzmaltino busca iniciar a competi\u00e7\u00e3o com [&hellip;]\" \/>\n<meta property=\"og:url\" content=\"https:\/\/www.gaveanews.com\/index.php\/2025\/03\/29\/vasco-x-santos-a-escalacao-escolhida-por-pedro-caixinha\/\" \/>\n<meta property=\"og:site_name\" content=\"G\u00e1vea News\" \/>\n<meta property=\"article:publisher\" content=\"https:\/\/facebook.com\/gaveaNews\/\" \/>\n<meta property=\"article:published_time\" content=\"2025-03-29T18:35:00+00:00\" \/>\n<meta property=\"og:image\" content=\"https:\/\/www.gaveanews.com\/wp-content\/uploads\/Caixinha-em-treino-do-Santos.webp\" \/>\n\t<meta property=\"og:image:width\" content=\"472\" \/>\n\t<meta property=\"og:image:height\" content=\"503\" \/>\n\t<meta property=\"og:image:type\" content=\"image\/jpeg\" \/>\n<meta name=\"author\" content=\"Paula Silva\" \/>\n<meta name=\"twitter:card\" content=\"summary_large_image\" \/>\n<meta name=\"twitter:label1\" content=\"Escrito por\" \/>\n\t<meta name=\"twitter:data1\" content=\"Paula Silva\" \/>\n\t<meta name=\"twitter:label2\" content=\"Est. tempo de leitura\" \/>\n\t<meta name=\"twitter:data2\" content=\"3 minutos\" \/>\n<script type=\"application\/ld+json\" class=\"yoast-schema-graph\">{\"@context\":\"https:\/\/schema.org\",\"@graph\":[{\"@type\":\"NewsArticle\",\"@id\":\"https:\/\/www.gaveanews.com\/index.php\/2025\/03\/29\/vasco-x-santos-a-escalacao-escolhida-por-pedro-caixinha\/#article\",\"isPartOf\":{\"@id\":\"https:\/\/www.gaveanews.com\/index.php\/2025\/03\/29\/vasco-x-santos-a-escalacao-escolhida-por-pedro-caixinha\/\"},\"author\":{\"name\":\"Paula Silva\",\"@id\":\"https:\/\/www.gaveanews.com\/#\/schema\/person\/daf63eec72e1164eb13dc35096c2b8da\"},\"headline\":\"Vasco x Santos: a escala\u00e7\u00e3o escolhida por Pedro Caixinha\",\"datePublished\":\"2025-03-29T18:35:00+00:00\",\"mainEntityOfPage\":{\"@id\":\"https:\/\/www.gaveanews.com\/index.php\/2025\/03\/29\/vasco-x-santos-a-escalacao-escolhida-por-pedro-caixinha\/\"},\"wordCount\":436,\"commentCount\":0,\"image\":{\"@id\":\"https:\/\/www.gaveanews.com\/index.php\/2025\/03\/29\/vasco-x-santos-a-escalacao-escolhida-por-pedro-caixinha\/#primaryimage\"},\"thumbnailUrl\":\"https:\/\/www.gaveanews.com\/wp-content\/uploads\/Caixinha-em-treino-do-Santos.webp\",\"articleSection\":[\"Santos\",\"Vasco\"],\"inLanguage\":\"pt-BR\",\"potentialAction\":[{\"@type\":\"CommentAction\",\"name\":\"Comment\",\"target\":[\"https:\/\/www.gaveanews.com\/index.php\/2025\/03\/29\/vasco-x-santos-a-escalacao-escolhida-por-pedro-caixinha\/#respond\"]}],\"copyrightYear\":\"2025\",\"copyrightHolder\":{\"@id\":\"https:\/\/www.gaveanews.com\/#organization\"}},{\"@type\":\"WebPage\",\"@id\":\"https:\/\/www.gaveanews.com\/index.php\/2025\/03\/29\/vasco-x-santos-a-escalacao-escolhida-por-pedro-caixinha\/\",\"url\":\"https:\/\/www.gaveanews.com\/index.php\/2025\/03\/29\/vasco-x-santos-a-escalacao-escolhida-por-pedro-caixinha\/\",\"name\":\"Vasco x Santos: a escala\u00e7\u00e3o escolhida por Pedro Caixinha\",\"isPartOf\":{\"@id\":\"https:\/\/www.gaveanews.com\/#website\"},\"primaryImageOfPage\":{\"@id\":\"https:\/\/www.gaveanews.com\/index.php\/2025\/03\/29\/vasco-x-santos-a-escalacao-escolhida-por-pedro-caixinha\/#primaryimage\"},\"image\":{\"@id\":\"https:\/\/www.gaveanews.com\/index.php\/2025\/03\/29\/vasco-x-santos-a-escalacao-escolhida-por-pedro-caixinha\/#primaryimage\"},\"thumbnailUrl\":\"https:\/\/www.gaveanews.com\/wp-content\/uploads\/Caixinha-em-treino-do-Santos.webp\",\"datePublished\":\"2025-03-29T18:35:00+00:00\",\"author\":{\"@id\":\"https:\/\/www.gaveanews.com\/#\/schema\/person\/daf63eec72e1164eb13dc35096c2b8da\"},\"breadcrumb\":{\"@id\":\"https:\/\/www.gaveanews.com\/index.php\/2025\/03\/29\/vasco-x-santos-a-escalacao-escolhida-por-pedro-caixinha\/#breadcrumb\"},\"inLanguage\":\"pt-BR\",\"potentialAction\":[{\"@type\":\"ReadAction\",\"target\":[\"https:\/\/www.gaveanews.com\/index.php\/2025\/03\/29\/vasco-x-santos-a-escalacao-escolhida-por-pedro-caixinha\/\"]}]},{\"@type\":\"ImageObject\",\"inLanguage\":\"pt-BR\",\"@id\":\"https:\/\/www.gaveanews.com\/index.php\/2025\/03\/29\/vasco-x-santos-a-escalacao-escolhida-por-pedro-caixinha\/#primaryimage\",\"url\":\"https:\/\/www.gaveanews.com\/wp-content\/uploads\/Caixinha-em-treino-do-Santos.webp\",\"contentUrl\":\"https:\/\/www.gaveanews.com\/wp-content\/uploads\/Caixinha-em-treino-do-Santos.webp\",\"width\":472,\"height\":503,\"caption\":\"Caixinha em treino do Santos (Foto: Divulga\u00e7\u00e3o\/Santos)\"},{\"@type\":\"BreadcrumbList\",\"@id\":\"https:\/\/www.gaveanews.com\/index.php\/2025\/03\/29\/vasco-x-santos-a-escalacao-escolhida-por-pedro-caixinha\/#breadcrumb\",\"itemListElement\":[{\"@type\":\"ListItem\",\"position\":1,\"name\":\"Home\",\"item\":\"https:\/\/www.gaveanews.com\/\"},{\"@type\":\"ListItem\",\"position\":2,\"name\":\"Vasco x Santos: a escala\u00e7\u00e3o escolhida por Pedro Caixinha\"}]},{\"@type\":\"WebSite\",\"@id\":\"https:\/\/www.gaveanews.com\/#website\",\"url\":\"https:\/\/www.gaveanews.com\/\",\"name\":\"G\u00e1vea News\",\"description\":\"Veja todas as not\u00edcias sobre o Flamengo: Contrata\u00e7\u00f5es, categorias de base, resultados das partidas, tabela de classifica\u00e7\u00e3o, pr\u00f3ximos jogos!\",\"potentialAction\":[{\"@type\":\"SearchAction\",\"target\":{\"@type\":\"EntryPoint\",\"urlTemplate\":\"https:\/\/www.gaveanews.com\/?s={search_term_string}\"},\"query-input\":{\"@type\":\"PropertyValueSpecification\",\"valueRequired\":true,\"valueName\":\"search_term_string\"}}],\"inLanguage\":\"pt-BR\"},{\"@type\":\"Person\",\"@id\":\"https:\/\/www.gaveanews.com\/#\/schema\/person\/daf63eec72e1164eb13dc35096c2b8da\",\"name\":\"Paula Silva\",\"image\":{\"@type\":\"ImageObject\",\"inLanguage\":\"pt-BR\",\"@id\":\"https:\/\/www.gaveanews.com\/#\/schema\/person\/image\/\",\"url\":\"https:\/\/secure.gravatar.com\/avatar\/eda381c845527cc5d64c13b901833cda29d97500ba040d3e6461f76f51d163bb?s=96&d=mm&r=g\",\"contentUrl\":\"https:\/\/secure.gravatar.com\/avatar\/eda381c845527cc5d64c13b901833cda29d97500ba040d3e6461f76f51d163bb?s=96&d=mm&r=g\",\"caption\":\"Paula Silva\"}}]}<\/script>\n<!-- \/ Yoast SEO Premium plugin. -->","yoast_head_json":{"title":"Vasco x Santos: a escala\u00e7\u00e3o escolhida por Pedro Caixinha","robots":{"index":"index","follow":"follow","max-snippet":"max-snippet:-1","max-image-preview":"max-image-preview:large","max-video-preview":"max-video-preview:-1"},"canonical":"https:\/\/www.gaveanews.com\/index.php\/2025\/03\/29\/vasco-x-santos-a-escalacao-escolhida-por-pedro-caixinha\/","og_locale":"pt_BR","og_type":"article","og_title":"Vasco x Santos: a escala\u00e7\u00e3o escolhida por Pedro Caixinha","og_description":"Vasco e Santos se enfrentam neste domingo (30 de mar\u00e7o), \u00e0s 18h30 (hor\u00e1rio de Bras\u00edlia), em S\u00e3o Janu\u00e1rio, na abertura do Campeonato Brasileiro de 2025. A partida marca o reencontro do time santista com a S\u00e9rie A, ap\u00f3s conquistar o t\u00edtulo da \u00faltima edi\u00e7\u00e3o da S\u00e9rie B. J\u00e1 o Cruzmaltino busca iniciar a competi\u00e7\u00e3o com [&hellip;]","og_url":"https:\/\/www.gaveanews.com\/index.php\/2025\/03\/29\/vasco-x-santos-a-escalacao-escolhida-por-pedro-caixinha\/","og_site_name":"G\u00e1vea News","article_publisher":"https:\/\/facebook.com\/gaveaNews\/","article_published_time":"2025-03-29T18:35:00+00:00","og_image":[{"width":472,"height":503,"url":"https:\/\/www.gaveanews.com\/wp-content\/uploads\/Caixinha-em-treino-do-Santos.webp","type":"image\/jpeg"}],"author":"Paula Silva","twitter_card":"summary_large_image","twitter_misc":{"Escrito por":"Paula Silva","Est. tempo de leitura":"3 minutos"},"schema":{"@context":"https:\/\/schema.org","@graph":[{"@type":"NewsArticle","@id":"https:\/\/www.gaveanews.com\/index.php\/2025\/03\/29\/vasco-x-santos-a-escalacao-escolhida-por-pedro-caixinha\/#article","isPartOf":{"@id":"https:\/\/www.gaveanews.com\/index.php\/2025\/03\/29\/vasco-x-santos-a-escalacao-escolhida-por-pedro-caixinha\/"},"author":{"name":"Paula Silva","@id":"https:\/\/www.gaveanews.com\/#\/schema\/person\/daf63eec72e1164eb13dc35096c2b8da"},"headline":"Vasco x Santos: a escala\u00e7\u00e3o escolhida por Pedro Caixinha","datePublished":"2025-03-29T18:35:00+00:00","mainEntityOfPage":{"@id":"https:\/\/www.gaveanews.com\/index.php\/2025\/03\/29\/vasco-x-santos-a-escalacao-escolhida-por-pedro-caixinha\/"},"wordCount":436,"commentCount":0,"image":{"@id":"https:\/\/www.gaveanews.com\/index.php\/2025\/03\/29\/vasco-x-santos-a-escalacao-escolhida-por-pedro-caixinha\/#primaryimage"},"thumbnailUrl":"https:\/\/www.gaveanews.com\/wp-content\/uploads\/Caixinha-em-treino-do-Santos.webp","articleSection":["Santos","Vasco"],"inLanguage":"pt-BR","potentialAction":[{"@type":"CommentAction","name":"Comment","target":["https:\/\/www.gaveanews.com\/index.php\/2025\/03\/29\/vasco-x-santos-a-escalacao-escolhida-por-pedro-caixinha\/#respond"]}],"copyrightYear":"2025","copyrightHolder":{"@id":"https:\/\/www.gaveanews.com\/#organization"}},{"@type":"WebPage","@id":"https:\/\/www.gaveanews.com\/index.php\/2025\/03\/29\/vasco-x-santos-a-escalacao-escolhida-por-pedro-caixinha\/","url":"https:\/\/www.gaveanews.com\/index.php\/2025\/03\/29\/vasco-x-santos-a-escalacao-escolhida-por-pedro-caixinha\/","name":"Vasco x Santos: a escala\u00e7\u00e3o escolhida por Pedro Caixinha","isPartOf":{"@id":"https:\/\/www.gaveanews.com\/#website"},"primaryImageOfPage":{"@id":"https:\/\/www.gaveanews.com\/index.php\/2025\/03\/29\/vasco-x-santos-a-escalacao-escolhida-por-pedro-caixinha\/#primaryimage"},"image":{"@id":"https:\/\/www.gaveanews.com\/index.php\/2025\/03\/29\/vasco-x-santos-a-escalacao-escolhida-por-pedro-caixinha\/#primaryimage"},"thumbnailUrl":"https:\/\/www.gaveanews.com\/wp-content\/uploads\/Caixinha-em-treino-do-Santos.webp","datePublished":"2025-03-29T18:35:00+00:00","author":{"@id":"https:\/\/www.gaveanews.com\/#\/schema\/person\/daf63eec72e1164eb13dc35096c2b8da"},"breadcrumb":{"@id":"https:\/\/www.gaveanews.com\/index.php\/2025\/03\/29\/vasco-x-santos-a-escalacao-escolhida-por-pedro-caixinha\/#breadcrumb"},"inLanguage":"pt-BR","potentialAction":[{"@type":"ReadAction","target":["https:\/\/www.gaveanews.com\/index.php\/2025\/03\/29\/vasco-x-santos-a-escalacao-escolhida-por-pedro-caixinha\/"]}]},{"@type":"ImageObject","inLanguage":"pt-BR","@id":"https:\/\/www.gaveanews.com\/index.php\/2025\/03\/29\/vasco-x-santos-a-escalacao-escolhida-por-pedro-caixinha\/#primaryimage","url":"https:\/\/www.gaveanews.com\/wp-content\/uploads\/Caixinha-em-treino-do-Santos.webp","contentUrl":"https:\/\/www.gaveanews.com\/wp-content\/uploads\/Caixinha-em-treino-do-Santos.webp","width":472,"height":503,"caption":"Caixinha em treino do Santos (Foto: Divulga\u00e7\u00e3o\/Santos)"},{"@type":"BreadcrumbList","@id":"https:\/\/www.gaveanews.com\/index.php\/2025\/03\/29\/vasco-x-santos-a-escalacao-escolhida-por-pedro-caixinha\/#breadcrumb","itemListElement":[{"@type":"ListItem","position":1,"name":"Home","item":"https:\/\/www.gaveanews.com\/"},{"@type":"ListItem","position":2,"name":"Vasco x Santos: a escala\u00e7\u00e3o escolhida por Pedro Caixinha"}]},{"@type":"WebSite","@id":"https:\/\/www.gaveanews.com\/#website","url":"https:\/\/www.gaveanews.com\/","name":"G\u00e1vea News","description":"Veja todas as not\u00edcias sobre o Flamengo: Contrata\u00e7\u00f5es, categorias de base, resultados das partidas, tabela de classifica\u00e7\u00e3o, pr\u00f3ximos jogos!","potentialAction":[{"@type":"SearchAction","target":{"@type":"EntryPoint","urlTemplate":"https:\/\/www.gaveanews.com\/?s={search_term_string}"},"query-input":{"@type":"PropertyValueSpecification","valueRequired":true,"valueName":"search_term_string"}}],"inLanguage":"pt-BR"},{"@type":"Person","@id":"https:\/\/www.gaveanews.com\/#\/schema\/person\/daf63eec72e1164eb13dc35096c2b8da","name":"Paula Silva","image":{"@type":"ImageObject","inLanguage":"pt-BR","@id":"https:\/\/www.gaveanews.com\/#\/schema\/person\/image\/","url":"https:\/\/secure.gravatar.com\/avatar\/eda381c845527cc5d64c13b901833cda29d97500ba040d3e6461f76f51d163bb?s=96&d=mm&r=g","contentUrl":"https:\/\/secure.gravatar.com\/avatar\/eda381c845527cc5d64c13b901833cda29d97500ba040d3e6461f76f51d163bb?s=96&d=mm&r=g","caption":"Paula Silva"}}]}},"_links":{"self":[{"href":"https:\/\/www.gaveanews.com\/index.php\/wp-json\/wp\/v2\/posts\/246423","targetHints":{"allow":["GET"]}}],"collection":[{"href":"https:\/\/www.gaveanews.com\/index.php\/wp-json\/wp\/v2\/posts"}],"about":[{"href":"https:\/\/www.gaveanews.com\/index.php\/wp-json\/wp\/v2\/types\/post"}],"author":[{"embeddable":true,"href":"https:\/\/www.gaveanews.com\/index.php\/wp-json\/wp\/v2\/users\/18"}],"replies":[{"embeddable":true,"href":"https:\/\/www.gaveanews.com\/index.php\/wp-json\/wp\/v2\/comments?post=246423"}],"version-history":[{"count":1,"href":"https:\/\/www.gaveanews.com\/index.php\/wp-json\/wp\/v2\/posts\/246423\/revisions"}],"predecessor-version":[{"id":246426,"href":"https:\/\/www.gaveanews.com\/index.php\/wp-json\/wp\/v2\/posts\/246423\/revisions\/246426"}],"wp:featuredmedia":[{"embeddable":true,"href":"https:\/\/www.gaveanews.com\/index.php\/wp-json\/wp\/v2\/media\/227143"}],"wp:attachment":[{"href":"https:\/\/www.gaveanews.com\/index.php\/wp-json\/wp\/v2\/media?parent=246423"}],"wp:term":[{"taxonomy":"category","embeddable":true,"href":"https:\/\/www.gaveanews.com\/index.php\/wp-json\/wp\/v2\/categories?post=246423"},{"taxonomy":"post_tag","embeddable":true,"href":"https:\/\/www.gaveanews.com\/index.php\/wp-json\/wp\/v2\/tags?post=246423"}],"curies":[{"name":"wp","href":"https:\/\/api.w.org\/{rel}","templated":true}]}}