{"id":246433,"date":"2025-03-29T17:05:00","date_gmt":"2025-03-29T20:05:00","guid":{"rendered":"https:\/\/www.gaveanews.com\/?p=246433"},"modified":"2025-03-29T15:12:06","modified_gmt":"2025-03-29T18:12:06","slug":"arrascaeta-preocupa-condicao-fisica-de-gerson-e-leo-ortiz-viraliza-as-ultimas-noticias-do-flamengo","status":"publish","type":"post","link":"https:\/\/www.gaveanews.com\/index.php\/2025\/03\/29\/arrascaeta-preocupa-condicao-fisica-de-gerson-e-leo-ortiz-viraliza-as-ultimas-noticias-do-flamengo\/","title":{"rendered":"Arrascaeta preocupa, condi\u00e7\u00e3o f\u00edsica de Gerson e L\u00e9o Ortiz viraliza: as \u00faltimas not\u00edcias do Flamengo"},"content":{"rendered":"\n<p>Nas \u00faltimas horas, o foco das not\u00edcias sobre o Flamengo se concentram nos bastidores do clube, com destaques do dia a dia do time.<\/p>\n\n\n\n<p>Por conta deste contexto, leia abaixo um resumo preparado pela equipe do portal G\u00e1vea News para lhe manter muito bem informado!<\/p>\n\n\n\n<div class=\"wp-block-group\"><div class=\"wp-block-group__inner-container is-layout-constrained wp-block-group-is-layout-constrained\">\n<h2 class=\"wp-block-heading\" id=\"h-leo-ortiz-viraliza\">L\u00e9o Ortiz viraliza<\/h2>\n\n\n\n<p>A goleada de 4 a 1 sofrida pela Sele\u00e7\u00e3o Brasileira diante da Argentina ganhou um novo cap\u00edtulo fora das quatro linhas. O zagueiro L\u00e9o Ortiz, do Flamengo, protagonizou uma discuss\u00e3o com o volante Enzo Fern\u00e1ndez, do Chelsea, durante o segundo tempo da partida. A provoca\u00e7\u00e3o feita pelo argentino, que usou express\u00f5es como \u201cTonto e Tontito\u201d, viralizou nas redes e acirrou ainda mais a rivalidade entre torcedores brasileiros e argentinos, especialmente com os flamenguistas, que j\u00e1 projetam uma revanche no Mundial de Clubes deste ano<strong><a href=\"https:\/\/www.gaveanews.com\/index.php\/2025\/03\/26\/video-leo-ortiz-do-flamengo-viraliza-apos-discutir-com-jogador-da-argentina\/\"> (leia a mat\u00e9ria completa).<\/a><\/strong><\/p>\n\n\n\n<figure class=\"wp-block-image size-large\"><img loading=\"lazy\" decoding=\"async\" width=\"1024\" height=\"643\" src=\"http:\/\/www.gaveanews.com\/wp-content\/uploads\/Leo-Ortiz-em-coletiva-de-apresentacao-no-Flamengo-1024x643.webp\" alt=\"\" class=\"wp-image-130723\" srcset=\"https:\/\/www.gaveanews.com\/wp-content\/uploads\/Leo-Ortiz-em-coletiva-de-apresentacao-no-Flamengo-1024x643.webp 1024w, https:\/\/www.gaveanews.com\/wp-content\/uploads\/Leo-Ortiz-em-coletiva-de-apresentacao-no-Flamengo-300x188.webp 300w, https:\/\/www.gaveanews.com\/wp-content\/uploads\/Leo-Ortiz-em-coletiva-de-apresentacao-no-Flamengo-768x482.webp 768w, https:\/\/www.gaveanews.com\/wp-content\/uploads\/Leo-Ortiz-em-coletiva-de-apresentacao-no-Flamengo-669x420.webp 669w, https:\/\/www.gaveanews.com\/wp-content\/uploads\/Leo-Ortiz-em-coletiva-de-apresentacao-no-Flamengo-1338x840.webp 1338w, https:\/\/www.gaveanews.com\/wp-content\/uploads\/Leo-Ortiz-em-coletiva-de-apresentacao-no-Flamengo-640x402.webp 640w, https:\/\/www.gaveanews.com\/wp-content\/uploads\/Leo-Ortiz-em-coletiva-de-apresentacao-no-Flamengo-1280x803.webp 1280w, https:\/\/www.gaveanews.com\/wp-content\/uploads\/Leo-Ortiz-em-coletiva-de-apresentacao-no-Flamengo-681x427.webp 681w, https:\/\/www.gaveanews.com\/wp-content\/uploads\/Leo-Ortiz-em-coletiva-de-apresentacao-no-Flamengo-1362x855.webp 1362w, https:\/\/www.gaveanews.com\/wp-content\/uploads\/Leo-Ortiz-em-coletiva-de-apresentacao-no-Flamengo-100x63.webp 100w, https:\/\/www.gaveanews.com\/wp-content\/uploads\/Leo-Ortiz-em-coletiva-de-apresentacao-no-Flamengo.webp 1480w\" sizes=\"auto, (max-width: 1024px) 100vw, 1024px\" \/><figcaption class=\"wp-element-caption\">Leo Ortiz em coletiva de apresenta\u00e7\u00e3o no Flamengo &#8211; Foto: reprodu\u00e7\u00e3o FlaTV<\/figcaption><\/figure>\n\n\n\n<p>A repercuss\u00e3o entre os torcedores do Flamengo foi imediata. Muitos viram na provoca\u00e7\u00e3o de Enzo um combust\u00edvel extra para o confronto entre Flamengo e Chelsea, previsto para julho. <\/p>\n\n\n\n<p>Nas redes sociais, torcedores prometeram que o argentino \u201cpagar\u00e1 pela provoca\u00e7\u00e3o\u201d, apostando na lideran\u00e7a de veteranos como Filipe Lu\u00eds para dar o troco dentro de campo. O clima j\u00e1 come\u00e7ou a esquentar, e o epis\u00f3dio entre Ortiz e Fern\u00e1ndez promete ser um dos pontos de tens\u00e3o do aguardado duelo internacional.<\/p>\n\n\n\n<p>Dentro de campo, por\u00e9m, o desempenho de L\u00e9o Ortiz e Wesley, tamb\u00e9m do Flamengo, foi apagado. Ambos estiveram presentes na goleada sofrida pela sele\u00e7\u00e3o, sem conseguir se destacar. Ortiz entrou no segundo tempo e pouco contribuiu, enquanto Wesley enfrentou dificuldades no esquema proposto por Dorival J\u00fanior. Ainda assim, a discuss\u00e3o com Enzo trouxe protagonismo a Ortiz e adicionou um elemento emocional ao futuro encontro entre Flamengo e Chelsea, que agora transcende o campo t\u00e1tico e t\u00e9cnico.<\/p>\n\n\n\n<h2 class=\"wp-block-heading\" id=\"h-condicao-fisica-de-gerson\">Condi\u00e7\u00e3o f\u00edsica de Gerson<\/h2>\n\n\n\n<p>O Flamengo poder\u00e1 contar com uma pe\u00e7a importante na estreia do Campeonato Brasileiro 2025. O volante Gerson, que havia sido substitu\u00eddo no in\u00edcio da partida entre Brasil e Col\u00f4mbia por conta de dores musculares, passou por exames no Rio de Janeiro que afastaram a hip\u00f3tese de les\u00e3o. Segundo o Departamento M\u00e9dico rubro-negro, o inc\u00f4modo relatado foi consequ\u00eancia de desgaste f\u00edsico, e o jogador j\u00e1 iniciou atividades espec\u00edficas de recupera\u00e7\u00e3o no CT Ninho do Urubu <strong><a href=\"https:\/\/www.gaveanews.com\/index.php\/2025\/03\/26\/flamengo-x-internacional-gerson-vai-jogar\/\">(leia a mat\u00e9ria completa).<\/a><\/strong><\/p>\n\n\n\n<figure class=\"wp-block-image size-full\"><img loading=\"lazy\" decoding=\"async\" width=\"900\" height=\"599\" src=\"http:\/\/www.gaveanews.com\/wp-content\/uploads\/gerson-flamengo-vasco.webp\" alt=\"\" class=\"wp-image-100042\" srcset=\"https:\/\/www.gaveanews.com\/wp-content\/uploads\/gerson-flamengo-vasco.webp 900w, https:\/\/www.gaveanews.com\/wp-content\/uploads\/gerson-flamengo-vasco-300x200.webp 300w, https:\/\/www.gaveanews.com\/wp-content\/uploads\/gerson-flamengo-vasco-768x511.webp 768w, https:\/\/www.gaveanews.com\/wp-content\/uploads\/gerson-flamengo-vasco-631x420.webp 631w, https:\/\/www.gaveanews.com\/wp-content\/uploads\/gerson-flamengo-vasco-640x426.webp 640w, https:\/\/www.gaveanews.com\/wp-content\/uploads\/gerson-flamengo-vasco-681x453.webp 681w, https:\/\/www.gaveanews.com\/wp-content\/uploads\/gerson-flamengo-vasco-100x67.webp 100w\" sizes=\"auto, (max-width: 900px) 100vw, 900px\" \/><figcaption class=\"wp-element-caption\">Gerson marca gol pelo Flamengo em cl\u00e1ssico contra o Vasco (Foto: Marcelo Cortes\/Flamengo)<\/figcaption><\/figure>\n\n\n\n<p>A participa\u00e7\u00e3o do camisa 8 no confronto diante do Internacional, marcado para o pr\u00f3ximo s\u00e1bado (29), no Maracan\u00e3, ainda depende da evolu\u00e7\u00e3o f\u00edsica nos treinamentos da semana. Com tr\u00eas sess\u00f5es programadas at\u00e9 o dia do jogo, a comiss\u00e3o t\u00e9cnica vai monitorar de perto o rendimento do jogador. Caso seja liberado, Gerson pode retornar \u00e0 equipe como titular, fortalecendo o meio-campo do time comandado por Filipe Lu\u00eds neste in\u00edcio de temporada.<\/p>\n\n\n\n<p>Al\u00e9m da import\u00e2ncia t\u00e1tica, o retorno de Gerson representa um ganho t\u00e9cnico e de lideran\u00e7a para o Flamengo, que busca largar bem na competi\u00e7\u00e3o nacional. A CBF monitora a condi\u00e7\u00e3o do atleta ap\u00f3s o epis\u00f3dio na Sele\u00e7\u00e3o, enquanto o clube trabalha com cautela para garantir que o camisa 8 esteja 100% antes de voltar aos gramados. A expectativa em torno da estreia \u00e9 alta, e a poss\u00edvel presen\u00e7a de Gerson anima a torcida rubro-negra.<\/p>\n\n\n\n<h2 class=\"wp-block-heading\" id=\"h-arrascaeta-preocupa\">Arrascaeta preocupa<\/h2>\n\n\n\n<p>O Flamengo sofreu uma baixa importante \u00e0s v\u00e9speras de sua estreia no Campeonato Brasileiro. O meia Arrascaeta foi diagnosticado com uma les\u00e3o muscular de grau 1 no adutor da coxa direita. Embora seja considerada uma les\u00e3o leve, a aus\u00eancia do uruguaio preocupa, j\u00e1 que ele \u00e9 pe\u00e7a central na cria\u00e7\u00e3o de jogadas do time e far\u00e1 falta contra o Internacional, neste s\u00e1bado (29), no Maracan\u00e3<strong><a href=\"https:\/\/www.gaveanews.com\/index.php\/2025\/03\/26\/flamengo-gravidade-da-lesao-de-arrascaeta-vem-a-tona\/\"> (leia a mat\u00e9ria completa).<\/a><\/strong><\/p>\n\n\n\n<figure class=\"wp-block-image size-full\"><img loading=\"lazy\" decoding=\"async\" width=\"900\" height=\"600\" src=\"http:\/\/www.gaveanews.com\/wp-content\/uploads\/arrascaeta-flamengo-gol.webp\" alt=\"\" class=\"wp-image-146116\" srcset=\"https:\/\/www.gaveanews.com\/wp-content\/uploads\/arrascaeta-flamengo-gol.webp 900w, https:\/\/www.gaveanews.com\/wp-content\/uploads\/arrascaeta-flamengo-gol-300x200.webp 300w, https:\/\/www.gaveanews.com\/wp-content\/uploads\/arrascaeta-flamengo-gol-768x512.webp 768w, https:\/\/www.gaveanews.com\/wp-content\/uploads\/arrascaeta-flamengo-gol-630x420.webp 630w, https:\/\/www.gaveanews.com\/wp-content\/uploads\/arrascaeta-flamengo-gol-640x427.webp 640w, https:\/\/www.gaveanews.com\/wp-content\/uploads\/arrascaeta-flamengo-gol-681x454.webp 681w, https:\/\/www.gaveanews.com\/wp-content\/uploads\/arrascaeta-flamengo-gol-100x67.webp 100w\" sizes=\"auto, (max-width: 900px) 100vw, 900px\" \/><figcaption class=\"wp-element-caption\">Arrascaeta marca gol pelo Flamengo (Foto: Gilvan de Souza\/Flamengo)<\/figcaption><\/figure>\n\n\n\n<p>A les\u00e3o de grau 1 indica um estiramento leve, sem rupturas graves, mas que ainda assim exige repouso e cuidados espec\u00edficos para evitar agravamentos. Como o adutor \u00e9 um m\u00fasculo essencial em a\u00e7\u00f5es de explos\u00e3o, dribles e finaliza\u00e7\u00f5es, a recupera\u00e7\u00e3o deve ser feita com cautela. Por isso, mesmo com a expectativa de retorno em breve, Arrascaeta pode desfalcar o time por algumas rodadas, for\u00e7ando o t\u00e9cnico Filipe Lu\u00eds a buscar alternativas imediatas para manter o padr\u00e3o ofensivo da equipe.<\/p>\n\n\n\n<p>Al\u00e9m da aus\u00eancia t\u00e9cnica, a les\u00e3o acende um alerta sobre o ac\u00famulo de jogos e a intensidade da temporada. Fatores como sobrecarga muscular, fadiga acumulada e tempo reduzido de recupera\u00e7\u00e3o entre as partidas s\u00e3o apontados como causas comuns para esse tipo de contus\u00e3o. O Flamengo, que inicia sua caminhada no Brasileir\u00e3o em meio a grandes expectativas, precisar\u00e1 gerenciar melhor o desgaste f\u00edsico de seu elenco para evitar novos desfalques em momentos decisivos.<\/p>\n<\/div><\/div>\n","protected":false},"excerpt":{"rendered":"<p>Nas \u00faltimas horas, o foco das not\u00edcias sobre o Flamengo se concentram nos bastidores do clube, com destaques do dia a dia do time. Por conta deste contexto, leia abaixo um resumo preparado pela equipe do portal G\u00e1vea News para lhe manter muito bem informado! L\u00e9o Ortiz viraliza A goleada de 4 a 1 sofrida [&hellip;]<\/p>\n","protected":false},"author":33,"featured_media":127354,"comment_status":"open","ping_status":"closed","sticky":false,"template":"","format":"standard","meta":{"footnotes":""},"categories":[1],"tags":[],"class_list":["post-246433","post","type-post","status-publish","format-standard","has-post-thumbnail","hentry","category-flamengo"],"yoast_head":"<!-- This site is optimized with the Yoast SEO Premium plugin v24.2 (Yoast SEO v26.9) - https:\/\/yoast.com\/product\/yoast-seo-premium-wordpress\/ -->\n<title>Arrascaeta preocupa, condi\u00e7\u00e3o f\u00edsica de Gerson e L\u00e9o Ortiz viraliza: as \u00faltimas not\u00edcias do Flamengo<\/title>\n<meta name=\"robots\" content=\"index, follow, max-snippet:-1, max-image-preview:large, max-video-preview:-1\" \/>\n<link rel=\"canonical\" href=\"https:\/\/www.gaveanews.com\/index.php\/2025\/03\/29\/arrascaeta-preocupa-condicao-fisica-de-gerson-e-leo-ortiz-viraliza-as-ultimas-noticias-do-flamengo\/\" \/>\n<meta property=\"og:locale\" content=\"pt_BR\" \/>\n<meta property=\"og:type\" content=\"article\" \/>\n<meta property=\"og:title\" content=\"Arrascaeta preocupa, condi\u00e7\u00e3o f\u00edsica de Gerson e L\u00e9o Ortiz viraliza: as \u00faltimas not\u00edcias do Flamengo\" \/>\n<meta property=\"og:description\" content=\"Nas \u00faltimas horas, o foco das not\u00edcias sobre o Flamengo se concentram nos bastidores do clube, com destaques do dia a dia do time. Por conta deste contexto, leia abaixo um resumo preparado pela equipe do portal G\u00e1vea News para lhe manter muito bem informado! L\u00e9o Ortiz viraliza A goleada de 4 a 1 sofrida [&hellip;]\" \/>\n<meta property=\"og:url\" content=\"https:\/\/www.gaveanews.com\/index.php\/2025\/03\/29\/arrascaeta-preocupa-condicao-fisica-de-gerson-e-leo-ortiz-viraliza-as-ultimas-noticias-do-flamengo\/\" \/>\n<meta property=\"og:site_name\" content=\"G\u00e1vea News\" \/>\n<meta property=\"article:publisher\" content=\"https:\/\/facebook.com\/gaveaNews\/\" \/>\n<meta property=\"article:published_time\" content=\"2025-03-29T20:05:00+00:00\" \/>\n<meta property=\"og:image\" content=\"https:\/\/www.gaveanews.com\/wp-content\/uploads\/camisa-flamengo.webp\" \/>\n\t<meta property=\"og:image:width\" content=\"483\" \/>\n\t<meta property=\"og:image:height\" content=\"322\" \/>\n\t<meta property=\"og:image:type\" content=\"image\/webp\" \/>\n<meta name=\"author\" content=\"Brenda Cezillo\" \/>\n<meta name=\"twitter:card\" content=\"summary_large_image\" \/>\n<meta name=\"twitter:label1\" content=\"Escrito por\" \/>\n\t<meta name=\"twitter:data1\" content=\"Brenda Cezillo\" \/>\n\t<meta name=\"twitter:label2\" content=\"Est. tempo de leitura\" \/>\n\t<meta name=\"twitter:data2\" content=\"6 minutos\" \/>\n<script type=\"application\/ld+json\" class=\"yoast-schema-graph\">{\"@context\":\"https:\/\/schema.org\",\"@graph\":[{\"@type\":\"NewsArticle\",\"@id\":\"https:\/\/www.gaveanews.com\/index.php\/2025\/03\/29\/arrascaeta-preocupa-condicao-fisica-de-gerson-e-leo-ortiz-viraliza-as-ultimas-noticias-do-flamengo\/#article\",\"isPartOf\":{\"@id\":\"https:\/\/www.gaveanews.com\/index.php\/2025\/03\/29\/arrascaeta-preocupa-condicao-fisica-de-gerson-e-leo-ortiz-viraliza-as-ultimas-noticias-do-flamengo\/\"},\"author\":{\"name\":\"Brenda Cezillo\",\"@id\":\"https:\/\/www.gaveanews.com\/#\/schema\/person\/c79759ca337c40791ae8d08e2923d403\"},\"headline\":\"Arrascaeta preocupa, condi\u00e7\u00e3o f\u00edsica de Gerson e L\u00e9o Ortiz viraliza: as \u00faltimas not\u00edcias do Flamengo\",\"datePublished\":\"2025-03-29T20:05:00+00:00\",\"mainEntityOfPage\":{\"@id\":\"https:\/\/www.gaveanews.com\/index.php\/2025\/03\/29\/arrascaeta-preocupa-condicao-fisica-de-gerson-e-leo-ortiz-viraliza-as-ultimas-noticias-do-flamengo\/\"},\"wordCount\":878,\"commentCount\":0,\"image\":{\"@id\":\"https:\/\/www.gaveanews.com\/index.php\/2025\/03\/29\/arrascaeta-preocupa-condicao-fisica-de-gerson-e-leo-ortiz-viraliza-as-ultimas-noticias-do-flamengo\/#primaryimage\"},\"thumbnailUrl\":\"https:\/\/www.gaveanews.com\/wp-content\/uploads\/camisa-flamengo.webp\",\"articleSection\":[\"Flamengo\"],\"inLanguage\":\"pt-BR\",\"potentialAction\":[{\"@type\":\"CommentAction\",\"name\":\"Comment\",\"target\":[\"https:\/\/www.gaveanews.com\/index.php\/2025\/03\/29\/arrascaeta-preocupa-condicao-fisica-de-gerson-e-leo-ortiz-viraliza-as-ultimas-noticias-do-flamengo\/#respond\"]}],\"copyrightYear\":\"2025\",\"copyrightHolder\":{\"@id\":\"https:\/\/www.gaveanews.com\/#organization\"}},{\"@type\":\"WebPage\",\"@id\":\"https:\/\/www.gaveanews.com\/index.php\/2025\/03\/29\/arrascaeta-preocupa-condicao-fisica-de-gerson-e-leo-ortiz-viraliza-as-ultimas-noticias-do-flamengo\/\",\"url\":\"https:\/\/www.gaveanews.com\/index.php\/2025\/03\/29\/arrascaeta-preocupa-condicao-fisica-de-gerson-e-leo-ortiz-viraliza-as-ultimas-noticias-do-flamengo\/\",\"name\":\"Arrascaeta preocupa, condi\u00e7\u00e3o f\u00edsica de Gerson e L\u00e9o Ortiz viraliza: as \u00faltimas not\u00edcias do Flamengo\",\"isPartOf\":{\"@id\":\"https:\/\/www.gaveanews.com\/#website\"},\"primaryImageOfPage\":{\"@id\":\"https:\/\/www.gaveanews.com\/index.php\/2025\/03\/29\/arrascaeta-preocupa-condicao-fisica-de-gerson-e-leo-ortiz-viraliza-as-ultimas-noticias-do-flamengo\/#primaryimage\"},\"image\":{\"@id\":\"https:\/\/www.gaveanews.com\/index.php\/2025\/03\/29\/arrascaeta-preocupa-condicao-fisica-de-gerson-e-leo-ortiz-viraliza-as-ultimas-noticias-do-flamengo\/#primaryimage\"},\"thumbnailUrl\":\"https:\/\/www.gaveanews.com\/wp-content\/uploads\/camisa-flamengo.webp\",\"datePublished\":\"2025-03-29T20:05:00+00:00\",\"author\":{\"@id\":\"https:\/\/www.gaveanews.com\/#\/schema\/person\/c79759ca337c40791ae8d08e2923d403\"},\"breadcrumb\":{\"@id\":\"https:\/\/www.gaveanews.com\/index.php\/2025\/03\/29\/arrascaeta-preocupa-condicao-fisica-de-gerson-e-leo-ortiz-viraliza-as-ultimas-noticias-do-flamengo\/#breadcrumb\"},\"inLanguage\":\"pt-BR\",\"potentialAction\":[{\"@type\":\"ReadAction\",\"target\":[\"https:\/\/www.gaveanews.com\/index.php\/2025\/03\/29\/arrascaeta-preocupa-condicao-fisica-de-gerson-e-leo-ortiz-viraliza-as-ultimas-noticias-do-flamengo\/\"]}]},{\"@type\":\"ImageObject\",\"inLanguage\":\"pt-BR\",\"@id\":\"https:\/\/www.gaveanews.com\/index.php\/2025\/03\/29\/arrascaeta-preocupa-condicao-fisica-de-gerson-e-leo-ortiz-viraliza-as-ultimas-noticias-do-flamengo\/#primaryimage\",\"url\":\"https:\/\/www.gaveanews.com\/wp-content\/uploads\/camisa-flamengo.webp\",\"contentUrl\":\"https:\/\/www.gaveanews.com\/wp-content\/uploads\/camisa-flamengo.webp\",\"width\":483,\"height\":322,\"caption\":\"Escudo do Flamengo (Foto: Reprodu\u00e7\u00e3o)\"},{\"@type\":\"BreadcrumbList\",\"@id\":\"https:\/\/www.gaveanews.com\/index.php\/2025\/03\/29\/arrascaeta-preocupa-condicao-fisica-de-gerson-e-leo-ortiz-viraliza-as-ultimas-noticias-do-flamengo\/#breadcrumb\",\"itemListElement\":[{\"@type\":\"ListItem\",\"position\":1,\"name\":\"Home\",\"item\":\"https:\/\/www.gaveanews.com\/\"},{\"@type\":\"ListItem\",\"position\":2,\"name\":\"Arrascaeta preocupa, condi\u00e7\u00e3o f\u00edsica de Gerson e L\u00e9o Ortiz viraliza: as \u00faltimas not\u00edcias do Flamengo\"}]},{\"@type\":\"WebSite\",\"@id\":\"https:\/\/www.gaveanews.com\/#website\",\"url\":\"https:\/\/www.gaveanews.com\/\",\"name\":\"G\u00e1vea News\",\"description\":\"Veja todas as not\u00edcias sobre o Flamengo: Contrata\u00e7\u00f5es, categorias de base, resultados das partidas, tabela de classifica\u00e7\u00e3o, pr\u00f3ximos jogos!\",\"potentialAction\":[{\"@type\":\"SearchAction\",\"target\":{\"@type\":\"EntryPoint\",\"urlTemplate\":\"https:\/\/www.gaveanews.com\/?s={search_term_string}\"},\"query-input\":{\"@type\":\"PropertyValueSpecification\",\"valueRequired\":true,\"valueName\":\"search_term_string\"}}],\"inLanguage\":\"pt-BR\"},{\"@type\":\"Person\",\"@id\":\"https:\/\/www.gaveanews.com\/#\/schema\/person\/c79759ca337c40791ae8d08e2923d403\",\"name\":\"Brenda Cezillo\",\"image\":{\"@type\":\"ImageObject\",\"inLanguage\":\"pt-BR\",\"@id\":\"https:\/\/www.gaveanews.com\/#\/schema\/person\/image\/\",\"url\":\"https:\/\/secure.gravatar.com\/avatar\/1738d75cee7317f9c29ae61dd67620c5883d80a92e42a6fff88ae5d527af217a?s=96&d=mm&r=g\",\"contentUrl\":\"https:\/\/secure.gravatar.com\/avatar\/1738d75cee7317f9c29ae61dd67620c5883d80a92e42a6fff88ae5d527af217a?s=96&d=mm&r=g\",\"caption\":\"Brenda Cezillo\"}}]}<\/script>\n<!-- \/ Yoast SEO Premium plugin. -->","yoast_head_json":{"title":"Arrascaeta preocupa, condi\u00e7\u00e3o f\u00edsica de Gerson e L\u00e9o Ortiz viraliza: as \u00faltimas not\u00edcias do Flamengo","robots":{"index":"index","follow":"follow","max-snippet":"max-snippet:-1","max-image-preview":"max-image-preview:large","max-video-preview":"max-video-preview:-1"},"canonical":"https:\/\/www.gaveanews.com\/index.php\/2025\/03\/29\/arrascaeta-preocupa-condicao-fisica-de-gerson-e-leo-ortiz-viraliza-as-ultimas-noticias-do-flamengo\/","og_locale":"pt_BR","og_type":"article","og_title":"Arrascaeta preocupa, condi\u00e7\u00e3o f\u00edsica de Gerson e L\u00e9o Ortiz viraliza: as \u00faltimas not\u00edcias do Flamengo","og_description":"Nas \u00faltimas horas, o foco das not\u00edcias sobre o Flamengo se concentram nos bastidores do clube, com destaques do dia a dia do time. Por conta deste contexto, leia abaixo um resumo preparado pela equipe do portal G\u00e1vea News para lhe manter muito bem informado! L\u00e9o Ortiz viraliza A goleada de 4 a 1 sofrida [&hellip;]","og_url":"https:\/\/www.gaveanews.com\/index.php\/2025\/03\/29\/arrascaeta-preocupa-condicao-fisica-de-gerson-e-leo-ortiz-viraliza-as-ultimas-noticias-do-flamengo\/","og_site_name":"G\u00e1vea News","article_publisher":"https:\/\/facebook.com\/gaveaNews\/","article_published_time":"2025-03-29T20:05:00+00:00","og_image":[{"width":483,"height":322,"url":"https:\/\/www.gaveanews.com\/wp-content\/uploads\/camisa-flamengo.webp","type":"image\/webp"}],"author":"Brenda Cezillo","twitter_card":"summary_large_image","twitter_misc":{"Escrito por":"Brenda Cezillo","Est. tempo de leitura":"6 minutos"},"schema":{"@context":"https:\/\/schema.org","@graph":[{"@type":"NewsArticle","@id":"https:\/\/www.gaveanews.com\/index.php\/2025\/03\/29\/arrascaeta-preocupa-condicao-fisica-de-gerson-e-leo-ortiz-viraliza-as-ultimas-noticias-do-flamengo\/#article","isPartOf":{"@id":"https:\/\/www.gaveanews.com\/index.php\/2025\/03\/29\/arrascaeta-preocupa-condicao-fisica-de-gerson-e-leo-ortiz-viraliza-as-ultimas-noticias-do-flamengo\/"},"author":{"name":"Brenda Cezillo","@id":"https:\/\/www.gaveanews.com\/#\/schema\/person\/c79759ca337c40791ae8d08e2923d403"},"headline":"Arrascaeta preocupa, condi\u00e7\u00e3o f\u00edsica de Gerson e L\u00e9o Ortiz viraliza: as \u00faltimas not\u00edcias do Flamengo","datePublished":"2025-03-29T20:05:00+00:00","mainEntityOfPage":{"@id":"https:\/\/www.gaveanews.com\/index.php\/2025\/03\/29\/arrascaeta-preocupa-condicao-fisica-de-gerson-e-leo-ortiz-viraliza-as-ultimas-noticias-do-flamengo\/"},"wordCount":878,"commentCount":0,"image":{"@id":"https:\/\/www.gaveanews.com\/index.php\/2025\/03\/29\/arrascaeta-preocupa-condicao-fisica-de-gerson-e-leo-ortiz-viraliza-as-ultimas-noticias-do-flamengo\/#primaryimage"},"thumbnailUrl":"https:\/\/www.gaveanews.com\/wp-content\/uploads\/camisa-flamengo.webp","articleSection":["Flamengo"],"inLanguage":"pt-BR","potentialAction":[{"@type":"CommentAction","name":"Comment","target":["https:\/\/www.gaveanews.com\/index.php\/2025\/03\/29\/arrascaeta-preocupa-condicao-fisica-de-gerson-e-leo-ortiz-viraliza-as-ultimas-noticias-do-flamengo\/#respond"]}],"copyrightYear":"2025","copyrightHolder":{"@id":"https:\/\/www.gaveanews.com\/#organization"}},{"@type":"WebPage","@id":"https:\/\/www.gaveanews.com\/index.php\/2025\/03\/29\/arrascaeta-preocupa-condicao-fisica-de-gerson-e-leo-ortiz-viraliza-as-ultimas-noticias-do-flamengo\/","url":"https:\/\/www.gaveanews.com\/index.php\/2025\/03\/29\/arrascaeta-preocupa-condicao-fisica-de-gerson-e-leo-ortiz-viraliza-as-ultimas-noticias-do-flamengo\/","name":"Arrascaeta preocupa, condi\u00e7\u00e3o f\u00edsica de Gerson e L\u00e9o Ortiz viraliza: as \u00faltimas not\u00edcias do Flamengo","isPartOf":{"@id":"https:\/\/www.gaveanews.com\/#website"},"primaryImageOfPage":{"@id":"https:\/\/www.gaveanews.com\/index.php\/2025\/03\/29\/arrascaeta-preocupa-condicao-fisica-de-gerson-e-leo-ortiz-viraliza-as-ultimas-noticias-do-flamengo\/#primaryimage"},"image":{"@id":"https:\/\/www.gaveanews.com\/index.php\/2025\/03\/29\/arrascaeta-preocupa-condicao-fisica-de-gerson-e-leo-ortiz-viraliza-as-ultimas-noticias-do-flamengo\/#primaryimage"},"thumbnailUrl":"https:\/\/www.gaveanews.com\/wp-content\/uploads\/camisa-flamengo.webp","datePublished":"2025-03-29T20:05:00+00:00","author":{"@id":"https:\/\/www.gaveanews.com\/#\/schema\/person\/c79759ca337c40791ae8d08e2923d403"},"breadcrumb":{"@id":"https:\/\/www.gaveanews.com\/index.php\/2025\/03\/29\/arrascaeta-preocupa-condicao-fisica-de-gerson-e-leo-ortiz-viraliza-as-ultimas-noticias-do-flamengo\/#breadcrumb"},"inLanguage":"pt-BR","potentialAction":[{"@type":"ReadAction","target":["https:\/\/www.gaveanews.com\/index.php\/2025\/03\/29\/arrascaeta-preocupa-condicao-fisica-de-gerson-e-leo-ortiz-viraliza-as-ultimas-noticias-do-flamengo\/"]}]},{"@type":"ImageObject","inLanguage":"pt-BR","@id":"https:\/\/www.gaveanews.com\/index.php\/2025\/03\/29\/arrascaeta-preocupa-condicao-fisica-de-gerson-e-leo-ortiz-viraliza-as-ultimas-noticias-do-flamengo\/#primaryimage","url":"https:\/\/www.gaveanews.com\/wp-content\/uploads\/camisa-flamengo.webp","contentUrl":"https:\/\/www.gaveanews.com\/wp-content\/uploads\/camisa-flamengo.webp","width":483,"height":322,"caption":"Escudo do Flamengo (Foto: Reprodu\u00e7\u00e3o)"},{"@type":"BreadcrumbList","@id":"https:\/\/www.gaveanews.com\/index.php\/2025\/03\/29\/arrascaeta-preocupa-condicao-fisica-de-gerson-e-leo-ortiz-viraliza-as-ultimas-noticias-do-flamengo\/#breadcrumb","itemListElement":[{"@type":"ListItem","position":1,"name":"Home","item":"https:\/\/www.gaveanews.com\/"},{"@type":"ListItem","position":2,"name":"Arrascaeta preocupa, condi\u00e7\u00e3o f\u00edsica de Gerson e L\u00e9o Ortiz viraliza: as \u00faltimas not\u00edcias do Flamengo"}]},{"@type":"WebSite","@id":"https:\/\/www.gaveanews.com\/#website","url":"https:\/\/www.gaveanews.com\/","name":"G\u00e1vea News","description":"Veja todas as not\u00edcias sobre o Flamengo: Contrata\u00e7\u00f5es, categorias de base, resultados das partidas, tabela de classifica\u00e7\u00e3o, pr\u00f3ximos jogos!","potentialAction":[{"@type":"SearchAction","target":{"@type":"EntryPoint","urlTemplate":"https:\/\/www.gaveanews.com\/?s={search_term_string}"},"query-input":{"@type":"PropertyValueSpecification","valueRequired":true,"valueName":"search_term_string"}}],"inLanguage":"pt-BR"},{"@type":"Person","@id":"https:\/\/www.gaveanews.com\/#\/schema\/person\/c79759ca337c40791ae8d08e2923d403","name":"Brenda Cezillo","image":{"@type":"ImageObject","inLanguage":"pt-BR","@id":"https:\/\/www.gaveanews.com\/#\/schema\/person\/image\/","url":"https:\/\/secure.gravatar.com\/avatar\/1738d75cee7317f9c29ae61dd67620c5883d80a92e42a6fff88ae5d527af217a?s=96&d=mm&r=g","contentUrl":"https:\/\/secure.gravatar.com\/avatar\/1738d75cee7317f9c29ae61dd67620c5883d80a92e42a6fff88ae5d527af217a?s=96&d=mm&r=g","caption":"Brenda Cezillo"}}]}},"_links":{"self":[{"href":"https:\/\/www.gaveanews.com\/index.php\/wp-json\/wp\/v2\/posts\/246433","targetHints":{"allow":["GET"]}}],"collection":[{"href":"https:\/\/www.gaveanews.com\/index.php\/wp-json\/wp\/v2\/posts"}],"about":[{"href":"https:\/\/www.gaveanews.com\/index.php\/wp-json\/wp\/v2\/types\/post"}],"author":[{"embeddable":true,"href":"https:\/\/www.gaveanews.com\/index.php\/wp-json\/wp\/v2\/users\/33"}],"replies":[{"embeddable":true,"href":"https:\/\/www.gaveanews.com\/index.php\/wp-json\/wp\/v2\/comments?post=246433"}],"version-history":[{"count":1,"href":"https:\/\/www.gaveanews.com\/index.php\/wp-json\/wp\/v2\/posts\/246433\/revisions"}],"predecessor-version":[{"id":246449,"href":"https:\/\/www.gaveanews.com\/index.php\/wp-json\/wp\/v2\/posts\/246433\/revisions\/246449"}],"wp:featuredmedia":[{"embeddable":true,"href":"https:\/\/www.gaveanews.com\/index.php\/wp-json\/wp\/v2\/media\/127354"}],"wp:attachment":[{"href":"https:\/\/www.gaveanews.com\/index.php\/wp-json\/wp\/v2\/media?parent=246433"}],"wp:term":[{"taxonomy":"category","embeddable":true,"href":"https:\/\/www.gaveanews.com\/index.php\/wp-json\/wp\/v2\/categories?post=246433"},{"taxonomy":"post_tag","embeddable":true,"href":"https:\/\/www.gaveanews.com\/index.php\/wp-json\/wp\/v2\/tags?post=246433"}],"curies":[{"name":"wp","href":"https:\/\/api.w.org\/{rel}","templated":true}]}}