{"id":246440,"date":"2025-03-29T15:55:00","date_gmt":"2025-03-29T18:55:00","guid":{"rendered":"https:\/\/www.gaveanews.com\/?p=246440"},"modified":"2025-03-29T15:10:18","modified_gmt":"2025-03-29T18:10:18","slug":"declaracao-de-jornalista-sobre-o-gremio-nao-agrada-torcida","status":"publish","type":"post","link":"https:\/\/www.gaveanews.com\/index.php\/2025\/03\/29\/declaracao-de-jornalista-sobre-o-gremio-nao-agrada-torcida\/","title":{"rendered":"Declara\u00e7\u00e3o de jornalista sobre o Gr\u00eamio n\u00e3o agrada torcida"},"content":{"rendered":"\n<p>\u00c0s v\u00e9speras da estreia no Campeonato Brasileiro de 2025, o Gr\u00eamio foi tema de uma an\u00e1lise feita por comentaristas da Jovem Pan. Os jornalistas Fl\u00e1vio Prado, Mauro Beting e Piperno realizaram uma proje\u00e7\u00e3o dos desempenhos das equipes da S\u00e9rie A, e, em comum acordo, colocaram o Tricolor Ga\u00facho entre os clubes que devem ocupar a parte intermedi\u00e1ria da classifica\u00e7\u00e3o ao fim da temporada.<\/p>\n\n\n\n<p>Al\u00e9m do Gr\u00eamio, outros quatro times foram inclu\u00eddos nesse grupo: Fluminense, Cruzeiro, Santos e S\u00e3o Paulo. Embora todos os participantes tenham concordado com essas coloca\u00e7\u00f5es, Mauro Beting se afastou parcialmente do consenso ao indicar que o Santos poderia buscar uma vaga na fase preliminar da Libertadores. Segundo ele, as 11 contrata\u00e7\u00f5es feitas pelo clube e o retorno de Neymar poderiam ser determinantes para uma campanha mais ambiciosa.<\/p>\n\n\n\n<p>Contudo, a proposta de Beting foi vencida na vota\u00e7\u00e3o do grupo. A instabilidade recente do Santos em competi\u00e7\u00f5es nacionais foi apontada como um fator que impede qualquer previs\u00e3o mais otimista. Assim, a ideia de que o clube paulista pode apenas figurar no meio da tabela prevaleceu.<\/p>\n\n\n\n<p>Conforme os analistas, o Flamengo aparece como o principal candidato ao t\u00edtulo. Sob a orienta\u00e7\u00e3o do t\u00e9cnico Filipe Lu\u00eds, o Rubro-Negro j\u00e1 conquistou a Supercopa do Brasil e o Campeonato Carioca em 2025, al\u00e9m de contar com um elenco considerado amplamente superior aos rivais. Ainda segundo os comentaristas, Internacional, Atl\u00e9tico-MG, Palmeiras, Botafogo e Corinthians devem disputar as vagas diretas para a Libertadores.<\/p>\n\n\n\n<p>Bahia e Fortaleza foram apontados como times com potencial para buscar a classifica\u00e7\u00e3o \u00e0 fase preliminar do torneio continental. Enquanto isso, Cear\u00e1, Vit\u00f3ria e Vasco surgem como equipes que podem lutar contra o rebaixamento. No extremo oposto da tabela, Juventude, Mirassol, Red Bull Bragantino e Sport Recife foram listados como os mais propensos \u00e0 queda para a S\u00e9rie B.<\/p>\n\n\n\n<p>A inclus\u00e3o do Gr\u00eamio no bloco intermedi\u00e1rio causou certa repercuss\u00e3o entre os torcedores, que interpretaram a avalia\u00e7\u00e3o como um menosprezo ao clube. A express\u00e3o \u201cmeio da tabela\u201d, repetida em diferentes an\u00e1lises, foi especialmente criticada. Ainda assim, os jornalistas basearam suas proje\u00e7\u00f5es em dados recentes e no atual est\u00e1gio de prepara\u00e7\u00e3o das equipes.<\/p>\n","protected":false},"excerpt":{"rendered":"<p>\u00c0s v\u00e9speras da estreia no Campeonato Brasileiro de 2025, o Gr\u00eamio foi tema de uma an\u00e1lise feita por comentaristas da Jovem Pan. Os jornalistas Fl\u00e1vio Prado, Mauro Beting e Piperno realizaram uma proje\u00e7\u00e3o dos desempenhos das equipes da S\u00e9rie A, e, em comum acordo, colocaram o Tricolor Ga\u00facho entre os clubes que devem ocupar a [&hellip;]<\/p>\n","protected":false},"author":18,"featured_media":165925,"comment_status":"open","ping_status":"closed","sticky":false,"template":"","format":"standard","meta":{"footnotes":""},"categories":[147],"tags":[],"class_list":["post-246440","post","type-post","status-publish","format-standard","has-post-thumbnail","hentry","category-gremio"],"yoast_head":"<!-- This site is optimized with the Yoast SEO Premium plugin v24.2 (Yoast SEO v26.9) - https:\/\/yoast.com\/product\/yoast-seo-premium-wordpress\/ -->\n<title>Declara\u00e7\u00e3o de jornalista sobre o Gr\u00eamio n\u00e3o agrada torcida<\/title>\n<meta name=\"robots\" content=\"index, follow, max-snippet:-1, max-image-preview:large, max-video-preview:-1\" \/>\n<link rel=\"canonical\" href=\"https:\/\/www.gaveanews.com\/index.php\/2025\/03\/29\/declaracao-de-jornalista-sobre-o-gremio-nao-agrada-torcida\/\" \/>\n<meta property=\"og:locale\" content=\"pt_BR\" \/>\n<meta property=\"og:type\" content=\"article\" \/>\n<meta property=\"og:title\" content=\"Declara\u00e7\u00e3o de jornalista sobre o Gr\u00eamio n\u00e3o agrada torcida\" \/>\n<meta property=\"og:description\" content=\"\u00c0s v\u00e9speras da estreia no Campeonato Brasileiro de 2025, o Gr\u00eamio foi tema de uma an\u00e1lise feita por comentaristas da Jovem Pan. Os jornalistas Fl\u00e1vio Prado, Mauro Beting e Piperno realizaram uma proje\u00e7\u00e3o dos desempenhos das equipes da S\u00e9rie A, e, em comum acordo, colocaram o Tricolor Ga\u00facho entre os clubes que devem ocupar a [&hellip;]\" \/>\n<meta property=\"og:url\" content=\"https:\/\/www.gaveanews.com\/index.php\/2025\/03\/29\/declaracao-de-jornalista-sobre-o-gremio-nao-agrada-torcida\/\" \/>\n<meta property=\"og:site_name\" content=\"G\u00e1vea News\" \/>\n<meta property=\"article:publisher\" content=\"https:\/\/facebook.com\/gaveaNews\/\" \/>\n<meta property=\"article:published_time\" content=\"2025-03-29T18:55:00+00:00\" \/>\n<meta property=\"og:image\" content=\"https:\/\/www.gaveanews.com\/wp-content\/uploads\/Bandeira-do-Gremio.webp\" \/>\n\t<meta property=\"og:image:width\" content=\"1043\" \/>\n\t<meta property=\"og:image:height\" content=\"695\" \/>\n\t<meta property=\"og:image:type\" content=\"image\/webp\" \/>\n<meta name=\"author\" content=\"Paula Silva\" \/>\n<meta name=\"twitter:card\" content=\"summary_large_image\" \/>\n<meta name=\"twitter:label1\" content=\"Escrito por\" \/>\n\t<meta name=\"twitter:data1\" content=\"Paula Silva\" \/>\n\t<meta name=\"twitter:label2\" content=\"Est. tempo de leitura\" \/>\n\t<meta name=\"twitter:data2\" content=\"3 minutos\" \/>\n<script type=\"application\/ld+json\" class=\"yoast-schema-graph\">{\"@context\":\"https:\/\/schema.org\",\"@graph\":[{\"@type\":\"NewsArticle\",\"@id\":\"https:\/\/www.gaveanews.com\/index.php\/2025\/03\/29\/declaracao-de-jornalista-sobre-o-gremio-nao-agrada-torcida\/#article\",\"isPartOf\":{\"@id\":\"https:\/\/www.gaveanews.com\/index.php\/2025\/03\/29\/declaracao-de-jornalista-sobre-o-gremio-nao-agrada-torcida\/\"},\"author\":{\"name\":\"Paula Silva\",\"@id\":\"https:\/\/www.gaveanews.com\/#\/schema\/person\/daf63eec72e1164eb13dc35096c2b8da\"},\"headline\":\"Declara\u00e7\u00e3o de jornalista sobre o Gr\u00eamio n\u00e3o agrada torcida\",\"datePublished\":\"2025-03-29T18:55:00+00:00\",\"mainEntityOfPage\":{\"@id\":\"https:\/\/www.gaveanews.com\/index.php\/2025\/03\/29\/declaracao-de-jornalista-sobre-o-gremio-nao-agrada-torcida\/\"},\"wordCount\":393,\"commentCount\":0,\"image\":{\"@id\":\"https:\/\/www.gaveanews.com\/index.php\/2025\/03\/29\/declaracao-de-jornalista-sobre-o-gremio-nao-agrada-torcida\/#primaryimage\"},\"thumbnailUrl\":\"https:\/\/www.gaveanews.com\/wp-content\/uploads\/Bandeira-do-Gremio.webp\",\"articleSection\":[\"Gr\u00eamio\"],\"inLanguage\":\"pt-BR\",\"potentialAction\":[{\"@type\":\"CommentAction\",\"name\":\"Comment\",\"target\":[\"https:\/\/www.gaveanews.com\/index.php\/2025\/03\/29\/declaracao-de-jornalista-sobre-o-gremio-nao-agrada-torcida\/#respond\"]}],\"copyrightYear\":\"2025\",\"copyrightHolder\":{\"@id\":\"https:\/\/www.gaveanews.com\/#organization\"}},{\"@type\":\"WebPage\",\"@id\":\"https:\/\/www.gaveanews.com\/index.php\/2025\/03\/29\/declaracao-de-jornalista-sobre-o-gremio-nao-agrada-torcida\/\",\"url\":\"https:\/\/www.gaveanews.com\/index.php\/2025\/03\/29\/declaracao-de-jornalista-sobre-o-gremio-nao-agrada-torcida\/\",\"name\":\"Declara\u00e7\u00e3o de jornalista sobre o Gr\u00eamio n\u00e3o agrada torcida\",\"isPartOf\":{\"@id\":\"https:\/\/www.gaveanews.com\/#website\"},\"primaryImageOfPage\":{\"@id\":\"https:\/\/www.gaveanews.com\/index.php\/2025\/03\/29\/declaracao-de-jornalista-sobre-o-gremio-nao-agrada-torcida\/#primaryimage\"},\"image\":{\"@id\":\"https:\/\/www.gaveanews.com\/index.php\/2025\/03\/29\/declaracao-de-jornalista-sobre-o-gremio-nao-agrada-torcida\/#primaryimage\"},\"thumbnailUrl\":\"https:\/\/www.gaveanews.com\/wp-content\/uploads\/Bandeira-do-Gremio.webp\",\"datePublished\":\"2025-03-29T18:55:00+00:00\",\"author\":{\"@id\":\"https:\/\/www.gaveanews.com\/#\/schema\/person\/daf63eec72e1164eb13dc35096c2b8da\"},\"breadcrumb\":{\"@id\":\"https:\/\/www.gaveanews.com\/index.php\/2025\/03\/29\/declaracao-de-jornalista-sobre-o-gremio-nao-agrada-torcida\/#breadcrumb\"},\"inLanguage\":\"pt-BR\",\"potentialAction\":[{\"@type\":\"ReadAction\",\"target\":[\"https:\/\/www.gaveanews.com\/index.php\/2025\/03\/29\/declaracao-de-jornalista-sobre-o-gremio-nao-agrada-torcida\/\"]}]},{\"@type\":\"ImageObject\",\"inLanguage\":\"pt-BR\",\"@id\":\"https:\/\/www.gaveanews.com\/index.php\/2025\/03\/29\/declaracao-de-jornalista-sobre-o-gremio-nao-agrada-torcida\/#primaryimage\",\"url\":\"https:\/\/www.gaveanews.com\/wp-content\/uploads\/Bandeira-do-Gremio.webp\",\"contentUrl\":\"https:\/\/www.gaveanews.com\/wp-content\/uploads\/Bandeira-do-Gremio.webp\",\"width\":1043,\"height\":695,\"caption\":\"Bandeira do Gr\u00eamio (Foto: Reprodu\u00e7\u00e3o\/Gr\u00eamio)\"},{\"@type\":\"BreadcrumbList\",\"@id\":\"https:\/\/www.gaveanews.com\/index.php\/2025\/03\/29\/declaracao-de-jornalista-sobre-o-gremio-nao-agrada-torcida\/#breadcrumb\",\"itemListElement\":[{\"@type\":\"ListItem\",\"position\":1,\"name\":\"Home\",\"item\":\"https:\/\/www.gaveanews.com\/\"},{\"@type\":\"ListItem\",\"position\":2,\"name\":\"Declara\u00e7\u00e3o de jornalista sobre o Gr\u00eamio n\u00e3o agrada torcida\"}]},{\"@type\":\"WebSite\",\"@id\":\"https:\/\/www.gaveanews.com\/#website\",\"url\":\"https:\/\/www.gaveanews.com\/\",\"name\":\"G\u00e1vea News\",\"description\":\"Veja todas as not\u00edcias sobre o Flamengo: Contrata\u00e7\u00f5es, categorias de base, resultados das partidas, tabela de classifica\u00e7\u00e3o, pr\u00f3ximos jogos!\",\"potentialAction\":[{\"@type\":\"SearchAction\",\"target\":{\"@type\":\"EntryPoint\",\"urlTemplate\":\"https:\/\/www.gaveanews.com\/?s={search_term_string}\"},\"query-input\":{\"@type\":\"PropertyValueSpecification\",\"valueRequired\":true,\"valueName\":\"search_term_string\"}}],\"inLanguage\":\"pt-BR\"},{\"@type\":\"Person\",\"@id\":\"https:\/\/www.gaveanews.com\/#\/schema\/person\/daf63eec72e1164eb13dc35096c2b8da\",\"name\":\"Paula Silva\",\"image\":{\"@type\":\"ImageObject\",\"inLanguage\":\"pt-BR\",\"@id\":\"https:\/\/www.gaveanews.com\/#\/schema\/person\/image\/\",\"url\":\"https:\/\/secure.gravatar.com\/avatar\/eda381c845527cc5d64c13b901833cda29d97500ba040d3e6461f76f51d163bb?s=96&d=mm&r=g\",\"contentUrl\":\"https:\/\/secure.gravatar.com\/avatar\/eda381c845527cc5d64c13b901833cda29d97500ba040d3e6461f76f51d163bb?s=96&d=mm&r=g\",\"caption\":\"Paula Silva\"}}]}<\/script>\n<!-- \/ Yoast SEO Premium plugin. -->","yoast_head_json":{"title":"Declara\u00e7\u00e3o de jornalista sobre o Gr\u00eamio n\u00e3o agrada torcida","robots":{"index":"index","follow":"follow","max-snippet":"max-snippet:-1","max-image-preview":"max-image-preview:large","max-video-preview":"max-video-preview:-1"},"canonical":"https:\/\/www.gaveanews.com\/index.php\/2025\/03\/29\/declaracao-de-jornalista-sobre-o-gremio-nao-agrada-torcida\/","og_locale":"pt_BR","og_type":"article","og_title":"Declara\u00e7\u00e3o de jornalista sobre o Gr\u00eamio n\u00e3o agrada torcida","og_description":"\u00c0s v\u00e9speras da estreia no Campeonato Brasileiro de 2025, o Gr\u00eamio foi tema de uma an\u00e1lise feita por comentaristas da Jovem Pan. Os jornalistas Fl\u00e1vio Prado, Mauro Beting e Piperno realizaram uma proje\u00e7\u00e3o dos desempenhos das equipes da S\u00e9rie A, e, em comum acordo, colocaram o Tricolor Ga\u00facho entre os clubes que devem ocupar a [&hellip;]","og_url":"https:\/\/www.gaveanews.com\/index.php\/2025\/03\/29\/declaracao-de-jornalista-sobre-o-gremio-nao-agrada-torcida\/","og_site_name":"G\u00e1vea News","article_publisher":"https:\/\/facebook.com\/gaveaNews\/","article_published_time":"2025-03-29T18:55:00+00:00","og_image":[{"width":1043,"height":695,"url":"https:\/\/www.gaveanews.com\/wp-content\/uploads\/Bandeira-do-Gremio.webp","type":"image\/webp"}],"author":"Paula Silva","twitter_card":"summary_large_image","twitter_misc":{"Escrito por":"Paula Silva","Est. tempo de leitura":"3 minutos"},"schema":{"@context":"https:\/\/schema.org","@graph":[{"@type":"NewsArticle","@id":"https:\/\/www.gaveanews.com\/index.php\/2025\/03\/29\/declaracao-de-jornalista-sobre-o-gremio-nao-agrada-torcida\/#article","isPartOf":{"@id":"https:\/\/www.gaveanews.com\/index.php\/2025\/03\/29\/declaracao-de-jornalista-sobre-o-gremio-nao-agrada-torcida\/"},"author":{"name":"Paula Silva","@id":"https:\/\/www.gaveanews.com\/#\/schema\/person\/daf63eec72e1164eb13dc35096c2b8da"},"headline":"Declara\u00e7\u00e3o de jornalista sobre o Gr\u00eamio n\u00e3o agrada torcida","datePublished":"2025-03-29T18:55:00+00:00","mainEntityOfPage":{"@id":"https:\/\/www.gaveanews.com\/index.php\/2025\/03\/29\/declaracao-de-jornalista-sobre-o-gremio-nao-agrada-torcida\/"},"wordCount":393,"commentCount":0,"image":{"@id":"https:\/\/www.gaveanews.com\/index.php\/2025\/03\/29\/declaracao-de-jornalista-sobre-o-gremio-nao-agrada-torcida\/#primaryimage"},"thumbnailUrl":"https:\/\/www.gaveanews.com\/wp-content\/uploads\/Bandeira-do-Gremio.webp","articleSection":["Gr\u00eamio"],"inLanguage":"pt-BR","potentialAction":[{"@type":"CommentAction","name":"Comment","target":["https:\/\/www.gaveanews.com\/index.php\/2025\/03\/29\/declaracao-de-jornalista-sobre-o-gremio-nao-agrada-torcida\/#respond"]}],"copyrightYear":"2025","copyrightHolder":{"@id":"https:\/\/www.gaveanews.com\/#organization"}},{"@type":"WebPage","@id":"https:\/\/www.gaveanews.com\/index.php\/2025\/03\/29\/declaracao-de-jornalista-sobre-o-gremio-nao-agrada-torcida\/","url":"https:\/\/www.gaveanews.com\/index.php\/2025\/03\/29\/declaracao-de-jornalista-sobre-o-gremio-nao-agrada-torcida\/","name":"Declara\u00e7\u00e3o de jornalista sobre o Gr\u00eamio n\u00e3o agrada torcida","isPartOf":{"@id":"https:\/\/www.gaveanews.com\/#website"},"primaryImageOfPage":{"@id":"https:\/\/www.gaveanews.com\/index.php\/2025\/03\/29\/declaracao-de-jornalista-sobre-o-gremio-nao-agrada-torcida\/#primaryimage"},"image":{"@id":"https:\/\/www.gaveanews.com\/index.php\/2025\/03\/29\/declaracao-de-jornalista-sobre-o-gremio-nao-agrada-torcida\/#primaryimage"},"thumbnailUrl":"https:\/\/www.gaveanews.com\/wp-content\/uploads\/Bandeira-do-Gremio.webp","datePublished":"2025-03-29T18:55:00+00:00","author":{"@id":"https:\/\/www.gaveanews.com\/#\/schema\/person\/daf63eec72e1164eb13dc35096c2b8da"},"breadcrumb":{"@id":"https:\/\/www.gaveanews.com\/index.php\/2025\/03\/29\/declaracao-de-jornalista-sobre-o-gremio-nao-agrada-torcida\/#breadcrumb"},"inLanguage":"pt-BR","potentialAction":[{"@type":"ReadAction","target":["https:\/\/www.gaveanews.com\/index.php\/2025\/03\/29\/declaracao-de-jornalista-sobre-o-gremio-nao-agrada-torcida\/"]}]},{"@type":"ImageObject","inLanguage":"pt-BR","@id":"https:\/\/www.gaveanews.com\/index.php\/2025\/03\/29\/declaracao-de-jornalista-sobre-o-gremio-nao-agrada-torcida\/#primaryimage","url":"https:\/\/www.gaveanews.com\/wp-content\/uploads\/Bandeira-do-Gremio.webp","contentUrl":"https:\/\/www.gaveanews.com\/wp-content\/uploads\/Bandeira-do-Gremio.webp","width":1043,"height":695,"caption":"Bandeira do Gr\u00eamio (Foto: Reprodu\u00e7\u00e3o\/Gr\u00eamio)"},{"@type":"BreadcrumbList","@id":"https:\/\/www.gaveanews.com\/index.php\/2025\/03\/29\/declaracao-de-jornalista-sobre-o-gremio-nao-agrada-torcida\/#breadcrumb","itemListElement":[{"@type":"ListItem","position":1,"name":"Home","item":"https:\/\/www.gaveanews.com\/"},{"@type":"ListItem","position":2,"name":"Declara\u00e7\u00e3o de jornalista sobre o Gr\u00eamio n\u00e3o agrada torcida"}]},{"@type":"WebSite","@id":"https:\/\/www.gaveanews.com\/#website","url":"https:\/\/www.gaveanews.com\/","name":"G\u00e1vea News","description":"Veja todas as not\u00edcias sobre o Flamengo: Contrata\u00e7\u00f5es, categorias de base, resultados das partidas, tabela de classifica\u00e7\u00e3o, pr\u00f3ximos jogos!","potentialAction":[{"@type":"SearchAction","target":{"@type":"EntryPoint","urlTemplate":"https:\/\/www.gaveanews.com\/?s={search_term_string}"},"query-input":{"@type":"PropertyValueSpecification","valueRequired":true,"valueName":"search_term_string"}}],"inLanguage":"pt-BR"},{"@type":"Person","@id":"https:\/\/www.gaveanews.com\/#\/schema\/person\/daf63eec72e1164eb13dc35096c2b8da","name":"Paula Silva","image":{"@type":"ImageObject","inLanguage":"pt-BR","@id":"https:\/\/www.gaveanews.com\/#\/schema\/person\/image\/","url":"https:\/\/secure.gravatar.com\/avatar\/eda381c845527cc5d64c13b901833cda29d97500ba040d3e6461f76f51d163bb?s=96&d=mm&r=g","contentUrl":"https:\/\/secure.gravatar.com\/avatar\/eda381c845527cc5d64c13b901833cda29d97500ba040d3e6461f76f51d163bb?s=96&d=mm&r=g","caption":"Paula Silva"}}]}},"_links":{"self":[{"href":"https:\/\/www.gaveanews.com\/index.php\/wp-json\/wp\/v2\/posts\/246440","targetHints":{"allow":["GET"]}}],"collection":[{"href":"https:\/\/www.gaveanews.com\/index.php\/wp-json\/wp\/v2\/posts"}],"about":[{"href":"https:\/\/www.gaveanews.com\/index.php\/wp-json\/wp\/v2\/types\/post"}],"author":[{"embeddable":true,"href":"https:\/\/www.gaveanews.com\/index.php\/wp-json\/wp\/v2\/users\/18"}],"replies":[{"embeddable":true,"href":"https:\/\/www.gaveanews.com\/index.php\/wp-json\/wp\/v2\/comments?post=246440"}],"version-history":[{"count":1,"href":"https:\/\/www.gaveanews.com\/index.php\/wp-json\/wp\/v2\/posts\/246440\/revisions"}],"predecessor-version":[{"id":246450,"href":"https:\/\/www.gaveanews.com\/index.php\/wp-json\/wp\/v2\/posts\/246440\/revisions\/246450"}],"wp:featuredmedia":[{"embeddable":true,"href":"https:\/\/www.gaveanews.com\/index.php\/wp-json\/wp\/v2\/media\/165925"}],"wp:attachment":[{"href":"https:\/\/www.gaveanews.com\/index.php\/wp-json\/wp\/v2\/media?parent=246440"}],"wp:term":[{"taxonomy":"category","embeddable":true,"href":"https:\/\/www.gaveanews.com\/index.php\/wp-json\/wp\/v2\/categories?post=246440"},{"taxonomy":"post_tag","embeddable":true,"href":"https:\/\/www.gaveanews.com\/index.php\/wp-json\/wp\/v2\/tags?post=246440"}],"curies":[{"name":"wp","href":"https:\/\/api.w.org\/{rel}","templated":true}]}}