{"id":246442,"date":"2025-03-29T17:10:00","date_gmt":"2025-03-29T20:10:00","guid":{"rendered":"https:\/\/www.gaveanews.com\/?p=246442"},"modified":"2025-03-29T15:16:56","modified_gmt":"2025-03-29T18:16:56","slug":"saida-confirmada-vasco-jogara-em-estadio-alternativo-e-recado-para-leandro-castan-as-ultimas-noticias-do-vasco","status":"publish","type":"post","link":"https:\/\/www.gaveanews.com\/index.php\/2025\/03\/29\/saida-confirmada-vasco-jogara-em-estadio-alternativo-e-recado-para-leandro-castan-as-ultimas-noticias-do-vasco\/","title":{"rendered":"Sa\u00edda confirmada, Vasco jogar\u00e1 em est\u00e1dio alternativo e recado para Leandro Cast\u00e1n: as \u00faltimas not\u00edcias do Vasco"},"content":{"rendered":"\n<p>Nas \u00faltimas horas, o foco das not\u00edcias sobre o Vasco se concentram nos bastidores do clube, com destaques do dia a dia do time.<\/p>\n\n\n\n<p>Por conta deste contexto, leia abaixo um resumo preparado pela equipe do portal G\u00e1vea News para lhe manter muito bem informado!<\/p>\n\n\n\n<div class=\"wp-block-group\"><div class=\"wp-block-group__inner-container is-layout-constrained wp-block-group-is-layout-constrained\">\n<h2 class=\"wp-block-heading\" id=\"h-recado-para-leandro-castan\">Recado para Leandro Cast\u00e1n<\/h2>\n\n\n\n<p>Durante a Data FIFA, enquanto o elenco do Vasco segue sob os comandos de F\u00e1bio Carille em prepara\u00e7\u00e3o para os desafios no Brasileir\u00e3o e na Sul-Americana, declara\u00e7\u00f5es do ex-t\u00e9cnico Ricardo S\u00e1 Pinto voltaram a ganhar destaque. Em entrevista ao canal \u201cExpresso 1923\u201d, o portugu\u00eas fez cr\u00edticas duras ao ex-zagueiro Leandro Cast\u00e1n, afirmando que, em 2020, o defensor estava \u201cmorto fisicamente\u201d e que sua condi\u00e7\u00e3o influenciou negativamente o desempenho defensivo do time na reta final da temporada<strong><a href=\"https:\/\/www.gaveanews.com\/index.php\/2025\/03\/25\/ex-tecnico-do-vasco-manda-recado-para-leandro-castan\/\"> (leia a mat\u00e9ria completa).<\/a><\/strong><\/p>\n\n\n\n<figure class=\"wp-block-image size-large\"><img loading=\"lazy\" decoding=\"async\" width=\"1024\" height=\"825\" src=\"http:\/\/www.gaveanews.com\/wp-content\/uploads\/Leandro-Castan-pelo-Vasco-1024x825.webp\" alt=\"\" class=\"wp-image-213444\" srcset=\"https:\/\/www.gaveanews.com\/wp-content\/uploads\/Leandro-Castan-pelo-Vasco-1024x825.webp 1024w, https:\/\/www.gaveanews.com\/wp-content\/uploads\/Leandro-Castan-pelo-Vasco-300x242.webp 300w, https:\/\/www.gaveanews.com\/wp-content\/uploads\/Leandro-Castan-pelo-Vasco-768x619.webp 768w, https:\/\/www.gaveanews.com\/wp-content\/uploads\/Leandro-Castan-pelo-Vasco-521x420.webp 521w, https:\/\/www.gaveanews.com\/wp-content\/uploads\/Leandro-Castan-pelo-Vasco-1043x840.webp 1043w, https:\/\/www.gaveanews.com\/wp-content\/uploads\/Leandro-Castan-pelo-Vasco-640x516.webp 640w, https:\/\/www.gaveanews.com\/wp-content\/uploads\/Leandro-Castan-pelo-Vasco-1280x1031.webp 1280w, https:\/\/www.gaveanews.com\/wp-content\/uploads\/Leandro-Castan-pelo-Vasco-681x549.webp 681w, https:\/\/www.gaveanews.com\/wp-content\/uploads\/Leandro-Castan-pelo-Vasco-100x81.webp 100w, https:\/\/www.gaveanews.com\/wp-content\/uploads\/Leandro-Castan-pelo-Vasco.webp 1291w\" sizes=\"auto, (max-width: 1024px) 100vw, 1024px\" \/><figcaption class=\"wp-element-caption\">Leandro Castan pelo Vasco (Foto: Rafael Ribeiro\/Vasco)<\/figcaption><\/figure>\n\n\n\n<p>S\u00e1 Pinto relembrou o cen\u00e1rio desafiador que enfrentou no comando do clube, citando a press\u00e3o por resultados e a necessidade de adaptar o time para suprir limita\u00e7\u00f5es f\u00edsicas de alguns jogadores. <\/p>\n\n\n\n<p>Al\u00e9m das cr\u00edticas, ele revelou m\u00e1goa com Cast\u00e1n, alegando que tentou ajud\u00e1-lo durante um per\u00edodo conturbado, mas se decepcionou com declara\u00e7\u00f5es feitas pelo jogador ap\u00f3s sua sa\u00edda. A rela\u00e7\u00e3o entre os dois foi marcada por conflitos, refletindo o ambiente inst\u00e1vel do Vasco \u00e0 \u00e9poca.<\/p>\n\n\n\n<p>Enquanto as pol\u00eamicas do passado ressurgem, o Vasco foca no presente. A estreia no Campeonato Brasileiro ser\u00e1 contra o Santos, em S\u00e3o Janu\u00e1rio, neste domingo (30). O clube trabalha para iniciar bem a temporada e superar as turbul\u00eancias recentes, tanto dentro quanto fora de campo. Sob nova gest\u00e3o t\u00e9cnica, a expectativa \u00e9 deixar para tr\u00e1s os epis\u00f3dios de desentendimentos e construir uma trajet\u00f3ria mais s\u00f3lida em 2025.<\/p>\n\n\n\n<h2 class=\"wp-block-heading\" id=\"h-vasco-jogara-em-estadio-alternativo\">Vasco jogar\u00e1 em est\u00e1dio alternativo<\/h2>\n\n\n\n<p>O duelo entre Vasco e Palmeiras pela s\u00e9tima rodada do Campeonato Brasileiro 2025, previsto para os dias 3 ou 4 de maio, n\u00e3o acontecer\u00e1 em S\u00e3o Janu\u00e1rio como de costume. O confronto, apesar de ter mando vasca\u00edno, ser\u00e1 realizado no Est\u00e1dio Man\u00e9 Garrincha, em Bras\u00edlia. A decis\u00e3o de transferir o local da partida gerou insatisfa\u00e7\u00e3o entre os torcedores cruz-maltinos, especialmente ap\u00f3s a diretoria, liderada pelo presidente Pedrinho, prometer priorizar jogos em casa nesta temporada<strong><a href=\"https:\/\/www.gaveanews.com\/index.php\/2025\/03\/25\/vasco-x-palmeiras-sera-disputado-em-estadio-alternativo-2\/\"> (leia a mat\u00e9ria completa).<\/a><\/strong><\/p>\n\n\n\n<figure class=\"wp-block-image size-full\"><img loading=\"lazy\" decoding=\"async\" width=\"1000\" height=\"667\" src=\"http:\/\/www.gaveanews.com\/wp-content\/uploads\/Taca-do-Campeonato-Brasileiro.webp\" alt=\"\" class=\"wp-image-86017\" srcset=\"https:\/\/www.gaveanews.com\/wp-content\/uploads\/Taca-do-Campeonato-Brasileiro.webp 1000w, https:\/\/www.gaveanews.com\/wp-content\/uploads\/Taca-do-Campeonato-Brasileiro-300x200.webp 300w, https:\/\/www.gaveanews.com\/wp-content\/uploads\/Taca-do-Campeonato-Brasileiro-768x512.webp 768w, https:\/\/www.gaveanews.com\/wp-content\/uploads\/Taca-do-Campeonato-Brasileiro-630x420.webp 630w, https:\/\/www.gaveanews.com\/wp-content\/uploads\/Taca-do-Campeonato-Brasileiro-640x427.webp 640w, https:\/\/www.gaveanews.com\/wp-content\/uploads\/Taca-do-Campeonato-Brasileiro-681x454.webp 681w, https:\/\/www.gaveanews.com\/wp-content\/uploads\/Taca-do-Campeonato-Brasileiro-100x67.webp 100w\" sizes=\"auto, (max-width: 1000px) 100vw, 1000px\" \/><figcaption class=\"wp-element-caption\">Ta\u00e7a do Campeonato Brasileiro (Foto: Lucas Figueiredo\/CBF)<\/figcaption><\/figure>\n\n\n\n<p>Segundo apura\u00e7\u00e3o, o Vasco acertou a venda do mando de dois jogos \u2013 contra Palmeiras e Botafogo \u2013 em troca de uma arrecada\u00e7\u00e3o estimada em R$ 4 milh\u00f5es, sendo R$ 2 milh\u00f5es por cada duelo. A mudan\u00e7a ainda n\u00e3o foi oficializada pela CBF, que divulgar\u00e1 em breve a tabela detalhada das rodadas seguintes do campeonato. Mesmo assim, a negocia\u00e7\u00e3o com empres\u00e1rios que organizam partidas em arenas fora do Rio de Janeiro j\u00e1 est\u00e1 praticamente definida.<\/p>\n\n\n\n<p>Enquanto a confirma\u00e7\u00e3o n\u00e3o vem, o Vasco foca na estreia do Brasileir\u00e3o, marcada para o pr\u00f3ximo domingo (30), contra o Santos, em S\u00e3o Janu\u00e1rio. J\u00e1 o Palmeiras, que ainda decide o t\u00edtulo do Paulist\u00e3o diante do Corinthians, tamb\u00e9m estreia na mesma data, enfrentando o Botafogo no Allianz Parque. O embate entre cariocas e paulistas em Bras\u00edlia promete movimentar a capital federal, mas reacende o debate sobre o impacto da comercializa\u00e7\u00e3o de mandos de campo no equil\u00edbrio esportivo.<\/p>\n\n\n\n<h2 class=\"wp-block-heading\" id=\"h-saida-confirmada\">Sa\u00edda confirmada<\/h2>\n\n\n\n<p>O Vasco da Gama enfrenta um momento de transi\u00e7\u00e3o interna que vai al\u00e9m das quatro linhas. A recente demiss\u00e3o do fisioterapeuta Alexandre Barbosa, ap\u00f3s oito anos de servi\u00e7os prestados ao clube, \u00e9 mais um cap\u00edtulo de uma s\u00e9rie de desligamentos que t\u00eam causado inseguran\u00e7a nos bastidores de S\u00e3o Janu\u00e1rio. Sem explica\u00e7\u00f5es oficiais por parte da diretoria liderada por Pedrinho, o ambiente entre os funcion\u00e1rios \u00e9 de instabilidade, com trocas constantes e pouca comunica\u00e7\u00e3o institucional<strong><a href=\"https:\/\/www.gaveanews.com\/index.php\/2025\/03\/25\/vasco-encaminha-mais-uma-saida-2\/\"> (leia a mat\u00e9ria completa).<\/a><\/strong><\/p>\n\n\n\n<figure class=\"wp-block-image size-large\"><img loading=\"lazy\" decoding=\"async\" width=\"1024\" height=\"768\" src=\"http:\/\/www.gaveanews.com\/wp-content\/uploads\/Camisa-do-Vasco-2024-1024x768.webp\" alt=\"\" class=\"wp-image-161261\" srcset=\"https:\/\/www.gaveanews.com\/wp-content\/uploads\/Camisa-do-Vasco-2024-1024x768.webp 1024w, https:\/\/www.gaveanews.com\/wp-content\/uploads\/Camisa-do-Vasco-2024-300x225.webp 300w, https:\/\/www.gaveanews.com\/wp-content\/uploads\/Camisa-do-Vasco-2024-768x576.webp 768w, https:\/\/www.gaveanews.com\/wp-content\/uploads\/Camisa-do-Vasco-2024-560x420.webp 560w, https:\/\/www.gaveanews.com\/wp-content\/uploads\/Camisa-do-Vasco-2024-80x60.webp 80w, https:\/\/www.gaveanews.com\/wp-content\/uploads\/Camisa-do-Vasco-2024-160x120.webp 160w, https:\/\/www.gaveanews.com\/wp-content\/uploads\/Camisa-do-Vasco-2024-100x75.webp 100w, https:\/\/www.gaveanews.com\/wp-content\/uploads\/Camisa-do-Vasco-2024-200x150.webp 200w, https:\/\/www.gaveanews.com\/wp-content\/uploads\/Camisa-do-Vasco-2024-180x135.webp 180w, https:\/\/www.gaveanews.com\/wp-content\/uploads\/Camisa-do-Vasco-2024-360x270.webp 360w, https:\/\/www.gaveanews.com\/wp-content\/uploads\/Camisa-do-Vasco-2024-238x178.webp 238w, https:\/\/www.gaveanews.com\/wp-content\/uploads\/Camisa-do-Vasco-2024-476x356.webp 476w, https:\/\/www.gaveanews.com\/wp-content\/uploads\/Camisa-do-Vasco-2024-640x480.webp 640w, https:\/\/www.gaveanews.com\/wp-content\/uploads\/Camisa-do-Vasco-2024-681x511.webp 681w, https:\/\/www.gaveanews.com\/wp-content\/uploads\/Camisa-do-Vasco-2024.webp 1059w\" sizes=\"auto, (max-width: 1024px) 100vw, 1024px\" \/><figcaption class=\"wp-element-caption\">Camisa do Vasco 2024 (Foto: Reprodu\u00e7\u00e3o\/Instagram)<\/figcaption><\/figure>\n\n\n\n<p>Paralelamente ao clima tenso nos bastidores, o clube segue ativo no planejamento do elenco para o restante da temporada. A diretoria j\u00e1 sinalizou que pretende investir mais na janela do meio do ano, mesmo ap\u00f3s ter desembolsado cerca de R$ 60 milh\u00f5es nas \u00faltimas contrata\u00e7\u00f5es. Tr\u00eas posi\u00e7\u00f5es foram definidas como priorit\u00e1rias: um zagueiro, um meio-campista e um atacante, especialmente diante da poss\u00edvel sa\u00edda de Dimitri Payet e da chance de Rayan ser negociado.<\/p>\n\n\n\n<p>Com o Campeonato Brasileiro batendo \u00e0 porta, o Vasco busca n\u00e3o apenas refor\u00e7ar o elenco, mas tamb\u00e9m recuperar a confian\u00e7a de sua torcida e estabilizar a gest\u00e3o do clube. Apesar das turbul\u00eancias internas, a expectativa da diretoria \u00e9 que os investimentos em novas pe\u00e7as tragam mais equil\u00edbrio ao time comandado por F\u00e1bio Carille, que precisa de um desempenho consistente para afastar as d\u00favidas sobre seu trabalho e colocar o clube em rota de crescimento na temporada.<\/p>\n<\/div><\/div>\n","protected":false},"excerpt":{"rendered":"<p>Nas \u00faltimas horas, o foco das not\u00edcias sobre o Vasco se concentram nos bastidores do clube, com destaques do dia a dia do time. Por conta deste contexto, leia abaixo um resumo preparado pela equipe do portal G\u00e1vea News para lhe manter muito bem informado! Recado para Leandro Cast\u00e1n Durante a Data FIFA, enquanto o [&hellip;]<\/p>\n","protected":false},"author":33,"featured_media":147137,"comment_status":"open","ping_status":"closed","sticky":false,"template":"","format":"standard","meta":{"footnotes":""},"categories":[152],"tags":[],"class_list":["post-246442","post","type-post","status-publish","format-standard","has-post-thumbnail","hentry","category-vasco"],"yoast_head":"<!-- This site is optimized with the Yoast SEO Premium plugin v24.2 (Yoast SEO v26.9) - https:\/\/yoast.com\/product\/yoast-seo-premium-wordpress\/ -->\n<title>Sa\u00edda confirmada, Vasco jogar\u00e1 em est\u00e1dio alternativo e recado para Leandro Cast\u00e1n: as \u00faltimas not\u00edcias do Vasco<\/title>\n<meta name=\"robots\" content=\"index, follow, max-snippet:-1, max-image-preview:large, max-video-preview:-1\" \/>\n<link rel=\"canonical\" href=\"https:\/\/www.gaveanews.com\/index.php\/2025\/03\/29\/saida-confirmada-vasco-jogara-em-estadio-alternativo-e-recado-para-leandro-castan-as-ultimas-noticias-do-vasco\/\" \/>\n<meta property=\"og:locale\" content=\"pt_BR\" \/>\n<meta property=\"og:type\" content=\"article\" \/>\n<meta property=\"og:title\" content=\"Sa\u00edda confirmada, Vasco jogar\u00e1 em est\u00e1dio alternativo e recado para Leandro Cast\u00e1n: as \u00faltimas not\u00edcias do Vasco\" \/>\n<meta property=\"og:description\" content=\"Nas \u00faltimas horas, o foco das not\u00edcias sobre o Vasco se concentram nos bastidores do clube, com destaques do dia a dia do time. Por conta deste contexto, leia abaixo um resumo preparado pela equipe do portal G\u00e1vea News para lhe manter muito bem informado! Recado para Leandro Cast\u00e1n Durante a Data FIFA, enquanto o [&hellip;]\" \/>\n<meta property=\"og:url\" content=\"https:\/\/www.gaveanews.com\/index.php\/2025\/03\/29\/saida-confirmada-vasco-jogara-em-estadio-alternativo-e-recado-para-leandro-castan-as-ultimas-noticias-do-vasco\/\" \/>\n<meta property=\"og:site_name\" content=\"G\u00e1vea News\" \/>\n<meta property=\"article:publisher\" content=\"https:\/\/facebook.com\/gaveaNews\/\" \/>\n<meta property=\"article:published_time\" content=\"2025-03-29T20:10:00+00:00\" \/>\n<meta property=\"og:image\" content=\"https:\/\/www.gaveanews.com\/wp-content\/uploads\/1557182039-vasco-x-gremio.webp\" \/>\n\t<meta property=\"og:image:width\" content=\"774\" \/>\n\t<meta property=\"og:image:height\" content=\"435\" \/>\n\t<meta property=\"og:image:type\" content=\"image\/webp\" \/>\n<meta name=\"author\" content=\"Brenda Cezillo\" \/>\n<meta name=\"twitter:card\" content=\"summary_large_image\" \/>\n<meta name=\"twitter:label1\" content=\"Escrito por\" \/>\n\t<meta name=\"twitter:data1\" content=\"Brenda Cezillo\" \/>\n\t<meta name=\"twitter:label2\" content=\"Est. tempo de leitura\" \/>\n\t<meta name=\"twitter:data2\" content=\"5 minutos\" \/>\n<script type=\"application\/ld+json\" class=\"yoast-schema-graph\">{\"@context\":\"https:\/\/schema.org\",\"@graph\":[{\"@type\":\"NewsArticle\",\"@id\":\"https:\/\/www.gaveanews.com\/index.php\/2025\/03\/29\/saida-confirmada-vasco-jogara-em-estadio-alternativo-e-recado-para-leandro-castan-as-ultimas-noticias-do-vasco\/#article\",\"isPartOf\":{\"@id\":\"https:\/\/www.gaveanews.com\/index.php\/2025\/03\/29\/saida-confirmada-vasco-jogara-em-estadio-alternativo-e-recado-para-leandro-castan-as-ultimas-noticias-do-vasco\/\"},\"author\":{\"name\":\"Brenda Cezillo\",\"@id\":\"https:\/\/www.gaveanews.com\/#\/schema\/person\/c79759ca337c40791ae8d08e2923d403\"},\"headline\":\"Sa\u00edda confirmada, Vasco jogar\u00e1 em est\u00e1dio alternativo e recado para Leandro Cast\u00e1n: as \u00faltimas not\u00edcias do Vasco\",\"datePublished\":\"2025-03-29T20:10:00+00:00\",\"mainEntityOfPage\":{\"@id\":\"https:\/\/www.gaveanews.com\/index.php\/2025\/03\/29\/saida-confirmada-vasco-jogara-em-estadio-alternativo-e-recado-para-leandro-castan-as-ultimas-noticias-do-vasco\/\"},\"wordCount\":865,\"commentCount\":0,\"image\":{\"@id\":\"https:\/\/www.gaveanews.com\/index.php\/2025\/03\/29\/saida-confirmada-vasco-jogara-em-estadio-alternativo-e-recado-para-leandro-castan-as-ultimas-noticias-do-vasco\/#primaryimage\"},\"thumbnailUrl\":\"https:\/\/www.gaveanews.com\/wp-content\/uploads\/1557182039-vasco-x-gremio.webp\",\"articleSection\":[\"Vasco\"],\"inLanguage\":\"pt-BR\",\"potentialAction\":[{\"@type\":\"CommentAction\",\"name\":\"Comment\",\"target\":[\"https:\/\/www.gaveanews.com\/index.php\/2025\/03\/29\/saida-confirmada-vasco-jogara-em-estadio-alternativo-e-recado-para-leandro-castan-as-ultimas-noticias-do-vasco\/#respond\"]}],\"copyrightYear\":\"2025\",\"copyrightHolder\":{\"@id\":\"https:\/\/www.gaveanews.com\/#organization\"}},{\"@type\":\"WebPage\",\"@id\":\"https:\/\/www.gaveanews.com\/index.php\/2025\/03\/29\/saida-confirmada-vasco-jogara-em-estadio-alternativo-e-recado-para-leandro-castan-as-ultimas-noticias-do-vasco\/\",\"url\":\"https:\/\/www.gaveanews.com\/index.php\/2025\/03\/29\/saida-confirmada-vasco-jogara-em-estadio-alternativo-e-recado-para-leandro-castan-as-ultimas-noticias-do-vasco\/\",\"name\":\"Sa\u00edda confirmada, Vasco jogar\u00e1 em est\u00e1dio alternativo e recado para Leandro Cast\u00e1n: as \u00faltimas not\u00edcias do Vasco\",\"isPartOf\":{\"@id\":\"https:\/\/www.gaveanews.com\/#website\"},\"primaryImageOfPage\":{\"@id\":\"https:\/\/www.gaveanews.com\/index.php\/2025\/03\/29\/saida-confirmada-vasco-jogara-em-estadio-alternativo-e-recado-para-leandro-castan-as-ultimas-noticias-do-vasco\/#primaryimage\"},\"image\":{\"@id\":\"https:\/\/www.gaveanews.com\/index.php\/2025\/03\/29\/saida-confirmada-vasco-jogara-em-estadio-alternativo-e-recado-para-leandro-castan-as-ultimas-noticias-do-vasco\/#primaryimage\"},\"thumbnailUrl\":\"https:\/\/www.gaveanews.com\/wp-content\/uploads\/1557182039-vasco-x-gremio.webp\",\"datePublished\":\"2025-03-29T20:10:00+00:00\",\"author\":{\"@id\":\"https:\/\/www.gaveanews.com\/#\/schema\/person\/c79759ca337c40791ae8d08e2923d403\"},\"breadcrumb\":{\"@id\":\"https:\/\/www.gaveanews.com\/index.php\/2025\/03\/29\/saida-confirmada-vasco-jogara-em-estadio-alternativo-e-recado-para-leandro-castan-as-ultimas-noticias-do-vasco\/#breadcrumb\"},\"inLanguage\":\"pt-BR\",\"potentialAction\":[{\"@type\":\"ReadAction\",\"target\":[\"https:\/\/www.gaveanews.com\/index.php\/2025\/03\/29\/saida-confirmada-vasco-jogara-em-estadio-alternativo-e-recado-para-leandro-castan-as-ultimas-noticias-do-vasco\/\"]}]},{\"@type\":\"ImageObject\",\"inLanguage\":\"pt-BR\",\"@id\":\"https:\/\/www.gaveanews.com\/index.php\/2025\/03\/29\/saida-confirmada-vasco-jogara-em-estadio-alternativo-e-recado-para-leandro-castan-as-ultimas-noticias-do-vasco\/#primaryimage\",\"url\":\"https:\/\/www.gaveanews.com\/wp-content\/uploads\/1557182039-vasco-x-gremio.webp\",\"contentUrl\":\"https:\/\/www.gaveanews.com\/wp-content\/uploads\/1557182039-vasco-x-gremio.webp\",\"width\":774,\"height\":435,\"caption\":\"Foto: @vascodagama \/ Leandro Amorim \/ RD1\"},{\"@type\":\"BreadcrumbList\",\"@id\":\"https:\/\/www.gaveanews.com\/index.php\/2025\/03\/29\/saida-confirmada-vasco-jogara-em-estadio-alternativo-e-recado-para-leandro-castan-as-ultimas-noticias-do-vasco\/#breadcrumb\",\"itemListElement\":[{\"@type\":\"ListItem\",\"position\":1,\"name\":\"Home\",\"item\":\"https:\/\/www.gaveanews.com\/\"},{\"@type\":\"ListItem\",\"position\":2,\"name\":\"Sa\u00edda confirmada, Vasco jogar\u00e1 em est\u00e1dio alternativo e recado para Leandro Cast\u00e1n: as \u00faltimas not\u00edcias do Vasco\"}]},{\"@type\":\"WebSite\",\"@id\":\"https:\/\/www.gaveanews.com\/#website\",\"url\":\"https:\/\/www.gaveanews.com\/\",\"name\":\"G\u00e1vea News\",\"description\":\"Veja todas as not\u00edcias sobre o Flamengo: Contrata\u00e7\u00f5es, categorias de base, resultados das partidas, tabela de classifica\u00e7\u00e3o, pr\u00f3ximos jogos!\",\"potentialAction\":[{\"@type\":\"SearchAction\",\"target\":{\"@type\":\"EntryPoint\",\"urlTemplate\":\"https:\/\/www.gaveanews.com\/?s={search_term_string}\"},\"query-input\":{\"@type\":\"PropertyValueSpecification\",\"valueRequired\":true,\"valueName\":\"search_term_string\"}}],\"inLanguage\":\"pt-BR\"},{\"@type\":\"Person\",\"@id\":\"https:\/\/www.gaveanews.com\/#\/schema\/person\/c79759ca337c40791ae8d08e2923d403\",\"name\":\"Brenda Cezillo\",\"image\":{\"@type\":\"ImageObject\",\"inLanguage\":\"pt-BR\",\"@id\":\"https:\/\/www.gaveanews.com\/#\/schema\/person\/image\/\",\"url\":\"https:\/\/secure.gravatar.com\/avatar\/1738d75cee7317f9c29ae61dd67620c5883d80a92e42a6fff88ae5d527af217a?s=96&d=mm&r=g\",\"contentUrl\":\"https:\/\/secure.gravatar.com\/avatar\/1738d75cee7317f9c29ae61dd67620c5883d80a92e42a6fff88ae5d527af217a?s=96&d=mm&r=g\",\"caption\":\"Brenda Cezillo\"}}]}<\/script>\n<!-- \/ Yoast SEO Premium plugin. -->","yoast_head_json":{"title":"Sa\u00edda confirmada, Vasco jogar\u00e1 em est\u00e1dio alternativo e recado para Leandro Cast\u00e1n: as \u00faltimas not\u00edcias do Vasco","robots":{"index":"index","follow":"follow","max-snippet":"max-snippet:-1","max-image-preview":"max-image-preview:large","max-video-preview":"max-video-preview:-1"},"canonical":"https:\/\/www.gaveanews.com\/index.php\/2025\/03\/29\/saida-confirmada-vasco-jogara-em-estadio-alternativo-e-recado-para-leandro-castan-as-ultimas-noticias-do-vasco\/","og_locale":"pt_BR","og_type":"article","og_title":"Sa\u00edda confirmada, Vasco jogar\u00e1 em est\u00e1dio alternativo e recado para Leandro Cast\u00e1n: as \u00faltimas not\u00edcias do Vasco","og_description":"Nas \u00faltimas horas, o foco das not\u00edcias sobre o Vasco se concentram nos bastidores do clube, com destaques do dia a dia do time. Por conta deste contexto, leia abaixo um resumo preparado pela equipe do portal G\u00e1vea News para lhe manter muito bem informado! Recado para Leandro Cast\u00e1n Durante a Data FIFA, enquanto o [&hellip;]","og_url":"https:\/\/www.gaveanews.com\/index.php\/2025\/03\/29\/saida-confirmada-vasco-jogara-em-estadio-alternativo-e-recado-para-leandro-castan-as-ultimas-noticias-do-vasco\/","og_site_name":"G\u00e1vea News","article_publisher":"https:\/\/facebook.com\/gaveaNews\/","article_published_time":"2025-03-29T20:10:00+00:00","og_image":[{"width":774,"height":435,"url":"https:\/\/www.gaveanews.com\/wp-content\/uploads\/1557182039-vasco-x-gremio.webp","type":"image\/webp"}],"author":"Brenda Cezillo","twitter_card":"summary_large_image","twitter_misc":{"Escrito por":"Brenda Cezillo","Est. tempo de leitura":"5 minutos"},"schema":{"@context":"https:\/\/schema.org","@graph":[{"@type":"NewsArticle","@id":"https:\/\/www.gaveanews.com\/index.php\/2025\/03\/29\/saida-confirmada-vasco-jogara-em-estadio-alternativo-e-recado-para-leandro-castan-as-ultimas-noticias-do-vasco\/#article","isPartOf":{"@id":"https:\/\/www.gaveanews.com\/index.php\/2025\/03\/29\/saida-confirmada-vasco-jogara-em-estadio-alternativo-e-recado-para-leandro-castan-as-ultimas-noticias-do-vasco\/"},"author":{"name":"Brenda Cezillo","@id":"https:\/\/www.gaveanews.com\/#\/schema\/person\/c79759ca337c40791ae8d08e2923d403"},"headline":"Sa\u00edda confirmada, Vasco jogar\u00e1 em est\u00e1dio alternativo e recado para Leandro Cast\u00e1n: as \u00faltimas not\u00edcias do Vasco","datePublished":"2025-03-29T20:10:00+00:00","mainEntityOfPage":{"@id":"https:\/\/www.gaveanews.com\/index.php\/2025\/03\/29\/saida-confirmada-vasco-jogara-em-estadio-alternativo-e-recado-para-leandro-castan-as-ultimas-noticias-do-vasco\/"},"wordCount":865,"commentCount":0,"image":{"@id":"https:\/\/www.gaveanews.com\/index.php\/2025\/03\/29\/saida-confirmada-vasco-jogara-em-estadio-alternativo-e-recado-para-leandro-castan-as-ultimas-noticias-do-vasco\/#primaryimage"},"thumbnailUrl":"https:\/\/www.gaveanews.com\/wp-content\/uploads\/1557182039-vasco-x-gremio.webp","articleSection":["Vasco"],"inLanguage":"pt-BR","potentialAction":[{"@type":"CommentAction","name":"Comment","target":["https:\/\/www.gaveanews.com\/index.php\/2025\/03\/29\/saida-confirmada-vasco-jogara-em-estadio-alternativo-e-recado-para-leandro-castan-as-ultimas-noticias-do-vasco\/#respond"]}],"copyrightYear":"2025","copyrightHolder":{"@id":"https:\/\/www.gaveanews.com\/#organization"}},{"@type":"WebPage","@id":"https:\/\/www.gaveanews.com\/index.php\/2025\/03\/29\/saida-confirmada-vasco-jogara-em-estadio-alternativo-e-recado-para-leandro-castan-as-ultimas-noticias-do-vasco\/","url":"https:\/\/www.gaveanews.com\/index.php\/2025\/03\/29\/saida-confirmada-vasco-jogara-em-estadio-alternativo-e-recado-para-leandro-castan-as-ultimas-noticias-do-vasco\/","name":"Sa\u00edda confirmada, Vasco jogar\u00e1 em est\u00e1dio alternativo e recado para Leandro Cast\u00e1n: as \u00faltimas not\u00edcias do Vasco","isPartOf":{"@id":"https:\/\/www.gaveanews.com\/#website"},"primaryImageOfPage":{"@id":"https:\/\/www.gaveanews.com\/index.php\/2025\/03\/29\/saida-confirmada-vasco-jogara-em-estadio-alternativo-e-recado-para-leandro-castan-as-ultimas-noticias-do-vasco\/#primaryimage"},"image":{"@id":"https:\/\/www.gaveanews.com\/index.php\/2025\/03\/29\/saida-confirmada-vasco-jogara-em-estadio-alternativo-e-recado-para-leandro-castan-as-ultimas-noticias-do-vasco\/#primaryimage"},"thumbnailUrl":"https:\/\/www.gaveanews.com\/wp-content\/uploads\/1557182039-vasco-x-gremio.webp","datePublished":"2025-03-29T20:10:00+00:00","author":{"@id":"https:\/\/www.gaveanews.com\/#\/schema\/person\/c79759ca337c40791ae8d08e2923d403"},"breadcrumb":{"@id":"https:\/\/www.gaveanews.com\/index.php\/2025\/03\/29\/saida-confirmada-vasco-jogara-em-estadio-alternativo-e-recado-para-leandro-castan-as-ultimas-noticias-do-vasco\/#breadcrumb"},"inLanguage":"pt-BR","potentialAction":[{"@type":"ReadAction","target":["https:\/\/www.gaveanews.com\/index.php\/2025\/03\/29\/saida-confirmada-vasco-jogara-em-estadio-alternativo-e-recado-para-leandro-castan-as-ultimas-noticias-do-vasco\/"]}]},{"@type":"ImageObject","inLanguage":"pt-BR","@id":"https:\/\/www.gaveanews.com\/index.php\/2025\/03\/29\/saida-confirmada-vasco-jogara-em-estadio-alternativo-e-recado-para-leandro-castan-as-ultimas-noticias-do-vasco\/#primaryimage","url":"https:\/\/www.gaveanews.com\/wp-content\/uploads\/1557182039-vasco-x-gremio.webp","contentUrl":"https:\/\/www.gaveanews.com\/wp-content\/uploads\/1557182039-vasco-x-gremio.webp","width":774,"height":435,"caption":"Foto: @vascodagama \/ Leandro Amorim \/ RD1"},{"@type":"BreadcrumbList","@id":"https:\/\/www.gaveanews.com\/index.php\/2025\/03\/29\/saida-confirmada-vasco-jogara-em-estadio-alternativo-e-recado-para-leandro-castan-as-ultimas-noticias-do-vasco\/#breadcrumb","itemListElement":[{"@type":"ListItem","position":1,"name":"Home","item":"https:\/\/www.gaveanews.com\/"},{"@type":"ListItem","position":2,"name":"Sa\u00edda confirmada, Vasco jogar\u00e1 em est\u00e1dio alternativo e recado para Leandro Cast\u00e1n: as \u00faltimas not\u00edcias do Vasco"}]},{"@type":"WebSite","@id":"https:\/\/www.gaveanews.com\/#website","url":"https:\/\/www.gaveanews.com\/","name":"G\u00e1vea News","description":"Veja todas as not\u00edcias sobre o Flamengo: Contrata\u00e7\u00f5es, categorias de base, resultados das partidas, tabela de classifica\u00e7\u00e3o, pr\u00f3ximos jogos!","potentialAction":[{"@type":"SearchAction","target":{"@type":"EntryPoint","urlTemplate":"https:\/\/www.gaveanews.com\/?s={search_term_string}"},"query-input":{"@type":"PropertyValueSpecification","valueRequired":true,"valueName":"search_term_string"}}],"inLanguage":"pt-BR"},{"@type":"Person","@id":"https:\/\/www.gaveanews.com\/#\/schema\/person\/c79759ca337c40791ae8d08e2923d403","name":"Brenda Cezillo","image":{"@type":"ImageObject","inLanguage":"pt-BR","@id":"https:\/\/www.gaveanews.com\/#\/schema\/person\/image\/","url":"https:\/\/secure.gravatar.com\/avatar\/1738d75cee7317f9c29ae61dd67620c5883d80a92e42a6fff88ae5d527af217a?s=96&d=mm&r=g","contentUrl":"https:\/\/secure.gravatar.com\/avatar\/1738d75cee7317f9c29ae61dd67620c5883d80a92e42a6fff88ae5d527af217a?s=96&d=mm&r=g","caption":"Brenda Cezillo"}}]}},"_links":{"self":[{"href":"https:\/\/www.gaveanews.com\/index.php\/wp-json\/wp\/v2\/posts\/246442","targetHints":{"allow":["GET"]}}],"collection":[{"href":"https:\/\/www.gaveanews.com\/index.php\/wp-json\/wp\/v2\/posts"}],"about":[{"href":"https:\/\/www.gaveanews.com\/index.php\/wp-json\/wp\/v2\/types\/post"}],"author":[{"embeddable":true,"href":"https:\/\/www.gaveanews.com\/index.php\/wp-json\/wp\/v2\/users\/33"}],"replies":[{"embeddable":true,"href":"https:\/\/www.gaveanews.com\/index.php\/wp-json\/wp\/v2\/comments?post=246442"}],"version-history":[{"count":1,"href":"https:\/\/www.gaveanews.com\/index.php\/wp-json\/wp\/v2\/posts\/246442\/revisions"}],"predecessor-version":[{"id":246455,"href":"https:\/\/www.gaveanews.com\/index.php\/wp-json\/wp\/v2\/posts\/246442\/revisions\/246455"}],"wp:featuredmedia":[{"embeddable":true,"href":"https:\/\/www.gaveanews.com\/index.php\/wp-json\/wp\/v2\/media\/147137"}],"wp:attachment":[{"href":"https:\/\/www.gaveanews.com\/index.php\/wp-json\/wp\/v2\/media?parent=246442"}],"wp:term":[{"taxonomy":"category","embeddable":true,"href":"https:\/\/www.gaveanews.com\/index.php\/wp-json\/wp\/v2\/categories?post=246442"},{"taxonomy":"post_tag","embeddable":true,"href":"https:\/\/www.gaveanews.com\/index.php\/wp-json\/wp\/v2\/tags?post=246442"}],"curies":[{"name":"wp","href":"https:\/\/api.w.org\/{rel}","templated":true}]}}