{"id":246454,"date":"2025-03-29T16:30:00","date_gmt":"2025-03-29T19:30:00","guid":{"rendered":"https:\/\/www.gaveanews.com\/?p=246454"},"modified":"2025-03-29T15:21:15","modified_gmt":"2025-03-29T18:21:15","slug":"a-declaracao-de-dede-direcionada-a-jorge-jesus-na-selecao-brasileira","status":"publish","type":"post","link":"https:\/\/www.gaveanews.com\/index.php\/2025\/03\/29\/a-declaracao-de-dede-direcionada-a-jorge-jesus-na-selecao-brasileira\/","title":{"rendered":"A declara\u00e7\u00e3o de Ded\u00e9 direcionada a Jorge Jesus na Sele\u00e7\u00e3o Brasileira"},"content":{"rendered":"\n<p>A poss\u00edvel chegada de Jorge Jesus ao comando da sele\u00e7\u00e3o brasileira tem gerado rea\u00e7\u00f5es no meio esportivo. Entre os que se manifestaram, o ex-zagueiro Ded\u00e9, que atuou com a camisa da sele\u00e7\u00e3o at\u00e9 2018, avaliou positivamente a ideia. Para ele, o treinador portugu\u00eas seria capaz de resgatar a competitividade e a disciplina no ambiente da equipe nacional.<\/p>\n\n\n\n<p>Segundo Ded\u00e9, a sele\u00e7\u00e3o carece de um t\u00e9cnico com pulso firme, e Jesus se encaixaria nesse perfil. \u201cEle vai colocar o jogador no seu devido lugar, independentemente de nome ou status\u201d, declarou. O ex-defensor destacou que o estilo direto e exigente do t\u00e9cnico, j\u00e1 visto durante sua passagem pelo Flamengo, poderia ser um diferencial no atual momento.<\/p>\n\n\n\n<p>Ainda conforme a an\u00e1lise de Ded\u00e9, h\u00e1 jogadores que aparentam estar acomodados, confiantes de que estar\u00e3o na Copa do Mundo de 2026 mesmo antes do fim das eliminat\u00f3rias. Ele relembrou que, anteriormente, havia um empenho maior durante o ciclo classificat\u00f3rio. \u201cParece que j\u00e1 est\u00e3o classificados. E nunca foi assim\u201d, comentou.<\/p>\n\n\n\n<p>Ali\u00e1s, Ded\u00e9 mencionou tamb\u00e9m o nome de Abel Ferreira, atual t\u00e9cnico do Palmeiras, ressaltando sua compet\u00eancia t\u00e1tica. Embora veja Jorge Jesus como um nome forte pela postura firme, o ex-zagueiro acredita que Abel se destaca pelo aspecto estrat\u00e9gico.<\/p>\n\n\n\n<p>A Confedera\u00e7\u00e3o Brasileira de Futebol (CBF) tem Jorge Jesus como principal alvo para substituir Dorival J\u00fanior, recentemente desligado do cargo. A entidade busca agora entender quando o treinador poderia se desvincular do Al Hilal, clube saudita que disputa o Mundial de Clubes.<\/p>\n\n\n\n<p>Por fim, resta \u00e0 CBF decidir se aguarda a libera\u00e7\u00e3o de Jorge Jesus ou se considera alternativas. A poss\u00edvel contrata\u00e7\u00e3o depende, sobretudo, do alinhamento entre calend\u00e1rio, planejamento e interesse m\u00fatuo.<\/p>\n\n\n\n<p>Jorge Jesus \u00e9 o plano A do presidente Ednaldo Rodrigues para assumir o comando t\u00e9cnico da Sele\u00e7\u00e3o Brasileira apos a demiss\u00e3o de Dorival Junior. <\/p>\n","protected":false},"excerpt":{"rendered":"<p>A poss\u00edvel chegada de Jorge Jesus ao comando da sele\u00e7\u00e3o brasileira tem gerado rea\u00e7\u00f5es no meio esportivo. Entre os que se manifestaram, o ex-zagueiro Ded\u00e9, que atuou com a camisa da sele\u00e7\u00e3o at\u00e9 2018, avaliou positivamente a ideia. Para ele, o treinador portugu\u00eas seria capaz de resgatar a competitividade e a disciplina no ambiente da [&hellip;]<\/p>\n","protected":false},"author":18,"featured_media":70067,"comment_status":"open","ping_status":"closed","sticky":false,"template":"","format":"standard","meta":{"footnotes":""},"categories":[478,477],"tags":[],"class_list":["post-246454","post","type-post","status-publish","format-standard","has-post-thumbnail","hentry","category-brasil","category-selecoes"],"yoast_head":"<!-- This site is optimized with the Yoast SEO Premium plugin v24.2 (Yoast SEO v26.9) - https:\/\/yoast.com\/product\/yoast-seo-premium-wordpress\/ -->\n<title>A declara\u00e7\u00e3o de Ded\u00e9 direcionada a Jorge Jesus na Sele\u00e7\u00e3o Brasileira<\/title>\n<meta name=\"robots\" content=\"index, follow, max-snippet:-1, max-image-preview:large, max-video-preview:-1\" \/>\n<link rel=\"canonical\" href=\"https:\/\/www.gaveanews.com\/index.php\/2025\/03\/29\/a-declaracao-de-dede-direcionada-a-jorge-jesus-na-selecao-brasileira\/\" \/>\n<meta property=\"og:locale\" content=\"pt_BR\" \/>\n<meta property=\"og:type\" content=\"article\" \/>\n<meta property=\"og:title\" content=\"A declara\u00e7\u00e3o de Ded\u00e9 direcionada a Jorge Jesus na Sele\u00e7\u00e3o Brasileira\" \/>\n<meta property=\"og:description\" content=\"A poss\u00edvel chegada de Jorge Jesus ao comando da sele\u00e7\u00e3o brasileira tem gerado rea\u00e7\u00f5es no meio esportivo. Entre os que se manifestaram, o ex-zagueiro Ded\u00e9, que atuou com a camisa da sele\u00e7\u00e3o at\u00e9 2018, avaliou positivamente a ideia. Para ele, o treinador portugu\u00eas seria capaz de resgatar a competitividade e a disciplina no ambiente da [&hellip;]\" \/>\n<meta property=\"og:url\" content=\"https:\/\/www.gaveanews.com\/index.php\/2025\/03\/29\/a-declaracao-de-dede-direcionada-a-jorge-jesus-na-selecao-brasileira\/\" \/>\n<meta property=\"og:site_name\" content=\"G\u00e1vea News\" \/>\n<meta property=\"article:publisher\" content=\"https:\/\/facebook.com\/gaveaNews\/\" \/>\n<meta property=\"article:published_time\" content=\"2025-03-29T19:30:00+00:00\" \/>\n<meta property=\"og:image\" content=\"https:\/\/www.gaveanews.com\/wp-content\/uploads\/Dede-concede-coletiva-no-Cruzeiro.webp\" \/>\n\t<meta property=\"og:image:width\" content=\"1024\" \/>\n\t<meta property=\"og:image:height\" content=\"576\" \/>\n\t<meta property=\"og:image:type\" content=\"image\/webp\" \/>\n<meta name=\"author\" content=\"Paula Silva\" \/>\n<meta name=\"twitter:card\" content=\"summary_large_image\" \/>\n<meta name=\"twitter:label1\" content=\"Escrito por\" \/>\n\t<meta name=\"twitter:data1\" content=\"Paula Silva\" \/>\n\t<meta name=\"twitter:label2\" content=\"Est. tempo de leitura\" \/>\n\t<meta name=\"twitter:data2\" content=\"2 minutos\" \/>\n<script type=\"application\/ld+json\" class=\"yoast-schema-graph\">{\"@context\":\"https:\/\/schema.org\",\"@graph\":[{\"@type\":\"NewsArticle\",\"@id\":\"https:\/\/www.gaveanews.com\/index.php\/2025\/03\/29\/a-declaracao-de-dede-direcionada-a-jorge-jesus-na-selecao-brasileira\/#article\",\"isPartOf\":{\"@id\":\"https:\/\/www.gaveanews.com\/index.php\/2025\/03\/29\/a-declaracao-de-dede-direcionada-a-jorge-jesus-na-selecao-brasileira\/\"},\"author\":{\"name\":\"Paula Silva\",\"@id\":\"https:\/\/www.gaveanews.com\/#\/schema\/person\/daf63eec72e1164eb13dc35096c2b8da\"},\"headline\":\"A declara\u00e7\u00e3o de Ded\u00e9 direcionada a Jorge Jesus na Sele\u00e7\u00e3o Brasileira\",\"datePublished\":\"2025-03-29T19:30:00+00:00\",\"mainEntityOfPage\":{\"@id\":\"https:\/\/www.gaveanews.com\/index.php\/2025\/03\/29\/a-declaracao-de-dede-direcionada-a-jorge-jesus-na-selecao-brasileira\/\"},\"wordCount\":336,\"commentCount\":0,\"image\":{\"@id\":\"https:\/\/www.gaveanews.com\/index.php\/2025\/03\/29\/a-declaracao-de-dede-direcionada-a-jorge-jesus-na-selecao-brasileira\/#primaryimage\"},\"thumbnailUrl\":\"https:\/\/www.gaveanews.com\/wp-content\/uploads\/Dede-concede-coletiva-no-Cruzeiro.webp\",\"articleSection\":[\"Brasil\",\"Sele\u00e7\u00f5es\"],\"inLanguage\":\"pt-BR\",\"potentialAction\":[{\"@type\":\"CommentAction\",\"name\":\"Comment\",\"target\":[\"https:\/\/www.gaveanews.com\/index.php\/2025\/03\/29\/a-declaracao-de-dede-direcionada-a-jorge-jesus-na-selecao-brasileira\/#respond\"]}],\"copyrightYear\":\"2025\",\"copyrightHolder\":{\"@id\":\"https:\/\/www.gaveanews.com\/#organization\"}},{\"@type\":\"WebPage\",\"@id\":\"https:\/\/www.gaveanews.com\/index.php\/2025\/03\/29\/a-declaracao-de-dede-direcionada-a-jorge-jesus-na-selecao-brasileira\/\",\"url\":\"https:\/\/www.gaveanews.com\/index.php\/2025\/03\/29\/a-declaracao-de-dede-direcionada-a-jorge-jesus-na-selecao-brasileira\/\",\"name\":\"A declara\u00e7\u00e3o de Ded\u00e9 direcionada a Jorge Jesus na Sele\u00e7\u00e3o Brasileira\",\"isPartOf\":{\"@id\":\"https:\/\/www.gaveanews.com\/#website\"},\"primaryImageOfPage\":{\"@id\":\"https:\/\/www.gaveanews.com\/index.php\/2025\/03\/29\/a-declaracao-de-dede-direcionada-a-jorge-jesus-na-selecao-brasileira\/#primaryimage\"},\"image\":{\"@id\":\"https:\/\/www.gaveanews.com\/index.php\/2025\/03\/29\/a-declaracao-de-dede-direcionada-a-jorge-jesus-na-selecao-brasileira\/#primaryimage\"},\"thumbnailUrl\":\"https:\/\/www.gaveanews.com\/wp-content\/uploads\/Dede-concede-coletiva-no-Cruzeiro.webp\",\"datePublished\":\"2025-03-29T19:30:00+00:00\",\"author\":{\"@id\":\"https:\/\/www.gaveanews.com\/#\/schema\/person\/daf63eec72e1164eb13dc35096c2b8da\"},\"breadcrumb\":{\"@id\":\"https:\/\/www.gaveanews.com\/index.php\/2025\/03\/29\/a-declaracao-de-dede-direcionada-a-jorge-jesus-na-selecao-brasileira\/#breadcrumb\"},\"inLanguage\":\"pt-BR\",\"potentialAction\":[{\"@type\":\"ReadAction\",\"target\":[\"https:\/\/www.gaveanews.com\/index.php\/2025\/03\/29\/a-declaracao-de-dede-direcionada-a-jorge-jesus-na-selecao-brasileira\/\"]}]},{\"@type\":\"ImageObject\",\"inLanguage\":\"pt-BR\",\"@id\":\"https:\/\/www.gaveanews.com\/index.php\/2025\/03\/29\/a-declaracao-de-dede-direcionada-a-jorge-jesus-na-selecao-brasileira\/#primaryimage\",\"url\":\"https:\/\/www.gaveanews.com\/wp-content\/uploads\/Dede-concede-coletiva-no-Cruzeiro.webp\",\"contentUrl\":\"https:\/\/www.gaveanews.com\/wp-content\/uploads\/Dede-concede-coletiva-no-Cruzeiro.webp\",\"width\":1024,\"height\":576,\"caption\":\"Ded\u00e9 em coletiva no Cruzeiro (Foto: Bruno Haddad\/Cruzeiro)\"},{\"@type\":\"BreadcrumbList\",\"@id\":\"https:\/\/www.gaveanews.com\/index.php\/2025\/03\/29\/a-declaracao-de-dede-direcionada-a-jorge-jesus-na-selecao-brasileira\/#breadcrumb\",\"itemListElement\":[{\"@type\":\"ListItem\",\"position\":1,\"name\":\"Home\",\"item\":\"https:\/\/www.gaveanews.com\/\"},{\"@type\":\"ListItem\",\"position\":2,\"name\":\"A declara\u00e7\u00e3o de Ded\u00e9 direcionada a Jorge Jesus na Sele\u00e7\u00e3o Brasileira\"}]},{\"@type\":\"WebSite\",\"@id\":\"https:\/\/www.gaveanews.com\/#website\",\"url\":\"https:\/\/www.gaveanews.com\/\",\"name\":\"G\u00e1vea News\",\"description\":\"Veja todas as not\u00edcias sobre o Flamengo: Contrata\u00e7\u00f5es, categorias de base, resultados das partidas, tabela de classifica\u00e7\u00e3o, pr\u00f3ximos jogos!\",\"potentialAction\":[{\"@type\":\"SearchAction\",\"target\":{\"@type\":\"EntryPoint\",\"urlTemplate\":\"https:\/\/www.gaveanews.com\/?s={search_term_string}\"},\"query-input\":{\"@type\":\"PropertyValueSpecification\",\"valueRequired\":true,\"valueName\":\"search_term_string\"}}],\"inLanguage\":\"pt-BR\"},{\"@type\":\"Person\",\"@id\":\"https:\/\/www.gaveanews.com\/#\/schema\/person\/daf63eec72e1164eb13dc35096c2b8da\",\"name\":\"Paula Silva\",\"image\":{\"@type\":\"ImageObject\",\"inLanguage\":\"pt-BR\",\"@id\":\"https:\/\/www.gaveanews.com\/#\/schema\/person\/image\/\",\"url\":\"https:\/\/secure.gravatar.com\/avatar\/eda381c845527cc5d64c13b901833cda29d97500ba040d3e6461f76f51d163bb?s=96&d=mm&r=g\",\"contentUrl\":\"https:\/\/secure.gravatar.com\/avatar\/eda381c845527cc5d64c13b901833cda29d97500ba040d3e6461f76f51d163bb?s=96&d=mm&r=g\",\"caption\":\"Paula Silva\"}}]}<\/script>\n<!-- \/ Yoast SEO Premium plugin. -->","yoast_head_json":{"title":"A declara\u00e7\u00e3o de Ded\u00e9 direcionada a Jorge Jesus na Sele\u00e7\u00e3o Brasileira","robots":{"index":"index","follow":"follow","max-snippet":"max-snippet:-1","max-image-preview":"max-image-preview:large","max-video-preview":"max-video-preview:-1"},"canonical":"https:\/\/www.gaveanews.com\/index.php\/2025\/03\/29\/a-declaracao-de-dede-direcionada-a-jorge-jesus-na-selecao-brasileira\/","og_locale":"pt_BR","og_type":"article","og_title":"A declara\u00e7\u00e3o de Ded\u00e9 direcionada a Jorge Jesus na Sele\u00e7\u00e3o Brasileira","og_description":"A poss\u00edvel chegada de Jorge Jesus ao comando da sele\u00e7\u00e3o brasileira tem gerado rea\u00e7\u00f5es no meio esportivo. Entre os que se manifestaram, o ex-zagueiro Ded\u00e9, que atuou com a camisa da sele\u00e7\u00e3o at\u00e9 2018, avaliou positivamente a ideia. Para ele, o treinador portugu\u00eas seria capaz de resgatar a competitividade e a disciplina no ambiente da [&hellip;]","og_url":"https:\/\/www.gaveanews.com\/index.php\/2025\/03\/29\/a-declaracao-de-dede-direcionada-a-jorge-jesus-na-selecao-brasileira\/","og_site_name":"G\u00e1vea News","article_publisher":"https:\/\/facebook.com\/gaveaNews\/","article_published_time":"2025-03-29T19:30:00+00:00","og_image":[{"width":1024,"height":576,"url":"https:\/\/www.gaveanews.com\/wp-content\/uploads\/Dede-concede-coletiva-no-Cruzeiro.webp","type":"image\/webp"}],"author":"Paula Silva","twitter_card":"summary_large_image","twitter_misc":{"Escrito por":"Paula Silva","Est. tempo de leitura":"2 minutos"},"schema":{"@context":"https:\/\/schema.org","@graph":[{"@type":"NewsArticle","@id":"https:\/\/www.gaveanews.com\/index.php\/2025\/03\/29\/a-declaracao-de-dede-direcionada-a-jorge-jesus-na-selecao-brasileira\/#article","isPartOf":{"@id":"https:\/\/www.gaveanews.com\/index.php\/2025\/03\/29\/a-declaracao-de-dede-direcionada-a-jorge-jesus-na-selecao-brasileira\/"},"author":{"name":"Paula Silva","@id":"https:\/\/www.gaveanews.com\/#\/schema\/person\/daf63eec72e1164eb13dc35096c2b8da"},"headline":"A declara\u00e7\u00e3o de Ded\u00e9 direcionada a Jorge Jesus na Sele\u00e7\u00e3o Brasileira","datePublished":"2025-03-29T19:30:00+00:00","mainEntityOfPage":{"@id":"https:\/\/www.gaveanews.com\/index.php\/2025\/03\/29\/a-declaracao-de-dede-direcionada-a-jorge-jesus-na-selecao-brasileira\/"},"wordCount":336,"commentCount":0,"image":{"@id":"https:\/\/www.gaveanews.com\/index.php\/2025\/03\/29\/a-declaracao-de-dede-direcionada-a-jorge-jesus-na-selecao-brasileira\/#primaryimage"},"thumbnailUrl":"https:\/\/www.gaveanews.com\/wp-content\/uploads\/Dede-concede-coletiva-no-Cruzeiro.webp","articleSection":["Brasil","Sele\u00e7\u00f5es"],"inLanguage":"pt-BR","potentialAction":[{"@type":"CommentAction","name":"Comment","target":["https:\/\/www.gaveanews.com\/index.php\/2025\/03\/29\/a-declaracao-de-dede-direcionada-a-jorge-jesus-na-selecao-brasileira\/#respond"]}],"copyrightYear":"2025","copyrightHolder":{"@id":"https:\/\/www.gaveanews.com\/#organization"}},{"@type":"WebPage","@id":"https:\/\/www.gaveanews.com\/index.php\/2025\/03\/29\/a-declaracao-de-dede-direcionada-a-jorge-jesus-na-selecao-brasileira\/","url":"https:\/\/www.gaveanews.com\/index.php\/2025\/03\/29\/a-declaracao-de-dede-direcionada-a-jorge-jesus-na-selecao-brasileira\/","name":"A declara\u00e7\u00e3o de Ded\u00e9 direcionada a Jorge Jesus na Sele\u00e7\u00e3o Brasileira","isPartOf":{"@id":"https:\/\/www.gaveanews.com\/#website"},"primaryImageOfPage":{"@id":"https:\/\/www.gaveanews.com\/index.php\/2025\/03\/29\/a-declaracao-de-dede-direcionada-a-jorge-jesus-na-selecao-brasileira\/#primaryimage"},"image":{"@id":"https:\/\/www.gaveanews.com\/index.php\/2025\/03\/29\/a-declaracao-de-dede-direcionada-a-jorge-jesus-na-selecao-brasileira\/#primaryimage"},"thumbnailUrl":"https:\/\/www.gaveanews.com\/wp-content\/uploads\/Dede-concede-coletiva-no-Cruzeiro.webp","datePublished":"2025-03-29T19:30:00+00:00","author":{"@id":"https:\/\/www.gaveanews.com\/#\/schema\/person\/daf63eec72e1164eb13dc35096c2b8da"},"breadcrumb":{"@id":"https:\/\/www.gaveanews.com\/index.php\/2025\/03\/29\/a-declaracao-de-dede-direcionada-a-jorge-jesus-na-selecao-brasileira\/#breadcrumb"},"inLanguage":"pt-BR","potentialAction":[{"@type":"ReadAction","target":["https:\/\/www.gaveanews.com\/index.php\/2025\/03\/29\/a-declaracao-de-dede-direcionada-a-jorge-jesus-na-selecao-brasileira\/"]}]},{"@type":"ImageObject","inLanguage":"pt-BR","@id":"https:\/\/www.gaveanews.com\/index.php\/2025\/03\/29\/a-declaracao-de-dede-direcionada-a-jorge-jesus-na-selecao-brasileira\/#primaryimage","url":"https:\/\/www.gaveanews.com\/wp-content\/uploads\/Dede-concede-coletiva-no-Cruzeiro.webp","contentUrl":"https:\/\/www.gaveanews.com\/wp-content\/uploads\/Dede-concede-coletiva-no-Cruzeiro.webp","width":1024,"height":576,"caption":"Ded\u00e9 em coletiva no Cruzeiro (Foto: Bruno Haddad\/Cruzeiro)"},{"@type":"BreadcrumbList","@id":"https:\/\/www.gaveanews.com\/index.php\/2025\/03\/29\/a-declaracao-de-dede-direcionada-a-jorge-jesus-na-selecao-brasileira\/#breadcrumb","itemListElement":[{"@type":"ListItem","position":1,"name":"Home","item":"https:\/\/www.gaveanews.com\/"},{"@type":"ListItem","position":2,"name":"A declara\u00e7\u00e3o de Ded\u00e9 direcionada a Jorge Jesus na Sele\u00e7\u00e3o Brasileira"}]},{"@type":"WebSite","@id":"https:\/\/www.gaveanews.com\/#website","url":"https:\/\/www.gaveanews.com\/","name":"G\u00e1vea News","description":"Veja todas as not\u00edcias sobre o Flamengo: Contrata\u00e7\u00f5es, categorias de base, resultados das partidas, tabela de classifica\u00e7\u00e3o, pr\u00f3ximos jogos!","potentialAction":[{"@type":"SearchAction","target":{"@type":"EntryPoint","urlTemplate":"https:\/\/www.gaveanews.com\/?s={search_term_string}"},"query-input":{"@type":"PropertyValueSpecification","valueRequired":true,"valueName":"search_term_string"}}],"inLanguage":"pt-BR"},{"@type":"Person","@id":"https:\/\/www.gaveanews.com\/#\/schema\/person\/daf63eec72e1164eb13dc35096c2b8da","name":"Paula Silva","image":{"@type":"ImageObject","inLanguage":"pt-BR","@id":"https:\/\/www.gaveanews.com\/#\/schema\/person\/image\/","url":"https:\/\/secure.gravatar.com\/avatar\/eda381c845527cc5d64c13b901833cda29d97500ba040d3e6461f76f51d163bb?s=96&d=mm&r=g","contentUrl":"https:\/\/secure.gravatar.com\/avatar\/eda381c845527cc5d64c13b901833cda29d97500ba040d3e6461f76f51d163bb?s=96&d=mm&r=g","caption":"Paula Silva"}}]}},"_links":{"self":[{"href":"https:\/\/www.gaveanews.com\/index.php\/wp-json\/wp\/v2\/posts\/246454","targetHints":{"allow":["GET"]}}],"collection":[{"href":"https:\/\/www.gaveanews.com\/index.php\/wp-json\/wp\/v2\/posts"}],"about":[{"href":"https:\/\/www.gaveanews.com\/index.php\/wp-json\/wp\/v2\/types\/post"}],"author":[{"embeddable":true,"href":"https:\/\/www.gaveanews.com\/index.php\/wp-json\/wp\/v2\/users\/18"}],"replies":[{"embeddable":true,"href":"https:\/\/www.gaveanews.com\/index.php\/wp-json\/wp\/v2\/comments?post=246454"}],"version-history":[{"count":1,"href":"https:\/\/www.gaveanews.com\/index.php\/wp-json\/wp\/v2\/posts\/246454\/revisions"}],"predecessor-version":[{"id":246460,"href":"https:\/\/www.gaveanews.com\/index.php\/wp-json\/wp\/v2\/posts\/246454\/revisions\/246460"}],"wp:featuredmedia":[{"embeddable":true,"href":"https:\/\/www.gaveanews.com\/index.php\/wp-json\/wp\/v2\/media\/70067"}],"wp:attachment":[{"href":"https:\/\/www.gaveanews.com\/index.php\/wp-json\/wp\/v2\/media?parent=246454"}],"wp:term":[{"taxonomy":"category","embeddable":true,"href":"https:\/\/www.gaveanews.com\/index.php\/wp-json\/wp\/v2\/categories?post=246454"},{"taxonomy":"post_tag","embeddable":true,"href":"https:\/\/www.gaveanews.com\/index.php\/wp-json\/wp\/v2\/tags?post=246454"}],"curies":[{"name":"wp","href":"https:\/\/api.w.org\/{rel}","templated":true}]}}