{"id":246459,"date":"2025-03-29T17:40:00","date_gmt":"2025-03-29T20:40:00","guid":{"rendered":"https:\/\/www.gaveanews.com\/?p=246459"},"modified":"2025-03-29T15:48:51","modified_gmt":"2025-03-29T18:48:51","slug":"vasco-faz-venda-milionaria-publicacao-direcionada-a-martin-silva-e-reforma-de-sao-januario-as-ultimas-noticias-do-gigante-da-colina","status":"publish","type":"post","link":"https:\/\/www.gaveanews.com\/index.php\/2025\/03\/29\/vasco-faz-venda-milionaria-publicacao-direcionada-a-martin-silva-e-reforma-de-sao-januario-as-ultimas-noticias-do-gigante-da-colina\/","title":{"rendered":"Vasco faz venda milion\u00e1ria, publica\u00e7\u00e3o direcionada a Mart\u00edn Silva e reforma de S\u00e3o Janu\u00e1rio: as \u00faltimas not\u00edcias do Gigante da Colina"},"content":{"rendered":"\n<p>Nas \u00faltimas horas, o foco das not\u00edcias sobre o Vasco se concentram nos bastidores do clube, com destaques do dia a dia do time.<\/p>\n\n\n\n<p>Por conta deste contexto, leia abaixo um resumo preparado pela equipe do portal G\u00e1vea News para lhe manter muito bem informado!<\/p>\n\n\n\n<div class=\"wp-block-group\"><div class=\"wp-block-group__inner-container is-layout-constrained wp-block-group-is-layout-constrained\">\n<h2 class=\"wp-block-heading\" id=\"h-reforma-de-sao-januario\">Reforma de S\u00e3o Janu\u00e1rio<\/h2>\n\n\n\n<p>O vice-presidente geral do Vasco, Renato Brito, comentou sobre o andamento da t\u00e3o esperada reforma de S\u00e3o Janu\u00e1rio, refor\u00e7ando que o processo \u00e9 altamente complexo e requer paci\u00eancia. Segundo ele, a diretoria entende a ansiedade da torcida, mas ressaltou que n\u00e3o se trata de uma simples obra, e sim de um projeto milion\u00e1rio com v\u00e1rias etapas burocr\u00e1ticas e estruturais. O dirigente usou um tom sincero ao explicar que n\u00e3o est\u00e3o \u201cvendendo picol\u00e9\u201d, mas lidando com um investimento de grande porte que impactar\u00e1 diretamente o futuro do clube<strong><a href=\"https:\/\/www.gaveanews.com\/index.php\/2025\/03\/25\/dirigente-do-vasco-desabafa-sobre-a-reforma-de-sao-januario\/\"> (leia a mat\u00e9ria completa).<\/a><\/strong><\/p>\n<\/div><\/div>\n\n\n\n<figure class=\"wp-block-image size-full\"><img loading=\"lazy\" decoding=\"async\" width=\"799\" height=\"533\" src=\"http:\/\/www.gaveanews.com\/wp-content\/uploads\/Philippe-Coutinho-durante-apresentacao-ao-Vasco-da-Gama-em-Sao-Januario.webp\" alt=\"\" class=\"wp-image-153282\" srcset=\"https:\/\/www.gaveanews.com\/wp-content\/uploads\/Philippe-Coutinho-durante-apresentacao-ao-Vasco-da-Gama-em-Sao-Januario.webp 799w, https:\/\/www.gaveanews.com\/wp-content\/uploads\/Philippe-Coutinho-durante-apresentacao-ao-Vasco-da-Gama-em-Sao-Januario-300x200.webp 300w, https:\/\/www.gaveanews.com\/wp-content\/uploads\/Philippe-Coutinho-durante-apresentacao-ao-Vasco-da-Gama-em-Sao-Januario-768x512.webp 768w, https:\/\/www.gaveanews.com\/wp-content\/uploads\/Philippe-Coutinho-durante-apresentacao-ao-Vasco-da-Gama-em-Sao-Januario-630x420.webp 630w, https:\/\/www.gaveanews.com\/wp-content\/uploads\/Philippe-Coutinho-durante-apresentacao-ao-Vasco-da-Gama-em-Sao-Januario-640x427.webp 640w, https:\/\/www.gaveanews.com\/wp-content\/uploads\/Philippe-Coutinho-durante-apresentacao-ao-Vasco-da-Gama-em-Sao-Januario-681x454.webp 681w, https:\/\/www.gaveanews.com\/wp-content\/uploads\/Philippe-Coutinho-durante-apresentacao-ao-Vasco-da-Gama-em-Sao-Januario-100x67.webp 100w\" sizes=\"auto, (max-width: 799px) 100vw, 799px\" \/><figcaption class=\"wp-element-caption\">Philippe Coutinho durante apresenta\u00e7\u00e3o ao Vasco da Gama em S\u00e3o Janu\u00e1rio (Foto: Reprodu\u00e7\u00e3o\/Vasco)<\/figcaption><\/figure>\n\n\n\n<div class=\"wp-block-group\"><div class=\"wp-block-group__inner-container is-layout-constrained wp-block-group-is-layout-constrained\">\n<p>A reforma, que visa modernizar o est\u00e1dio e ampliar sua capacidade de 22 mil para at\u00e9 57 mil lugares, esbarrou em atrasos devido \u00e0 demora na aprova\u00e7\u00e3o da lei que autoriza a venda do potencial construtivo.<\/p>\n\n\n\n<p>Atualmente, o contrato que viabiliza a cria\u00e7\u00e3o da Sociedade de Proposta Espec\u00edfica (SPE) est\u00e1 90% conclu\u00eddo e, ap\u00f3s ser finalizado, ser\u00e1 submetido \u00e0 vota\u00e7\u00e3o no Conselho Deliberativo. Com isso, o Vasco poder\u00e1 registrar o acordo na junta comercial e, finalmente, negociar o potencial construtivo com a Prefeitura do Rio de Janeiro.<\/p>\n\n\n\n<p>Apesar dos desafios, o clube garante que o projeto do novo S\u00e3o Janu\u00e1rio est\u00e1 praticamente pronto, e a expectativa \u00e9 que a licen\u00e7a de obras seja liberada entre junho e julho deste ano. A meta da diretoria, liderada por Pedrinho, \u00e9 concluir as obras at\u00e9 o centen\u00e1rio do est\u00e1dio, refor\u00e7ando a identidade hist\u00f3rica do local, mas com estrutura moderna e potencial de gerar receitas mais robustas. O desabafo de Renato Brito busca alinhar a expectativa da torcida com a realidade de um processo complexo, mas fundamental para a evolu\u00e7\u00e3o do Vasco.<\/p>\n\n\n\n<h2 class=\"wp-block-heading\" id=\"h-publicacao-direcionada-a-martin-silva\">Publica\u00e7\u00e3o direcionada a Mart\u00edn Silva<\/h2>\n\n\n\n<p>O Vasco da Gama prestou uma homenagem especial ao ex-goleiro Mart\u00edn Silva nesta ter\u00e7a-feira (25), celebrando o anivers\u00e1rio de um dos grandes \u00eddolos recentes da hist\u00f3ria do clube. Atrav\u00e9s das redes sociais, o Cruzmaltino relembrou a trajet\u00f3ria marcante do uruguaio em S\u00e3o Janu\u00e1rio, destacando suas mais de 200 partidas pelo time e os t\u00edtulos do Campeonato Carioca conquistados em 2015 e 2016. A publica\u00e7\u00e3o foi recebida com carinho pelos torcedores, que reviveram momentos de gl\u00f3ria protagonizados pelo ex-arqueiro<strong><a href=\"https:\/\/www.gaveanews.com\/index.php\/2025\/03\/25\/vasco-faz-publicacao-direcionada-ao-goleiro-martin-silva\/\"> (leia a mat\u00e9ria completa).<\/a><\/strong><\/p>\n\n\n\n<figure class=\"wp-block-image size-large\"><img loading=\"lazy\" decoding=\"async\" width=\"1024\" height=\"768\" src=\"http:\/\/www.gaveanews.com\/wp-content\/uploads\/Camisa-do-Vasco-2024-1024x768.webp\" alt=\"\" class=\"wp-image-161261\" srcset=\"https:\/\/www.gaveanews.com\/wp-content\/uploads\/Camisa-do-Vasco-2024-1024x768.webp 1024w, https:\/\/www.gaveanews.com\/wp-content\/uploads\/Camisa-do-Vasco-2024-300x225.webp 300w, https:\/\/www.gaveanews.com\/wp-content\/uploads\/Camisa-do-Vasco-2024-768x576.webp 768w, https:\/\/www.gaveanews.com\/wp-content\/uploads\/Camisa-do-Vasco-2024-560x420.webp 560w, https:\/\/www.gaveanews.com\/wp-content\/uploads\/Camisa-do-Vasco-2024-80x60.webp 80w, https:\/\/www.gaveanews.com\/wp-content\/uploads\/Camisa-do-Vasco-2024-160x120.webp 160w, https:\/\/www.gaveanews.com\/wp-content\/uploads\/Camisa-do-Vasco-2024-100x75.webp 100w, https:\/\/www.gaveanews.com\/wp-content\/uploads\/Camisa-do-Vasco-2024-200x150.webp 200w, https:\/\/www.gaveanews.com\/wp-content\/uploads\/Camisa-do-Vasco-2024-180x135.webp 180w, https:\/\/www.gaveanews.com\/wp-content\/uploads\/Camisa-do-Vasco-2024-360x270.webp 360w, https:\/\/www.gaveanews.com\/wp-content\/uploads\/Camisa-do-Vasco-2024-238x178.webp 238w, https:\/\/www.gaveanews.com\/wp-content\/uploads\/Camisa-do-Vasco-2024-476x356.webp 476w, https:\/\/www.gaveanews.com\/wp-content\/uploads\/Camisa-do-Vasco-2024-640x480.webp 640w, https:\/\/www.gaveanews.com\/wp-content\/uploads\/Camisa-do-Vasco-2024-681x511.webp 681w, https:\/\/www.gaveanews.com\/wp-content\/uploads\/Camisa-do-Vasco-2024.webp 1059w\" sizes=\"auto, (max-width: 1024px) 100vw, 1024px\" \/><figcaption class=\"wp-element-caption\">Camisa do Vasco 2024 (Foto: Reprodu\u00e7\u00e3o\/Instagram)<\/figcaption><\/figure>\n\n\n\n<p>Durante sua passagem pelo clube, Mart\u00edn Silva conquistou n\u00e3o s\u00f3 trof\u00e9us, mas tamb\u00e9m o respeito da torcida pela lideran\u00e7a, regularidade e postura exemplar em campo. Reconhecido como um dos melhores goleiros atuando no Brasil em seu per\u00edodo, ele foi pe\u00e7a decisiva em jogos importantes e virou s\u00edmbolo de comprometimento com a camisa vasca\u00edna. Sua atua\u00e7\u00e3o nas campanhas estaduais e na luta contra o rebaixamento solidificaram seu status de \u00eddolo.<\/p>\n\n\n\n<p>Mesmo ap\u00f3s sua sa\u00edda, o goleiro segue sendo lembrado com carinho pela torcida cruz-maltina. Atualmente atuando no futebol sul-americano, Mart\u00edn continua sendo refer\u00eancia de profissionalismo. A homenagem feita pelo Vasco n\u00e3o apenas marca seu anivers\u00e1rio, mas refor\u00e7a o legado deixado por ele no clube \u2014 um pared\u00e3o que marcou \u00e9poca e permanece vivo na mem\u00f3ria afetiva dos vasca\u00ednos.<\/p>\n\n\n\n<h2 class=\"wp-block-heading\" id=\"h-vasco-faz-venda-milionaria\">Vasco faz venda milion\u00e1ria<\/h2>\n\n\n\n<p>O Vasco da Gama garantiu uma importante receita antes mesmo da bola rolar no Campeonato Brasileiro. O clube fechou a venda do mando de campo de dois jogos da competi\u00e7\u00e3o e poder\u00e1 arrecadar at\u00e9 R$ 4,5 milh\u00f5es com a opera\u00e7\u00e3o. As partidas contra Botafogo e Palmeiras, inicialmente previstas para ocorrer em S\u00e3o Janu\u00e1rio, foram transferidas para o Est\u00e1dio Man\u00e9 Garrincha, em Bras\u00edlia. A diretoria considera o acordo estrat\u00e9gico, apostando no grande n\u00famero de torcedores vasca\u00ednos na capital federal <strong><a href=\"https:\/\/www.gaveanews.com\/index.php\/2025\/03\/25\/cofres-cheios-vasco-faz-venda-milionaria\/\">(leia a mat\u00e9ria completa).<\/a><\/strong><\/p>\n\n\n\n<figure class=\"wp-block-image size-large\"><img loading=\"lazy\" decoding=\"async\" width=\"1024\" height=\"576\" src=\"http:\/\/www.gaveanews.com\/wp-content\/uploads\/Futebol-e-dinheiro-1024x576.webp\" alt=\"\" class=\"wp-image-167240\" srcset=\"https:\/\/www.gaveanews.com\/wp-content\/uploads\/Futebol-e-dinheiro-1024x576.webp 1024w, https:\/\/www.gaveanews.com\/wp-content\/uploads\/Futebol-e-dinheiro-300x169.webp 300w, https:\/\/www.gaveanews.com\/wp-content\/uploads\/Futebol-e-dinheiro-768x432.webp 768w, https:\/\/www.gaveanews.com\/wp-content\/uploads\/Futebol-e-dinheiro-747x420.webp 747w, https:\/\/www.gaveanews.com\/wp-content\/uploads\/Futebol-e-dinheiro-640x360.webp 640w, https:\/\/www.gaveanews.com\/wp-content\/uploads\/Futebol-e-dinheiro-681x383.webp 681w, https:\/\/www.gaveanews.com\/wp-content\/uploads\/Futebol-e-dinheiro-100x56.webp 100w, https:\/\/www.gaveanews.com\/wp-content\/uploads\/Futebol-e-dinheiro.webp 1280w\" sizes=\"auto, (max-width: 1024px) 100vw, 1024px\" \/><figcaption class=\"wp-element-caption\">Futebol e dinheiro (Imagem: Editoria de arte\/G\u00e1vea News\/Henrique Machado)<\/figcaption><\/figure>\n\n\n\n<p>Segundo apura\u00e7\u00e3o do site \u201cge\u201d, o presidente Pedrinho liderou pessoalmente as negocia\u00e7\u00f5es e garantiu R$ 4 milh\u00f5es fixos, al\u00e9m de um b\u00f4nus de R$ 500 mil caso o p\u00fablico do duelo contra o Palmeiras ultrapasse 50 mil pagantes. Embora financeiramente vantajosa, a decis\u00e3o tamb\u00e9m gerou cr\u00edticas nas redes sociais, especialmente entre torcedores que consideram S\u00e3o Janu\u00e1rio um trunfo importante em jogos decisivos, como no confronto contra o Palmeiras, onde o Vasco n\u00e3o vence em casa desde 2012.<\/p>\n\n\n\n<p>Com isso, nas primeiras 13 rodadas do Brasileir\u00e3o, o Vasco jogar\u00e1 apenas quatro vezes em seu est\u00e1dio. Al\u00e9m dos dois jogos vendidos, cl\u00e1ssicos com Flamengo e Fluminense tamb\u00e9m n\u00e3o podem ocorrer em S\u00e3o Janu\u00e1rio por quest\u00f5es de seguran\u00e7a e capacidade. A diretoria, no entanto, defende que a medida \u00e9 uma forma de equilibrar as finan\u00e7as sem comprometer o projeto esportivo, especialmente em um momento em que o clube busca se reestruturar dentro e fora de campo.<\/p>\n<\/div><\/div>\n","protected":false},"excerpt":{"rendered":"<p>Nas \u00faltimas horas, o foco das not\u00edcias sobre o Vasco se concentram nos bastidores do clube, com destaques do dia a dia do time. Por conta deste contexto, leia abaixo um resumo preparado pela equipe do portal G\u00e1vea News para lhe manter muito bem informado! Reforma de S\u00e3o Janu\u00e1rio O vice-presidente geral do Vasco, Renato [&hellip;]<\/p>\n","protected":false},"author":33,"featured_media":157096,"comment_status":"open","ping_status":"closed","sticky":false,"template":"","format":"standard","meta":{"footnotes":""},"categories":[152],"tags":[],"class_list":["post-246459","post","type-post","status-publish","format-standard","has-post-thumbnail","hentry","category-vasco"],"yoast_head":"<!-- This site is optimized with the Yoast SEO Premium plugin v24.2 (Yoast SEO v26.9) - https:\/\/yoast.com\/product\/yoast-seo-premium-wordpress\/ -->\n<title>Vasco faz venda milion\u00e1ria, publica\u00e7\u00e3o direcionada a Mart\u00edn Silva e reforma de S\u00e3o Janu\u00e1rio: as \u00faltimas not\u00edcias do Gigante da Colina<\/title>\n<meta name=\"robots\" content=\"index, follow, max-snippet:-1, max-image-preview:large, max-video-preview:-1\" \/>\n<link rel=\"canonical\" href=\"https:\/\/www.gaveanews.com\/index.php\/2025\/03\/29\/vasco-faz-venda-milionaria-publicacao-direcionada-a-martin-silva-e-reforma-de-sao-januario-as-ultimas-noticias-do-gigante-da-colina\/\" \/>\n<meta property=\"og:locale\" content=\"pt_BR\" \/>\n<meta property=\"og:type\" content=\"article\" \/>\n<meta property=\"og:title\" content=\"Vasco faz venda milion\u00e1ria, publica\u00e7\u00e3o direcionada a Mart\u00edn Silva e reforma de S\u00e3o Janu\u00e1rio: as \u00faltimas not\u00edcias do Gigante da Colina\" \/>\n<meta property=\"og:description\" content=\"Nas \u00faltimas horas, o foco das not\u00edcias sobre o Vasco se concentram nos bastidores do clube, com destaques do dia a dia do time. Por conta deste contexto, leia abaixo um resumo preparado pela equipe do portal G\u00e1vea News para lhe manter muito bem informado! Reforma de S\u00e3o Janu\u00e1rio O vice-presidente geral do Vasco, Renato [&hellip;]\" \/>\n<meta property=\"og:url\" content=\"https:\/\/www.gaveanews.com\/index.php\/2025\/03\/29\/vasco-faz-venda-milionaria-publicacao-direcionada-a-martin-silva-e-reforma-de-sao-januario-as-ultimas-noticias-do-gigante-da-colina\/\" \/>\n<meta property=\"og:site_name\" content=\"G\u00e1vea News\" \/>\n<meta property=\"article:publisher\" content=\"https:\/\/facebook.com\/gaveaNews\/\" \/>\n<meta property=\"article:published_time\" content=\"2025-03-29T20:40:00+00:00\" \/>\n<meta property=\"og:image\" content=\"https:\/\/www.gaveanews.com\/wp-content\/uploads\/Jogadores-do-Vasco-durante-partida-contra-o-Atletico-GO-pela-Copa-do-Brasil-2024.webp\" \/>\n\t<meta property=\"og:image:width\" content=\"1440\" \/>\n\t<meta property=\"og:image:height\" content=\"960\" \/>\n\t<meta property=\"og:image:type\" content=\"image\/jpeg\" \/>\n<meta name=\"author\" content=\"Brenda Cezillo\" \/>\n<meta name=\"twitter:card\" content=\"summary_large_image\" \/>\n<meta name=\"twitter:label1\" content=\"Escrito por\" \/>\n\t<meta name=\"twitter:data1\" content=\"Brenda Cezillo\" \/>\n\t<meta name=\"twitter:label2\" content=\"Est. tempo de leitura\" \/>\n\t<meta name=\"twitter:data2\" content=\"6 minutos\" \/>\n<script type=\"application\/ld+json\" class=\"yoast-schema-graph\">{\"@context\":\"https:\/\/schema.org\",\"@graph\":[{\"@type\":\"NewsArticle\",\"@id\":\"https:\/\/www.gaveanews.com\/index.php\/2025\/03\/29\/vasco-faz-venda-milionaria-publicacao-direcionada-a-martin-silva-e-reforma-de-sao-januario-as-ultimas-noticias-do-gigante-da-colina\/#article\",\"isPartOf\":{\"@id\":\"https:\/\/www.gaveanews.com\/index.php\/2025\/03\/29\/vasco-faz-venda-milionaria-publicacao-direcionada-a-martin-silva-e-reforma-de-sao-januario-as-ultimas-noticias-do-gigante-da-colina\/\"},\"author\":{\"name\":\"Brenda Cezillo\",\"@id\":\"https:\/\/www.gaveanews.com\/#\/schema\/person\/c79759ca337c40791ae8d08e2923d403\"},\"headline\":\"Vasco faz venda milion\u00e1ria, publica\u00e7\u00e3o direcionada a Mart\u00edn Silva e reforma de S\u00e3o Janu\u00e1rio: as \u00faltimas not\u00edcias do Gigante da Colina\",\"datePublished\":\"2025-03-29T20:40:00+00:00\",\"mainEntityOfPage\":{\"@id\":\"https:\/\/www.gaveanews.com\/index.php\/2025\/03\/29\/vasco-faz-venda-milionaria-publicacao-direcionada-a-martin-silva-e-reforma-de-sao-januario-as-ultimas-noticias-do-gigante-da-colina\/\"},\"wordCount\":915,\"commentCount\":0,\"image\":{\"@id\":\"https:\/\/www.gaveanews.com\/index.php\/2025\/03\/29\/vasco-faz-venda-milionaria-publicacao-direcionada-a-martin-silva-e-reforma-de-sao-januario-as-ultimas-noticias-do-gigante-da-colina\/#primaryimage\"},\"thumbnailUrl\":\"https:\/\/www.gaveanews.com\/wp-content\/uploads\/Jogadores-do-Vasco-durante-partida-contra-o-Atletico-GO-pela-Copa-do-Brasil-2024.webp\",\"articleSection\":[\"Vasco\"],\"inLanguage\":\"pt-BR\",\"potentialAction\":[{\"@type\":\"CommentAction\",\"name\":\"Comment\",\"target\":[\"https:\/\/www.gaveanews.com\/index.php\/2025\/03\/29\/vasco-faz-venda-milionaria-publicacao-direcionada-a-martin-silva-e-reforma-de-sao-januario-as-ultimas-noticias-do-gigante-da-colina\/#respond\"]}],\"copyrightYear\":\"2025\",\"copyrightHolder\":{\"@id\":\"https:\/\/www.gaveanews.com\/#organization\"}},{\"@type\":\"WebPage\",\"@id\":\"https:\/\/www.gaveanews.com\/index.php\/2025\/03\/29\/vasco-faz-venda-milionaria-publicacao-direcionada-a-martin-silva-e-reforma-de-sao-januario-as-ultimas-noticias-do-gigante-da-colina\/\",\"url\":\"https:\/\/www.gaveanews.com\/index.php\/2025\/03\/29\/vasco-faz-venda-milionaria-publicacao-direcionada-a-martin-silva-e-reforma-de-sao-januario-as-ultimas-noticias-do-gigante-da-colina\/\",\"name\":\"Vasco faz venda milion\u00e1ria, publica\u00e7\u00e3o direcionada a Mart\u00edn Silva e reforma de S\u00e3o Janu\u00e1rio: as \u00faltimas not\u00edcias do Gigante da Colina\",\"isPartOf\":{\"@id\":\"https:\/\/www.gaveanews.com\/#website\"},\"primaryImageOfPage\":{\"@id\":\"https:\/\/www.gaveanews.com\/index.php\/2025\/03\/29\/vasco-faz-venda-milionaria-publicacao-direcionada-a-martin-silva-e-reforma-de-sao-januario-as-ultimas-noticias-do-gigante-da-colina\/#primaryimage\"},\"image\":{\"@id\":\"https:\/\/www.gaveanews.com\/index.php\/2025\/03\/29\/vasco-faz-venda-milionaria-publicacao-direcionada-a-martin-silva-e-reforma-de-sao-januario-as-ultimas-noticias-do-gigante-da-colina\/#primaryimage\"},\"thumbnailUrl\":\"https:\/\/www.gaveanews.com\/wp-content\/uploads\/Jogadores-do-Vasco-durante-partida-contra-o-Atletico-GO-pela-Copa-do-Brasil-2024.webp\",\"datePublished\":\"2025-03-29T20:40:00+00:00\",\"author\":{\"@id\":\"https:\/\/www.gaveanews.com\/#\/schema\/person\/c79759ca337c40791ae8d08e2923d403\"},\"breadcrumb\":{\"@id\":\"https:\/\/www.gaveanews.com\/index.php\/2025\/03\/29\/vasco-faz-venda-milionaria-publicacao-direcionada-a-martin-silva-e-reforma-de-sao-januario-as-ultimas-noticias-do-gigante-da-colina\/#breadcrumb\"},\"inLanguage\":\"pt-BR\",\"potentialAction\":[{\"@type\":\"ReadAction\",\"target\":[\"https:\/\/www.gaveanews.com\/index.php\/2025\/03\/29\/vasco-faz-venda-milionaria-publicacao-direcionada-a-martin-silva-e-reforma-de-sao-januario-as-ultimas-noticias-do-gigante-da-colina\/\"]}]},{\"@type\":\"ImageObject\",\"inLanguage\":\"pt-BR\",\"@id\":\"https:\/\/www.gaveanews.com\/index.php\/2025\/03\/29\/vasco-faz-venda-milionaria-publicacao-direcionada-a-martin-silva-e-reforma-de-sao-januario-as-ultimas-noticias-do-gigante-da-colina\/#primaryimage\",\"url\":\"https:\/\/www.gaveanews.com\/wp-content\/uploads\/Jogadores-do-Vasco-durante-partida-contra-o-Atletico-GO-pela-Copa-do-Brasil-2024.webp\",\"contentUrl\":\"https:\/\/www.gaveanews.com\/wp-content\/uploads\/Jogadores-do-Vasco-durante-partida-contra-o-Atletico-GO-pela-Copa-do-Brasil-2024.webp\",\"width\":1440,\"height\":960,\"caption\":\"Jogadores do Vasco durante partida contra o Atletico-GO pela Copa do Brasil 2024 (Foto: Reprodu\u00e7\u00e3o\/Instagram)\"},{\"@type\":\"BreadcrumbList\",\"@id\":\"https:\/\/www.gaveanews.com\/index.php\/2025\/03\/29\/vasco-faz-venda-milionaria-publicacao-direcionada-a-martin-silva-e-reforma-de-sao-januario-as-ultimas-noticias-do-gigante-da-colina\/#breadcrumb\",\"itemListElement\":[{\"@type\":\"ListItem\",\"position\":1,\"name\":\"Home\",\"item\":\"https:\/\/www.gaveanews.com\/\"},{\"@type\":\"ListItem\",\"position\":2,\"name\":\"Vasco faz venda milion\u00e1ria, publica\u00e7\u00e3o direcionada a Mart\u00edn Silva e reforma de S\u00e3o Janu\u00e1rio: as \u00faltimas not\u00edcias do Gigante da Colina\"}]},{\"@type\":\"WebSite\",\"@id\":\"https:\/\/www.gaveanews.com\/#website\",\"url\":\"https:\/\/www.gaveanews.com\/\",\"name\":\"G\u00e1vea News\",\"description\":\"Veja todas as not\u00edcias sobre o Flamengo: Contrata\u00e7\u00f5es, categorias de base, resultados das partidas, tabela de classifica\u00e7\u00e3o, pr\u00f3ximos jogos!\",\"potentialAction\":[{\"@type\":\"SearchAction\",\"target\":{\"@type\":\"EntryPoint\",\"urlTemplate\":\"https:\/\/www.gaveanews.com\/?s={search_term_string}\"},\"query-input\":{\"@type\":\"PropertyValueSpecification\",\"valueRequired\":true,\"valueName\":\"search_term_string\"}}],\"inLanguage\":\"pt-BR\"},{\"@type\":\"Person\",\"@id\":\"https:\/\/www.gaveanews.com\/#\/schema\/person\/c79759ca337c40791ae8d08e2923d403\",\"name\":\"Brenda Cezillo\",\"image\":{\"@type\":\"ImageObject\",\"inLanguage\":\"pt-BR\",\"@id\":\"https:\/\/www.gaveanews.com\/#\/schema\/person\/image\/\",\"url\":\"https:\/\/secure.gravatar.com\/avatar\/1738d75cee7317f9c29ae61dd67620c5883d80a92e42a6fff88ae5d527af217a?s=96&d=mm&r=g\",\"contentUrl\":\"https:\/\/secure.gravatar.com\/avatar\/1738d75cee7317f9c29ae61dd67620c5883d80a92e42a6fff88ae5d527af217a?s=96&d=mm&r=g\",\"caption\":\"Brenda Cezillo\"}}]}<\/script>\n<!-- \/ Yoast SEO Premium plugin. -->","yoast_head_json":{"title":"Vasco faz venda milion\u00e1ria, publica\u00e7\u00e3o direcionada a Mart\u00edn Silva e reforma de S\u00e3o Janu\u00e1rio: as \u00faltimas not\u00edcias do Gigante da Colina","robots":{"index":"index","follow":"follow","max-snippet":"max-snippet:-1","max-image-preview":"max-image-preview:large","max-video-preview":"max-video-preview:-1"},"canonical":"https:\/\/www.gaveanews.com\/index.php\/2025\/03\/29\/vasco-faz-venda-milionaria-publicacao-direcionada-a-martin-silva-e-reforma-de-sao-januario-as-ultimas-noticias-do-gigante-da-colina\/","og_locale":"pt_BR","og_type":"article","og_title":"Vasco faz venda milion\u00e1ria, publica\u00e7\u00e3o direcionada a Mart\u00edn Silva e reforma de S\u00e3o Janu\u00e1rio: as \u00faltimas not\u00edcias do Gigante da Colina","og_description":"Nas \u00faltimas horas, o foco das not\u00edcias sobre o Vasco se concentram nos bastidores do clube, com destaques do dia a dia do time. Por conta deste contexto, leia abaixo um resumo preparado pela equipe do portal G\u00e1vea News para lhe manter muito bem informado! Reforma de S\u00e3o Janu\u00e1rio O vice-presidente geral do Vasco, Renato [&hellip;]","og_url":"https:\/\/www.gaveanews.com\/index.php\/2025\/03\/29\/vasco-faz-venda-milionaria-publicacao-direcionada-a-martin-silva-e-reforma-de-sao-januario-as-ultimas-noticias-do-gigante-da-colina\/","og_site_name":"G\u00e1vea News","article_publisher":"https:\/\/facebook.com\/gaveaNews\/","article_published_time":"2025-03-29T20:40:00+00:00","og_image":[{"width":1440,"height":960,"url":"https:\/\/www.gaveanews.com\/wp-content\/uploads\/Jogadores-do-Vasco-durante-partida-contra-o-Atletico-GO-pela-Copa-do-Brasil-2024.webp","type":"image\/jpeg"}],"author":"Brenda Cezillo","twitter_card":"summary_large_image","twitter_misc":{"Escrito por":"Brenda Cezillo","Est. tempo de leitura":"6 minutos"},"schema":{"@context":"https:\/\/schema.org","@graph":[{"@type":"NewsArticle","@id":"https:\/\/www.gaveanews.com\/index.php\/2025\/03\/29\/vasco-faz-venda-milionaria-publicacao-direcionada-a-martin-silva-e-reforma-de-sao-januario-as-ultimas-noticias-do-gigante-da-colina\/#article","isPartOf":{"@id":"https:\/\/www.gaveanews.com\/index.php\/2025\/03\/29\/vasco-faz-venda-milionaria-publicacao-direcionada-a-martin-silva-e-reforma-de-sao-januario-as-ultimas-noticias-do-gigante-da-colina\/"},"author":{"name":"Brenda Cezillo","@id":"https:\/\/www.gaveanews.com\/#\/schema\/person\/c79759ca337c40791ae8d08e2923d403"},"headline":"Vasco faz venda milion\u00e1ria, publica\u00e7\u00e3o direcionada a Mart\u00edn Silva e reforma de S\u00e3o Janu\u00e1rio: as \u00faltimas not\u00edcias do Gigante da Colina","datePublished":"2025-03-29T20:40:00+00:00","mainEntityOfPage":{"@id":"https:\/\/www.gaveanews.com\/index.php\/2025\/03\/29\/vasco-faz-venda-milionaria-publicacao-direcionada-a-martin-silva-e-reforma-de-sao-januario-as-ultimas-noticias-do-gigante-da-colina\/"},"wordCount":915,"commentCount":0,"image":{"@id":"https:\/\/www.gaveanews.com\/index.php\/2025\/03\/29\/vasco-faz-venda-milionaria-publicacao-direcionada-a-martin-silva-e-reforma-de-sao-januario-as-ultimas-noticias-do-gigante-da-colina\/#primaryimage"},"thumbnailUrl":"https:\/\/www.gaveanews.com\/wp-content\/uploads\/Jogadores-do-Vasco-durante-partida-contra-o-Atletico-GO-pela-Copa-do-Brasil-2024.webp","articleSection":["Vasco"],"inLanguage":"pt-BR","potentialAction":[{"@type":"CommentAction","name":"Comment","target":["https:\/\/www.gaveanews.com\/index.php\/2025\/03\/29\/vasco-faz-venda-milionaria-publicacao-direcionada-a-martin-silva-e-reforma-de-sao-januario-as-ultimas-noticias-do-gigante-da-colina\/#respond"]}],"copyrightYear":"2025","copyrightHolder":{"@id":"https:\/\/www.gaveanews.com\/#organization"}},{"@type":"WebPage","@id":"https:\/\/www.gaveanews.com\/index.php\/2025\/03\/29\/vasco-faz-venda-milionaria-publicacao-direcionada-a-martin-silva-e-reforma-de-sao-januario-as-ultimas-noticias-do-gigante-da-colina\/","url":"https:\/\/www.gaveanews.com\/index.php\/2025\/03\/29\/vasco-faz-venda-milionaria-publicacao-direcionada-a-martin-silva-e-reforma-de-sao-januario-as-ultimas-noticias-do-gigante-da-colina\/","name":"Vasco faz venda milion\u00e1ria, publica\u00e7\u00e3o direcionada a Mart\u00edn Silva e reforma de S\u00e3o Janu\u00e1rio: as \u00faltimas not\u00edcias do Gigante da Colina","isPartOf":{"@id":"https:\/\/www.gaveanews.com\/#website"},"primaryImageOfPage":{"@id":"https:\/\/www.gaveanews.com\/index.php\/2025\/03\/29\/vasco-faz-venda-milionaria-publicacao-direcionada-a-martin-silva-e-reforma-de-sao-januario-as-ultimas-noticias-do-gigante-da-colina\/#primaryimage"},"image":{"@id":"https:\/\/www.gaveanews.com\/index.php\/2025\/03\/29\/vasco-faz-venda-milionaria-publicacao-direcionada-a-martin-silva-e-reforma-de-sao-januario-as-ultimas-noticias-do-gigante-da-colina\/#primaryimage"},"thumbnailUrl":"https:\/\/www.gaveanews.com\/wp-content\/uploads\/Jogadores-do-Vasco-durante-partida-contra-o-Atletico-GO-pela-Copa-do-Brasil-2024.webp","datePublished":"2025-03-29T20:40:00+00:00","author":{"@id":"https:\/\/www.gaveanews.com\/#\/schema\/person\/c79759ca337c40791ae8d08e2923d403"},"breadcrumb":{"@id":"https:\/\/www.gaveanews.com\/index.php\/2025\/03\/29\/vasco-faz-venda-milionaria-publicacao-direcionada-a-martin-silva-e-reforma-de-sao-januario-as-ultimas-noticias-do-gigante-da-colina\/#breadcrumb"},"inLanguage":"pt-BR","potentialAction":[{"@type":"ReadAction","target":["https:\/\/www.gaveanews.com\/index.php\/2025\/03\/29\/vasco-faz-venda-milionaria-publicacao-direcionada-a-martin-silva-e-reforma-de-sao-januario-as-ultimas-noticias-do-gigante-da-colina\/"]}]},{"@type":"ImageObject","inLanguage":"pt-BR","@id":"https:\/\/www.gaveanews.com\/index.php\/2025\/03\/29\/vasco-faz-venda-milionaria-publicacao-direcionada-a-martin-silva-e-reforma-de-sao-januario-as-ultimas-noticias-do-gigante-da-colina\/#primaryimage","url":"https:\/\/www.gaveanews.com\/wp-content\/uploads\/Jogadores-do-Vasco-durante-partida-contra-o-Atletico-GO-pela-Copa-do-Brasil-2024.webp","contentUrl":"https:\/\/www.gaveanews.com\/wp-content\/uploads\/Jogadores-do-Vasco-durante-partida-contra-o-Atletico-GO-pela-Copa-do-Brasil-2024.webp","width":1440,"height":960,"caption":"Jogadores do Vasco durante partida contra o Atletico-GO pela Copa do Brasil 2024 (Foto: Reprodu\u00e7\u00e3o\/Instagram)"},{"@type":"BreadcrumbList","@id":"https:\/\/www.gaveanews.com\/index.php\/2025\/03\/29\/vasco-faz-venda-milionaria-publicacao-direcionada-a-martin-silva-e-reforma-de-sao-januario-as-ultimas-noticias-do-gigante-da-colina\/#breadcrumb","itemListElement":[{"@type":"ListItem","position":1,"name":"Home","item":"https:\/\/www.gaveanews.com\/"},{"@type":"ListItem","position":2,"name":"Vasco faz venda milion\u00e1ria, publica\u00e7\u00e3o direcionada a Mart\u00edn Silva e reforma de S\u00e3o Janu\u00e1rio: as \u00faltimas not\u00edcias do Gigante da Colina"}]},{"@type":"WebSite","@id":"https:\/\/www.gaveanews.com\/#website","url":"https:\/\/www.gaveanews.com\/","name":"G\u00e1vea News","description":"Veja todas as not\u00edcias sobre o Flamengo: Contrata\u00e7\u00f5es, categorias de base, resultados das partidas, tabela de classifica\u00e7\u00e3o, pr\u00f3ximos jogos!","potentialAction":[{"@type":"SearchAction","target":{"@type":"EntryPoint","urlTemplate":"https:\/\/www.gaveanews.com\/?s={search_term_string}"},"query-input":{"@type":"PropertyValueSpecification","valueRequired":true,"valueName":"search_term_string"}}],"inLanguage":"pt-BR"},{"@type":"Person","@id":"https:\/\/www.gaveanews.com\/#\/schema\/person\/c79759ca337c40791ae8d08e2923d403","name":"Brenda Cezillo","image":{"@type":"ImageObject","inLanguage":"pt-BR","@id":"https:\/\/www.gaveanews.com\/#\/schema\/person\/image\/","url":"https:\/\/secure.gravatar.com\/avatar\/1738d75cee7317f9c29ae61dd67620c5883d80a92e42a6fff88ae5d527af217a?s=96&d=mm&r=g","contentUrl":"https:\/\/secure.gravatar.com\/avatar\/1738d75cee7317f9c29ae61dd67620c5883d80a92e42a6fff88ae5d527af217a?s=96&d=mm&r=g","caption":"Brenda Cezillo"}}]}},"_links":{"self":[{"href":"https:\/\/www.gaveanews.com\/index.php\/wp-json\/wp\/v2\/posts\/246459","targetHints":{"allow":["GET"]}}],"collection":[{"href":"https:\/\/www.gaveanews.com\/index.php\/wp-json\/wp\/v2\/posts"}],"about":[{"href":"https:\/\/www.gaveanews.com\/index.php\/wp-json\/wp\/v2\/types\/post"}],"author":[{"embeddable":true,"href":"https:\/\/www.gaveanews.com\/index.php\/wp-json\/wp\/v2\/users\/33"}],"replies":[{"embeddable":true,"href":"https:\/\/www.gaveanews.com\/index.php\/wp-json\/wp\/v2\/comments?post=246459"}],"version-history":[{"count":1,"href":"https:\/\/www.gaveanews.com\/index.php\/wp-json\/wp\/v2\/posts\/246459\/revisions"}],"predecessor-version":[{"id":246473,"href":"https:\/\/www.gaveanews.com\/index.php\/wp-json\/wp\/v2\/posts\/246459\/revisions\/246473"}],"wp:featuredmedia":[{"embeddable":true,"href":"https:\/\/www.gaveanews.com\/index.php\/wp-json\/wp\/v2\/media\/157096"}],"wp:attachment":[{"href":"https:\/\/www.gaveanews.com\/index.php\/wp-json\/wp\/v2\/media?parent=246459"}],"wp:term":[{"taxonomy":"category","embeddable":true,"href":"https:\/\/www.gaveanews.com\/index.php\/wp-json\/wp\/v2\/categories?post=246459"},{"taxonomy":"post_tag","embeddable":true,"href":"https:\/\/www.gaveanews.com\/index.php\/wp-json\/wp\/v2\/tags?post=246459"}],"curies":[{"name":"wp","href":"https:\/\/api.w.org\/{rel}","templated":true}]}}