{"id":246476,"date":"2025-03-29T18:40:00","date_gmt":"2025-03-29T21:40:00","guid":{"rendered":"https:\/\/www.gaveanews.com\/?p=246476"},"modified":"2025-03-29T16:22:08","modified_gmt":"2025-03-29T19:22:08","slug":"bahia-x-corinthians-a-escalacao-escolhida-por-rogerio-ceni","status":"publish","type":"post","link":"https:\/\/www.gaveanews.com\/index.php\/2025\/03\/29\/bahia-x-corinthians-a-escalacao-escolhida-por-rogerio-ceni\/","title":{"rendered":"Bahia x Corinthians: a escala\u00e7\u00e3o escolhida por Rog\u00e9rio Ceni"},"content":{"rendered":"\n<p>Bahia e Corinthians se enfrentam neste domingo (30 de mar\u00e7o), \u00e0s 20h (hor\u00e1rio de Bras\u00edlia), na Arena Fonte Nova, em Salvador, pela rodada de abertura do Campeonato Brasileiro. O confronto marca o reencontro entre duas equipes que chegam embaladas por t\u00edtulos estaduais conquistados recentemente.<\/p>\n\n\n\n<p>O Bahia entra em campo como campe\u00e3o do Campeonato Baiano. A equipe comandada por Rog\u00e9rio Ceni poupou os titulares na vit\u00f3ria por 3 a 2 sobre o Cear\u00e1, pela Copa do Nordeste, na \u00faltima quarta-feira (26). Agora, volta a ter for\u00e7a m\u00e1xima \u00e0 disposi\u00e7\u00e3o, incluindo o retorno de Lucho Rodr\u00edguez, que esteve com a sele\u00e7\u00e3o do Uruguai durante a Data Fifa.<\/p>\n\n\n\n<p>O prov\u00e1vel time do Bahia ter\u00e1 Marcos Felipe no gol; Gabriel Xavier (ou Gilberto), Kanu, Ramos Mingo e Luciano Juba na defesa; Caio Alexandre, Jean Lucas e Everton Ribeiro no meio-campo; e Ademir, Erick Pulga e Lucho Rodr\u00edguez no ataque. O lateral Santiago \u00c1rias segue como d\u00favida, enquanto Michel Ara\u00fajo est\u00e1 fora por quest\u00f5es m\u00e9dicas.<\/p>\n\n\n\n<p>O Corinthians, por sua vez, chega \u00e0 partida ap\u00f3s levantar o trof\u00e9u do Campeonato Paulista na \u00faltima quinta-feira (28). Contudo, o desgaste acumulado e a proximidade da estreia na CONMEBOL Sul-Americana, marcada para a pr\u00f3xima quarta-feira (2 de abril), diante do Hurac\u00e1n, devem levar o t\u00e9cnico Ant\u00f3nio Oliveira a escalar uma forma\u00e7\u00e3o alternativa.R<\/p>\n\n\n\n<p>Ram\u00f3n D\u00edaz deve escalar o Corinthians com Hugo Souza; Matheuzinho, Andr\u00e9 Ramalho, Jo\u00e3o Pedro e Hugo na defesa; Alex Santana, Ryan, Raniele e Maycon no meio; e Talles Magno e Romero no setor ofensivo. Jogadores importantes como Rodrigo Garro e Yuri Alberto n\u00e3o devem atuar por conta de problemas f\u00edsicos. Carrillo, por sua vez, pode ser preservado.<\/p>\n\n\n\n<p>Al\u00e9m da disputa em campo, o Bahia tamb\u00e9m aproveitar\u00e1 a estreia no Brasileir\u00e3o para apresentar ao torcedor o novo uniforme da temporada 2025\/2026. O \u00e1rbitro respons\u00e1vel pela condu\u00e7\u00e3o da partida ser\u00e1 Bruno Arleu de Araujo, auxiliado por Bruno Boschilia e Thiago Henrique Neto Correa Farinha. O comando do VAR ficar\u00e1 a cargo de Rodrigo Nunes de S\u00e1.<\/p>\n\n\n\n<p>A partida ser\u00e1 transmitida ao vivo pela Record, SporTV e Amazon Prime, garantindo diversas op\u00e7\u00f5es para os torcedores acompanharem o duelo que promete abrir com intensidade o calend\u00e1rio da elite nacional.<\/p>\n","protected":false},"excerpt":{"rendered":"<p>Bahia e Corinthians se enfrentam neste domingo (30 de mar\u00e7o), \u00e0s 20h (hor\u00e1rio de Bras\u00edlia), na Arena Fonte Nova, em Salvador, pela rodada de abertura do Campeonato Brasileiro. O confronto marca o reencontro entre duas equipes que chegam embaladas por t\u00edtulos estaduais conquistados recentemente. O Bahia entra em campo como campe\u00e3o do Campeonato Baiano. A [&hellip;]<\/p>\n","protected":false},"author":18,"featured_media":148395,"comment_status":"open","ping_status":"closed","sticky":false,"template":"","format":"standard","meta":{"footnotes":""},"categories":[137,141],"tags":[],"class_list":["post-246476","post","type-post","status-publish","format-standard","has-post-thumbnail","hentry","category-bahia","category-corinthians"],"yoast_head":"<!-- This site is optimized with the Yoast SEO Premium plugin v24.2 (Yoast SEO v26.9) - https:\/\/yoast.com\/product\/yoast-seo-premium-wordpress\/ -->\n<title>Bahia x Corinthians: a escala\u00e7\u00e3o escolhida por Rog\u00e9rio Ceni<\/title>\n<meta name=\"robots\" content=\"index, follow, max-snippet:-1, max-image-preview:large, max-video-preview:-1\" \/>\n<link rel=\"canonical\" href=\"https:\/\/www.gaveanews.com\/index.php\/2025\/03\/29\/bahia-x-corinthians-a-escalacao-escolhida-por-rogerio-ceni\/\" \/>\n<meta property=\"og:locale\" content=\"pt_BR\" \/>\n<meta property=\"og:type\" content=\"article\" \/>\n<meta property=\"og:title\" content=\"Bahia x Corinthians: a escala\u00e7\u00e3o escolhida por Rog\u00e9rio Ceni\" \/>\n<meta property=\"og:description\" content=\"Bahia e Corinthians se enfrentam neste domingo (30 de mar\u00e7o), \u00e0s 20h (hor\u00e1rio de Bras\u00edlia), na Arena Fonte Nova, em Salvador, pela rodada de abertura do Campeonato Brasileiro. O confronto marca o reencontro entre duas equipes que chegam embaladas por t\u00edtulos estaduais conquistados recentemente. O Bahia entra em campo como campe\u00e3o do Campeonato Baiano. A [&hellip;]\" \/>\n<meta property=\"og:url\" content=\"https:\/\/www.gaveanews.com\/index.php\/2025\/03\/29\/bahia-x-corinthians-a-escalacao-escolhida-por-rogerio-ceni\/\" \/>\n<meta property=\"og:site_name\" content=\"G\u00e1vea News\" \/>\n<meta property=\"article:publisher\" content=\"https:\/\/facebook.com\/gaveaNews\/\" \/>\n<meta property=\"article:published_time\" content=\"2025-03-29T21:40:00+00:00\" \/>\n<meta property=\"og:image\" content=\"https:\/\/www.gaveanews.com\/wp-content\/uploads\/rogerio-ceni-bahia.webp\" \/>\n\t<meta property=\"og:image:width\" content=\"984\" \/>\n\t<meta property=\"og:image:height\" content=\"656\" \/>\n\t<meta property=\"og:image:type\" content=\"image\/webp\" \/>\n<meta name=\"author\" content=\"Paula Silva\" \/>\n<meta name=\"twitter:card\" content=\"summary_large_image\" \/>\n<meta name=\"twitter:label1\" content=\"Escrito por\" \/>\n\t<meta name=\"twitter:data1\" content=\"Paula Silva\" \/>\n\t<meta name=\"twitter:label2\" content=\"Est. tempo de leitura\" \/>\n\t<meta name=\"twitter:data2\" content=\"3 minutos\" \/>\n<script type=\"application\/ld+json\" class=\"yoast-schema-graph\">{\"@context\":\"https:\/\/schema.org\",\"@graph\":[{\"@type\":\"NewsArticle\",\"@id\":\"https:\/\/www.gaveanews.com\/index.php\/2025\/03\/29\/bahia-x-corinthians-a-escalacao-escolhida-por-rogerio-ceni\/#article\",\"isPartOf\":{\"@id\":\"https:\/\/www.gaveanews.com\/index.php\/2025\/03\/29\/bahia-x-corinthians-a-escalacao-escolhida-por-rogerio-ceni\/\"},\"author\":{\"name\":\"Paula Silva\",\"@id\":\"https:\/\/www.gaveanews.com\/#\/schema\/person\/daf63eec72e1164eb13dc35096c2b8da\"},\"headline\":\"Bahia x Corinthians: a escala\u00e7\u00e3o escolhida por Rog\u00e9rio Ceni\",\"datePublished\":\"2025-03-29T21:40:00+00:00\",\"mainEntityOfPage\":{\"@id\":\"https:\/\/www.gaveanews.com\/index.php\/2025\/03\/29\/bahia-x-corinthians-a-escalacao-escolhida-por-rogerio-ceni\/\"},\"wordCount\":398,\"commentCount\":0,\"image\":{\"@id\":\"https:\/\/www.gaveanews.com\/index.php\/2025\/03\/29\/bahia-x-corinthians-a-escalacao-escolhida-por-rogerio-ceni\/#primaryimage\"},\"thumbnailUrl\":\"https:\/\/www.gaveanews.com\/wp-content\/uploads\/rogerio-ceni-bahia.webp\",\"articleSection\":[\"Bahia\",\"Corinthians\"],\"inLanguage\":\"pt-BR\",\"potentialAction\":[{\"@type\":\"CommentAction\",\"name\":\"Comment\",\"target\":[\"https:\/\/www.gaveanews.com\/index.php\/2025\/03\/29\/bahia-x-corinthians-a-escalacao-escolhida-por-rogerio-ceni\/#respond\"]}],\"copyrightYear\":\"2025\",\"copyrightHolder\":{\"@id\":\"https:\/\/www.gaveanews.com\/#organization\"}},{\"@type\":\"WebPage\",\"@id\":\"https:\/\/www.gaveanews.com\/index.php\/2025\/03\/29\/bahia-x-corinthians-a-escalacao-escolhida-por-rogerio-ceni\/\",\"url\":\"https:\/\/www.gaveanews.com\/index.php\/2025\/03\/29\/bahia-x-corinthians-a-escalacao-escolhida-por-rogerio-ceni\/\",\"name\":\"Bahia x Corinthians: a escala\u00e7\u00e3o escolhida por Rog\u00e9rio Ceni\",\"isPartOf\":{\"@id\":\"https:\/\/www.gaveanews.com\/#website\"},\"primaryImageOfPage\":{\"@id\":\"https:\/\/www.gaveanews.com\/index.php\/2025\/03\/29\/bahia-x-corinthians-a-escalacao-escolhida-por-rogerio-ceni\/#primaryimage\"},\"image\":{\"@id\":\"https:\/\/www.gaveanews.com\/index.php\/2025\/03\/29\/bahia-x-corinthians-a-escalacao-escolhida-por-rogerio-ceni\/#primaryimage\"},\"thumbnailUrl\":\"https:\/\/www.gaveanews.com\/wp-content\/uploads\/rogerio-ceni-bahia.webp\",\"datePublished\":\"2025-03-29T21:40:00+00:00\",\"author\":{\"@id\":\"https:\/\/www.gaveanews.com\/#\/schema\/person\/daf63eec72e1164eb13dc35096c2b8da\"},\"breadcrumb\":{\"@id\":\"https:\/\/www.gaveanews.com\/index.php\/2025\/03\/29\/bahia-x-corinthians-a-escalacao-escolhida-por-rogerio-ceni\/#breadcrumb\"},\"inLanguage\":\"pt-BR\",\"potentialAction\":[{\"@type\":\"ReadAction\",\"target\":[\"https:\/\/www.gaveanews.com\/index.php\/2025\/03\/29\/bahia-x-corinthians-a-escalacao-escolhida-por-rogerio-ceni\/\"]}]},{\"@type\":\"ImageObject\",\"inLanguage\":\"pt-BR\",\"@id\":\"https:\/\/www.gaveanews.com\/index.php\/2025\/03\/29\/bahia-x-corinthians-a-escalacao-escolhida-por-rogerio-ceni\/#primaryimage\",\"url\":\"https:\/\/www.gaveanews.com\/wp-content\/uploads\/rogerio-ceni-bahia.webp\",\"contentUrl\":\"https:\/\/www.gaveanews.com\/wp-content\/uploads\/rogerio-ceni-bahia.webp\",\"width\":984,\"height\":656,\"caption\":\"Rog\u00e9rio Ceni comanda treino do Bahia (Foto: Felipe Oliveira\/EC Bahia)\"},{\"@type\":\"BreadcrumbList\",\"@id\":\"https:\/\/www.gaveanews.com\/index.php\/2025\/03\/29\/bahia-x-corinthians-a-escalacao-escolhida-por-rogerio-ceni\/#breadcrumb\",\"itemListElement\":[{\"@type\":\"ListItem\",\"position\":1,\"name\":\"Home\",\"item\":\"https:\/\/www.gaveanews.com\/\"},{\"@type\":\"ListItem\",\"position\":2,\"name\":\"Bahia x Corinthians: a escala\u00e7\u00e3o escolhida por Rog\u00e9rio Ceni\"}]},{\"@type\":\"WebSite\",\"@id\":\"https:\/\/www.gaveanews.com\/#website\",\"url\":\"https:\/\/www.gaveanews.com\/\",\"name\":\"G\u00e1vea News\",\"description\":\"Veja todas as not\u00edcias sobre o Flamengo: Contrata\u00e7\u00f5es, categorias de base, resultados das partidas, tabela de classifica\u00e7\u00e3o, pr\u00f3ximos jogos!\",\"potentialAction\":[{\"@type\":\"SearchAction\",\"target\":{\"@type\":\"EntryPoint\",\"urlTemplate\":\"https:\/\/www.gaveanews.com\/?s={search_term_string}\"},\"query-input\":{\"@type\":\"PropertyValueSpecification\",\"valueRequired\":true,\"valueName\":\"search_term_string\"}}],\"inLanguage\":\"pt-BR\"},{\"@type\":\"Person\",\"@id\":\"https:\/\/www.gaveanews.com\/#\/schema\/person\/daf63eec72e1164eb13dc35096c2b8da\",\"name\":\"Paula Silva\",\"image\":{\"@type\":\"ImageObject\",\"inLanguage\":\"pt-BR\",\"@id\":\"https:\/\/www.gaveanews.com\/#\/schema\/person\/image\/\",\"url\":\"https:\/\/secure.gravatar.com\/avatar\/eda381c845527cc5d64c13b901833cda29d97500ba040d3e6461f76f51d163bb?s=96&d=mm&r=g\",\"contentUrl\":\"https:\/\/secure.gravatar.com\/avatar\/eda381c845527cc5d64c13b901833cda29d97500ba040d3e6461f76f51d163bb?s=96&d=mm&r=g\",\"caption\":\"Paula Silva\"}}]}<\/script>\n<!-- \/ Yoast SEO Premium plugin. -->","yoast_head_json":{"title":"Bahia x Corinthians: a escala\u00e7\u00e3o escolhida por Rog\u00e9rio Ceni","robots":{"index":"index","follow":"follow","max-snippet":"max-snippet:-1","max-image-preview":"max-image-preview:large","max-video-preview":"max-video-preview:-1"},"canonical":"https:\/\/www.gaveanews.com\/index.php\/2025\/03\/29\/bahia-x-corinthians-a-escalacao-escolhida-por-rogerio-ceni\/","og_locale":"pt_BR","og_type":"article","og_title":"Bahia x Corinthians: a escala\u00e7\u00e3o escolhida por Rog\u00e9rio Ceni","og_description":"Bahia e Corinthians se enfrentam neste domingo (30 de mar\u00e7o), \u00e0s 20h (hor\u00e1rio de Bras\u00edlia), na Arena Fonte Nova, em Salvador, pela rodada de abertura do Campeonato Brasileiro. O confronto marca o reencontro entre duas equipes que chegam embaladas por t\u00edtulos estaduais conquistados recentemente. O Bahia entra em campo como campe\u00e3o do Campeonato Baiano. A [&hellip;]","og_url":"https:\/\/www.gaveanews.com\/index.php\/2025\/03\/29\/bahia-x-corinthians-a-escalacao-escolhida-por-rogerio-ceni\/","og_site_name":"G\u00e1vea News","article_publisher":"https:\/\/facebook.com\/gaveaNews\/","article_published_time":"2025-03-29T21:40:00+00:00","og_image":[{"width":984,"height":656,"url":"https:\/\/www.gaveanews.com\/wp-content\/uploads\/rogerio-ceni-bahia.webp","type":"image\/webp"}],"author":"Paula Silva","twitter_card":"summary_large_image","twitter_misc":{"Escrito por":"Paula Silva","Est. tempo de leitura":"3 minutos"},"schema":{"@context":"https:\/\/schema.org","@graph":[{"@type":"NewsArticle","@id":"https:\/\/www.gaveanews.com\/index.php\/2025\/03\/29\/bahia-x-corinthians-a-escalacao-escolhida-por-rogerio-ceni\/#article","isPartOf":{"@id":"https:\/\/www.gaveanews.com\/index.php\/2025\/03\/29\/bahia-x-corinthians-a-escalacao-escolhida-por-rogerio-ceni\/"},"author":{"name":"Paula Silva","@id":"https:\/\/www.gaveanews.com\/#\/schema\/person\/daf63eec72e1164eb13dc35096c2b8da"},"headline":"Bahia x Corinthians: a escala\u00e7\u00e3o escolhida por Rog\u00e9rio Ceni","datePublished":"2025-03-29T21:40:00+00:00","mainEntityOfPage":{"@id":"https:\/\/www.gaveanews.com\/index.php\/2025\/03\/29\/bahia-x-corinthians-a-escalacao-escolhida-por-rogerio-ceni\/"},"wordCount":398,"commentCount":0,"image":{"@id":"https:\/\/www.gaveanews.com\/index.php\/2025\/03\/29\/bahia-x-corinthians-a-escalacao-escolhida-por-rogerio-ceni\/#primaryimage"},"thumbnailUrl":"https:\/\/www.gaveanews.com\/wp-content\/uploads\/rogerio-ceni-bahia.webp","articleSection":["Bahia","Corinthians"],"inLanguage":"pt-BR","potentialAction":[{"@type":"CommentAction","name":"Comment","target":["https:\/\/www.gaveanews.com\/index.php\/2025\/03\/29\/bahia-x-corinthians-a-escalacao-escolhida-por-rogerio-ceni\/#respond"]}],"copyrightYear":"2025","copyrightHolder":{"@id":"https:\/\/www.gaveanews.com\/#organization"}},{"@type":"WebPage","@id":"https:\/\/www.gaveanews.com\/index.php\/2025\/03\/29\/bahia-x-corinthians-a-escalacao-escolhida-por-rogerio-ceni\/","url":"https:\/\/www.gaveanews.com\/index.php\/2025\/03\/29\/bahia-x-corinthians-a-escalacao-escolhida-por-rogerio-ceni\/","name":"Bahia x Corinthians: a escala\u00e7\u00e3o escolhida por Rog\u00e9rio Ceni","isPartOf":{"@id":"https:\/\/www.gaveanews.com\/#website"},"primaryImageOfPage":{"@id":"https:\/\/www.gaveanews.com\/index.php\/2025\/03\/29\/bahia-x-corinthians-a-escalacao-escolhida-por-rogerio-ceni\/#primaryimage"},"image":{"@id":"https:\/\/www.gaveanews.com\/index.php\/2025\/03\/29\/bahia-x-corinthians-a-escalacao-escolhida-por-rogerio-ceni\/#primaryimage"},"thumbnailUrl":"https:\/\/www.gaveanews.com\/wp-content\/uploads\/rogerio-ceni-bahia.webp","datePublished":"2025-03-29T21:40:00+00:00","author":{"@id":"https:\/\/www.gaveanews.com\/#\/schema\/person\/daf63eec72e1164eb13dc35096c2b8da"},"breadcrumb":{"@id":"https:\/\/www.gaveanews.com\/index.php\/2025\/03\/29\/bahia-x-corinthians-a-escalacao-escolhida-por-rogerio-ceni\/#breadcrumb"},"inLanguage":"pt-BR","potentialAction":[{"@type":"ReadAction","target":["https:\/\/www.gaveanews.com\/index.php\/2025\/03\/29\/bahia-x-corinthians-a-escalacao-escolhida-por-rogerio-ceni\/"]}]},{"@type":"ImageObject","inLanguage":"pt-BR","@id":"https:\/\/www.gaveanews.com\/index.php\/2025\/03\/29\/bahia-x-corinthians-a-escalacao-escolhida-por-rogerio-ceni\/#primaryimage","url":"https:\/\/www.gaveanews.com\/wp-content\/uploads\/rogerio-ceni-bahia.webp","contentUrl":"https:\/\/www.gaveanews.com\/wp-content\/uploads\/rogerio-ceni-bahia.webp","width":984,"height":656,"caption":"Rog\u00e9rio Ceni comanda treino do Bahia (Foto: Felipe Oliveira\/EC Bahia)"},{"@type":"BreadcrumbList","@id":"https:\/\/www.gaveanews.com\/index.php\/2025\/03\/29\/bahia-x-corinthians-a-escalacao-escolhida-por-rogerio-ceni\/#breadcrumb","itemListElement":[{"@type":"ListItem","position":1,"name":"Home","item":"https:\/\/www.gaveanews.com\/"},{"@type":"ListItem","position":2,"name":"Bahia x Corinthians: a escala\u00e7\u00e3o escolhida por Rog\u00e9rio Ceni"}]},{"@type":"WebSite","@id":"https:\/\/www.gaveanews.com\/#website","url":"https:\/\/www.gaveanews.com\/","name":"G\u00e1vea News","description":"Veja todas as not\u00edcias sobre o Flamengo: Contrata\u00e7\u00f5es, categorias de base, resultados das partidas, tabela de classifica\u00e7\u00e3o, pr\u00f3ximos jogos!","potentialAction":[{"@type":"SearchAction","target":{"@type":"EntryPoint","urlTemplate":"https:\/\/www.gaveanews.com\/?s={search_term_string}"},"query-input":{"@type":"PropertyValueSpecification","valueRequired":true,"valueName":"search_term_string"}}],"inLanguage":"pt-BR"},{"@type":"Person","@id":"https:\/\/www.gaveanews.com\/#\/schema\/person\/daf63eec72e1164eb13dc35096c2b8da","name":"Paula Silva","image":{"@type":"ImageObject","inLanguage":"pt-BR","@id":"https:\/\/www.gaveanews.com\/#\/schema\/person\/image\/","url":"https:\/\/secure.gravatar.com\/avatar\/eda381c845527cc5d64c13b901833cda29d97500ba040d3e6461f76f51d163bb?s=96&d=mm&r=g","contentUrl":"https:\/\/secure.gravatar.com\/avatar\/eda381c845527cc5d64c13b901833cda29d97500ba040d3e6461f76f51d163bb?s=96&d=mm&r=g","caption":"Paula Silva"}}]}},"_links":{"self":[{"href":"https:\/\/www.gaveanews.com\/index.php\/wp-json\/wp\/v2\/posts\/246476","targetHints":{"allow":["GET"]}}],"collection":[{"href":"https:\/\/www.gaveanews.com\/index.php\/wp-json\/wp\/v2\/posts"}],"about":[{"href":"https:\/\/www.gaveanews.com\/index.php\/wp-json\/wp\/v2\/types\/post"}],"author":[{"embeddable":true,"href":"https:\/\/www.gaveanews.com\/index.php\/wp-json\/wp\/v2\/users\/18"}],"replies":[{"embeddable":true,"href":"https:\/\/www.gaveanews.com\/index.php\/wp-json\/wp\/v2\/comments?post=246476"}],"version-history":[{"count":1,"href":"https:\/\/www.gaveanews.com\/index.php\/wp-json\/wp\/v2\/posts\/246476\/revisions"}],"predecessor-version":[{"id":246481,"href":"https:\/\/www.gaveanews.com\/index.php\/wp-json\/wp\/v2\/posts\/246476\/revisions\/246481"}],"wp:featuredmedia":[{"embeddable":true,"href":"https:\/\/www.gaveanews.com\/index.php\/wp-json\/wp\/v2\/media\/148395"}],"wp:attachment":[{"href":"https:\/\/www.gaveanews.com\/index.php\/wp-json\/wp\/v2\/media?parent=246476"}],"wp:term":[{"taxonomy":"category","embeddable":true,"href":"https:\/\/www.gaveanews.com\/index.php\/wp-json\/wp\/v2\/categories?post=246476"},{"taxonomy":"post_tag","embeddable":true,"href":"https:\/\/www.gaveanews.com\/index.php\/wp-json\/wp\/v2\/tags?post=246476"}],"curies":[{"name":"wp","href":"https:\/\/api.w.org\/{rel}","templated":true}]}}