{"id":246479,"date":"2025-03-30T00:15:00","date_gmt":"2025-03-30T03:15:00","guid":{"rendered":"https:\/\/www.gaveanews.com\/?p=246479"},"modified":"2025-03-30T00:06:31","modified_gmt":"2025-03-30T03:06:31","slug":"a-declaracao-de-andre-rizek-direcionada-ao-vasco-pra-mim-essa-e-a","status":"publish","type":"post","link":"https:\/\/www.gaveanews.com\/index.php\/2025\/03\/30\/a-declaracao-de-andre-rizek-direcionada-ao-vasco-pra-mim-essa-e-a\/","title":{"rendered":"A declara\u00e7\u00e3o de Andr\u00e9 Rizek direcionada ao Vasco: &#8220;Pra mim essa \u00e9 a\u2026&#8221;"},"content":{"rendered":"\n<h2 class=\"wp-block-heading\" id=\"h-apresentador-projetou-o-brasileirao-do-gigante-da-colina\">Apresentador projetou o Brasileir\u00e3o do Gigante da Colina <\/h2>\n\n\n\n<p>O Campeonato Brasileiro de 2025 ter\u00e1 in\u00edcio neste s\u00e1bado (29). O apresentador Andr\u00e9 Rizek opinou sobre o futuro dos 20 clubes da S\u00e9rie A do Brasileir\u00e3o. Em rela\u00e7\u00e3o ao Vasco, Rizek disse que o clube n\u00e3o ir\u00e1 brigar contra o rebaixamento. <\/p>\n\n\n\n<p>A proje\u00e7\u00e3o de Andr\u00e9 Rizek \u00e9 do Vasco brigar no meio da tabela do Brasileir\u00e3o, brigando com Gr\u00eamio, Vit\u00f3ria e Santos. Para o apresentador, o Gigante da Colina far\u00e1 uma campanha razo\u00e1vel e sem riscos de ser rebaixado, mas ao mesmo tempo n\u00e3o ir\u00e1 brigar por t\u00edtulo ou por vaga na Libertadores. <\/p>\n\n\n\n<p>\u201cVou colocar nessa prateleira quatro times que come\u00e7am o Brasileiro com a pretens\u00e3o de fazer um torneio seguro, n\u00e3o sofrer na zona do rebaixamento, e se classificar na\u00a0Sul-Americana. Pra mim essa \u00e9 a realidade do Vasco, Gr\u00eamio, Vit\u00f3ria e o Santos&#8221;, disse Andr\u00e9 Rizek. <\/p>\n\n\n\n<p>No Brasileir\u00e3o do ano passado, o Vasco come\u00e7ou mal a competi\u00e7\u00e3o e chegou a brigar contra o rebaixamento. Mas, depois a equipe reagiu e deu um salto na tabela, chegando a &#8220;flertar&#8221; com uma vaga na fase preliminar da Libertadores. Por\u00e9m, na reta final da competi\u00e7\u00e3o, o cruz-maltino caiu de rendimento e alcan\u00e7ou apenas uma vaga na Copa Sul-Americana, ocupando o meio da classifica\u00e7\u00e3o do torneio. <\/p>\n\n\n\n<p>No \u00faltimo Brasileir\u00e3o, o Vasco ficou na 10\u00b0 posi\u00e7\u00e3o com 50 pontos, tendo tr\u00eas a menos que o Bahia, que ficou com a \u00faltima vaga na fase preliminar da Libertadores. No total, o Gigante da Colina somou 14 vit\u00f3rias, oito empates e 16 derrotas, com 43 gols marcados e 56 sofridos. <\/p>\n\n\n\n<p>O Vasco faz sua estreia no Campeonato Brasileiro de 2025 neste domingo (30), quando recebe o Santos em S\u00e3o Janu\u00e1rio. A partida est\u00e1 marcada para \u00e0s 18h30 (hor\u00e1rio de Bras\u00edlia). O primeiro cl\u00e1ssico na competi\u00e7\u00e3o ser\u00e1 contra o Flamengo, no dia 19 de abril, na quinta rodada. <\/p>\n","protected":false},"excerpt":{"rendered":"<p>Apresentador projetou o Brasileir\u00e3o do Gigante da Colina O Campeonato Brasileiro de 2025 ter\u00e1 in\u00edcio neste s\u00e1bado (29). O apresentador Andr\u00e9 Rizek opinou sobre o futuro dos 20 clubes da S\u00e9rie A do Brasileir\u00e3o. Em rela\u00e7\u00e3o ao Vasco, Rizek disse que o clube n\u00e3o ir\u00e1 brigar contra o rebaixamento. A proje\u00e7\u00e3o de Andr\u00e9 Rizek \u00e9 [&hellip;]<\/p>\n","protected":false},"author":21,"featured_media":101875,"comment_status":"open","ping_status":"closed","sticky":false,"template":"","format":"standard","meta":{"footnotes":""},"categories":[152],"tags":[],"class_list":["post-246479","post","type-post","status-publish","format-standard","has-post-thumbnail","hentry","category-vasco"],"yoast_head":"<!-- This site is optimized with the Yoast SEO Premium plugin v24.2 (Yoast SEO v26.9) - https:\/\/yoast.com\/product\/yoast-seo-premium-wordpress\/ -->\n<title>A declara\u00e7\u00e3o de Andr\u00e9 Rizek direcionada ao Vasco: &quot;Pra mim essa \u00e9 a\u2026&quot;<\/title>\n<meta name=\"robots\" content=\"index, follow, max-snippet:-1, max-image-preview:large, max-video-preview:-1\" \/>\n<link rel=\"canonical\" href=\"https:\/\/www.gaveanews.com\/index.php\/2025\/03\/30\/a-declaracao-de-andre-rizek-direcionada-ao-vasco-pra-mim-essa-e-a\/\" \/>\n<meta property=\"og:locale\" content=\"pt_BR\" \/>\n<meta property=\"og:type\" content=\"article\" \/>\n<meta property=\"og:title\" content=\"A declara\u00e7\u00e3o de Andr\u00e9 Rizek direcionada ao Vasco: &quot;Pra mim essa \u00e9 a\u2026&quot;\" \/>\n<meta property=\"og:description\" content=\"Apresentador projetou o Brasileir\u00e3o do Gigante da Colina O Campeonato Brasileiro de 2025 ter\u00e1 in\u00edcio neste s\u00e1bado (29). O apresentador Andr\u00e9 Rizek opinou sobre o futuro dos 20 clubes da S\u00e9rie A do Brasileir\u00e3o. Em rela\u00e7\u00e3o ao Vasco, Rizek disse que o clube n\u00e3o ir\u00e1 brigar contra o rebaixamento. A proje\u00e7\u00e3o de Andr\u00e9 Rizek \u00e9 [&hellip;]\" \/>\n<meta property=\"og:url\" content=\"https:\/\/www.gaveanews.com\/index.php\/2025\/03\/30\/a-declaracao-de-andre-rizek-direcionada-ao-vasco-pra-mim-essa-e-a\/\" \/>\n<meta property=\"og:site_name\" content=\"G\u00e1vea News\" \/>\n<meta property=\"article:publisher\" content=\"https:\/\/facebook.com\/gaveaNews\/\" \/>\n<meta property=\"article:published_time\" content=\"2025-03-30T03:15:00+00:00\" \/>\n<meta property=\"og:image\" content=\"https:\/\/www.gaveanews.com\/wp-content\/uploads\/Andre-Rizek-durante-um-programa-do-SporTV.webp\" \/>\n\t<meta property=\"og:image:width\" content=\"795\" \/>\n\t<meta property=\"og:image:height\" content=\"448\" \/>\n\t<meta property=\"og:image:type\" content=\"image\/jpeg\" \/>\n<meta name=\"author\" content=\"Andr\u00e9 Serra\" \/>\n<meta name=\"twitter:card\" content=\"summary_large_image\" \/>\n<meta name=\"twitter:label1\" content=\"Escrito por\" \/>\n\t<meta name=\"twitter:data1\" content=\"Andr\u00e9 Serra\" \/>\n\t<meta name=\"twitter:label2\" content=\"Est. tempo de leitura\" \/>\n\t<meta name=\"twitter:data2\" content=\"2 minutos\" \/>\n<script type=\"application\/ld+json\" class=\"yoast-schema-graph\">{\"@context\":\"https:\/\/schema.org\",\"@graph\":[{\"@type\":\"NewsArticle\",\"@id\":\"https:\/\/www.gaveanews.com\/index.php\/2025\/03\/30\/a-declaracao-de-andre-rizek-direcionada-ao-vasco-pra-mim-essa-e-a\/#article\",\"isPartOf\":{\"@id\":\"https:\/\/www.gaveanews.com\/index.php\/2025\/03\/30\/a-declaracao-de-andre-rizek-direcionada-ao-vasco-pra-mim-essa-e-a\/\"},\"author\":{\"name\":\"Andr\u00e9 Serra\",\"@id\":\"https:\/\/www.gaveanews.com\/#\/schema\/person\/0277a79a1289c451c281ec0411d84f0c\"},\"headline\":\"A declara\u00e7\u00e3o de Andr\u00e9 Rizek direcionada ao Vasco: &#8220;Pra mim essa \u00e9 a\u2026&#8221;\",\"datePublished\":\"2025-03-30T03:15:00+00:00\",\"mainEntityOfPage\":{\"@id\":\"https:\/\/www.gaveanews.com\/index.php\/2025\/03\/30\/a-declaracao-de-andre-rizek-direcionada-ao-vasco-pra-mim-essa-e-a\/\"},\"wordCount\":345,\"commentCount\":0,\"image\":{\"@id\":\"https:\/\/www.gaveanews.com\/index.php\/2025\/03\/30\/a-declaracao-de-andre-rizek-direcionada-ao-vasco-pra-mim-essa-e-a\/#primaryimage\"},\"thumbnailUrl\":\"https:\/\/www.gaveanews.com\/wp-content\/uploads\/Andre-Rizek-durante-um-programa-do-SporTV.webp\",\"articleSection\":[\"Vasco\"],\"inLanguage\":\"pt-BR\",\"potentialAction\":[{\"@type\":\"CommentAction\",\"name\":\"Comment\",\"target\":[\"https:\/\/www.gaveanews.com\/index.php\/2025\/03\/30\/a-declaracao-de-andre-rizek-direcionada-ao-vasco-pra-mim-essa-e-a\/#respond\"]}],\"copyrightYear\":\"2025\",\"copyrightHolder\":{\"@id\":\"https:\/\/www.gaveanews.com\/#organization\"}},{\"@type\":\"WebPage\",\"@id\":\"https:\/\/www.gaveanews.com\/index.php\/2025\/03\/30\/a-declaracao-de-andre-rizek-direcionada-ao-vasco-pra-mim-essa-e-a\/\",\"url\":\"https:\/\/www.gaveanews.com\/index.php\/2025\/03\/30\/a-declaracao-de-andre-rizek-direcionada-ao-vasco-pra-mim-essa-e-a\/\",\"name\":\"A declara\u00e7\u00e3o de Andr\u00e9 Rizek direcionada ao Vasco: \\\"Pra mim essa \u00e9 a\u2026\\\"\",\"isPartOf\":{\"@id\":\"https:\/\/www.gaveanews.com\/#website\"},\"primaryImageOfPage\":{\"@id\":\"https:\/\/www.gaveanews.com\/index.php\/2025\/03\/30\/a-declaracao-de-andre-rizek-direcionada-ao-vasco-pra-mim-essa-e-a\/#primaryimage\"},\"image\":{\"@id\":\"https:\/\/www.gaveanews.com\/index.php\/2025\/03\/30\/a-declaracao-de-andre-rizek-direcionada-ao-vasco-pra-mim-essa-e-a\/#primaryimage\"},\"thumbnailUrl\":\"https:\/\/www.gaveanews.com\/wp-content\/uploads\/Andre-Rizek-durante-um-programa-do-SporTV.webp\",\"datePublished\":\"2025-03-30T03:15:00+00:00\",\"author\":{\"@id\":\"https:\/\/www.gaveanews.com\/#\/schema\/person\/0277a79a1289c451c281ec0411d84f0c\"},\"breadcrumb\":{\"@id\":\"https:\/\/www.gaveanews.com\/index.php\/2025\/03\/30\/a-declaracao-de-andre-rizek-direcionada-ao-vasco-pra-mim-essa-e-a\/#breadcrumb\"},\"inLanguage\":\"pt-BR\",\"potentialAction\":[{\"@type\":\"ReadAction\",\"target\":[\"https:\/\/www.gaveanews.com\/index.php\/2025\/03\/30\/a-declaracao-de-andre-rizek-direcionada-ao-vasco-pra-mim-essa-e-a\/\"]}]},{\"@type\":\"ImageObject\",\"inLanguage\":\"pt-BR\",\"@id\":\"https:\/\/www.gaveanews.com\/index.php\/2025\/03\/30\/a-declaracao-de-andre-rizek-direcionada-ao-vasco-pra-mim-essa-e-a\/#primaryimage\",\"url\":\"https:\/\/www.gaveanews.com\/wp-content\/uploads\/Andre-Rizek-durante-um-programa-do-SporTV.webp\",\"contentUrl\":\"https:\/\/www.gaveanews.com\/wp-content\/uploads\/Andre-Rizek-durante-um-programa-do-SporTV.webp\",\"width\":795,\"height\":448,\"caption\":\"Andr\u00e9 Rizek durante um programa do SporTV (Foto: Reprodu\u00e7\u00e3o\/SporTV)\"},{\"@type\":\"BreadcrumbList\",\"@id\":\"https:\/\/www.gaveanews.com\/index.php\/2025\/03\/30\/a-declaracao-de-andre-rizek-direcionada-ao-vasco-pra-mim-essa-e-a\/#breadcrumb\",\"itemListElement\":[{\"@type\":\"ListItem\",\"position\":1,\"name\":\"Home\",\"item\":\"https:\/\/www.gaveanews.com\/\"},{\"@type\":\"ListItem\",\"position\":2,\"name\":\"A declara\u00e7\u00e3o de Andr\u00e9 Rizek direcionada ao Vasco: &#8220;Pra mim essa \u00e9 a\u2026&#8221;\"}]},{\"@type\":\"WebSite\",\"@id\":\"https:\/\/www.gaveanews.com\/#website\",\"url\":\"https:\/\/www.gaveanews.com\/\",\"name\":\"G\u00e1vea News\",\"description\":\"Veja todas as not\u00edcias sobre o Flamengo: Contrata\u00e7\u00f5es, categorias de base, resultados das partidas, tabela de classifica\u00e7\u00e3o, pr\u00f3ximos jogos!\",\"potentialAction\":[{\"@type\":\"SearchAction\",\"target\":{\"@type\":\"EntryPoint\",\"urlTemplate\":\"https:\/\/www.gaveanews.com\/?s={search_term_string}\"},\"query-input\":{\"@type\":\"PropertyValueSpecification\",\"valueRequired\":true,\"valueName\":\"search_term_string\"}}],\"inLanguage\":\"pt-BR\"},{\"@type\":\"Person\",\"@id\":\"https:\/\/www.gaveanews.com\/#\/schema\/person\/0277a79a1289c451c281ec0411d84f0c\",\"name\":\"Andr\u00e9 Serra\",\"image\":{\"@type\":\"ImageObject\",\"inLanguage\":\"pt-BR\",\"@id\":\"https:\/\/www.gaveanews.com\/#\/schema\/person\/image\/\",\"url\":\"https:\/\/secure.gravatar.com\/avatar\/d7231369fe48db93292b3e88eb2162dbd9a34a47a8437d9ef3bcaca2a86a83d7?s=96&d=mm&r=g\",\"contentUrl\":\"https:\/\/secure.gravatar.com\/avatar\/d7231369fe48db93292b3e88eb2162dbd9a34a47a8437d9ef3bcaca2a86a83d7?s=96&d=mm&r=g\",\"caption\":\"Andr\u00e9 Serra\"}}]}<\/script>\n<!-- \/ Yoast SEO Premium plugin. -->","yoast_head_json":{"title":"A declara\u00e7\u00e3o de Andr\u00e9 Rizek direcionada ao Vasco: \"Pra mim essa \u00e9 a\u2026\"","robots":{"index":"index","follow":"follow","max-snippet":"max-snippet:-1","max-image-preview":"max-image-preview:large","max-video-preview":"max-video-preview:-1"},"canonical":"https:\/\/www.gaveanews.com\/index.php\/2025\/03\/30\/a-declaracao-de-andre-rizek-direcionada-ao-vasco-pra-mim-essa-e-a\/","og_locale":"pt_BR","og_type":"article","og_title":"A declara\u00e7\u00e3o de Andr\u00e9 Rizek direcionada ao Vasco: \"Pra mim essa \u00e9 a\u2026\"","og_description":"Apresentador projetou o Brasileir\u00e3o do Gigante da Colina O Campeonato Brasileiro de 2025 ter\u00e1 in\u00edcio neste s\u00e1bado (29). O apresentador Andr\u00e9 Rizek opinou sobre o futuro dos 20 clubes da S\u00e9rie A do Brasileir\u00e3o. Em rela\u00e7\u00e3o ao Vasco, Rizek disse que o clube n\u00e3o ir\u00e1 brigar contra o rebaixamento. A proje\u00e7\u00e3o de Andr\u00e9 Rizek \u00e9 [&hellip;]","og_url":"https:\/\/www.gaveanews.com\/index.php\/2025\/03\/30\/a-declaracao-de-andre-rizek-direcionada-ao-vasco-pra-mim-essa-e-a\/","og_site_name":"G\u00e1vea News","article_publisher":"https:\/\/facebook.com\/gaveaNews\/","article_published_time":"2025-03-30T03:15:00+00:00","og_image":[{"width":795,"height":448,"url":"https:\/\/www.gaveanews.com\/wp-content\/uploads\/Andre-Rizek-durante-um-programa-do-SporTV.webp","type":"image\/jpeg"}],"author":"Andr\u00e9 Serra","twitter_card":"summary_large_image","twitter_misc":{"Escrito por":"Andr\u00e9 Serra","Est. tempo de leitura":"2 minutos"},"schema":{"@context":"https:\/\/schema.org","@graph":[{"@type":"NewsArticle","@id":"https:\/\/www.gaveanews.com\/index.php\/2025\/03\/30\/a-declaracao-de-andre-rizek-direcionada-ao-vasco-pra-mim-essa-e-a\/#article","isPartOf":{"@id":"https:\/\/www.gaveanews.com\/index.php\/2025\/03\/30\/a-declaracao-de-andre-rizek-direcionada-ao-vasco-pra-mim-essa-e-a\/"},"author":{"name":"Andr\u00e9 Serra","@id":"https:\/\/www.gaveanews.com\/#\/schema\/person\/0277a79a1289c451c281ec0411d84f0c"},"headline":"A declara\u00e7\u00e3o de Andr\u00e9 Rizek direcionada ao Vasco: &#8220;Pra mim essa \u00e9 a\u2026&#8221;","datePublished":"2025-03-30T03:15:00+00:00","mainEntityOfPage":{"@id":"https:\/\/www.gaveanews.com\/index.php\/2025\/03\/30\/a-declaracao-de-andre-rizek-direcionada-ao-vasco-pra-mim-essa-e-a\/"},"wordCount":345,"commentCount":0,"image":{"@id":"https:\/\/www.gaveanews.com\/index.php\/2025\/03\/30\/a-declaracao-de-andre-rizek-direcionada-ao-vasco-pra-mim-essa-e-a\/#primaryimage"},"thumbnailUrl":"https:\/\/www.gaveanews.com\/wp-content\/uploads\/Andre-Rizek-durante-um-programa-do-SporTV.webp","articleSection":["Vasco"],"inLanguage":"pt-BR","potentialAction":[{"@type":"CommentAction","name":"Comment","target":["https:\/\/www.gaveanews.com\/index.php\/2025\/03\/30\/a-declaracao-de-andre-rizek-direcionada-ao-vasco-pra-mim-essa-e-a\/#respond"]}],"copyrightYear":"2025","copyrightHolder":{"@id":"https:\/\/www.gaveanews.com\/#organization"}},{"@type":"WebPage","@id":"https:\/\/www.gaveanews.com\/index.php\/2025\/03\/30\/a-declaracao-de-andre-rizek-direcionada-ao-vasco-pra-mim-essa-e-a\/","url":"https:\/\/www.gaveanews.com\/index.php\/2025\/03\/30\/a-declaracao-de-andre-rizek-direcionada-ao-vasco-pra-mim-essa-e-a\/","name":"A declara\u00e7\u00e3o de Andr\u00e9 Rizek direcionada ao Vasco: \"Pra mim essa \u00e9 a\u2026\"","isPartOf":{"@id":"https:\/\/www.gaveanews.com\/#website"},"primaryImageOfPage":{"@id":"https:\/\/www.gaveanews.com\/index.php\/2025\/03\/30\/a-declaracao-de-andre-rizek-direcionada-ao-vasco-pra-mim-essa-e-a\/#primaryimage"},"image":{"@id":"https:\/\/www.gaveanews.com\/index.php\/2025\/03\/30\/a-declaracao-de-andre-rizek-direcionada-ao-vasco-pra-mim-essa-e-a\/#primaryimage"},"thumbnailUrl":"https:\/\/www.gaveanews.com\/wp-content\/uploads\/Andre-Rizek-durante-um-programa-do-SporTV.webp","datePublished":"2025-03-30T03:15:00+00:00","author":{"@id":"https:\/\/www.gaveanews.com\/#\/schema\/person\/0277a79a1289c451c281ec0411d84f0c"},"breadcrumb":{"@id":"https:\/\/www.gaveanews.com\/index.php\/2025\/03\/30\/a-declaracao-de-andre-rizek-direcionada-ao-vasco-pra-mim-essa-e-a\/#breadcrumb"},"inLanguage":"pt-BR","potentialAction":[{"@type":"ReadAction","target":["https:\/\/www.gaveanews.com\/index.php\/2025\/03\/30\/a-declaracao-de-andre-rizek-direcionada-ao-vasco-pra-mim-essa-e-a\/"]}]},{"@type":"ImageObject","inLanguage":"pt-BR","@id":"https:\/\/www.gaveanews.com\/index.php\/2025\/03\/30\/a-declaracao-de-andre-rizek-direcionada-ao-vasco-pra-mim-essa-e-a\/#primaryimage","url":"https:\/\/www.gaveanews.com\/wp-content\/uploads\/Andre-Rizek-durante-um-programa-do-SporTV.webp","contentUrl":"https:\/\/www.gaveanews.com\/wp-content\/uploads\/Andre-Rizek-durante-um-programa-do-SporTV.webp","width":795,"height":448,"caption":"Andr\u00e9 Rizek durante um programa do SporTV (Foto: Reprodu\u00e7\u00e3o\/SporTV)"},{"@type":"BreadcrumbList","@id":"https:\/\/www.gaveanews.com\/index.php\/2025\/03\/30\/a-declaracao-de-andre-rizek-direcionada-ao-vasco-pra-mim-essa-e-a\/#breadcrumb","itemListElement":[{"@type":"ListItem","position":1,"name":"Home","item":"https:\/\/www.gaveanews.com\/"},{"@type":"ListItem","position":2,"name":"A declara\u00e7\u00e3o de Andr\u00e9 Rizek direcionada ao Vasco: &#8220;Pra mim essa \u00e9 a\u2026&#8221;"}]},{"@type":"WebSite","@id":"https:\/\/www.gaveanews.com\/#website","url":"https:\/\/www.gaveanews.com\/","name":"G\u00e1vea News","description":"Veja todas as not\u00edcias sobre o Flamengo: Contrata\u00e7\u00f5es, categorias de base, resultados das partidas, tabela de classifica\u00e7\u00e3o, pr\u00f3ximos jogos!","potentialAction":[{"@type":"SearchAction","target":{"@type":"EntryPoint","urlTemplate":"https:\/\/www.gaveanews.com\/?s={search_term_string}"},"query-input":{"@type":"PropertyValueSpecification","valueRequired":true,"valueName":"search_term_string"}}],"inLanguage":"pt-BR"},{"@type":"Person","@id":"https:\/\/www.gaveanews.com\/#\/schema\/person\/0277a79a1289c451c281ec0411d84f0c","name":"Andr\u00e9 Serra","image":{"@type":"ImageObject","inLanguage":"pt-BR","@id":"https:\/\/www.gaveanews.com\/#\/schema\/person\/image\/","url":"https:\/\/secure.gravatar.com\/avatar\/d7231369fe48db93292b3e88eb2162dbd9a34a47a8437d9ef3bcaca2a86a83d7?s=96&d=mm&r=g","contentUrl":"https:\/\/secure.gravatar.com\/avatar\/d7231369fe48db93292b3e88eb2162dbd9a34a47a8437d9ef3bcaca2a86a83d7?s=96&d=mm&r=g","caption":"Andr\u00e9 Serra"}}]}},"_links":{"self":[{"href":"https:\/\/www.gaveanews.com\/index.php\/wp-json\/wp\/v2\/posts\/246479","targetHints":{"allow":["GET"]}}],"collection":[{"href":"https:\/\/www.gaveanews.com\/index.php\/wp-json\/wp\/v2\/posts"}],"about":[{"href":"https:\/\/www.gaveanews.com\/index.php\/wp-json\/wp\/v2\/types\/post"}],"author":[{"embeddable":true,"href":"https:\/\/www.gaveanews.com\/index.php\/wp-json\/wp\/v2\/users\/21"}],"replies":[{"embeddable":true,"href":"https:\/\/www.gaveanews.com\/index.php\/wp-json\/wp\/v2\/comments?post=246479"}],"version-history":[{"count":1,"href":"https:\/\/www.gaveanews.com\/index.php\/wp-json\/wp\/v2\/posts\/246479\/revisions"}],"predecessor-version":[{"id":246498,"href":"https:\/\/www.gaveanews.com\/index.php\/wp-json\/wp\/v2\/posts\/246479\/revisions\/246498"}],"wp:featuredmedia":[{"embeddable":true,"href":"https:\/\/www.gaveanews.com\/index.php\/wp-json\/wp\/v2\/media\/101875"}],"wp:attachment":[{"href":"https:\/\/www.gaveanews.com\/index.php\/wp-json\/wp\/v2\/media?parent=246479"}],"wp:term":[{"taxonomy":"category","embeddable":true,"href":"https:\/\/www.gaveanews.com\/index.php\/wp-json\/wp\/v2\/categories?post=246479"},{"taxonomy":"post_tag","embeddable":true,"href":"https:\/\/www.gaveanews.com\/index.php\/wp-json\/wp\/v2\/tags?post=246479"}],"curies":[{"name":"wp","href":"https:\/\/api.w.org\/{rel}","templated":true}]}}