{"id":246485,"date":"2025-03-29T18:50:00","date_gmt":"2025-03-29T21:50:00","guid":{"rendered":"https:\/\/www.gaveanews.com\/?p=246485"},"modified":"2025-03-29T16:28:38","modified_gmt":"2025-03-29T19:28:38","slug":"gremio-faz-proposta-milionaria-para-contratar-atacante","status":"publish","type":"post","link":"https:\/\/www.gaveanews.com\/index.php\/2025\/03\/29\/gremio-faz-proposta-milionaria-para-contratar-atacante\/","title":{"rendered":"Gr\u00eamio faz proposta milion\u00e1ria para contratar atacante"},"content":{"rendered":"\n<p>O Gr\u00eamio formalizou uma proposta ao Juventude com o objetivo de contratar o atacante \u00canio para a disputa do Campeonato Brasileiro. A investida, de R$ 3 milh\u00f5es por 40% dos direitos econ\u00f4micos do jogador, foi recusada pela diretoria alviverde. O valor seria pago de forma parcelada, conforme apurado por ve\u00edculos especializados na cobertura do futebol ga\u00facho.<\/p>\n\n\n\n<p>\u00canio, de 24 anos, vem sendo um dos principais nomes do Juventude neste in\u00edcio de temporada. Titular absoluto no Campeonato Ga\u00facho, ele participou de 11 jogos, marcou um gol e deu uma assist\u00eancia. Seu desempenho chamou a aten\u00e7\u00e3o do Gr\u00eamio, que tenta refor\u00e7ar o elenco comandado por Gustavo Quinteros. O t\u00e9cnico, ali\u00e1s, deixou claro o desejo de contar com novas op\u00e7\u00f5es ofensivas ap\u00f3s a derrota na final estadual.<\/p>\n\n\n\n<p>O Juventude, no entanto, optou por n\u00e3o avan\u00e7ar nas tratativas. O executivo de futebol do clube, J\u00falio Rondinelli, afirmou que, embora a proposta gremista superasse o valor investido na compra de 50% dos direitos do jogador junto ao Amazonas, a inten\u00e7\u00e3o \u00e9 manter \u00canio por mais tempo no elenco. \u201cTemos a inten\u00e7\u00e3o de que o \u00canio siga com a gente nesta temporada e fique o maior tempo poss\u00edvel no clube\u201d, declarou o dirigente.<\/p>\n\n\n\n<p>A transa\u00e7\u00e3o do Juventude com o Amazonas, feita na semana anterior \u00e0 proposta do Gr\u00eamio, custou R$ 1,2 milh\u00e3o. A expectativa do clube \u00e9 lucrar significativamente com o jogador futuramente: cerca de R$ 17 milh\u00f5es, valor pedido para uma venda integral. Ainda assim, o contrato do atacante \u00e9 v\u00e1lido at\u00e9 dezembro de 2028, o que fortalece a posi\u00e7\u00e3o do clube em eventual negocia\u00e7\u00e3o futura.<\/p>\n\n\n\n<p>Antes de chegar ao Juventude, \u00canio passou pelo Botafogo, onde iniciou sua trajet\u00f3ria profissional em 2021. Depois, teve uma breve passagem pela B\u00e9lgica, no RWD Molenbeek, antes de retornar ao Brasil e atuar pelo Amazonas na S\u00e9rie B de 2024. Ali\u00e1s, desde sua chegada a Caxias do Sul, o atacante tem mantido regularidade e desempenho t\u00e9cnico elogiado internamente.<\/p>\n\n\n\n<p>Um epis\u00f3dio envolvendo \u00canio e Gustavo Quinteros tamb\u00e9m marcou a semifinal do Gauch\u00e3o. O treinador gremista invadiu o campo durante uma discuss\u00e3o com a arbitragem e acabou agredindo o jogador do Juventude, que tentava intervir. O Tribunal de Justi\u00e7a Desportiva do Rio Grande do Sul (TJD-RS) puniu Quinteros com quatro jogos de suspens\u00e3o, epis\u00f3dio que, eventualmente, adicionou tens\u00e3o \u00e0 tentativa de negocia\u00e7\u00e3o entre os clubes.<\/p>\n","protected":false},"excerpt":{"rendered":"<p>O Gr\u00eamio formalizou uma proposta ao Juventude com o objetivo de contratar o atacante \u00canio para a disputa do Campeonato Brasileiro. A investida, de R$ 3 milh\u00f5es por 40% dos direitos econ\u00f4micos do jogador, foi recusada pela diretoria alviverde. O valor seria pago de forma parcelada, conforme apurado por ve\u00edculos especializados na cobertura do futebol [&hellip;]<\/p>\n","protected":false},"author":18,"featured_media":154785,"comment_status":"open","ping_status":"closed","sticky":false,"template":"","format":"standard","meta":{"footnotes":""},"categories":[147],"tags":[],"class_list":["post-246485","post","type-post","status-publish","format-standard","has-post-thumbnail","hentry","category-gremio"],"yoast_head":"<!-- This site is optimized with the Yoast SEO Premium plugin v24.2 (Yoast SEO v26.9) - https:\/\/yoast.com\/product\/yoast-seo-premium-wordpress\/ -->\n<title>Gr\u00eamio faz proposta milion\u00e1ria para contratar atacante<\/title>\n<meta name=\"robots\" content=\"index, follow, max-snippet:-1, max-image-preview:large, max-video-preview:-1\" \/>\n<link rel=\"canonical\" href=\"https:\/\/www.gaveanews.com\/index.php\/2025\/03\/29\/gremio-faz-proposta-milionaria-para-contratar-atacante\/\" \/>\n<meta property=\"og:locale\" content=\"pt_BR\" \/>\n<meta property=\"og:type\" content=\"article\" \/>\n<meta property=\"og:title\" content=\"Gr\u00eamio faz proposta milion\u00e1ria para contratar atacante\" \/>\n<meta property=\"og:description\" content=\"O Gr\u00eamio formalizou uma proposta ao Juventude com o objetivo de contratar o atacante \u00canio para a disputa do Campeonato Brasileiro. A investida, de R$ 3 milh\u00f5es por 40% dos direitos econ\u00f4micos do jogador, foi recusada pela diretoria alviverde. O valor seria pago de forma parcelada, conforme apurado por ve\u00edculos especializados na cobertura do futebol [&hellip;]\" \/>\n<meta property=\"og:url\" content=\"https:\/\/www.gaveanews.com\/index.php\/2025\/03\/29\/gremio-faz-proposta-milionaria-para-contratar-atacante\/\" \/>\n<meta property=\"og:site_name\" content=\"G\u00e1vea News\" \/>\n<meta property=\"article:publisher\" content=\"https:\/\/facebook.com\/gaveaNews\/\" \/>\n<meta property=\"article:published_time\" content=\"2025-03-29T21:50:00+00:00\" \/>\n<meta property=\"og:image\" content=\"https:\/\/www.gaveanews.com\/wp-content\/uploads\/Escudo-do-Gremio.webp\" \/>\n\t<meta property=\"og:image:width\" content=\"1163\" \/>\n\t<meta property=\"og:image:height\" content=\"775\" \/>\n\t<meta property=\"og:image:type\" content=\"image\/webp\" \/>\n<meta name=\"author\" content=\"Paula Silva\" \/>\n<meta name=\"twitter:card\" content=\"summary_large_image\" \/>\n<meta name=\"twitter:label1\" content=\"Escrito por\" \/>\n\t<meta name=\"twitter:data1\" content=\"Paula Silva\" \/>\n\t<meta name=\"twitter:label2\" content=\"Est. tempo de leitura\" \/>\n\t<meta name=\"twitter:data2\" content=\"3 minutos\" \/>\n<script type=\"application\/ld+json\" class=\"yoast-schema-graph\">{\"@context\":\"https:\/\/schema.org\",\"@graph\":[{\"@type\":\"NewsArticle\",\"@id\":\"https:\/\/www.gaveanews.com\/index.php\/2025\/03\/29\/gremio-faz-proposta-milionaria-para-contratar-atacante\/#article\",\"isPartOf\":{\"@id\":\"https:\/\/www.gaveanews.com\/index.php\/2025\/03\/29\/gremio-faz-proposta-milionaria-para-contratar-atacante\/\"},\"author\":{\"name\":\"Paula Silva\",\"@id\":\"https:\/\/www.gaveanews.com\/#\/schema\/person\/daf63eec72e1164eb13dc35096c2b8da\"},\"headline\":\"Gr\u00eamio faz proposta milion\u00e1ria para contratar atacante\",\"datePublished\":\"2025-03-29T21:50:00+00:00\",\"mainEntityOfPage\":{\"@id\":\"https:\/\/www.gaveanews.com\/index.php\/2025\/03\/29\/gremio-faz-proposta-milionaria-para-contratar-atacante\/\"},\"wordCount\":420,\"commentCount\":0,\"image\":{\"@id\":\"https:\/\/www.gaveanews.com\/index.php\/2025\/03\/29\/gremio-faz-proposta-milionaria-para-contratar-atacante\/#primaryimage\"},\"thumbnailUrl\":\"https:\/\/www.gaveanews.com\/wp-content\/uploads\/Escudo-do-Gremio.webp\",\"articleSection\":[\"Gr\u00eamio\"],\"inLanguage\":\"pt-BR\",\"potentialAction\":[{\"@type\":\"CommentAction\",\"name\":\"Comment\",\"target\":[\"https:\/\/www.gaveanews.com\/index.php\/2025\/03\/29\/gremio-faz-proposta-milionaria-para-contratar-atacante\/#respond\"]}],\"copyrightYear\":\"2025\",\"copyrightHolder\":{\"@id\":\"https:\/\/www.gaveanews.com\/#organization\"}},{\"@type\":\"WebPage\",\"@id\":\"https:\/\/www.gaveanews.com\/index.php\/2025\/03\/29\/gremio-faz-proposta-milionaria-para-contratar-atacante\/\",\"url\":\"https:\/\/www.gaveanews.com\/index.php\/2025\/03\/29\/gremio-faz-proposta-milionaria-para-contratar-atacante\/\",\"name\":\"Gr\u00eamio faz proposta milion\u00e1ria para contratar atacante\",\"isPartOf\":{\"@id\":\"https:\/\/www.gaveanews.com\/#website\"},\"primaryImageOfPage\":{\"@id\":\"https:\/\/www.gaveanews.com\/index.php\/2025\/03\/29\/gremio-faz-proposta-milionaria-para-contratar-atacante\/#primaryimage\"},\"image\":{\"@id\":\"https:\/\/www.gaveanews.com\/index.php\/2025\/03\/29\/gremio-faz-proposta-milionaria-para-contratar-atacante\/#primaryimage\"},\"thumbnailUrl\":\"https:\/\/www.gaveanews.com\/wp-content\/uploads\/Escudo-do-Gremio.webp\",\"datePublished\":\"2025-03-29T21:50:00+00:00\",\"author\":{\"@id\":\"https:\/\/www.gaveanews.com\/#\/schema\/person\/daf63eec72e1164eb13dc35096c2b8da\"},\"breadcrumb\":{\"@id\":\"https:\/\/www.gaveanews.com\/index.php\/2025\/03\/29\/gremio-faz-proposta-milionaria-para-contratar-atacante\/#breadcrumb\"},\"inLanguage\":\"pt-BR\",\"potentialAction\":[{\"@type\":\"ReadAction\",\"target\":[\"https:\/\/www.gaveanews.com\/index.php\/2025\/03\/29\/gremio-faz-proposta-milionaria-para-contratar-atacante\/\"]}]},{\"@type\":\"ImageObject\",\"inLanguage\":\"pt-BR\",\"@id\":\"https:\/\/www.gaveanews.com\/index.php\/2025\/03\/29\/gremio-faz-proposta-milionaria-para-contratar-atacante\/#primaryimage\",\"url\":\"https:\/\/www.gaveanews.com\/wp-content\/uploads\/Escudo-do-Gremio.webp\",\"contentUrl\":\"https:\/\/www.gaveanews.com\/wp-content\/uploads\/Escudo-do-Gremio.webp\",\"width\":1163,\"height\":775,\"caption\":\"Escudo do Gr\u00eamio (Foto: Reprodu\u00e7\u00e3o\/Gr\u00eamio)\"},{\"@type\":\"BreadcrumbList\",\"@id\":\"https:\/\/www.gaveanews.com\/index.php\/2025\/03\/29\/gremio-faz-proposta-milionaria-para-contratar-atacante\/#breadcrumb\",\"itemListElement\":[{\"@type\":\"ListItem\",\"position\":1,\"name\":\"Home\",\"item\":\"https:\/\/www.gaveanews.com\/\"},{\"@type\":\"ListItem\",\"position\":2,\"name\":\"Gr\u00eamio faz proposta milion\u00e1ria para contratar atacante\"}]},{\"@type\":\"WebSite\",\"@id\":\"https:\/\/www.gaveanews.com\/#website\",\"url\":\"https:\/\/www.gaveanews.com\/\",\"name\":\"G\u00e1vea News\",\"description\":\"Veja todas as not\u00edcias sobre o Flamengo: Contrata\u00e7\u00f5es, categorias de base, resultados das partidas, tabela de classifica\u00e7\u00e3o, pr\u00f3ximos jogos!\",\"potentialAction\":[{\"@type\":\"SearchAction\",\"target\":{\"@type\":\"EntryPoint\",\"urlTemplate\":\"https:\/\/www.gaveanews.com\/?s={search_term_string}\"},\"query-input\":{\"@type\":\"PropertyValueSpecification\",\"valueRequired\":true,\"valueName\":\"search_term_string\"}}],\"inLanguage\":\"pt-BR\"},{\"@type\":\"Person\",\"@id\":\"https:\/\/www.gaveanews.com\/#\/schema\/person\/daf63eec72e1164eb13dc35096c2b8da\",\"name\":\"Paula Silva\",\"image\":{\"@type\":\"ImageObject\",\"inLanguage\":\"pt-BR\",\"@id\":\"https:\/\/www.gaveanews.com\/#\/schema\/person\/image\/\",\"url\":\"https:\/\/secure.gravatar.com\/avatar\/eda381c845527cc5d64c13b901833cda29d97500ba040d3e6461f76f51d163bb?s=96&d=mm&r=g\",\"contentUrl\":\"https:\/\/secure.gravatar.com\/avatar\/eda381c845527cc5d64c13b901833cda29d97500ba040d3e6461f76f51d163bb?s=96&d=mm&r=g\",\"caption\":\"Paula Silva\"}}]}<\/script>\n<!-- \/ Yoast SEO Premium plugin. -->","yoast_head_json":{"title":"Gr\u00eamio faz proposta milion\u00e1ria para contratar atacante","robots":{"index":"index","follow":"follow","max-snippet":"max-snippet:-1","max-image-preview":"max-image-preview:large","max-video-preview":"max-video-preview:-1"},"canonical":"https:\/\/www.gaveanews.com\/index.php\/2025\/03\/29\/gremio-faz-proposta-milionaria-para-contratar-atacante\/","og_locale":"pt_BR","og_type":"article","og_title":"Gr\u00eamio faz proposta milion\u00e1ria para contratar atacante","og_description":"O Gr\u00eamio formalizou uma proposta ao Juventude com o objetivo de contratar o atacante \u00canio para a disputa do Campeonato Brasileiro. A investida, de R$ 3 milh\u00f5es por 40% dos direitos econ\u00f4micos do jogador, foi recusada pela diretoria alviverde. O valor seria pago de forma parcelada, conforme apurado por ve\u00edculos especializados na cobertura do futebol [&hellip;]","og_url":"https:\/\/www.gaveanews.com\/index.php\/2025\/03\/29\/gremio-faz-proposta-milionaria-para-contratar-atacante\/","og_site_name":"G\u00e1vea News","article_publisher":"https:\/\/facebook.com\/gaveaNews\/","article_published_time":"2025-03-29T21:50:00+00:00","og_image":[{"width":1163,"height":775,"url":"https:\/\/www.gaveanews.com\/wp-content\/uploads\/Escudo-do-Gremio.webp","type":"image\/webp"}],"author":"Paula Silva","twitter_card":"summary_large_image","twitter_misc":{"Escrito por":"Paula Silva","Est. tempo de leitura":"3 minutos"},"schema":{"@context":"https:\/\/schema.org","@graph":[{"@type":"NewsArticle","@id":"https:\/\/www.gaveanews.com\/index.php\/2025\/03\/29\/gremio-faz-proposta-milionaria-para-contratar-atacante\/#article","isPartOf":{"@id":"https:\/\/www.gaveanews.com\/index.php\/2025\/03\/29\/gremio-faz-proposta-milionaria-para-contratar-atacante\/"},"author":{"name":"Paula Silva","@id":"https:\/\/www.gaveanews.com\/#\/schema\/person\/daf63eec72e1164eb13dc35096c2b8da"},"headline":"Gr\u00eamio faz proposta milion\u00e1ria para contratar atacante","datePublished":"2025-03-29T21:50:00+00:00","mainEntityOfPage":{"@id":"https:\/\/www.gaveanews.com\/index.php\/2025\/03\/29\/gremio-faz-proposta-milionaria-para-contratar-atacante\/"},"wordCount":420,"commentCount":0,"image":{"@id":"https:\/\/www.gaveanews.com\/index.php\/2025\/03\/29\/gremio-faz-proposta-milionaria-para-contratar-atacante\/#primaryimage"},"thumbnailUrl":"https:\/\/www.gaveanews.com\/wp-content\/uploads\/Escudo-do-Gremio.webp","articleSection":["Gr\u00eamio"],"inLanguage":"pt-BR","potentialAction":[{"@type":"CommentAction","name":"Comment","target":["https:\/\/www.gaveanews.com\/index.php\/2025\/03\/29\/gremio-faz-proposta-milionaria-para-contratar-atacante\/#respond"]}],"copyrightYear":"2025","copyrightHolder":{"@id":"https:\/\/www.gaveanews.com\/#organization"}},{"@type":"WebPage","@id":"https:\/\/www.gaveanews.com\/index.php\/2025\/03\/29\/gremio-faz-proposta-milionaria-para-contratar-atacante\/","url":"https:\/\/www.gaveanews.com\/index.php\/2025\/03\/29\/gremio-faz-proposta-milionaria-para-contratar-atacante\/","name":"Gr\u00eamio faz proposta milion\u00e1ria para contratar atacante","isPartOf":{"@id":"https:\/\/www.gaveanews.com\/#website"},"primaryImageOfPage":{"@id":"https:\/\/www.gaveanews.com\/index.php\/2025\/03\/29\/gremio-faz-proposta-milionaria-para-contratar-atacante\/#primaryimage"},"image":{"@id":"https:\/\/www.gaveanews.com\/index.php\/2025\/03\/29\/gremio-faz-proposta-milionaria-para-contratar-atacante\/#primaryimage"},"thumbnailUrl":"https:\/\/www.gaveanews.com\/wp-content\/uploads\/Escudo-do-Gremio.webp","datePublished":"2025-03-29T21:50:00+00:00","author":{"@id":"https:\/\/www.gaveanews.com\/#\/schema\/person\/daf63eec72e1164eb13dc35096c2b8da"},"breadcrumb":{"@id":"https:\/\/www.gaveanews.com\/index.php\/2025\/03\/29\/gremio-faz-proposta-milionaria-para-contratar-atacante\/#breadcrumb"},"inLanguage":"pt-BR","potentialAction":[{"@type":"ReadAction","target":["https:\/\/www.gaveanews.com\/index.php\/2025\/03\/29\/gremio-faz-proposta-milionaria-para-contratar-atacante\/"]}]},{"@type":"ImageObject","inLanguage":"pt-BR","@id":"https:\/\/www.gaveanews.com\/index.php\/2025\/03\/29\/gremio-faz-proposta-milionaria-para-contratar-atacante\/#primaryimage","url":"https:\/\/www.gaveanews.com\/wp-content\/uploads\/Escudo-do-Gremio.webp","contentUrl":"https:\/\/www.gaveanews.com\/wp-content\/uploads\/Escudo-do-Gremio.webp","width":1163,"height":775,"caption":"Escudo do Gr\u00eamio (Foto: Reprodu\u00e7\u00e3o\/Gr\u00eamio)"},{"@type":"BreadcrumbList","@id":"https:\/\/www.gaveanews.com\/index.php\/2025\/03\/29\/gremio-faz-proposta-milionaria-para-contratar-atacante\/#breadcrumb","itemListElement":[{"@type":"ListItem","position":1,"name":"Home","item":"https:\/\/www.gaveanews.com\/"},{"@type":"ListItem","position":2,"name":"Gr\u00eamio faz proposta milion\u00e1ria para contratar atacante"}]},{"@type":"WebSite","@id":"https:\/\/www.gaveanews.com\/#website","url":"https:\/\/www.gaveanews.com\/","name":"G\u00e1vea News","description":"Veja todas as not\u00edcias sobre o Flamengo: Contrata\u00e7\u00f5es, categorias de base, resultados das partidas, tabela de classifica\u00e7\u00e3o, pr\u00f3ximos jogos!","potentialAction":[{"@type":"SearchAction","target":{"@type":"EntryPoint","urlTemplate":"https:\/\/www.gaveanews.com\/?s={search_term_string}"},"query-input":{"@type":"PropertyValueSpecification","valueRequired":true,"valueName":"search_term_string"}}],"inLanguage":"pt-BR"},{"@type":"Person","@id":"https:\/\/www.gaveanews.com\/#\/schema\/person\/daf63eec72e1164eb13dc35096c2b8da","name":"Paula Silva","image":{"@type":"ImageObject","inLanguage":"pt-BR","@id":"https:\/\/www.gaveanews.com\/#\/schema\/person\/image\/","url":"https:\/\/secure.gravatar.com\/avatar\/eda381c845527cc5d64c13b901833cda29d97500ba040d3e6461f76f51d163bb?s=96&d=mm&r=g","contentUrl":"https:\/\/secure.gravatar.com\/avatar\/eda381c845527cc5d64c13b901833cda29d97500ba040d3e6461f76f51d163bb?s=96&d=mm&r=g","caption":"Paula Silva"}}]}},"_links":{"self":[{"href":"https:\/\/www.gaveanews.com\/index.php\/wp-json\/wp\/v2\/posts\/246485","targetHints":{"allow":["GET"]}}],"collection":[{"href":"https:\/\/www.gaveanews.com\/index.php\/wp-json\/wp\/v2\/posts"}],"about":[{"href":"https:\/\/www.gaveanews.com\/index.php\/wp-json\/wp\/v2\/types\/post"}],"author":[{"embeddable":true,"href":"https:\/\/www.gaveanews.com\/index.php\/wp-json\/wp\/v2\/users\/18"}],"replies":[{"embeddable":true,"href":"https:\/\/www.gaveanews.com\/index.php\/wp-json\/wp\/v2\/comments?post=246485"}],"version-history":[{"count":1,"href":"https:\/\/www.gaveanews.com\/index.php\/wp-json\/wp\/v2\/posts\/246485\/revisions"}],"predecessor-version":[{"id":246487,"href":"https:\/\/www.gaveanews.com\/index.php\/wp-json\/wp\/v2\/posts\/246485\/revisions\/246487"}],"wp:featuredmedia":[{"embeddable":true,"href":"https:\/\/www.gaveanews.com\/index.php\/wp-json\/wp\/v2\/media\/154785"}],"wp:attachment":[{"href":"https:\/\/www.gaveanews.com\/index.php\/wp-json\/wp\/v2\/media?parent=246485"}],"wp:term":[{"taxonomy":"category","embeddable":true,"href":"https:\/\/www.gaveanews.com\/index.php\/wp-json\/wp\/v2\/categories?post=246485"},{"taxonomy":"post_tag","embeddable":true,"href":"https:\/\/www.gaveanews.com\/index.php\/wp-json\/wp\/v2\/tags?post=246485"}],"curies":[{"name":"wp","href":"https:\/\/api.w.org\/{rel}","templated":true}]}}