{"id":246491,"date":"2025-03-29T18:55:00","date_gmt":"2025-03-29T21:55:00","guid":{"rendered":"https:\/\/www.gaveanews.com\/?p=246491"},"modified":"2025-03-29T16:32:58","modified_gmt":"2025-03-29T19:32:58","slug":"vasco-x-santos-pedro-caixinha-tera-mais-um-desfalque-para-partida","status":"publish","type":"post","link":"https:\/\/www.gaveanews.com\/index.php\/2025\/03\/29\/vasco-x-santos-pedro-caixinha-tera-mais-um-desfalque-para-partida\/","title":{"rendered":"Vasco x Santos: Pedro Caixinha ter\u00e1 mais um desfalque para partida"},"content":{"rendered":"\n<p>O Santos ter\u00e1 desfalques importantes na estreia do Campeonato Brasileiro de 2025. A equipe enfrentar\u00e1 o Vasco no domingo (30), \u00e0s 18h30 (hor\u00e1rio de Bras\u00edlia), em S\u00e3o Janu\u00e1rio, sem poder contar com dois de seus principais nomes: Neymar e Soteldo. Ambos est\u00e3o em tratamento m\u00e9dico e foram vetados pelo departamento de sa\u00fade do clube.<\/p>\n\n\n\n<p>Conforme o Santos informou, Yeferson Soteldo foi poupado por apresentar um desgaste f\u00edsico. O jogador disputou os 90 minutos da partida entre Venezuela e Peru, realizada na \u00faltima ter\u00e7a-feira, durante a data FIFA. \u201cSoteldo foi poupado neste jogo com o Vasco, no Rio de Janeiro, a fim de evitar uma les\u00e3o. O atleta vem tratando com a fisioterapia do clube, desde que retornou da sele\u00e7\u00e3o da Venezuela\u201d, comunicou oficialmente o clube.<\/p>\n\n\n\n<p>A decis\u00e3o de preserv\u00e1-lo foi tomada ap\u00f3s o atacante relatar desconforto na regi\u00e3o do adutor da coxa direita. Exames de imagem afastaram a possibilidade de les\u00e3o muscular. No entanto, foi detectada uma fibrose, quadro que justifica as dores relatadas pelo jogador. Assim, a equipe m\u00e9dica santista optou por n\u00e3o coloc\u00e1-lo em campo neste in\u00edcio de campeonato.<\/p>\n\n\n\n<p>O planejamento \u00e9 que Soteldo retome os treinamentos na pr\u00f3xima ter\u00e7a-feira. Com isso, o t\u00e9cnico Pedro Caixinha poder\u00e1 contar com o camisa 7 para o duelo contra o Bahia, marcado para o s\u00e1bado seguinte (06 de abril), v\u00e1lido pela segunda rodada da competi\u00e7\u00e3o nacional. A cautela tem sido tratada como prioridade pela comiss\u00e3o t\u00e9cnica, principalmente nesta fase inicial da temporada.<\/p>\n\n\n\n<p>Enquanto isso, Neymar segue fora por conta de um edema na coxa. Ainda sem previs\u00e3o de retorno, o atacante permanece em transi\u00e7\u00e3o f\u00edsica, sob supervis\u00e3o do departamento m\u00e9dico do Santos. O clube evita estipular datas para a reestreia do jogador com a camisa santista.<\/p>\n\n\n\n<p>Diante dos desfalques, a prov\u00e1vel escala\u00e7\u00e3o do Santos para encarar o Vasco conta com: Gabriel Braz\u00e3o; JP Chermont, Gil, Z\u00e9 Ivaldo e Escobar; Jo\u00e3o Schmidt, Gabriel Bontempo e \u00c1lvaro Barreal; Rollheiser, Guilherme e Tiquinho. A equipe teve cerca de 20 dias de prepara\u00e7\u00e3o ap\u00f3s a elimina\u00e7\u00e3o no Campeonato Paulista, e o foco agora se volta integralmente ao Brasileir\u00e3o.<\/p>\n","protected":false},"excerpt":{"rendered":"<p>O Santos ter\u00e1 desfalques importantes na estreia do Campeonato Brasileiro de 2025. A equipe enfrentar\u00e1 o Vasco no domingo (30), \u00e0s 18h30 (hor\u00e1rio de Bras\u00edlia), em S\u00e3o Janu\u00e1rio, sem poder contar com dois de seus principais nomes: Neymar e Soteldo. Ambos est\u00e3o em tratamento m\u00e9dico e foram vetados pelo departamento de sa\u00fade do clube. Conforme [&hellip;]<\/p>\n","protected":false},"author":18,"featured_media":227142,"comment_status":"open","ping_status":"closed","sticky":false,"template":"","format":"standard","meta":{"footnotes":""},"categories":[139,152],"tags":[],"class_list":["post-246491","post","type-post","status-publish","format-standard","has-post-thumbnail","hentry","category-santos","category-vasco"],"yoast_head":"<!-- This site is optimized with the Yoast SEO Premium plugin v24.2 (Yoast SEO v26.9) - https:\/\/yoast.com\/product\/yoast-seo-premium-wordpress\/ -->\n<title>Vasco x Santos: Pedro Caixinha ter\u00e1 mais um desfalque para partida<\/title>\n<meta name=\"robots\" content=\"index, follow, max-snippet:-1, max-image-preview:large, max-video-preview:-1\" \/>\n<link rel=\"canonical\" href=\"https:\/\/www.gaveanews.com\/index.php\/2025\/03\/29\/vasco-x-santos-pedro-caixinha-tera-mais-um-desfalque-para-partida\/\" \/>\n<meta property=\"og:locale\" content=\"pt_BR\" \/>\n<meta property=\"og:type\" content=\"article\" \/>\n<meta property=\"og:title\" content=\"Vasco x Santos: Pedro Caixinha ter\u00e1 mais um desfalque para partida\" \/>\n<meta property=\"og:description\" content=\"O Santos ter\u00e1 desfalques importantes na estreia do Campeonato Brasileiro de 2025. A equipe enfrentar\u00e1 o Vasco no domingo (30), \u00e0s 18h30 (hor\u00e1rio de Bras\u00edlia), em S\u00e3o Janu\u00e1rio, sem poder contar com dois de seus principais nomes: Neymar e Soteldo. Ambos est\u00e3o em tratamento m\u00e9dico e foram vetados pelo departamento de sa\u00fade do clube. Conforme [&hellip;]\" \/>\n<meta property=\"og:url\" content=\"https:\/\/www.gaveanews.com\/index.php\/2025\/03\/29\/vasco-x-santos-pedro-caixinha-tera-mais-um-desfalque-para-partida\/\" \/>\n<meta property=\"og:site_name\" content=\"G\u00e1vea News\" \/>\n<meta property=\"article:publisher\" content=\"https:\/\/facebook.com\/gaveaNews\/\" \/>\n<meta property=\"article:published_time\" content=\"2025-03-29T21:55:00+00:00\" \/>\n<meta property=\"og:image\" content=\"https:\/\/www.gaveanews.com\/wp-content\/uploads\/Pedro-Caixinha-no-Santos.webp\" \/>\n\t<meta property=\"og:image:width\" content=\"474\" \/>\n\t<meta property=\"og:image:height\" content=\"521\" \/>\n\t<meta property=\"og:image:type\" content=\"image\/jpeg\" \/>\n<meta name=\"author\" content=\"Paula Silva\" \/>\n<meta name=\"twitter:card\" content=\"summary_large_image\" \/>\n<meta name=\"twitter:label1\" content=\"Escrito por\" \/>\n\t<meta name=\"twitter:data1\" content=\"Paula Silva\" \/>\n\t<meta name=\"twitter:label2\" content=\"Est. tempo de leitura\" \/>\n\t<meta name=\"twitter:data2\" content=\"3 minutos\" \/>\n<script type=\"application\/ld+json\" class=\"yoast-schema-graph\">{\"@context\":\"https:\/\/schema.org\",\"@graph\":[{\"@type\":\"NewsArticle\",\"@id\":\"https:\/\/www.gaveanews.com\/index.php\/2025\/03\/29\/vasco-x-santos-pedro-caixinha-tera-mais-um-desfalque-para-partida\/#article\",\"isPartOf\":{\"@id\":\"https:\/\/www.gaveanews.com\/index.php\/2025\/03\/29\/vasco-x-santos-pedro-caixinha-tera-mais-um-desfalque-para-partida\/\"},\"author\":{\"name\":\"Paula Silva\",\"@id\":\"https:\/\/www.gaveanews.com\/#\/schema\/person\/daf63eec72e1164eb13dc35096c2b8da\"},\"headline\":\"Vasco x Santos: Pedro Caixinha ter\u00e1 mais um desfalque para partida\",\"datePublished\":\"2025-03-29T21:55:00+00:00\",\"mainEntityOfPage\":{\"@id\":\"https:\/\/www.gaveanews.com\/index.php\/2025\/03\/29\/vasco-x-santos-pedro-caixinha-tera-mais-um-desfalque-para-partida\/\"},\"wordCount\":388,\"commentCount\":0,\"image\":{\"@id\":\"https:\/\/www.gaveanews.com\/index.php\/2025\/03\/29\/vasco-x-santos-pedro-caixinha-tera-mais-um-desfalque-para-partida\/#primaryimage\"},\"thumbnailUrl\":\"https:\/\/www.gaveanews.com\/wp-content\/uploads\/Pedro-Caixinha-no-Santos.webp\",\"articleSection\":[\"Santos\",\"Vasco\"],\"inLanguage\":\"pt-BR\",\"potentialAction\":[{\"@type\":\"CommentAction\",\"name\":\"Comment\",\"target\":[\"https:\/\/www.gaveanews.com\/index.php\/2025\/03\/29\/vasco-x-santos-pedro-caixinha-tera-mais-um-desfalque-para-partida\/#respond\"]}],\"copyrightYear\":\"2025\",\"copyrightHolder\":{\"@id\":\"https:\/\/www.gaveanews.com\/#organization\"}},{\"@type\":\"WebPage\",\"@id\":\"https:\/\/www.gaveanews.com\/index.php\/2025\/03\/29\/vasco-x-santos-pedro-caixinha-tera-mais-um-desfalque-para-partida\/\",\"url\":\"https:\/\/www.gaveanews.com\/index.php\/2025\/03\/29\/vasco-x-santos-pedro-caixinha-tera-mais-um-desfalque-para-partida\/\",\"name\":\"Vasco x Santos: Pedro Caixinha ter\u00e1 mais um desfalque para partida\",\"isPartOf\":{\"@id\":\"https:\/\/www.gaveanews.com\/#website\"},\"primaryImageOfPage\":{\"@id\":\"https:\/\/www.gaveanews.com\/index.php\/2025\/03\/29\/vasco-x-santos-pedro-caixinha-tera-mais-um-desfalque-para-partida\/#primaryimage\"},\"image\":{\"@id\":\"https:\/\/www.gaveanews.com\/index.php\/2025\/03\/29\/vasco-x-santos-pedro-caixinha-tera-mais-um-desfalque-para-partida\/#primaryimage\"},\"thumbnailUrl\":\"https:\/\/www.gaveanews.com\/wp-content\/uploads\/Pedro-Caixinha-no-Santos.webp\",\"datePublished\":\"2025-03-29T21:55:00+00:00\",\"author\":{\"@id\":\"https:\/\/www.gaveanews.com\/#\/schema\/person\/daf63eec72e1164eb13dc35096c2b8da\"},\"breadcrumb\":{\"@id\":\"https:\/\/www.gaveanews.com\/index.php\/2025\/03\/29\/vasco-x-santos-pedro-caixinha-tera-mais-um-desfalque-para-partida\/#breadcrumb\"},\"inLanguage\":\"pt-BR\",\"potentialAction\":[{\"@type\":\"ReadAction\",\"target\":[\"https:\/\/www.gaveanews.com\/index.php\/2025\/03\/29\/vasco-x-santos-pedro-caixinha-tera-mais-um-desfalque-para-partida\/\"]}]},{\"@type\":\"ImageObject\",\"inLanguage\":\"pt-BR\",\"@id\":\"https:\/\/www.gaveanews.com\/index.php\/2025\/03\/29\/vasco-x-santos-pedro-caixinha-tera-mais-um-desfalque-para-partida\/#primaryimage\",\"url\":\"https:\/\/www.gaveanews.com\/wp-content\/uploads\/Pedro-Caixinha-no-Santos.webp\",\"contentUrl\":\"https:\/\/www.gaveanews.com\/wp-content\/uploads\/Pedro-Caixinha-no-Santos.webp\",\"width\":474,\"height\":521,\"caption\":\"Pedro Caixinha no Santos (Foto: Divulga\u00e7\u00e3o\/Santos)\"},{\"@type\":\"BreadcrumbList\",\"@id\":\"https:\/\/www.gaveanews.com\/index.php\/2025\/03\/29\/vasco-x-santos-pedro-caixinha-tera-mais-um-desfalque-para-partida\/#breadcrumb\",\"itemListElement\":[{\"@type\":\"ListItem\",\"position\":1,\"name\":\"Home\",\"item\":\"https:\/\/www.gaveanews.com\/\"},{\"@type\":\"ListItem\",\"position\":2,\"name\":\"Vasco x Santos: Pedro Caixinha ter\u00e1 mais um desfalque para partida\"}]},{\"@type\":\"WebSite\",\"@id\":\"https:\/\/www.gaveanews.com\/#website\",\"url\":\"https:\/\/www.gaveanews.com\/\",\"name\":\"G\u00e1vea News\",\"description\":\"Veja todas as not\u00edcias sobre o Flamengo: Contrata\u00e7\u00f5es, categorias de base, resultados das partidas, tabela de classifica\u00e7\u00e3o, pr\u00f3ximos jogos!\",\"potentialAction\":[{\"@type\":\"SearchAction\",\"target\":{\"@type\":\"EntryPoint\",\"urlTemplate\":\"https:\/\/www.gaveanews.com\/?s={search_term_string}\"},\"query-input\":{\"@type\":\"PropertyValueSpecification\",\"valueRequired\":true,\"valueName\":\"search_term_string\"}}],\"inLanguage\":\"pt-BR\"},{\"@type\":\"Person\",\"@id\":\"https:\/\/www.gaveanews.com\/#\/schema\/person\/daf63eec72e1164eb13dc35096c2b8da\",\"name\":\"Paula Silva\",\"image\":{\"@type\":\"ImageObject\",\"inLanguage\":\"pt-BR\",\"@id\":\"https:\/\/www.gaveanews.com\/#\/schema\/person\/image\/\",\"url\":\"https:\/\/secure.gravatar.com\/avatar\/eda381c845527cc5d64c13b901833cda29d97500ba040d3e6461f76f51d163bb?s=96&d=mm&r=g\",\"contentUrl\":\"https:\/\/secure.gravatar.com\/avatar\/eda381c845527cc5d64c13b901833cda29d97500ba040d3e6461f76f51d163bb?s=96&d=mm&r=g\",\"caption\":\"Paula Silva\"}}]}<\/script>\n<!-- \/ Yoast SEO Premium plugin. -->","yoast_head_json":{"title":"Vasco x Santos: Pedro Caixinha ter\u00e1 mais um desfalque para partida","robots":{"index":"index","follow":"follow","max-snippet":"max-snippet:-1","max-image-preview":"max-image-preview:large","max-video-preview":"max-video-preview:-1"},"canonical":"https:\/\/www.gaveanews.com\/index.php\/2025\/03\/29\/vasco-x-santos-pedro-caixinha-tera-mais-um-desfalque-para-partida\/","og_locale":"pt_BR","og_type":"article","og_title":"Vasco x Santos: Pedro Caixinha ter\u00e1 mais um desfalque para partida","og_description":"O Santos ter\u00e1 desfalques importantes na estreia do Campeonato Brasileiro de 2025. A equipe enfrentar\u00e1 o Vasco no domingo (30), \u00e0s 18h30 (hor\u00e1rio de Bras\u00edlia), em S\u00e3o Janu\u00e1rio, sem poder contar com dois de seus principais nomes: Neymar e Soteldo. Ambos est\u00e3o em tratamento m\u00e9dico e foram vetados pelo departamento de sa\u00fade do clube. Conforme [&hellip;]","og_url":"https:\/\/www.gaveanews.com\/index.php\/2025\/03\/29\/vasco-x-santos-pedro-caixinha-tera-mais-um-desfalque-para-partida\/","og_site_name":"G\u00e1vea News","article_publisher":"https:\/\/facebook.com\/gaveaNews\/","article_published_time":"2025-03-29T21:55:00+00:00","og_image":[{"width":474,"height":521,"url":"https:\/\/www.gaveanews.com\/wp-content\/uploads\/Pedro-Caixinha-no-Santos.webp","type":"image\/jpeg"}],"author":"Paula Silva","twitter_card":"summary_large_image","twitter_misc":{"Escrito por":"Paula Silva","Est. tempo de leitura":"3 minutos"},"schema":{"@context":"https:\/\/schema.org","@graph":[{"@type":"NewsArticle","@id":"https:\/\/www.gaveanews.com\/index.php\/2025\/03\/29\/vasco-x-santos-pedro-caixinha-tera-mais-um-desfalque-para-partida\/#article","isPartOf":{"@id":"https:\/\/www.gaveanews.com\/index.php\/2025\/03\/29\/vasco-x-santos-pedro-caixinha-tera-mais-um-desfalque-para-partida\/"},"author":{"name":"Paula Silva","@id":"https:\/\/www.gaveanews.com\/#\/schema\/person\/daf63eec72e1164eb13dc35096c2b8da"},"headline":"Vasco x Santos: Pedro Caixinha ter\u00e1 mais um desfalque para partida","datePublished":"2025-03-29T21:55:00+00:00","mainEntityOfPage":{"@id":"https:\/\/www.gaveanews.com\/index.php\/2025\/03\/29\/vasco-x-santos-pedro-caixinha-tera-mais-um-desfalque-para-partida\/"},"wordCount":388,"commentCount":0,"image":{"@id":"https:\/\/www.gaveanews.com\/index.php\/2025\/03\/29\/vasco-x-santos-pedro-caixinha-tera-mais-um-desfalque-para-partida\/#primaryimage"},"thumbnailUrl":"https:\/\/www.gaveanews.com\/wp-content\/uploads\/Pedro-Caixinha-no-Santos.webp","articleSection":["Santos","Vasco"],"inLanguage":"pt-BR","potentialAction":[{"@type":"CommentAction","name":"Comment","target":["https:\/\/www.gaveanews.com\/index.php\/2025\/03\/29\/vasco-x-santos-pedro-caixinha-tera-mais-um-desfalque-para-partida\/#respond"]}],"copyrightYear":"2025","copyrightHolder":{"@id":"https:\/\/www.gaveanews.com\/#organization"}},{"@type":"WebPage","@id":"https:\/\/www.gaveanews.com\/index.php\/2025\/03\/29\/vasco-x-santos-pedro-caixinha-tera-mais-um-desfalque-para-partida\/","url":"https:\/\/www.gaveanews.com\/index.php\/2025\/03\/29\/vasco-x-santos-pedro-caixinha-tera-mais-um-desfalque-para-partida\/","name":"Vasco x Santos: Pedro Caixinha ter\u00e1 mais um desfalque para partida","isPartOf":{"@id":"https:\/\/www.gaveanews.com\/#website"},"primaryImageOfPage":{"@id":"https:\/\/www.gaveanews.com\/index.php\/2025\/03\/29\/vasco-x-santos-pedro-caixinha-tera-mais-um-desfalque-para-partida\/#primaryimage"},"image":{"@id":"https:\/\/www.gaveanews.com\/index.php\/2025\/03\/29\/vasco-x-santos-pedro-caixinha-tera-mais-um-desfalque-para-partida\/#primaryimage"},"thumbnailUrl":"https:\/\/www.gaveanews.com\/wp-content\/uploads\/Pedro-Caixinha-no-Santos.webp","datePublished":"2025-03-29T21:55:00+00:00","author":{"@id":"https:\/\/www.gaveanews.com\/#\/schema\/person\/daf63eec72e1164eb13dc35096c2b8da"},"breadcrumb":{"@id":"https:\/\/www.gaveanews.com\/index.php\/2025\/03\/29\/vasco-x-santos-pedro-caixinha-tera-mais-um-desfalque-para-partida\/#breadcrumb"},"inLanguage":"pt-BR","potentialAction":[{"@type":"ReadAction","target":["https:\/\/www.gaveanews.com\/index.php\/2025\/03\/29\/vasco-x-santos-pedro-caixinha-tera-mais-um-desfalque-para-partida\/"]}]},{"@type":"ImageObject","inLanguage":"pt-BR","@id":"https:\/\/www.gaveanews.com\/index.php\/2025\/03\/29\/vasco-x-santos-pedro-caixinha-tera-mais-um-desfalque-para-partida\/#primaryimage","url":"https:\/\/www.gaveanews.com\/wp-content\/uploads\/Pedro-Caixinha-no-Santos.webp","contentUrl":"https:\/\/www.gaveanews.com\/wp-content\/uploads\/Pedro-Caixinha-no-Santos.webp","width":474,"height":521,"caption":"Pedro Caixinha no Santos (Foto: Divulga\u00e7\u00e3o\/Santos)"},{"@type":"BreadcrumbList","@id":"https:\/\/www.gaveanews.com\/index.php\/2025\/03\/29\/vasco-x-santos-pedro-caixinha-tera-mais-um-desfalque-para-partida\/#breadcrumb","itemListElement":[{"@type":"ListItem","position":1,"name":"Home","item":"https:\/\/www.gaveanews.com\/"},{"@type":"ListItem","position":2,"name":"Vasco x Santos: Pedro Caixinha ter\u00e1 mais um desfalque para partida"}]},{"@type":"WebSite","@id":"https:\/\/www.gaveanews.com\/#website","url":"https:\/\/www.gaveanews.com\/","name":"G\u00e1vea News","description":"Veja todas as not\u00edcias sobre o Flamengo: Contrata\u00e7\u00f5es, categorias de base, resultados das partidas, tabela de classifica\u00e7\u00e3o, pr\u00f3ximos jogos!","potentialAction":[{"@type":"SearchAction","target":{"@type":"EntryPoint","urlTemplate":"https:\/\/www.gaveanews.com\/?s={search_term_string}"},"query-input":{"@type":"PropertyValueSpecification","valueRequired":true,"valueName":"search_term_string"}}],"inLanguage":"pt-BR"},{"@type":"Person","@id":"https:\/\/www.gaveanews.com\/#\/schema\/person\/daf63eec72e1164eb13dc35096c2b8da","name":"Paula Silva","image":{"@type":"ImageObject","inLanguage":"pt-BR","@id":"https:\/\/www.gaveanews.com\/#\/schema\/person\/image\/","url":"https:\/\/secure.gravatar.com\/avatar\/eda381c845527cc5d64c13b901833cda29d97500ba040d3e6461f76f51d163bb?s=96&d=mm&r=g","contentUrl":"https:\/\/secure.gravatar.com\/avatar\/eda381c845527cc5d64c13b901833cda29d97500ba040d3e6461f76f51d163bb?s=96&d=mm&r=g","caption":"Paula Silva"}}]}},"_links":{"self":[{"href":"https:\/\/www.gaveanews.com\/index.php\/wp-json\/wp\/v2\/posts\/246491","targetHints":{"allow":["GET"]}}],"collection":[{"href":"https:\/\/www.gaveanews.com\/index.php\/wp-json\/wp\/v2\/posts"}],"about":[{"href":"https:\/\/www.gaveanews.com\/index.php\/wp-json\/wp\/v2\/types\/post"}],"author":[{"embeddable":true,"href":"https:\/\/www.gaveanews.com\/index.php\/wp-json\/wp\/v2\/users\/18"}],"replies":[{"embeddable":true,"href":"https:\/\/www.gaveanews.com\/index.php\/wp-json\/wp\/v2\/comments?post=246491"}],"version-history":[{"count":1,"href":"https:\/\/www.gaveanews.com\/index.php\/wp-json\/wp\/v2\/posts\/246491\/revisions"}],"predecessor-version":[{"id":246493,"href":"https:\/\/www.gaveanews.com\/index.php\/wp-json\/wp\/v2\/posts\/246491\/revisions\/246493"}],"wp:featuredmedia":[{"embeddable":true,"href":"https:\/\/www.gaveanews.com\/index.php\/wp-json\/wp\/v2\/media\/227142"}],"wp:attachment":[{"href":"https:\/\/www.gaveanews.com\/index.php\/wp-json\/wp\/v2\/media?parent=246491"}],"wp:term":[{"taxonomy":"category","embeddable":true,"href":"https:\/\/www.gaveanews.com\/index.php\/wp-json\/wp\/v2\/categories?post=246491"},{"taxonomy":"post_tag","embeddable":true,"href":"https:\/\/www.gaveanews.com\/index.php\/wp-json\/wp\/v2\/tags?post=246491"}],"curies":[{"name":"wp","href":"https:\/\/api.w.org\/{rel}","templated":true}]}}