{"id":246499,"date":"2025-03-30T00:20:00","date_gmt":"2025-03-30T03:20:00","guid":{"rendered":"https:\/\/www.gaveanews.com\/?p=246499"},"modified":"2025-03-30T00:07:16","modified_gmt":"2025-03-30T03:07:16","slug":"a-declaracao-de-paulo-numes-direcionada-ao-time-do-cruzeiro-eu-nao-tenho-duvidas","status":"publish","type":"post","link":"https:\/\/www.gaveanews.com\/index.php\/2025\/03\/30\/a-declaracao-de-paulo-numes-direcionada-ao-time-do-cruzeiro-eu-nao-tenho-duvidas\/","title":{"rendered":"A declara\u00e7\u00e3o de Paulo Numes direcionada ao time do Cruzeiro: &#8220;eu n\u00e3o tenho d\u00favidas\u2026&#8221;"},"content":{"rendered":"\n<h2 class=\"wp-block-heading\" id=\"h-comentarista-projetou-o-brasileirao-da-raposa\">Comentarista projetou o Brasileir\u00e3o da Raposa<\/h2>\n\n\n\n<p>No programa &#8220;Sele\u00e7\u00e3o Sportv&#8221; da \u00faltima sexta-feira (28), o comentarista Paulo Nunes fez uma proje\u00e7\u00e3o da campanha do Cruzeiro no Brasileir\u00e3o de 2025. Para Nunes, o time celeste ir\u00e1 brigar por uma vaga na pr\u00f3xima Copa Libertadores. <\/p>\n\n\n\n<p>\u201cPelo que o Pedrinho Louren\u00e7o falou com a gente, eu n\u00e3o tenho d\u00favidas que o Cruzeiro vai brigar pela Libertadores, no m\u00ednimo\u201d, afirmou Paulo Nunes.<\/p>\n\n\n\n<p>Al\u00e9m de Paulo Nunes, os comentaristas Eric Faria e Alexandre Lozetti tamb\u00e9m projetaram o desempenho do Cruzeiro neste Campeonato Brasileiro. Para Eric, a Raposa est\u00e1 muito bem de elenco e de t\u00e9cnico, mas afirmou que a equipe precisa de um tempo para encontrar seu melhor futebol. <\/p>\n\n\n\n<p>\u201cEsse \u00e9 uma inc\u00f3gnita maior que o Botafogo, para mim. Eu vou colocar em \u2018briga pela Libertadores\u2019 pelo elenco que tem, por um t\u00e9cnico de porte que \u00e9 o Leonardo Jardim, pelo investimento que foi feito l\u00e1. Se voc\u00ea olhar para o time, tem \u00f3timos jogadores. \u00c9 quest\u00e3o de dar liga e o trabalho acontecer\u201d, disse Eric Faria.<\/p>\n\n\n\n<p>Alexandre Lozetti ressaltou que a equipe ainda n\u00e3o mostrou seu melhor desempenho na temporada e criticou a forma\u00e7\u00e3o do elenco. Ainda assim, destacou que, devido ao alto investimento do Cruzeiro, a disputa por uma vaga na Libertadores \u00e9 um dever.<\/p>\n\n\n\n<p>\u201cO que a gente tem do Cruzeiro at\u00e9 agora \u00e9 uma an\u00e1lise pr\u00e9via, porque o Cruzeiro ainda n\u00e3o aconteceu. Eu acho o elenco mal-montado, e acho que \u00e9 um treinador contratado com certo \u2018delay\u2019 em rela\u00e7\u00e3o a trabalhos impressionantes\u201d, iniciou.<\/p>\n\n\n\n<p>\u201cMas acho que pode acontecer porque tem muito talento envolvido ali, tanto do treinador quanto do grupo, ent\u00e3o eu deixo ali em \u2018briga pela Libertadores\u2019. At\u00e9 porque o Cruzeiro precisa brigar por Libertadores com o que ele gastou, se n\u00e3o \u00e9 um fiasco\u201d, finalizou Alexandre Lozetti.<\/p>\n\n\n\n<h2 class=\"wp-block-heading\" id=\"h-veja-a-projecao-do-trio-para-o-brasileirao-2025\">Veja a proje\u00e7\u00e3o do trio para o Brasileir\u00e3o 2025:<\/h2>\n\n\n\n<ul class=\"wp-block-list\">\n<li><strong>Favoritos ao t\u00edtulo:<\/strong> Flamengo e Palmeiras <\/li>\n\n\n\n<li><strong>Candidatos ao t\u00edtulo<\/strong>: Internacional, Botafogo e Atl\u00e9tico-MG<\/li>\n\n\n\n<li><strong>Briga por Libertadores:<\/strong> S\u00e3o Paulo, Santos, Corinthians, Bahia e Cruzeiro<\/li>\n\n\n\n<li><strong>Briga por Sul-Americana:<\/strong> Fluminense, Fortaleza, Gr\u00eamio, Vit\u00f3ria e Vasco<\/li>\n\n\n\n<li><strong>Briga contra o rebaixamento:<\/strong> Bragantino, Sport, Cear\u00e1, Mirassol e Juventude<\/li>\n<\/ul>\n","protected":false},"excerpt":{"rendered":"<p>Comentarista projetou o Brasileir\u00e3o da Raposa No programa &#8220;Sele\u00e7\u00e3o Sportv&#8221; da \u00faltima sexta-feira (28), o comentarista Paulo Nunes fez uma proje\u00e7\u00e3o da campanha do Cruzeiro no Brasileir\u00e3o de 2025. Para Nunes, o time celeste ir\u00e1 brigar por uma vaga na pr\u00f3xima Copa Libertadores. \u201cPelo que o Pedrinho Louren\u00e7o falou com a gente, eu n\u00e3o tenho [&hellip;]<\/p>\n","protected":false},"author":21,"featured_media":215468,"comment_status":"open","ping_status":"closed","sticky":false,"template":"","format":"standard","meta":{"footnotes":""},"categories":[143],"tags":[],"class_list":["post-246499","post","type-post","status-publish","format-standard","has-post-thumbnail","hentry","category-cruzeiro"],"yoast_head":"<!-- This site is optimized with the Yoast SEO Premium plugin v24.2 (Yoast SEO v26.9) - https:\/\/yoast.com\/product\/yoast-seo-premium-wordpress\/ -->\n<title>A declara\u00e7\u00e3o de Paulo Numes direcionada ao time do Cruzeiro: &quot;eu n\u00e3o tenho d\u00favidas\u2026&quot;<\/title>\n<meta name=\"robots\" content=\"index, follow, max-snippet:-1, max-image-preview:large, max-video-preview:-1\" \/>\n<link rel=\"canonical\" href=\"https:\/\/www.gaveanews.com\/index.php\/2025\/03\/30\/a-declaracao-de-paulo-numes-direcionada-ao-time-do-cruzeiro-eu-nao-tenho-duvidas\/\" \/>\n<meta property=\"og:locale\" content=\"pt_BR\" \/>\n<meta property=\"og:type\" content=\"article\" \/>\n<meta property=\"og:title\" content=\"A declara\u00e7\u00e3o de Paulo Numes direcionada ao time do Cruzeiro: &quot;eu n\u00e3o tenho d\u00favidas\u2026&quot;\" \/>\n<meta property=\"og:description\" content=\"Comentarista projetou o Brasileir\u00e3o da Raposa No programa &#8220;Sele\u00e7\u00e3o Sportv&#8221; da \u00faltima sexta-feira (28), o comentarista Paulo Nunes fez uma proje\u00e7\u00e3o da campanha do Cruzeiro no Brasileir\u00e3o de 2025. Para Nunes, o time celeste ir\u00e1 brigar por uma vaga na pr\u00f3xima Copa Libertadores. \u201cPelo que o Pedrinho Louren\u00e7o falou com a gente, eu n\u00e3o tenho [&hellip;]\" \/>\n<meta property=\"og:url\" content=\"https:\/\/www.gaveanews.com\/index.php\/2025\/03\/30\/a-declaracao-de-paulo-numes-direcionada-ao-time-do-cruzeiro-eu-nao-tenho-duvidas\/\" \/>\n<meta property=\"og:site_name\" content=\"G\u00e1vea News\" \/>\n<meta property=\"article:publisher\" content=\"https:\/\/facebook.com\/gaveaNews\/\" \/>\n<meta property=\"article:published_time\" content=\"2025-03-30T03:20:00+00:00\" \/>\n<meta property=\"og:image\" content=\"https:\/\/www.gaveanews.com\/wp-content\/uploads\/paulo-nunes-rede-globo-1536x864-1.webp\" \/>\n\t<meta property=\"og:image:width\" content=\"1536\" \/>\n\t<meta property=\"og:image:height\" content=\"864\" \/>\n\t<meta property=\"og:image:type\" content=\"image\/jpeg\" \/>\n<meta name=\"author\" content=\"Andr\u00e9 Serra\" \/>\n<meta name=\"twitter:card\" content=\"summary_large_image\" \/>\n<meta name=\"twitter:label1\" content=\"Escrito por\" \/>\n\t<meta name=\"twitter:data1\" content=\"Andr\u00e9 Serra\" \/>\n\t<meta name=\"twitter:label2\" content=\"Est. tempo de leitura\" \/>\n\t<meta name=\"twitter:data2\" content=\"3 minutos\" \/>\n<script type=\"application\/ld+json\" class=\"yoast-schema-graph\">{\"@context\":\"https:\/\/schema.org\",\"@graph\":[{\"@type\":\"NewsArticle\",\"@id\":\"https:\/\/www.gaveanews.com\/index.php\/2025\/03\/30\/a-declaracao-de-paulo-numes-direcionada-ao-time-do-cruzeiro-eu-nao-tenho-duvidas\/#article\",\"isPartOf\":{\"@id\":\"https:\/\/www.gaveanews.com\/index.php\/2025\/03\/30\/a-declaracao-de-paulo-numes-direcionada-ao-time-do-cruzeiro-eu-nao-tenho-duvidas\/\"},\"author\":{\"name\":\"Andr\u00e9 Serra\",\"@id\":\"https:\/\/www.gaveanews.com\/#\/schema\/person\/0277a79a1289c451c281ec0411d84f0c\"},\"headline\":\"A declara\u00e7\u00e3o de Paulo Numes direcionada ao time do Cruzeiro: &#8220;eu n\u00e3o tenho d\u00favidas\u2026&#8221;\",\"datePublished\":\"2025-03-30T03:20:00+00:00\",\"mainEntityOfPage\":{\"@id\":\"https:\/\/www.gaveanews.com\/index.php\/2025\/03\/30\/a-declaracao-de-paulo-numes-direcionada-ao-time-do-cruzeiro-eu-nao-tenho-duvidas\/\"},\"wordCount\":387,\"commentCount\":0,\"image\":{\"@id\":\"https:\/\/www.gaveanews.com\/index.php\/2025\/03\/30\/a-declaracao-de-paulo-numes-direcionada-ao-time-do-cruzeiro-eu-nao-tenho-duvidas\/#primaryimage\"},\"thumbnailUrl\":\"https:\/\/www.gaveanews.com\/wp-content\/uploads\/paulo-nunes-rede-globo-1536x864-1.webp\",\"articleSection\":[\"Cruzeiro\"],\"inLanguage\":\"pt-BR\",\"potentialAction\":[{\"@type\":\"CommentAction\",\"name\":\"Comment\",\"target\":[\"https:\/\/www.gaveanews.com\/index.php\/2025\/03\/30\/a-declaracao-de-paulo-numes-direcionada-ao-time-do-cruzeiro-eu-nao-tenho-duvidas\/#respond\"]}],\"copyrightYear\":\"2025\",\"copyrightHolder\":{\"@id\":\"https:\/\/www.gaveanews.com\/#organization\"}},{\"@type\":\"WebPage\",\"@id\":\"https:\/\/www.gaveanews.com\/index.php\/2025\/03\/30\/a-declaracao-de-paulo-numes-direcionada-ao-time-do-cruzeiro-eu-nao-tenho-duvidas\/\",\"url\":\"https:\/\/www.gaveanews.com\/index.php\/2025\/03\/30\/a-declaracao-de-paulo-numes-direcionada-ao-time-do-cruzeiro-eu-nao-tenho-duvidas\/\",\"name\":\"A declara\u00e7\u00e3o de Paulo Numes direcionada ao time do Cruzeiro: \\\"eu n\u00e3o tenho d\u00favidas\u2026\\\"\",\"isPartOf\":{\"@id\":\"https:\/\/www.gaveanews.com\/#website\"},\"primaryImageOfPage\":{\"@id\":\"https:\/\/www.gaveanews.com\/index.php\/2025\/03\/30\/a-declaracao-de-paulo-numes-direcionada-ao-time-do-cruzeiro-eu-nao-tenho-duvidas\/#primaryimage\"},\"image\":{\"@id\":\"https:\/\/www.gaveanews.com\/index.php\/2025\/03\/30\/a-declaracao-de-paulo-numes-direcionada-ao-time-do-cruzeiro-eu-nao-tenho-duvidas\/#primaryimage\"},\"thumbnailUrl\":\"https:\/\/www.gaveanews.com\/wp-content\/uploads\/paulo-nunes-rede-globo-1536x864-1.webp\",\"datePublished\":\"2025-03-30T03:20:00+00:00\",\"author\":{\"@id\":\"https:\/\/www.gaveanews.com\/#\/schema\/person\/0277a79a1289c451c281ec0411d84f0c\"},\"breadcrumb\":{\"@id\":\"https:\/\/www.gaveanews.com\/index.php\/2025\/03\/30\/a-declaracao-de-paulo-numes-direcionada-ao-time-do-cruzeiro-eu-nao-tenho-duvidas\/#breadcrumb\"},\"inLanguage\":\"pt-BR\",\"potentialAction\":[{\"@type\":\"ReadAction\",\"target\":[\"https:\/\/www.gaveanews.com\/index.php\/2025\/03\/30\/a-declaracao-de-paulo-numes-direcionada-ao-time-do-cruzeiro-eu-nao-tenho-duvidas\/\"]}]},{\"@type\":\"ImageObject\",\"inLanguage\":\"pt-BR\",\"@id\":\"https:\/\/www.gaveanews.com\/index.php\/2025\/03\/30\/a-declaracao-de-paulo-numes-direcionada-ao-time-do-cruzeiro-eu-nao-tenho-duvidas\/#primaryimage\",\"url\":\"https:\/\/www.gaveanews.com\/wp-content\/uploads\/paulo-nunes-rede-globo-1536x864-1.webp\",\"contentUrl\":\"https:\/\/www.gaveanews.com\/wp-content\/uploads\/paulo-nunes-rede-globo-1536x864-1.webp\",\"width\":1536,\"height\":864,\"caption\":\"Paulo Nunes - Foto: Reprodu\u00e7\u00e3o\"},{\"@type\":\"BreadcrumbList\",\"@id\":\"https:\/\/www.gaveanews.com\/index.php\/2025\/03\/30\/a-declaracao-de-paulo-numes-direcionada-ao-time-do-cruzeiro-eu-nao-tenho-duvidas\/#breadcrumb\",\"itemListElement\":[{\"@type\":\"ListItem\",\"position\":1,\"name\":\"Home\",\"item\":\"https:\/\/www.gaveanews.com\/\"},{\"@type\":\"ListItem\",\"position\":2,\"name\":\"A declara\u00e7\u00e3o de Paulo Numes direcionada ao time do Cruzeiro: &#8220;eu n\u00e3o tenho d\u00favidas\u2026&#8221;\"}]},{\"@type\":\"WebSite\",\"@id\":\"https:\/\/www.gaveanews.com\/#website\",\"url\":\"https:\/\/www.gaveanews.com\/\",\"name\":\"G\u00e1vea News\",\"description\":\"Veja todas as not\u00edcias sobre o Flamengo: Contrata\u00e7\u00f5es, categorias de base, resultados das partidas, tabela de classifica\u00e7\u00e3o, pr\u00f3ximos jogos!\",\"potentialAction\":[{\"@type\":\"SearchAction\",\"target\":{\"@type\":\"EntryPoint\",\"urlTemplate\":\"https:\/\/www.gaveanews.com\/?s={search_term_string}\"},\"query-input\":{\"@type\":\"PropertyValueSpecification\",\"valueRequired\":true,\"valueName\":\"search_term_string\"}}],\"inLanguage\":\"pt-BR\"},{\"@type\":\"Person\",\"@id\":\"https:\/\/www.gaveanews.com\/#\/schema\/person\/0277a79a1289c451c281ec0411d84f0c\",\"name\":\"Andr\u00e9 Serra\",\"image\":{\"@type\":\"ImageObject\",\"inLanguage\":\"pt-BR\",\"@id\":\"https:\/\/www.gaveanews.com\/#\/schema\/person\/image\/\",\"url\":\"https:\/\/secure.gravatar.com\/avatar\/d7231369fe48db93292b3e88eb2162dbd9a34a47a8437d9ef3bcaca2a86a83d7?s=96&d=mm&r=g\",\"contentUrl\":\"https:\/\/secure.gravatar.com\/avatar\/d7231369fe48db93292b3e88eb2162dbd9a34a47a8437d9ef3bcaca2a86a83d7?s=96&d=mm&r=g\",\"caption\":\"Andr\u00e9 Serra\"}}]}<\/script>\n<!-- \/ Yoast SEO Premium plugin. -->","yoast_head_json":{"title":"A declara\u00e7\u00e3o de Paulo Numes direcionada ao time do Cruzeiro: \"eu n\u00e3o tenho d\u00favidas\u2026\"","robots":{"index":"index","follow":"follow","max-snippet":"max-snippet:-1","max-image-preview":"max-image-preview:large","max-video-preview":"max-video-preview:-1"},"canonical":"https:\/\/www.gaveanews.com\/index.php\/2025\/03\/30\/a-declaracao-de-paulo-numes-direcionada-ao-time-do-cruzeiro-eu-nao-tenho-duvidas\/","og_locale":"pt_BR","og_type":"article","og_title":"A declara\u00e7\u00e3o de Paulo Numes direcionada ao time do Cruzeiro: \"eu n\u00e3o tenho d\u00favidas\u2026\"","og_description":"Comentarista projetou o Brasileir\u00e3o da Raposa No programa &#8220;Sele\u00e7\u00e3o Sportv&#8221; da \u00faltima sexta-feira (28), o comentarista Paulo Nunes fez uma proje\u00e7\u00e3o da campanha do Cruzeiro no Brasileir\u00e3o de 2025. Para Nunes, o time celeste ir\u00e1 brigar por uma vaga na pr\u00f3xima Copa Libertadores. \u201cPelo que o Pedrinho Louren\u00e7o falou com a gente, eu n\u00e3o tenho [&hellip;]","og_url":"https:\/\/www.gaveanews.com\/index.php\/2025\/03\/30\/a-declaracao-de-paulo-numes-direcionada-ao-time-do-cruzeiro-eu-nao-tenho-duvidas\/","og_site_name":"G\u00e1vea News","article_publisher":"https:\/\/facebook.com\/gaveaNews\/","article_published_time":"2025-03-30T03:20:00+00:00","og_image":[{"width":1536,"height":864,"url":"https:\/\/www.gaveanews.com\/wp-content\/uploads\/paulo-nunes-rede-globo-1536x864-1.webp","type":"image\/jpeg"}],"author":"Andr\u00e9 Serra","twitter_card":"summary_large_image","twitter_misc":{"Escrito por":"Andr\u00e9 Serra","Est. tempo de leitura":"3 minutos"},"schema":{"@context":"https:\/\/schema.org","@graph":[{"@type":"NewsArticle","@id":"https:\/\/www.gaveanews.com\/index.php\/2025\/03\/30\/a-declaracao-de-paulo-numes-direcionada-ao-time-do-cruzeiro-eu-nao-tenho-duvidas\/#article","isPartOf":{"@id":"https:\/\/www.gaveanews.com\/index.php\/2025\/03\/30\/a-declaracao-de-paulo-numes-direcionada-ao-time-do-cruzeiro-eu-nao-tenho-duvidas\/"},"author":{"name":"Andr\u00e9 Serra","@id":"https:\/\/www.gaveanews.com\/#\/schema\/person\/0277a79a1289c451c281ec0411d84f0c"},"headline":"A declara\u00e7\u00e3o de Paulo Numes direcionada ao time do Cruzeiro: &#8220;eu n\u00e3o tenho d\u00favidas\u2026&#8221;","datePublished":"2025-03-30T03:20:00+00:00","mainEntityOfPage":{"@id":"https:\/\/www.gaveanews.com\/index.php\/2025\/03\/30\/a-declaracao-de-paulo-numes-direcionada-ao-time-do-cruzeiro-eu-nao-tenho-duvidas\/"},"wordCount":387,"commentCount":0,"image":{"@id":"https:\/\/www.gaveanews.com\/index.php\/2025\/03\/30\/a-declaracao-de-paulo-numes-direcionada-ao-time-do-cruzeiro-eu-nao-tenho-duvidas\/#primaryimage"},"thumbnailUrl":"https:\/\/www.gaveanews.com\/wp-content\/uploads\/paulo-nunes-rede-globo-1536x864-1.webp","articleSection":["Cruzeiro"],"inLanguage":"pt-BR","potentialAction":[{"@type":"CommentAction","name":"Comment","target":["https:\/\/www.gaveanews.com\/index.php\/2025\/03\/30\/a-declaracao-de-paulo-numes-direcionada-ao-time-do-cruzeiro-eu-nao-tenho-duvidas\/#respond"]}],"copyrightYear":"2025","copyrightHolder":{"@id":"https:\/\/www.gaveanews.com\/#organization"}},{"@type":"WebPage","@id":"https:\/\/www.gaveanews.com\/index.php\/2025\/03\/30\/a-declaracao-de-paulo-numes-direcionada-ao-time-do-cruzeiro-eu-nao-tenho-duvidas\/","url":"https:\/\/www.gaveanews.com\/index.php\/2025\/03\/30\/a-declaracao-de-paulo-numes-direcionada-ao-time-do-cruzeiro-eu-nao-tenho-duvidas\/","name":"A declara\u00e7\u00e3o de Paulo Numes direcionada ao time do Cruzeiro: \"eu n\u00e3o tenho d\u00favidas\u2026\"","isPartOf":{"@id":"https:\/\/www.gaveanews.com\/#website"},"primaryImageOfPage":{"@id":"https:\/\/www.gaveanews.com\/index.php\/2025\/03\/30\/a-declaracao-de-paulo-numes-direcionada-ao-time-do-cruzeiro-eu-nao-tenho-duvidas\/#primaryimage"},"image":{"@id":"https:\/\/www.gaveanews.com\/index.php\/2025\/03\/30\/a-declaracao-de-paulo-numes-direcionada-ao-time-do-cruzeiro-eu-nao-tenho-duvidas\/#primaryimage"},"thumbnailUrl":"https:\/\/www.gaveanews.com\/wp-content\/uploads\/paulo-nunes-rede-globo-1536x864-1.webp","datePublished":"2025-03-30T03:20:00+00:00","author":{"@id":"https:\/\/www.gaveanews.com\/#\/schema\/person\/0277a79a1289c451c281ec0411d84f0c"},"breadcrumb":{"@id":"https:\/\/www.gaveanews.com\/index.php\/2025\/03\/30\/a-declaracao-de-paulo-numes-direcionada-ao-time-do-cruzeiro-eu-nao-tenho-duvidas\/#breadcrumb"},"inLanguage":"pt-BR","potentialAction":[{"@type":"ReadAction","target":["https:\/\/www.gaveanews.com\/index.php\/2025\/03\/30\/a-declaracao-de-paulo-numes-direcionada-ao-time-do-cruzeiro-eu-nao-tenho-duvidas\/"]}]},{"@type":"ImageObject","inLanguage":"pt-BR","@id":"https:\/\/www.gaveanews.com\/index.php\/2025\/03\/30\/a-declaracao-de-paulo-numes-direcionada-ao-time-do-cruzeiro-eu-nao-tenho-duvidas\/#primaryimage","url":"https:\/\/www.gaveanews.com\/wp-content\/uploads\/paulo-nunes-rede-globo-1536x864-1.webp","contentUrl":"https:\/\/www.gaveanews.com\/wp-content\/uploads\/paulo-nunes-rede-globo-1536x864-1.webp","width":1536,"height":864,"caption":"Paulo Nunes - Foto: Reprodu\u00e7\u00e3o"},{"@type":"BreadcrumbList","@id":"https:\/\/www.gaveanews.com\/index.php\/2025\/03\/30\/a-declaracao-de-paulo-numes-direcionada-ao-time-do-cruzeiro-eu-nao-tenho-duvidas\/#breadcrumb","itemListElement":[{"@type":"ListItem","position":1,"name":"Home","item":"https:\/\/www.gaveanews.com\/"},{"@type":"ListItem","position":2,"name":"A declara\u00e7\u00e3o de Paulo Numes direcionada ao time do Cruzeiro: &#8220;eu n\u00e3o tenho d\u00favidas\u2026&#8221;"}]},{"@type":"WebSite","@id":"https:\/\/www.gaveanews.com\/#website","url":"https:\/\/www.gaveanews.com\/","name":"G\u00e1vea News","description":"Veja todas as not\u00edcias sobre o Flamengo: Contrata\u00e7\u00f5es, categorias de base, resultados das partidas, tabela de classifica\u00e7\u00e3o, pr\u00f3ximos jogos!","potentialAction":[{"@type":"SearchAction","target":{"@type":"EntryPoint","urlTemplate":"https:\/\/www.gaveanews.com\/?s={search_term_string}"},"query-input":{"@type":"PropertyValueSpecification","valueRequired":true,"valueName":"search_term_string"}}],"inLanguage":"pt-BR"},{"@type":"Person","@id":"https:\/\/www.gaveanews.com\/#\/schema\/person\/0277a79a1289c451c281ec0411d84f0c","name":"Andr\u00e9 Serra","image":{"@type":"ImageObject","inLanguage":"pt-BR","@id":"https:\/\/www.gaveanews.com\/#\/schema\/person\/image\/","url":"https:\/\/secure.gravatar.com\/avatar\/d7231369fe48db93292b3e88eb2162dbd9a34a47a8437d9ef3bcaca2a86a83d7?s=96&d=mm&r=g","contentUrl":"https:\/\/secure.gravatar.com\/avatar\/d7231369fe48db93292b3e88eb2162dbd9a34a47a8437d9ef3bcaca2a86a83d7?s=96&d=mm&r=g","caption":"Andr\u00e9 Serra"}}]}},"_links":{"self":[{"href":"https:\/\/www.gaveanews.com\/index.php\/wp-json\/wp\/v2\/posts\/246499","targetHints":{"allow":["GET"]}}],"collection":[{"href":"https:\/\/www.gaveanews.com\/index.php\/wp-json\/wp\/v2\/posts"}],"about":[{"href":"https:\/\/www.gaveanews.com\/index.php\/wp-json\/wp\/v2\/types\/post"}],"author":[{"embeddable":true,"href":"https:\/\/www.gaveanews.com\/index.php\/wp-json\/wp\/v2\/users\/21"}],"replies":[{"embeddable":true,"href":"https:\/\/www.gaveanews.com\/index.php\/wp-json\/wp\/v2\/comments?post=246499"}],"version-history":[{"count":1,"href":"https:\/\/www.gaveanews.com\/index.php\/wp-json\/wp\/v2\/posts\/246499\/revisions"}],"predecessor-version":[{"id":246500,"href":"https:\/\/www.gaveanews.com\/index.php\/wp-json\/wp\/v2\/posts\/246499\/revisions\/246500"}],"wp:featuredmedia":[{"embeddable":true,"href":"https:\/\/www.gaveanews.com\/index.php\/wp-json\/wp\/v2\/media\/215468"}],"wp:attachment":[{"href":"https:\/\/www.gaveanews.com\/index.php\/wp-json\/wp\/v2\/media?parent=246499"}],"wp:term":[{"taxonomy":"category","embeddable":true,"href":"https:\/\/www.gaveanews.com\/index.php\/wp-json\/wp\/v2\/categories?post=246499"},{"taxonomy":"post_tag","embeddable":true,"href":"https:\/\/www.gaveanews.com\/index.php\/wp-json\/wp\/v2\/tags?post=246499"}],"curies":[{"name":"wp","href":"https:\/\/api.w.org\/{rel}","templated":true}]}}