{"id":246507,"date":"2025-03-29T19:47:29","date_gmt":"2025-03-29T22:47:29","guid":{"rendered":"https:\/\/www.gaveanews.com\/?p=246507"},"modified":"2025-03-29T19:47:31","modified_gmt":"2025-03-29T22:47:31","slug":"sao-paulo-x-sport-a-declaracao-de-sabino","status":"publish","type":"post","link":"https:\/\/www.gaveanews.com\/index.php\/2025\/03\/29\/sao-paulo-x-sport-a-declaracao-de-sabino\/","title":{"rendered":"S\u00e3o Paulo x Sport: a declara\u00e7\u00e3o de Sabino"},"content":{"rendered":"\n<p>O S\u00e3o Paulo terminou o primeiro tempo empatando em 0 a o com o Sport, no Morumbis, pela primeira rodada do Campeonato Brasileiro na noite deste s\u00e1bado (29), com um jogo repleto de reencontros, do lado rubro negro, o atacante Pablo reencontra a torcida Tricolor, j\u00e1 Sabino reencontra seus antigos companheiros da Ilha do Retiro.<\/p>\n\n\n\n<p>O S\u00e3o Paulo come\u00e7ou o jogo de forma intensa e quase abriu o placar logo no primeiro minuto. Luciano foi derrubado dentro da \u00e1rea por Du Queiroz, e a arbitragem assinalou p\u00eanalti para a equipe tricolor. No entanto, Calleri desperdi\u00e7ou a cobran\u00e7a ao chutar longe do gol defendido por Ca\u00edque Fran\u00e7a.<\/p>\n\n\n\n<p>O Sport respondeu aos 15 minutos, quando Lucas Lima puxou contra-ataque e encontrou Pablo, que finalizou para defesa de Rafael. O lance, no entanto, foi invalidado por impedimento.<\/p>\n\n\n\n<p>Com dificuldades para criar chances claras, o S\u00e3o Paulo passou a arriscar finaliza\u00e7\u00f5es de fora da \u00e1rea. Aos 32 minutos, Sabino avan\u00e7ou e chutou para defesa do goleiro do Sport. Os visitantes, por sua vez, quase marcaram aos 37, quando Hereda finalizou de longe e obrigou Rafael a buscar a bola no \u00e2ngulo para evitar o gol rubro-negro.<\/p>\n\n\n\n<h2 class=\"wp-block-heading\" id=\"h-fala-sabino\">Fala, Sabino<\/h2>\n\n\n\n<p>Sabino, zagueiro Tricolor falou sobre a movimenta\u00e7\u00e3o de bola que o S\u00e3o Paulo precisa ter para transformar em chance clara de gol. O atleta tamb\u00e9m falou sobre a chance de estar na frente do placar com o p\u00eanalti perdido por Calleri j\u00e1 no in\u00edcio do jogo. <\/p>\n\n\n\n<p>&#8220;A gente tem que trabalhar essa bola mais r\u00e1pido, movimentar mais r\u00e1pido tamb\u00e9m e transformar essa posse de bola em chance de gol. Tivemos ali uma chance que era para estar na frente do placar, mas est\u00e1 perto do jogo, acho que \u00e9 isso. Trabalhar mais r\u00e1pido a bola, movimentar mais r\u00e1pido para transformar essa posse em chance de gol&#8221;, disse.<\/p>\n","protected":false},"excerpt":{"rendered":"<p>O S\u00e3o Paulo terminou o primeiro tempo empatando em 0 a o com o Sport, no Morumbis, pela primeira rodada do Campeonato Brasileiro na noite deste s\u00e1bado (29), com um jogo repleto de reencontros, do lado rubro negro, o atacante Pablo reencontra a torcida Tricolor, j\u00e1 Sabino reencontra seus antigos companheiros da Ilha do Retiro. [&hellip;]<\/p>\n","protected":false},"author":17,"featured_media":154451,"comment_status":"open","ping_status":"closed","sticky":false,"template":"","format":"standard","meta":{"footnotes":""},"categories":[151],"tags":[],"class_list":["post-246507","post","type-post","status-publish","format-standard","has-post-thumbnail","hentry","category-sao-paulo"],"yoast_head":"<!-- This site is optimized with the Yoast SEO Premium plugin v24.2 (Yoast SEO v26.9) - https:\/\/yoast.com\/product\/yoast-seo-premium-wordpress\/ -->\n<title>S\u00e3o Paulo x Sport: a declara\u00e7\u00e3o de Sabino<\/title>\n<meta name=\"robots\" content=\"index, follow, max-snippet:-1, max-image-preview:large, max-video-preview:-1\" \/>\n<link rel=\"canonical\" href=\"https:\/\/www.gaveanews.com\/index.php\/2025\/03\/29\/sao-paulo-x-sport-a-declaracao-de-sabino\/\" \/>\n<meta property=\"og:locale\" content=\"pt_BR\" \/>\n<meta property=\"og:type\" content=\"article\" \/>\n<meta property=\"og:title\" content=\"S\u00e3o Paulo x Sport: a declara\u00e7\u00e3o de Sabino\" \/>\n<meta property=\"og:description\" content=\"O S\u00e3o Paulo terminou o primeiro tempo empatando em 0 a o com o Sport, no Morumbis, pela primeira rodada do Campeonato Brasileiro na noite deste s\u00e1bado (29), com um jogo repleto de reencontros, do lado rubro negro, o atacante Pablo reencontra a torcida Tricolor, j\u00e1 Sabino reencontra seus antigos companheiros da Ilha do Retiro. [&hellip;]\" \/>\n<meta property=\"og:url\" content=\"https:\/\/www.gaveanews.com\/index.php\/2025\/03\/29\/sao-paulo-x-sport-a-declaracao-de-sabino\/\" \/>\n<meta property=\"og:site_name\" content=\"G\u00e1vea News\" \/>\n<meta property=\"article:publisher\" content=\"https:\/\/facebook.com\/gaveaNews\/\" \/>\n<meta property=\"article:published_time\" content=\"2025-03-29T22:47:29+00:00\" \/>\n<meta property=\"article:modified_time\" content=\"2025-03-29T22:47:31+00:00\" \/>\n<meta property=\"og:image\" content=\"http:\/\/www.gaveanews.com\/wp-content\/uploads\/Escudo-do-Sao-Paulo.webp\" \/>\n\t<meta property=\"og:image:width\" content=\"977\" \/>\n\t<meta property=\"og:image:height\" content=\"651\" \/>\n\t<meta property=\"og:image:type\" content=\"image\/webp\" \/>\n<meta name=\"author\" content=\"Geovanna Thomaz\" \/>\n<meta name=\"twitter:card\" content=\"summary_large_image\" \/>\n<meta name=\"twitter:label1\" content=\"Escrito por\" \/>\n\t<meta name=\"twitter:data1\" content=\"Geovanna Thomaz\" \/>\n\t<meta name=\"twitter:label2\" content=\"Est. tempo de leitura\" \/>\n\t<meta name=\"twitter:data2\" content=\"2 minutos\" \/>\n<script type=\"application\/ld+json\" class=\"yoast-schema-graph\">{\"@context\":\"https:\/\/schema.org\",\"@graph\":[{\"@type\":\"NewsArticle\",\"@id\":\"https:\/\/www.gaveanews.com\/index.php\/2025\/03\/29\/sao-paulo-x-sport-a-declaracao-de-sabino\/#article\",\"isPartOf\":{\"@id\":\"https:\/\/www.gaveanews.com\/index.php\/2025\/03\/29\/sao-paulo-x-sport-a-declaracao-de-sabino\/\"},\"author\":{\"name\":\"Geovanna Thomaz\",\"@id\":\"https:\/\/www.gaveanews.com\/#\/schema\/person\/f42654babcd2b2014a1a65af82b081f1\"},\"headline\":\"S\u00e3o Paulo x Sport: a declara\u00e7\u00e3o de Sabino\",\"datePublished\":\"2025-03-29T22:47:29+00:00\",\"dateModified\":\"2025-03-29T22:47:31+00:00\",\"mainEntityOfPage\":{\"@id\":\"https:\/\/www.gaveanews.com\/index.php\/2025\/03\/29\/sao-paulo-x-sport-a-declaracao-de-sabino\/\"},\"wordCount\":327,\"commentCount\":0,\"image\":{\"@id\":\"https:\/\/www.gaveanews.com\/index.php\/2025\/03\/29\/sao-paulo-x-sport-a-declaracao-de-sabino\/#primaryimage\"},\"thumbnailUrl\":\"https:\/\/www.gaveanews.com\/wp-content\/uploads\/Escudo-do-Sao-Paulo.webp\",\"articleSection\":[\"S\u00e3o Paulo\"],\"inLanguage\":\"pt-BR\",\"potentialAction\":[{\"@type\":\"CommentAction\",\"name\":\"Comment\",\"target\":[\"https:\/\/www.gaveanews.com\/index.php\/2025\/03\/29\/sao-paulo-x-sport-a-declaracao-de-sabino\/#respond\"]}],\"copyrightYear\":\"2025\",\"copyrightHolder\":{\"@id\":\"https:\/\/www.gaveanews.com\/#organization\"}},{\"@type\":\"WebPage\",\"@id\":\"https:\/\/www.gaveanews.com\/index.php\/2025\/03\/29\/sao-paulo-x-sport-a-declaracao-de-sabino\/\",\"url\":\"https:\/\/www.gaveanews.com\/index.php\/2025\/03\/29\/sao-paulo-x-sport-a-declaracao-de-sabino\/\",\"name\":\"S\u00e3o Paulo x Sport: a declara\u00e7\u00e3o de Sabino\",\"isPartOf\":{\"@id\":\"https:\/\/www.gaveanews.com\/#website\"},\"primaryImageOfPage\":{\"@id\":\"https:\/\/www.gaveanews.com\/index.php\/2025\/03\/29\/sao-paulo-x-sport-a-declaracao-de-sabino\/#primaryimage\"},\"image\":{\"@id\":\"https:\/\/www.gaveanews.com\/index.php\/2025\/03\/29\/sao-paulo-x-sport-a-declaracao-de-sabino\/#primaryimage\"},\"thumbnailUrl\":\"https:\/\/www.gaveanews.com\/wp-content\/uploads\/Escudo-do-Sao-Paulo.webp\",\"datePublished\":\"2025-03-29T22:47:29+00:00\",\"dateModified\":\"2025-03-29T22:47:31+00:00\",\"author\":{\"@id\":\"https:\/\/www.gaveanews.com\/#\/schema\/person\/f42654babcd2b2014a1a65af82b081f1\"},\"breadcrumb\":{\"@id\":\"https:\/\/www.gaveanews.com\/index.php\/2025\/03\/29\/sao-paulo-x-sport-a-declaracao-de-sabino\/#breadcrumb\"},\"inLanguage\":\"pt-BR\",\"potentialAction\":[{\"@type\":\"ReadAction\",\"target\":[\"https:\/\/www.gaveanews.com\/index.php\/2025\/03\/29\/sao-paulo-x-sport-a-declaracao-de-sabino\/\"]}]},{\"@type\":\"ImageObject\",\"inLanguage\":\"pt-BR\",\"@id\":\"https:\/\/www.gaveanews.com\/index.php\/2025\/03\/29\/sao-paulo-x-sport-a-declaracao-de-sabino\/#primaryimage\",\"url\":\"https:\/\/www.gaveanews.com\/wp-content\/uploads\/Escudo-do-Sao-Paulo.webp\",\"contentUrl\":\"https:\/\/www.gaveanews.com\/wp-content\/uploads\/Escudo-do-Sao-Paulo.webp\",\"width\":977,\"height\":651,\"caption\":\"Escudo do S\u00e3o Paulo (Foto: Reprodu\u00e7\u00e3o\/S\u00e3o Paulo)\"},{\"@type\":\"BreadcrumbList\",\"@id\":\"https:\/\/www.gaveanews.com\/index.php\/2025\/03\/29\/sao-paulo-x-sport-a-declaracao-de-sabino\/#breadcrumb\",\"itemListElement\":[{\"@type\":\"ListItem\",\"position\":1,\"name\":\"Home\",\"item\":\"https:\/\/www.gaveanews.com\/\"},{\"@type\":\"ListItem\",\"position\":2,\"name\":\"S\u00e3o Paulo x Sport: a declara\u00e7\u00e3o de Sabino\"}]},{\"@type\":\"WebSite\",\"@id\":\"https:\/\/www.gaveanews.com\/#website\",\"url\":\"https:\/\/www.gaveanews.com\/\",\"name\":\"G\u00e1vea News\",\"description\":\"Veja todas as not\u00edcias sobre o Flamengo: Contrata\u00e7\u00f5es, categorias de base, resultados das partidas, tabela de classifica\u00e7\u00e3o, pr\u00f3ximos jogos!\",\"potentialAction\":[{\"@type\":\"SearchAction\",\"target\":{\"@type\":\"EntryPoint\",\"urlTemplate\":\"https:\/\/www.gaveanews.com\/?s={search_term_string}\"},\"query-input\":{\"@type\":\"PropertyValueSpecification\",\"valueRequired\":true,\"valueName\":\"search_term_string\"}}],\"inLanguage\":\"pt-BR\"},{\"@type\":\"Person\",\"@id\":\"https:\/\/www.gaveanews.com\/#\/schema\/person\/f42654babcd2b2014a1a65af82b081f1\",\"name\":\"Geovanna Thomaz\",\"image\":{\"@type\":\"ImageObject\",\"inLanguage\":\"pt-BR\",\"@id\":\"https:\/\/www.gaveanews.com\/#\/schema\/person\/image\/\",\"url\":\"https:\/\/secure.gravatar.com\/avatar\/4092073255489533afb558984b49b64268c47198af8623cc82a925ae9fb7118a?s=96&d=mm&r=g\",\"contentUrl\":\"https:\/\/secure.gravatar.com\/avatar\/4092073255489533afb558984b49b64268c47198af8623cc82a925ae9fb7118a?s=96&d=mm&r=g\",\"caption\":\"Geovanna Thomaz\"}}]}<\/script>\n<!-- \/ Yoast SEO Premium plugin. -->","yoast_head_json":{"title":"S\u00e3o Paulo x Sport: a declara\u00e7\u00e3o de Sabino","robots":{"index":"index","follow":"follow","max-snippet":"max-snippet:-1","max-image-preview":"max-image-preview:large","max-video-preview":"max-video-preview:-1"},"canonical":"https:\/\/www.gaveanews.com\/index.php\/2025\/03\/29\/sao-paulo-x-sport-a-declaracao-de-sabino\/","og_locale":"pt_BR","og_type":"article","og_title":"S\u00e3o Paulo x Sport: a declara\u00e7\u00e3o de Sabino","og_description":"O S\u00e3o Paulo terminou o primeiro tempo empatando em 0 a o com o Sport, no Morumbis, pela primeira rodada do Campeonato Brasileiro na noite deste s\u00e1bado (29), com um jogo repleto de reencontros, do lado rubro negro, o atacante Pablo reencontra a torcida Tricolor, j\u00e1 Sabino reencontra seus antigos companheiros da Ilha do Retiro. [&hellip;]","og_url":"https:\/\/www.gaveanews.com\/index.php\/2025\/03\/29\/sao-paulo-x-sport-a-declaracao-de-sabino\/","og_site_name":"G\u00e1vea News","article_publisher":"https:\/\/facebook.com\/gaveaNews\/","article_published_time":"2025-03-29T22:47:29+00:00","article_modified_time":"2025-03-29T22:47:31+00:00","og_image":[{"width":977,"height":651,"url":"http:\/\/www.gaveanews.com\/wp-content\/uploads\/Escudo-do-Sao-Paulo.webp","type":"image\/webp"}],"author":"Geovanna Thomaz","twitter_card":"summary_large_image","twitter_misc":{"Escrito por":"Geovanna Thomaz","Est. tempo de leitura":"2 minutos"},"schema":{"@context":"https:\/\/schema.org","@graph":[{"@type":"NewsArticle","@id":"https:\/\/www.gaveanews.com\/index.php\/2025\/03\/29\/sao-paulo-x-sport-a-declaracao-de-sabino\/#article","isPartOf":{"@id":"https:\/\/www.gaveanews.com\/index.php\/2025\/03\/29\/sao-paulo-x-sport-a-declaracao-de-sabino\/"},"author":{"name":"Geovanna Thomaz","@id":"https:\/\/www.gaveanews.com\/#\/schema\/person\/f42654babcd2b2014a1a65af82b081f1"},"headline":"S\u00e3o Paulo x Sport: a declara\u00e7\u00e3o de Sabino","datePublished":"2025-03-29T22:47:29+00:00","dateModified":"2025-03-29T22:47:31+00:00","mainEntityOfPage":{"@id":"https:\/\/www.gaveanews.com\/index.php\/2025\/03\/29\/sao-paulo-x-sport-a-declaracao-de-sabino\/"},"wordCount":327,"commentCount":0,"image":{"@id":"https:\/\/www.gaveanews.com\/index.php\/2025\/03\/29\/sao-paulo-x-sport-a-declaracao-de-sabino\/#primaryimage"},"thumbnailUrl":"https:\/\/www.gaveanews.com\/wp-content\/uploads\/Escudo-do-Sao-Paulo.webp","articleSection":["S\u00e3o Paulo"],"inLanguage":"pt-BR","potentialAction":[{"@type":"CommentAction","name":"Comment","target":["https:\/\/www.gaveanews.com\/index.php\/2025\/03\/29\/sao-paulo-x-sport-a-declaracao-de-sabino\/#respond"]}],"copyrightYear":"2025","copyrightHolder":{"@id":"https:\/\/www.gaveanews.com\/#organization"}},{"@type":"WebPage","@id":"https:\/\/www.gaveanews.com\/index.php\/2025\/03\/29\/sao-paulo-x-sport-a-declaracao-de-sabino\/","url":"https:\/\/www.gaveanews.com\/index.php\/2025\/03\/29\/sao-paulo-x-sport-a-declaracao-de-sabino\/","name":"S\u00e3o Paulo x Sport: a declara\u00e7\u00e3o de Sabino","isPartOf":{"@id":"https:\/\/www.gaveanews.com\/#website"},"primaryImageOfPage":{"@id":"https:\/\/www.gaveanews.com\/index.php\/2025\/03\/29\/sao-paulo-x-sport-a-declaracao-de-sabino\/#primaryimage"},"image":{"@id":"https:\/\/www.gaveanews.com\/index.php\/2025\/03\/29\/sao-paulo-x-sport-a-declaracao-de-sabino\/#primaryimage"},"thumbnailUrl":"https:\/\/www.gaveanews.com\/wp-content\/uploads\/Escudo-do-Sao-Paulo.webp","datePublished":"2025-03-29T22:47:29+00:00","dateModified":"2025-03-29T22:47:31+00:00","author":{"@id":"https:\/\/www.gaveanews.com\/#\/schema\/person\/f42654babcd2b2014a1a65af82b081f1"},"breadcrumb":{"@id":"https:\/\/www.gaveanews.com\/index.php\/2025\/03\/29\/sao-paulo-x-sport-a-declaracao-de-sabino\/#breadcrumb"},"inLanguage":"pt-BR","potentialAction":[{"@type":"ReadAction","target":["https:\/\/www.gaveanews.com\/index.php\/2025\/03\/29\/sao-paulo-x-sport-a-declaracao-de-sabino\/"]}]},{"@type":"ImageObject","inLanguage":"pt-BR","@id":"https:\/\/www.gaveanews.com\/index.php\/2025\/03\/29\/sao-paulo-x-sport-a-declaracao-de-sabino\/#primaryimage","url":"https:\/\/www.gaveanews.com\/wp-content\/uploads\/Escudo-do-Sao-Paulo.webp","contentUrl":"https:\/\/www.gaveanews.com\/wp-content\/uploads\/Escudo-do-Sao-Paulo.webp","width":977,"height":651,"caption":"Escudo do S\u00e3o Paulo (Foto: Reprodu\u00e7\u00e3o\/S\u00e3o Paulo)"},{"@type":"BreadcrumbList","@id":"https:\/\/www.gaveanews.com\/index.php\/2025\/03\/29\/sao-paulo-x-sport-a-declaracao-de-sabino\/#breadcrumb","itemListElement":[{"@type":"ListItem","position":1,"name":"Home","item":"https:\/\/www.gaveanews.com\/"},{"@type":"ListItem","position":2,"name":"S\u00e3o Paulo x Sport: a declara\u00e7\u00e3o de Sabino"}]},{"@type":"WebSite","@id":"https:\/\/www.gaveanews.com\/#website","url":"https:\/\/www.gaveanews.com\/","name":"G\u00e1vea News","description":"Veja todas as not\u00edcias sobre o Flamengo: Contrata\u00e7\u00f5es, categorias de base, resultados das partidas, tabela de classifica\u00e7\u00e3o, pr\u00f3ximos jogos!","potentialAction":[{"@type":"SearchAction","target":{"@type":"EntryPoint","urlTemplate":"https:\/\/www.gaveanews.com\/?s={search_term_string}"},"query-input":{"@type":"PropertyValueSpecification","valueRequired":true,"valueName":"search_term_string"}}],"inLanguage":"pt-BR"},{"@type":"Person","@id":"https:\/\/www.gaveanews.com\/#\/schema\/person\/f42654babcd2b2014a1a65af82b081f1","name":"Geovanna Thomaz","image":{"@type":"ImageObject","inLanguage":"pt-BR","@id":"https:\/\/www.gaveanews.com\/#\/schema\/person\/image\/","url":"https:\/\/secure.gravatar.com\/avatar\/4092073255489533afb558984b49b64268c47198af8623cc82a925ae9fb7118a?s=96&d=mm&r=g","contentUrl":"https:\/\/secure.gravatar.com\/avatar\/4092073255489533afb558984b49b64268c47198af8623cc82a925ae9fb7118a?s=96&d=mm&r=g","caption":"Geovanna Thomaz"}}]}},"_links":{"self":[{"href":"https:\/\/www.gaveanews.com\/index.php\/wp-json\/wp\/v2\/posts\/246507","targetHints":{"allow":["GET"]}}],"collection":[{"href":"https:\/\/www.gaveanews.com\/index.php\/wp-json\/wp\/v2\/posts"}],"about":[{"href":"https:\/\/www.gaveanews.com\/index.php\/wp-json\/wp\/v2\/types\/post"}],"author":[{"embeddable":true,"href":"https:\/\/www.gaveanews.com\/index.php\/wp-json\/wp\/v2\/users\/17"}],"replies":[{"embeddable":true,"href":"https:\/\/www.gaveanews.com\/index.php\/wp-json\/wp\/v2\/comments?post=246507"}],"version-history":[{"count":1,"href":"https:\/\/www.gaveanews.com\/index.php\/wp-json\/wp\/v2\/posts\/246507\/revisions"}],"predecessor-version":[{"id":246508,"href":"https:\/\/www.gaveanews.com\/index.php\/wp-json\/wp\/v2\/posts\/246507\/revisions\/246508"}],"wp:featuredmedia":[{"embeddable":true,"href":"https:\/\/www.gaveanews.com\/index.php\/wp-json\/wp\/v2\/media\/154451"}],"wp:attachment":[{"href":"https:\/\/www.gaveanews.com\/index.php\/wp-json\/wp\/v2\/media?parent=246507"}],"wp:term":[{"taxonomy":"category","embeddable":true,"href":"https:\/\/www.gaveanews.com\/index.php\/wp-json\/wp\/v2\/categories?post=246507"},{"taxonomy":"post_tag","embeddable":true,"href":"https:\/\/www.gaveanews.com\/index.php\/wp-json\/wp\/v2\/tags?post=246507"}],"curies":[{"name":"wp","href":"https:\/\/api.w.org\/{rel}","templated":true}]}}