{"id":246509,"date":"2025-03-29T19:53:09","date_gmt":"2025-03-29T22:53:09","guid":{"rendered":"https:\/\/www.gaveanews.com\/?p=246509"},"modified":"2025-03-29T21:27:43","modified_gmt":"2025-03-30T00:27:43","slug":"fortaleza-x-fluminense-a-declaracao-de-tinga","status":"publish","type":"post","link":"https:\/\/www.gaveanews.com\/index.php\/2025\/03\/29\/fortaleza-x-fluminense-a-declaracao-de-tinga\/","title":{"rendered":"Fortaleza x Fluminense: a declara\u00e7\u00e3o de Tinga"},"content":{"rendered":"\n<p>Neste s\u00e1bado (29), Fortaleza e Fluminense se enfrentaram em jogo v\u00e1lido pela primeira rodada do Campeonato Brasileiro. A etapa inicial terminou com vit\u00f3ria parcial do Le\u00e3o do Pici por 2 a 0, que segurou o resultado e superou o Tricolor na estreia do torneio nacional.<\/p>\n\n\n\n<p>Ao final do primeiro tempo, Tinga avaliou a postura do Fortaleza no embate, apontou os pontos positivos e pontuou o pontos necess\u00e1rios de serem mudados para a segunda etapa em busca do triunfo no in\u00edcio do Brasileir\u00e3o.<\/p>\n\n\n\n<p>&#8220;Eu acho que a gente estava deixando muito os advers\u00e1rios jogarem, mas eu acho que a gente estava muito relaxado, eu acho que a gente acomodou um pouco na marca\u00e7\u00e3o. Mas \u00e9 o nosso diferencial, nossa intensidade de marca\u00e7\u00e3o, desde o atacante l\u00e1, isso ocasionou os gols. Ent\u00e3o, a gente est\u00e1 num momento bom, mas n\u00e3o tem nada decidido. Ainda tem um segundo tempo, ainda precisamos ajustar a \u00faltima bola no contra-ataque agora, jogar em transi\u00e7\u00f5es para a gente conseguir fazer mais um bom aprendido Como eu falei, com um chave de ouro a vit\u00f3ria&#8221;, disse Tinga.<\/p>\n\n\n\n<p>Ainda no intervalo, o defensor disse que a partida n\u00e3o estava decidida, mas o Fortaleza fez valer o mando de campo e fez bem o dever de casa, garantindo a vit\u00f3ria em seus dom\u00ednios. O triunfo foi de extrema import\u00e2ncia para o Le\u00e3o do Pici, que enfrentava situa\u00e7\u00e3o conturbada ap\u00f3s resultados negativos em sequ\u00eancia.<\/p>\n\n\n\n<p>Vale destacar que a partida tamb\u00e9m marcou a estreia do atacante Deyverson. Rec\u00e9m-contratado pelo Fortaleza, o jogador vindo do Atl\u00e9tico-MG, entrou nos minutos finais substituindo Lucero, autor do primeiro gol, mas teve pouco tempo para mostrar servi\u00e7o. A atua\u00e7\u00e3o s\u00f3lida da equipe garantiu uma vit\u00f3ria importante para iniciar a competi\u00e7\u00e3o nacional com moral elevada.<\/p>\n\n\n\n<p>Agora, ambas as equipes voltam suas aten\u00e7\u00f5es para os torneios continentais. O Fortaleza recebe o Racing na pr\u00f3xima ter\u00e7a-feira (1\u00ba de abril), pela estreia da Copa Libertadores, novamente na Arena Castel\u00e3o. No mesmo dia, o Fluminense encara o Once Caldas, \u00e0s 21h30 (hor\u00e1rio de Bras\u00edlia), na Col\u00f4mbia, pela primeira rodada da Copa Sul-Americana.<\/p>\n","protected":false},"excerpt":{"rendered":"<p>Neste s\u00e1bado (29), Fortaleza e Fluminense se enfrentaram em jogo v\u00e1lido pela primeira rodada do Campeonato Brasileiro. A etapa inicial terminou com vit\u00f3ria parcial do Le\u00e3o do Pici por 2 a 0, que segurou o resultado e superou o Tricolor na estreia do torneio nacional. Ao final do primeiro tempo, Tinga avaliou a postura do [&hellip;]<\/p>\n","protected":false},"author":18,"featured_media":167350,"comment_status":"open","ping_status":"closed","sticky":false,"template":"","format":"standard","meta":{"footnotes":""},"categories":[145,146],"tags":[],"class_list":["post-246509","post","type-post","status-publish","format-standard","has-post-thumbnail","hentry","category-fluminense","category-fortaleza"],"yoast_head":"<!-- This site is optimized with the Yoast SEO Premium plugin v24.2 (Yoast SEO v26.9) - https:\/\/yoast.com\/product\/yoast-seo-premium-wordpress\/ -->\n<title>Fortaleza x Fluminense: a declara\u00e7\u00e3o de Tinga<\/title>\n<meta name=\"robots\" content=\"index, follow, max-snippet:-1, max-image-preview:large, max-video-preview:-1\" \/>\n<link rel=\"canonical\" href=\"https:\/\/www.gaveanews.com\/index.php\/2025\/03\/29\/fortaleza-x-fluminense-a-declaracao-de-tinga\/\" \/>\n<meta property=\"og:locale\" content=\"pt_BR\" \/>\n<meta property=\"og:type\" content=\"article\" \/>\n<meta property=\"og:title\" content=\"Fortaleza x Fluminense: a declara\u00e7\u00e3o de Tinga\" \/>\n<meta property=\"og:description\" content=\"Neste s\u00e1bado (29), Fortaleza e Fluminense se enfrentaram em jogo v\u00e1lido pela primeira rodada do Campeonato Brasileiro. A etapa inicial terminou com vit\u00f3ria parcial do Le\u00e3o do Pici por 2 a 0, que segurou o resultado e superou o Tricolor na estreia do torneio nacional. Ao final do primeiro tempo, Tinga avaliou a postura do [&hellip;]\" \/>\n<meta property=\"og:url\" content=\"https:\/\/www.gaveanews.com\/index.php\/2025\/03\/29\/fortaleza-x-fluminense-a-declaracao-de-tinga\/\" \/>\n<meta property=\"og:site_name\" content=\"G\u00e1vea News\" \/>\n<meta property=\"article:publisher\" content=\"https:\/\/facebook.com\/gaveaNews\/\" \/>\n<meta property=\"article:published_time\" content=\"2025-03-29T22:53:09+00:00\" \/>\n<meta property=\"article:modified_time\" content=\"2025-03-30T00:27:43+00:00\" \/>\n<meta property=\"og:image\" content=\"http:\/\/www.gaveanews.com\/wp-content\/uploads\/Tinga-em-acao-pelo-Fortaleza.webp\" \/>\n\t<meta property=\"og:image:width\" content=\"774\" \/>\n\t<meta property=\"og:image:height\" content=\"573\" \/>\n\t<meta property=\"og:image:type\" content=\"image\/webp\" \/>\n<meta name=\"author\" content=\"Paula Silva\" \/>\n<meta name=\"twitter:card\" content=\"summary_large_image\" \/>\n<meta name=\"twitter:label1\" content=\"Escrito por\" \/>\n\t<meta name=\"twitter:data1\" content=\"Paula Silva\" \/>\n\t<meta name=\"twitter:label2\" content=\"Est. tempo de leitura\" \/>\n\t<meta name=\"twitter:data2\" content=\"3 minutos\" \/>\n<script type=\"application\/ld+json\" class=\"yoast-schema-graph\">{\"@context\":\"https:\/\/schema.org\",\"@graph\":[{\"@type\":\"NewsArticle\",\"@id\":\"https:\/\/www.gaveanews.com\/index.php\/2025\/03\/29\/fortaleza-x-fluminense-a-declaracao-de-tinga\/#article\",\"isPartOf\":{\"@id\":\"https:\/\/www.gaveanews.com\/index.php\/2025\/03\/29\/fortaleza-x-fluminense-a-declaracao-de-tinga\/\"},\"author\":{\"name\":\"Paula Silva\",\"@id\":\"https:\/\/www.gaveanews.com\/#\/schema\/person\/daf63eec72e1164eb13dc35096c2b8da\"},\"headline\":\"Fortaleza x Fluminense: a declara\u00e7\u00e3o de Tinga\",\"datePublished\":\"2025-03-29T22:53:09+00:00\",\"dateModified\":\"2025-03-30T00:27:43+00:00\",\"mainEntityOfPage\":{\"@id\":\"https:\/\/www.gaveanews.com\/index.php\/2025\/03\/29\/fortaleza-x-fluminense-a-declaracao-de-tinga\/\"},\"wordCount\":380,\"commentCount\":0,\"image\":{\"@id\":\"https:\/\/www.gaveanews.com\/index.php\/2025\/03\/29\/fortaleza-x-fluminense-a-declaracao-de-tinga\/#primaryimage\"},\"thumbnailUrl\":\"https:\/\/www.gaveanews.com\/wp-content\/uploads\/Tinga-em-acao-pelo-Fortaleza.webp\",\"articleSection\":[\"Fluminense\",\"Fortaleza\"],\"inLanguage\":\"pt-BR\",\"potentialAction\":[{\"@type\":\"CommentAction\",\"name\":\"Comment\",\"target\":[\"https:\/\/www.gaveanews.com\/index.php\/2025\/03\/29\/fortaleza-x-fluminense-a-declaracao-de-tinga\/#respond\"]}],\"copyrightYear\":\"2025\",\"copyrightHolder\":{\"@id\":\"https:\/\/www.gaveanews.com\/#organization\"}},{\"@type\":\"WebPage\",\"@id\":\"https:\/\/www.gaveanews.com\/index.php\/2025\/03\/29\/fortaleza-x-fluminense-a-declaracao-de-tinga\/\",\"url\":\"https:\/\/www.gaveanews.com\/index.php\/2025\/03\/29\/fortaleza-x-fluminense-a-declaracao-de-tinga\/\",\"name\":\"Fortaleza x Fluminense: a declara\u00e7\u00e3o de Tinga\",\"isPartOf\":{\"@id\":\"https:\/\/www.gaveanews.com\/#website\"},\"primaryImageOfPage\":{\"@id\":\"https:\/\/www.gaveanews.com\/index.php\/2025\/03\/29\/fortaleza-x-fluminense-a-declaracao-de-tinga\/#primaryimage\"},\"image\":{\"@id\":\"https:\/\/www.gaveanews.com\/index.php\/2025\/03\/29\/fortaleza-x-fluminense-a-declaracao-de-tinga\/#primaryimage\"},\"thumbnailUrl\":\"https:\/\/www.gaveanews.com\/wp-content\/uploads\/Tinga-em-acao-pelo-Fortaleza.webp\",\"datePublished\":\"2025-03-29T22:53:09+00:00\",\"dateModified\":\"2025-03-30T00:27:43+00:00\",\"author\":{\"@id\":\"https:\/\/www.gaveanews.com\/#\/schema\/person\/daf63eec72e1164eb13dc35096c2b8da\"},\"breadcrumb\":{\"@id\":\"https:\/\/www.gaveanews.com\/index.php\/2025\/03\/29\/fortaleza-x-fluminense-a-declaracao-de-tinga\/#breadcrumb\"},\"inLanguage\":\"pt-BR\",\"potentialAction\":[{\"@type\":\"ReadAction\",\"target\":[\"https:\/\/www.gaveanews.com\/index.php\/2025\/03\/29\/fortaleza-x-fluminense-a-declaracao-de-tinga\/\"]}]},{\"@type\":\"ImageObject\",\"inLanguage\":\"pt-BR\",\"@id\":\"https:\/\/www.gaveanews.com\/index.php\/2025\/03\/29\/fortaleza-x-fluminense-a-declaracao-de-tinga\/#primaryimage\",\"url\":\"https:\/\/www.gaveanews.com\/wp-content\/uploads\/Tinga-em-acao-pelo-Fortaleza.webp\",\"contentUrl\":\"https:\/\/www.gaveanews.com\/wp-content\/uploads\/Tinga-em-acao-pelo-Fortaleza.webp\",\"width\":774,\"height\":573,\"caption\":\"Tinga em a\u00e7\u00e3o pelo Fortaleza (Foto: Leonardo Moreira\/FEC)\"},{\"@type\":\"BreadcrumbList\",\"@id\":\"https:\/\/www.gaveanews.com\/index.php\/2025\/03\/29\/fortaleza-x-fluminense-a-declaracao-de-tinga\/#breadcrumb\",\"itemListElement\":[{\"@type\":\"ListItem\",\"position\":1,\"name\":\"Home\",\"item\":\"https:\/\/www.gaveanews.com\/\"},{\"@type\":\"ListItem\",\"position\":2,\"name\":\"Fortaleza x Fluminense: a declara\u00e7\u00e3o de Tinga\"}]},{\"@type\":\"WebSite\",\"@id\":\"https:\/\/www.gaveanews.com\/#website\",\"url\":\"https:\/\/www.gaveanews.com\/\",\"name\":\"G\u00e1vea News\",\"description\":\"Veja todas as not\u00edcias sobre o Flamengo: Contrata\u00e7\u00f5es, categorias de base, resultados das partidas, tabela de classifica\u00e7\u00e3o, pr\u00f3ximos jogos!\",\"potentialAction\":[{\"@type\":\"SearchAction\",\"target\":{\"@type\":\"EntryPoint\",\"urlTemplate\":\"https:\/\/www.gaveanews.com\/?s={search_term_string}\"},\"query-input\":{\"@type\":\"PropertyValueSpecification\",\"valueRequired\":true,\"valueName\":\"search_term_string\"}}],\"inLanguage\":\"pt-BR\"},{\"@type\":\"Person\",\"@id\":\"https:\/\/www.gaveanews.com\/#\/schema\/person\/daf63eec72e1164eb13dc35096c2b8da\",\"name\":\"Paula Silva\",\"image\":{\"@type\":\"ImageObject\",\"inLanguage\":\"pt-BR\",\"@id\":\"https:\/\/www.gaveanews.com\/#\/schema\/person\/image\/\",\"url\":\"https:\/\/secure.gravatar.com\/avatar\/eda381c845527cc5d64c13b901833cda29d97500ba040d3e6461f76f51d163bb?s=96&d=mm&r=g\",\"contentUrl\":\"https:\/\/secure.gravatar.com\/avatar\/eda381c845527cc5d64c13b901833cda29d97500ba040d3e6461f76f51d163bb?s=96&d=mm&r=g\",\"caption\":\"Paula Silva\"}}]}<\/script>\n<!-- \/ Yoast SEO Premium plugin. -->","yoast_head_json":{"title":"Fortaleza x Fluminense: a declara\u00e7\u00e3o de Tinga","robots":{"index":"index","follow":"follow","max-snippet":"max-snippet:-1","max-image-preview":"max-image-preview:large","max-video-preview":"max-video-preview:-1"},"canonical":"https:\/\/www.gaveanews.com\/index.php\/2025\/03\/29\/fortaleza-x-fluminense-a-declaracao-de-tinga\/","og_locale":"pt_BR","og_type":"article","og_title":"Fortaleza x Fluminense: a declara\u00e7\u00e3o de Tinga","og_description":"Neste s\u00e1bado (29), Fortaleza e Fluminense se enfrentaram em jogo v\u00e1lido pela primeira rodada do Campeonato Brasileiro. A etapa inicial terminou com vit\u00f3ria parcial do Le\u00e3o do Pici por 2 a 0, que segurou o resultado e superou o Tricolor na estreia do torneio nacional. Ao final do primeiro tempo, Tinga avaliou a postura do [&hellip;]","og_url":"https:\/\/www.gaveanews.com\/index.php\/2025\/03\/29\/fortaleza-x-fluminense-a-declaracao-de-tinga\/","og_site_name":"G\u00e1vea News","article_publisher":"https:\/\/facebook.com\/gaveaNews\/","article_published_time":"2025-03-29T22:53:09+00:00","article_modified_time":"2025-03-30T00:27:43+00:00","og_image":[{"width":774,"height":573,"url":"http:\/\/www.gaveanews.com\/wp-content\/uploads\/Tinga-em-acao-pelo-Fortaleza.webp","type":"image\/webp"}],"author":"Paula Silva","twitter_card":"summary_large_image","twitter_misc":{"Escrito por":"Paula Silva","Est. tempo de leitura":"3 minutos"},"schema":{"@context":"https:\/\/schema.org","@graph":[{"@type":"NewsArticle","@id":"https:\/\/www.gaveanews.com\/index.php\/2025\/03\/29\/fortaleza-x-fluminense-a-declaracao-de-tinga\/#article","isPartOf":{"@id":"https:\/\/www.gaveanews.com\/index.php\/2025\/03\/29\/fortaleza-x-fluminense-a-declaracao-de-tinga\/"},"author":{"name":"Paula Silva","@id":"https:\/\/www.gaveanews.com\/#\/schema\/person\/daf63eec72e1164eb13dc35096c2b8da"},"headline":"Fortaleza x Fluminense: a declara\u00e7\u00e3o de Tinga","datePublished":"2025-03-29T22:53:09+00:00","dateModified":"2025-03-30T00:27:43+00:00","mainEntityOfPage":{"@id":"https:\/\/www.gaveanews.com\/index.php\/2025\/03\/29\/fortaleza-x-fluminense-a-declaracao-de-tinga\/"},"wordCount":380,"commentCount":0,"image":{"@id":"https:\/\/www.gaveanews.com\/index.php\/2025\/03\/29\/fortaleza-x-fluminense-a-declaracao-de-tinga\/#primaryimage"},"thumbnailUrl":"https:\/\/www.gaveanews.com\/wp-content\/uploads\/Tinga-em-acao-pelo-Fortaleza.webp","articleSection":["Fluminense","Fortaleza"],"inLanguage":"pt-BR","potentialAction":[{"@type":"CommentAction","name":"Comment","target":["https:\/\/www.gaveanews.com\/index.php\/2025\/03\/29\/fortaleza-x-fluminense-a-declaracao-de-tinga\/#respond"]}],"copyrightYear":"2025","copyrightHolder":{"@id":"https:\/\/www.gaveanews.com\/#organization"}},{"@type":"WebPage","@id":"https:\/\/www.gaveanews.com\/index.php\/2025\/03\/29\/fortaleza-x-fluminense-a-declaracao-de-tinga\/","url":"https:\/\/www.gaveanews.com\/index.php\/2025\/03\/29\/fortaleza-x-fluminense-a-declaracao-de-tinga\/","name":"Fortaleza x Fluminense: a declara\u00e7\u00e3o de Tinga","isPartOf":{"@id":"https:\/\/www.gaveanews.com\/#website"},"primaryImageOfPage":{"@id":"https:\/\/www.gaveanews.com\/index.php\/2025\/03\/29\/fortaleza-x-fluminense-a-declaracao-de-tinga\/#primaryimage"},"image":{"@id":"https:\/\/www.gaveanews.com\/index.php\/2025\/03\/29\/fortaleza-x-fluminense-a-declaracao-de-tinga\/#primaryimage"},"thumbnailUrl":"https:\/\/www.gaveanews.com\/wp-content\/uploads\/Tinga-em-acao-pelo-Fortaleza.webp","datePublished":"2025-03-29T22:53:09+00:00","dateModified":"2025-03-30T00:27:43+00:00","author":{"@id":"https:\/\/www.gaveanews.com\/#\/schema\/person\/daf63eec72e1164eb13dc35096c2b8da"},"breadcrumb":{"@id":"https:\/\/www.gaveanews.com\/index.php\/2025\/03\/29\/fortaleza-x-fluminense-a-declaracao-de-tinga\/#breadcrumb"},"inLanguage":"pt-BR","potentialAction":[{"@type":"ReadAction","target":["https:\/\/www.gaveanews.com\/index.php\/2025\/03\/29\/fortaleza-x-fluminense-a-declaracao-de-tinga\/"]}]},{"@type":"ImageObject","inLanguage":"pt-BR","@id":"https:\/\/www.gaveanews.com\/index.php\/2025\/03\/29\/fortaleza-x-fluminense-a-declaracao-de-tinga\/#primaryimage","url":"https:\/\/www.gaveanews.com\/wp-content\/uploads\/Tinga-em-acao-pelo-Fortaleza.webp","contentUrl":"https:\/\/www.gaveanews.com\/wp-content\/uploads\/Tinga-em-acao-pelo-Fortaleza.webp","width":774,"height":573,"caption":"Tinga em a\u00e7\u00e3o pelo Fortaleza (Foto: Leonardo Moreira\/FEC)"},{"@type":"BreadcrumbList","@id":"https:\/\/www.gaveanews.com\/index.php\/2025\/03\/29\/fortaleza-x-fluminense-a-declaracao-de-tinga\/#breadcrumb","itemListElement":[{"@type":"ListItem","position":1,"name":"Home","item":"https:\/\/www.gaveanews.com\/"},{"@type":"ListItem","position":2,"name":"Fortaleza x Fluminense: a declara\u00e7\u00e3o de Tinga"}]},{"@type":"WebSite","@id":"https:\/\/www.gaveanews.com\/#website","url":"https:\/\/www.gaveanews.com\/","name":"G\u00e1vea News","description":"Veja todas as not\u00edcias sobre o Flamengo: Contrata\u00e7\u00f5es, categorias de base, resultados das partidas, tabela de classifica\u00e7\u00e3o, pr\u00f3ximos jogos!","potentialAction":[{"@type":"SearchAction","target":{"@type":"EntryPoint","urlTemplate":"https:\/\/www.gaveanews.com\/?s={search_term_string}"},"query-input":{"@type":"PropertyValueSpecification","valueRequired":true,"valueName":"search_term_string"}}],"inLanguage":"pt-BR"},{"@type":"Person","@id":"https:\/\/www.gaveanews.com\/#\/schema\/person\/daf63eec72e1164eb13dc35096c2b8da","name":"Paula Silva","image":{"@type":"ImageObject","inLanguage":"pt-BR","@id":"https:\/\/www.gaveanews.com\/#\/schema\/person\/image\/","url":"https:\/\/secure.gravatar.com\/avatar\/eda381c845527cc5d64c13b901833cda29d97500ba040d3e6461f76f51d163bb?s=96&d=mm&r=g","contentUrl":"https:\/\/secure.gravatar.com\/avatar\/eda381c845527cc5d64c13b901833cda29d97500ba040d3e6461f76f51d163bb?s=96&d=mm&r=g","caption":"Paula Silva"}}]}},"_links":{"self":[{"href":"https:\/\/www.gaveanews.com\/index.php\/wp-json\/wp\/v2\/posts\/246509","targetHints":{"allow":["GET"]}}],"collection":[{"href":"https:\/\/www.gaveanews.com\/index.php\/wp-json\/wp\/v2\/posts"}],"about":[{"href":"https:\/\/www.gaveanews.com\/index.php\/wp-json\/wp\/v2\/types\/post"}],"author":[{"embeddable":true,"href":"https:\/\/www.gaveanews.com\/index.php\/wp-json\/wp\/v2\/users\/18"}],"replies":[{"embeddable":true,"href":"https:\/\/www.gaveanews.com\/index.php\/wp-json\/wp\/v2\/comments?post=246509"}],"version-history":[{"count":2,"href":"https:\/\/www.gaveanews.com\/index.php\/wp-json\/wp\/v2\/posts\/246509\/revisions"}],"predecessor-version":[{"id":246540,"href":"https:\/\/www.gaveanews.com\/index.php\/wp-json\/wp\/v2\/posts\/246509\/revisions\/246540"}],"wp:featuredmedia":[{"embeddable":true,"href":"https:\/\/www.gaveanews.com\/index.php\/wp-json\/wp\/v2\/media\/167350"}],"wp:attachment":[{"href":"https:\/\/www.gaveanews.com\/index.php\/wp-json\/wp\/v2\/media?parent=246509"}],"wp:term":[{"taxonomy":"category","embeddable":true,"href":"https:\/\/www.gaveanews.com\/index.php\/wp-json\/wp\/v2\/categories?post=246509"},{"taxonomy":"post_tag","embeddable":true,"href":"https:\/\/www.gaveanews.com\/index.php\/wp-json\/wp\/v2\/tags?post=246509"}],"curies":[{"name":"wp","href":"https:\/\/api.w.org\/{rel}","templated":true}]}}