{"id":246517,"date":"2025-03-30T00:50:00","date_gmt":"2025-03-30T03:50:00","guid":{"rendered":"https:\/\/www.gaveanews.com\/?p=246517"},"modified":"2025-03-30T00:11:44","modified_gmt":"2025-03-30T03:11:44","slug":"bragantino-vinicinho-recebe-premio-do-paulistao","status":"publish","type":"post","link":"https:\/\/www.gaveanews.com\/index.php\/2025\/03\/30\/bragantino-vinicinho-recebe-premio-do-paulistao\/","title":{"rendered":"Bragantino: Vinicinho recebe pr\u00eamio do Paulist\u00e3o"},"content":{"rendered":"\n<p>O atacante Vinicinho, do Red Bull Bragantino, foi eleito a Revela\u00e7\u00e3o do Campeonato Paulista 2025. O an\u00fancio foi feito na \u00faltima sexta-feira (28), durante a cerim\u00f4nia oficial de premia\u00e7\u00e3o dos destaques do torneio. O jogador, de 21 anos, teve um papel importante na campanha do Massa Bruta na competi\u00e7\u00e3o e agora colhe os frutos do bom desempenho.<\/p>\n\n\n\n<p>Antes mesmo da oficializa\u00e7\u00e3o, Vinicinho j\u00e1 havia recebido a not\u00edcia da conquista individual. O clube o comunicou sobre a premia\u00e7\u00e3o na quarta-feira (26), antes do treino da equipe. Para o jovem atacante, o reconhecimento \u00e9 fruto do trabalho e da dedica\u00e7\u00e3o dentro de campo.<\/p>\n\n\n\n<p>&#8220;Primeiramente, quero agradecer a Deus por tudo que tem feito na minha vida. Tamb\u00e9m agrade\u00e7o aos meus companheiros, \u00e0 minha fam\u00edlia e a todo o staff pelo apoio. Receber um pr\u00eamio como esse \u00e9 muito gratificante. Era um dos meus objetivos e acredito que estou no caminho certo. Vou seguir trabalhando e evoluindo, pois tenho certeza de que esse \u00e9 apenas o primeiro de muitos&#8221;, afirmou Vinicinho.<\/p>\n\n\n\n<p>O atacante teve grande destaque ao longo do Paulist\u00e3o. Ele foi titular em 11 dos 13 jogos disputados pelo Bragantino, marcou quatro gols e deu uma assist\u00eancia. Al\u00e9m das estat\u00edsticas, suas atua\u00e7\u00f5es chamaram a aten\u00e7\u00e3o pela velocidade, capacidade de drible e poder de decis\u00e3o. Durante a fase de classifica\u00e7\u00e3o, o jogador j\u00e1 havia manifestado o desejo de ser eleito a revela\u00e7\u00e3o do campeonato.<\/p>\n\n\n\n<p>Natural de Diadema, na Grande S\u00e3o Paulo, Vinicinho iniciou sua trajet\u00f3ria no futebol nas categorias de base do \u00c1gua Santa. Depois, passou por Desportivo Brasil e Flamengo antes de chegar ao Red Bull Bragantino, em 2023. No clube de Bragan\u00e7a Paulista, come\u00e7ou defendendo o time sub-23 e, no ano seguinte, foi promovido ao elenco principal. Desde ent\u00e3o, j\u00e1 acumula 39 partidas pela equipe.<\/p>\n\n\n\n<p>A conquista do pr\u00eamio de revela\u00e7\u00e3o refor\u00e7a o potencial de Vinicinho e pode abrir novas oportunidades em sua carreira. Com o Campeonato Brasileiro e a Copa Sul-Americana pela frente, ele busca consolidar seu espa\u00e7o no time titular e seguir evoluindo dentro do clube.<\/p>\n","protected":false},"excerpt":{"rendered":"<p>O atacante Vinicinho, do Red Bull Bragantino, foi eleito a Revela\u00e7\u00e3o do Campeonato Paulista 2025. O an\u00fancio foi feito na \u00faltima sexta-feira (28), durante a cerim\u00f4nia oficial de premia\u00e7\u00e3o dos destaques do torneio. O jogador, de 21 anos, teve um papel importante na campanha do Massa Bruta na competi\u00e7\u00e3o e agora colhe os frutos do [&hellip;]<\/p>\n","protected":false},"author":17,"featured_media":219627,"comment_status":"open","ping_status":"closed","sticky":false,"template":"","format":"standard","meta":{"footnotes":""},"categories":[140],"tags":[],"class_list":["post-246517","post","type-post","status-publish","format-standard","has-post-thumbnail","hentry","category-bragantino"],"yoast_head":"<!-- This site is optimized with the Yoast SEO Premium plugin v24.2 (Yoast SEO v26.9) - https:\/\/yoast.com\/product\/yoast-seo-premium-wordpress\/ -->\n<title>Bragantino: Vinicinho recebe pr\u00eamio do Paulist\u00e3o<\/title>\n<meta name=\"robots\" content=\"index, follow, max-snippet:-1, max-image-preview:large, max-video-preview:-1\" \/>\n<link rel=\"canonical\" href=\"https:\/\/www.gaveanews.com\/index.php\/2025\/03\/30\/bragantino-vinicinho-recebe-premio-do-paulistao\/\" \/>\n<meta property=\"og:locale\" content=\"pt_BR\" \/>\n<meta property=\"og:type\" content=\"article\" \/>\n<meta property=\"og:title\" content=\"Bragantino: Vinicinho recebe pr\u00eamio do Paulist\u00e3o\" \/>\n<meta property=\"og:description\" content=\"O atacante Vinicinho, do Red Bull Bragantino, foi eleito a Revela\u00e7\u00e3o do Campeonato Paulista 2025. O an\u00fancio foi feito na \u00faltima sexta-feira (28), durante a cerim\u00f4nia oficial de premia\u00e7\u00e3o dos destaques do torneio. O jogador, de 21 anos, teve um papel importante na campanha do Massa Bruta na competi\u00e7\u00e3o e agora colhe os frutos do [&hellip;]\" \/>\n<meta property=\"og:url\" content=\"https:\/\/www.gaveanews.com\/index.php\/2025\/03\/30\/bragantino-vinicinho-recebe-premio-do-paulistao\/\" \/>\n<meta property=\"og:site_name\" content=\"G\u00e1vea News\" \/>\n<meta property=\"article:publisher\" content=\"https:\/\/facebook.com\/gaveaNews\/\" \/>\n<meta property=\"article:published_time\" content=\"2025-03-30T03:50:00+00:00\" \/>\n<meta property=\"og:image\" content=\"https:\/\/www.gaveanews.com\/wp-content\/uploads\/Vinicinho-pelo-Bragantino-2.webp\" \/>\n\t<meta property=\"og:image:width\" content=\"547\" \/>\n\t<meta property=\"og:image:height\" content=\"487\" \/>\n\t<meta property=\"og:image:type\" content=\"image\/jpeg\" \/>\n<meta name=\"author\" content=\"Geovanna Thomaz\" \/>\n<meta name=\"twitter:card\" content=\"summary_large_image\" \/>\n<meta name=\"twitter:label1\" content=\"Escrito por\" \/>\n\t<meta name=\"twitter:data1\" content=\"Geovanna Thomaz\" \/>\n\t<meta name=\"twitter:label2\" content=\"Est. tempo de leitura\" \/>\n\t<meta name=\"twitter:data2\" content=\"3 minutos\" \/>\n<script type=\"application\/ld+json\" class=\"yoast-schema-graph\">{\"@context\":\"https:\/\/schema.org\",\"@graph\":[{\"@type\":\"NewsArticle\",\"@id\":\"https:\/\/www.gaveanews.com\/index.php\/2025\/03\/30\/bragantino-vinicinho-recebe-premio-do-paulistao\/#article\",\"isPartOf\":{\"@id\":\"https:\/\/www.gaveanews.com\/index.php\/2025\/03\/30\/bragantino-vinicinho-recebe-premio-do-paulistao\/\"},\"author\":{\"name\":\"Geovanna Thomaz\",\"@id\":\"https:\/\/www.gaveanews.com\/#\/schema\/person\/f42654babcd2b2014a1a65af82b081f1\"},\"headline\":\"Bragantino: Vinicinho recebe pr\u00eamio do Paulist\u00e3o\",\"datePublished\":\"2025-03-30T03:50:00+00:00\",\"mainEntityOfPage\":{\"@id\":\"https:\/\/www.gaveanews.com\/index.php\/2025\/03\/30\/bragantino-vinicinho-recebe-premio-do-paulistao\/\"},\"wordCount\":364,\"commentCount\":0,\"image\":{\"@id\":\"https:\/\/www.gaveanews.com\/index.php\/2025\/03\/30\/bragantino-vinicinho-recebe-premio-do-paulistao\/#primaryimage\"},\"thumbnailUrl\":\"https:\/\/www.gaveanews.com\/wp-content\/uploads\/Vinicinho-pelo-Bragantino-2.webp\",\"articleSection\":[\"Bragantino\"],\"inLanguage\":\"pt-BR\",\"potentialAction\":[{\"@type\":\"CommentAction\",\"name\":\"Comment\",\"target\":[\"https:\/\/www.gaveanews.com\/index.php\/2025\/03\/30\/bragantino-vinicinho-recebe-premio-do-paulistao\/#respond\"]}],\"copyrightYear\":\"2025\",\"copyrightHolder\":{\"@id\":\"https:\/\/www.gaveanews.com\/#organization\"}},{\"@type\":\"WebPage\",\"@id\":\"https:\/\/www.gaveanews.com\/index.php\/2025\/03\/30\/bragantino-vinicinho-recebe-premio-do-paulistao\/\",\"url\":\"https:\/\/www.gaveanews.com\/index.php\/2025\/03\/30\/bragantino-vinicinho-recebe-premio-do-paulistao\/\",\"name\":\"Bragantino: Vinicinho recebe pr\u00eamio do Paulist\u00e3o\",\"isPartOf\":{\"@id\":\"https:\/\/www.gaveanews.com\/#website\"},\"primaryImageOfPage\":{\"@id\":\"https:\/\/www.gaveanews.com\/index.php\/2025\/03\/30\/bragantino-vinicinho-recebe-premio-do-paulistao\/#primaryimage\"},\"image\":{\"@id\":\"https:\/\/www.gaveanews.com\/index.php\/2025\/03\/30\/bragantino-vinicinho-recebe-premio-do-paulistao\/#primaryimage\"},\"thumbnailUrl\":\"https:\/\/www.gaveanews.com\/wp-content\/uploads\/Vinicinho-pelo-Bragantino-2.webp\",\"datePublished\":\"2025-03-30T03:50:00+00:00\",\"author\":{\"@id\":\"https:\/\/www.gaveanews.com\/#\/schema\/person\/f42654babcd2b2014a1a65af82b081f1\"},\"breadcrumb\":{\"@id\":\"https:\/\/www.gaveanews.com\/index.php\/2025\/03\/30\/bragantino-vinicinho-recebe-premio-do-paulistao\/#breadcrumb\"},\"inLanguage\":\"pt-BR\",\"potentialAction\":[{\"@type\":\"ReadAction\",\"target\":[\"https:\/\/www.gaveanews.com\/index.php\/2025\/03\/30\/bragantino-vinicinho-recebe-premio-do-paulistao\/\"]}]},{\"@type\":\"ImageObject\",\"inLanguage\":\"pt-BR\",\"@id\":\"https:\/\/www.gaveanews.com\/index.php\/2025\/03\/30\/bragantino-vinicinho-recebe-premio-do-paulistao\/#primaryimage\",\"url\":\"https:\/\/www.gaveanews.com\/wp-content\/uploads\/Vinicinho-pelo-Bragantino-2.webp\",\"contentUrl\":\"https:\/\/www.gaveanews.com\/wp-content\/uploads\/Vinicinho-pelo-Bragantino-2.webp\",\"width\":547,\"height\":487,\"caption\":\"Vinicinho pelo Bragantino (Foto: Reprodu\u00e7\u00e3o\/Instagram)\"},{\"@type\":\"BreadcrumbList\",\"@id\":\"https:\/\/www.gaveanews.com\/index.php\/2025\/03\/30\/bragantino-vinicinho-recebe-premio-do-paulistao\/#breadcrumb\",\"itemListElement\":[{\"@type\":\"ListItem\",\"position\":1,\"name\":\"Home\",\"item\":\"https:\/\/www.gaveanews.com\/\"},{\"@type\":\"ListItem\",\"position\":2,\"name\":\"Bragantino: Vinicinho recebe pr\u00eamio do Paulist\u00e3o\"}]},{\"@type\":\"WebSite\",\"@id\":\"https:\/\/www.gaveanews.com\/#website\",\"url\":\"https:\/\/www.gaveanews.com\/\",\"name\":\"G\u00e1vea News\",\"description\":\"Veja todas as not\u00edcias sobre o Flamengo: Contrata\u00e7\u00f5es, categorias de base, resultados das partidas, tabela de classifica\u00e7\u00e3o, pr\u00f3ximos jogos!\",\"potentialAction\":[{\"@type\":\"SearchAction\",\"target\":{\"@type\":\"EntryPoint\",\"urlTemplate\":\"https:\/\/www.gaveanews.com\/?s={search_term_string}\"},\"query-input\":{\"@type\":\"PropertyValueSpecification\",\"valueRequired\":true,\"valueName\":\"search_term_string\"}}],\"inLanguage\":\"pt-BR\"},{\"@type\":\"Person\",\"@id\":\"https:\/\/www.gaveanews.com\/#\/schema\/person\/f42654babcd2b2014a1a65af82b081f1\",\"name\":\"Geovanna Thomaz\",\"image\":{\"@type\":\"ImageObject\",\"inLanguage\":\"pt-BR\",\"@id\":\"https:\/\/www.gaveanews.com\/#\/schema\/person\/image\/\",\"url\":\"https:\/\/secure.gravatar.com\/avatar\/4092073255489533afb558984b49b64268c47198af8623cc82a925ae9fb7118a?s=96&d=mm&r=g\",\"contentUrl\":\"https:\/\/secure.gravatar.com\/avatar\/4092073255489533afb558984b49b64268c47198af8623cc82a925ae9fb7118a?s=96&d=mm&r=g\",\"caption\":\"Geovanna Thomaz\"}}]}<\/script>\n<!-- \/ Yoast SEO Premium plugin. -->","yoast_head_json":{"title":"Bragantino: Vinicinho recebe pr\u00eamio do Paulist\u00e3o","robots":{"index":"index","follow":"follow","max-snippet":"max-snippet:-1","max-image-preview":"max-image-preview:large","max-video-preview":"max-video-preview:-1"},"canonical":"https:\/\/www.gaveanews.com\/index.php\/2025\/03\/30\/bragantino-vinicinho-recebe-premio-do-paulistao\/","og_locale":"pt_BR","og_type":"article","og_title":"Bragantino: Vinicinho recebe pr\u00eamio do Paulist\u00e3o","og_description":"O atacante Vinicinho, do Red Bull Bragantino, foi eleito a Revela\u00e7\u00e3o do Campeonato Paulista 2025. O an\u00fancio foi feito na \u00faltima sexta-feira (28), durante a cerim\u00f4nia oficial de premia\u00e7\u00e3o dos destaques do torneio. O jogador, de 21 anos, teve um papel importante na campanha do Massa Bruta na competi\u00e7\u00e3o e agora colhe os frutos do [&hellip;]","og_url":"https:\/\/www.gaveanews.com\/index.php\/2025\/03\/30\/bragantino-vinicinho-recebe-premio-do-paulistao\/","og_site_name":"G\u00e1vea News","article_publisher":"https:\/\/facebook.com\/gaveaNews\/","article_published_time":"2025-03-30T03:50:00+00:00","og_image":[{"width":547,"height":487,"url":"https:\/\/www.gaveanews.com\/wp-content\/uploads\/Vinicinho-pelo-Bragantino-2.webp","type":"image\/jpeg"}],"author":"Geovanna Thomaz","twitter_card":"summary_large_image","twitter_misc":{"Escrito por":"Geovanna Thomaz","Est. tempo de leitura":"3 minutos"},"schema":{"@context":"https:\/\/schema.org","@graph":[{"@type":"NewsArticle","@id":"https:\/\/www.gaveanews.com\/index.php\/2025\/03\/30\/bragantino-vinicinho-recebe-premio-do-paulistao\/#article","isPartOf":{"@id":"https:\/\/www.gaveanews.com\/index.php\/2025\/03\/30\/bragantino-vinicinho-recebe-premio-do-paulistao\/"},"author":{"name":"Geovanna Thomaz","@id":"https:\/\/www.gaveanews.com\/#\/schema\/person\/f42654babcd2b2014a1a65af82b081f1"},"headline":"Bragantino: Vinicinho recebe pr\u00eamio do Paulist\u00e3o","datePublished":"2025-03-30T03:50:00+00:00","mainEntityOfPage":{"@id":"https:\/\/www.gaveanews.com\/index.php\/2025\/03\/30\/bragantino-vinicinho-recebe-premio-do-paulistao\/"},"wordCount":364,"commentCount":0,"image":{"@id":"https:\/\/www.gaveanews.com\/index.php\/2025\/03\/30\/bragantino-vinicinho-recebe-premio-do-paulistao\/#primaryimage"},"thumbnailUrl":"https:\/\/www.gaveanews.com\/wp-content\/uploads\/Vinicinho-pelo-Bragantino-2.webp","articleSection":["Bragantino"],"inLanguage":"pt-BR","potentialAction":[{"@type":"CommentAction","name":"Comment","target":["https:\/\/www.gaveanews.com\/index.php\/2025\/03\/30\/bragantino-vinicinho-recebe-premio-do-paulistao\/#respond"]}],"copyrightYear":"2025","copyrightHolder":{"@id":"https:\/\/www.gaveanews.com\/#organization"}},{"@type":"WebPage","@id":"https:\/\/www.gaveanews.com\/index.php\/2025\/03\/30\/bragantino-vinicinho-recebe-premio-do-paulistao\/","url":"https:\/\/www.gaveanews.com\/index.php\/2025\/03\/30\/bragantino-vinicinho-recebe-premio-do-paulistao\/","name":"Bragantino: Vinicinho recebe pr\u00eamio do Paulist\u00e3o","isPartOf":{"@id":"https:\/\/www.gaveanews.com\/#website"},"primaryImageOfPage":{"@id":"https:\/\/www.gaveanews.com\/index.php\/2025\/03\/30\/bragantino-vinicinho-recebe-premio-do-paulistao\/#primaryimage"},"image":{"@id":"https:\/\/www.gaveanews.com\/index.php\/2025\/03\/30\/bragantino-vinicinho-recebe-premio-do-paulistao\/#primaryimage"},"thumbnailUrl":"https:\/\/www.gaveanews.com\/wp-content\/uploads\/Vinicinho-pelo-Bragantino-2.webp","datePublished":"2025-03-30T03:50:00+00:00","author":{"@id":"https:\/\/www.gaveanews.com\/#\/schema\/person\/f42654babcd2b2014a1a65af82b081f1"},"breadcrumb":{"@id":"https:\/\/www.gaveanews.com\/index.php\/2025\/03\/30\/bragantino-vinicinho-recebe-premio-do-paulistao\/#breadcrumb"},"inLanguage":"pt-BR","potentialAction":[{"@type":"ReadAction","target":["https:\/\/www.gaveanews.com\/index.php\/2025\/03\/30\/bragantino-vinicinho-recebe-premio-do-paulistao\/"]}]},{"@type":"ImageObject","inLanguage":"pt-BR","@id":"https:\/\/www.gaveanews.com\/index.php\/2025\/03\/30\/bragantino-vinicinho-recebe-premio-do-paulistao\/#primaryimage","url":"https:\/\/www.gaveanews.com\/wp-content\/uploads\/Vinicinho-pelo-Bragantino-2.webp","contentUrl":"https:\/\/www.gaveanews.com\/wp-content\/uploads\/Vinicinho-pelo-Bragantino-2.webp","width":547,"height":487,"caption":"Vinicinho pelo Bragantino (Foto: Reprodu\u00e7\u00e3o\/Instagram)"},{"@type":"BreadcrumbList","@id":"https:\/\/www.gaveanews.com\/index.php\/2025\/03\/30\/bragantino-vinicinho-recebe-premio-do-paulistao\/#breadcrumb","itemListElement":[{"@type":"ListItem","position":1,"name":"Home","item":"https:\/\/www.gaveanews.com\/"},{"@type":"ListItem","position":2,"name":"Bragantino: Vinicinho recebe pr\u00eamio do Paulist\u00e3o"}]},{"@type":"WebSite","@id":"https:\/\/www.gaveanews.com\/#website","url":"https:\/\/www.gaveanews.com\/","name":"G\u00e1vea News","description":"Veja todas as not\u00edcias sobre o Flamengo: Contrata\u00e7\u00f5es, categorias de base, resultados das partidas, tabela de classifica\u00e7\u00e3o, pr\u00f3ximos jogos!","potentialAction":[{"@type":"SearchAction","target":{"@type":"EntryPoint","urlTemplate":"https:\/\/www.gaveanews.com\/?s={search_term_string}"},"query-input":{"@type":"PropertyValueSpecification","valueRequired":true,"valueName":"search_term_string"}}],"inLanguage":"pt-BR"},{"@type":"Person","@id":"https:\/\/www.gaveanews.com\/#\/schema\/person\/f42654babcd2b2014a1a65af82b081f1","name":"Geovanna Thomaz","image":{"@type":"ImageObject","inLanguage":"pt-BR","@id":"https:\/\/www.gaveanews.com\/#\/schema\/person\/image\/","url":"https:\/\/secure.gravatar.com\/avatar\/4092073255489533afb558984b49b64268c47198af8623cc82a925ae9fb7118a?s=96&d=mm&r=g","contentUrl":"https:\/\/secure.gravatar.com\/avatar\/4092073255489533afb558984b49b64268c47198af8623cc82a925ae9fb7118a?s=96&d=mm&r=g","caption":"Geovanna Thomaz"}}]}},"_links":{"self":[{"href":"https:\/\/www.gaveanews.com\/index.php\/wp-json\/wp\/v2\/posts\/246517","targetHints":{"allow":["GET"]}}],"collection":[{"href":"https:\/\/www.gaveanews.com\/index.php\/wp-json\/wp\/v2\/posts"}],"about":[{"href":"https:\/\/www.gaveanews.com\/index.php\/wp-json\/wp\/v2\/types\/post"}],"author":[{"embeddable":true,"href":"https:\/\/www.gaveanews.com\/index.php\/wp-json\/wp\/v2\/users\/17"}],"replies":[{"embeddable":true,"href":"https:\/\/www.gaveanews.com\/index.php\/wp-json\/wp\/v2\/comments?post=246517"}],"version-history":[{"count":1,"href":"https:\/\/www.gaveanews.com\/index.php\/wp-json\/wp\/v2\/posts\/246517\/revisions"}],"predecessor-version":[{"id":246518,"href":"https:\/\/www.gaveanews.com\/index.php\/wp-json\/wp\/v2\/posts\/246517\/revisions\/246518"}],"wp:featuredmedia":[{"embeddable":true,"href":"https:\/\/www.gaveanews.com\/index.php\/wp-json\/wp\/v2\/media\/219627"}],"wp:attachment":[{"href":"https:\/\/www.gaveanews.com\/index.php\/wp-json\/wp\/v2\/media?parent=246517"}],"wp:term":[{"taxonomy":"category","embeddable":true,"href":"https:\/\/www.gaveanews.com\/index.php\/wp-json\/wp\/v2\/categories?post=246517"},{"taxonomy":"post_tag","embeddable":true,"href":"https:\/\/www.gaveanews.com\/index.php\/wp-json\/wp\/v2\/tags?post=246517"}],"curies":[{"name":"wp","href":"https:\/\/api.w.org\/{rel}","templated":true}]}}