{"id":246519,"date":"2025-03-30T00:45:00","date_gmt":"2025-03-30T03:45:00","guid":{"rendered":"https:\/\/www.gaveanews.com\/?p=246519"},"modified":"2025-03-30T00:10:18","modified_gmt":"2025-03-30T03:10:18","slug":"ramon-diaz-tecnico-do-brasil-veja-o-que-diz-jornal-argentino","status":"publish","type":"post","link":"https:\/\/www.gaveanews.com\/index.php\/2025\/03\/30\/ramon-diaz-tecnico-do-brasil-veja-o-que-diz-jornal-argentino\/","title":{"rendered":"Ram\u00f3n D\u00edaz t\u00e9cnico do Brasil? Veja o que diz jornal argentino"},"content":{"rendered":"\n<p>A busca por um novo treinador para a sele\u00e7\u00e3o brasileira come\u00e7ou na \u00faltima sexta-feira, e um nome inesperado foi sugerido pelo jornal argentino &#8220;Ol\u00e9&#8221;. Em sua edi\u00e7\u00e3o deste s\u00e1bado, o ve\u00edculo destacou a conquista do Campeonato Paulista pelo Corinthians e indicou Ram\u00f3n D\u00edaz como uma op\u00e7\u00e3o para comandar o Brasil.<\/p>\n\n\n\n<p>&#8220;Dorival \u00e9 o segundo t\u00e9cnico brasileiro consecutivo que n\u00e3o resiste \u00e0 Scaloneta (sele\u00e7\u00e3o argentina treinada por Scaloni). E se tentarem Pelado D\u00edaz, campe\u00e3o estadual pelo Corinthians?&#8221;, destacou o jornal na capa.<\/p>\n\n\n\n<p>Com a recente conquista do Paulist\u00e3o, o t\u00e9cnico de 65 anos alcan\u00e7ou um feito hist\u00f3rico: tornou-se o treinador argentino com mais t\u00edtulos no futebol profissional. Ao todo, s\u00e3o 17 trof\u00e9us conquistados ao longo da carreira, sendo esse o primeiro no Brasil.<\/p>\n\n\n\n<p>Ram\u00f3n D\u00edaz chegou ao pa\u00eds em 2020, quando foi anunciado pelo Botafogo, mas deixou o clube sem sequer estrear. Em 2023, assumiu o comando do Vasco e permaneceu at\u00e9 abril de 2024, sem conquistar t\u00edtulos. Em julho do mesmo ano, assumiu o Corinthians e, menos de um ano depois, levou a equipe \u00e0 conquista do t\u00edtulo estadual na temporada de 2025, ap\u00f3s a equipe ficar cinco anos na fila. <\/p>\n\n\n\n<p>A demiss\u00e3o de Dorival J\u00fanior da sele\u00e7\u00e3o brasileira foi oficializada na sexta-feira pelo presidente da CBF, Ednaldo Rodrigues, ap\u00f3s 16 jogos \u00e0 frente da equipe. Os auxiliares Lucas Silvestre e Pedro Sotero, al\u00e9m do preparador f\u00edsico Celso Resende, tamb\u00e9m deixaram seus cargos.<\/p>\n\n\n\n<p>Embora Ram\u00f3n D\u00edaz tenha sido mencionado pelo jornal argentino, o principal favorito para assumir a sele\u00e7\u00e3o brasileira \u00e9 Jorge Jesus. Carlo Ancelotti chegou a ser o nome mais desejado, mas a indefini\u00e7\u00e3o sobre sua disponibilidade antes do Mundial de Clubes, previsto para acontecer entre junho e julho, tem sido um obst\u00e1culo para sua chegada. A CBF segue avaliando as op\u00e7\u00f5es para definir o novo treinador da equipe.<\/p>\n","protected":false},"excerpt":{"rendered":"<p>A busca por um novo treinador para a sele\u00e7\u00e3o brasileira come\u00e7ou na \u00faltima sexta-feira, e um nome inesperado foi sugerido pelo jornal argentino &#8220;Ol\u00e9&#8221;. Em sua edi\u00e7\u00e3o deste s\u00e1bado, o ve\u00edculo destacou a conquista do Campeonato Paulista pelo Corinthians e indicou Ram\u00f3n D\u00edaz como uma op\u00e7\u00e3o para comandar o Brasil. &#8220;Dorival \u00e9 o segundo t\u00e9cnico [&hellip;]<\/p>\n","protected":false},"author":17,"featured_media":190015,"comment_status":"open","ping_status":"closed","sticky":false,"template":"","format":"standard","meta":{"footnotes":""},"categories":[478],"tags":[],"class_list":["post-246519","post","type-post","status-publish","format-standard","has-post-thumbnail","hentry","category-brasil"],"yoast_head":"<!-- This site is optimized with the Yoast SEO Premium plugin v24.2 (Yoast SEO v26.9) - https:\/\/yoast.com\/product\/yoast-seo-premium-wordpress\/ -->\n<title>Ram\u00f3n D\u00edaz t\u00e9cnico do Brasil? Veja o que diz jornal argentino<\/title>\n<meta name=\"robots\" content=\"index, follow, max-snippet:-1, max-image-preview:large, max-video-preview:-1\" \/>\n<link rel=\"canonical\" href=\"https:\/\/www.gaveanews.com\/index.php\/2025\/03\/30\/ramon-diaz-tecnico-do-brasil-veja-o-que-diz-jornal-argentino\/\" \/>\n<meta property=\"og:locale\" content=\"pt_BR\" \/>\n<meta property=\"og:type\" content=\"article\" \/>\n<meta property=\"og:title\" content=\"Ram\u00f3n D\u00edaz t\u00e9cnico do Brasil? Veja o que diz jornal argentino\" \/>\n<meta property=\"og:description\" content=\"A busca por um novo treinador para a sele\u00e7\u00e3o brasileira come\u00e7ou na \u00faltima sexta-feira, e um nome inesperado foi sugerido pelo jornal argentino &#8220;Ol\u00e9&#8221;. Em sua edi\u00e7\u00e3o deste s\u00e1bado, o ve\u00edculo destacou a conquista do Campeonato Paulista pelo Corinthians e indicou Ram\u00f3n D\u00edaz como uma op\u00e7\u00e3o para comandar o Brasil. &#8220;Dorival \u00e9 o segundo t\u00e9cnico [&hellip;]\" \/>\n<meta property=\"og:url\" content=\"https:\/\/www.gaveanews.com\/index.php\/2025\/03\/30\/ramon-diaz-tecnico-do-brasil-veja-o-que-diz-jornal-argentino\/\" \/>\n<meta property=\"og:site_name\" content=\"G\u00e1vea News\" \/>\n<meta property=\"article:publisher\" content=\"https:\/\/facebook.com\/gaveaNews\/\" \/>\n<meta property=\"article:published_time\" content=\"2025-03-30T03:45:00+00:00\" \/>\n<meta property=\"og:image\" content=\"https:\/\/www.gaveanews.com\/wp-content\/uploads\/Ramon-Diaz-pelo-Corinthians-em-2024-1.webp\" \/>\n\t<meta property=\"og:image:width\" content=\"774\" \/>\n\t<meta property=\"og:image:height\" content=\"483\" \/>\n\t<meta property=\"og:image:type\" content=\"image\/webp\" \/>\n<meta name=\"author\" content=\"Geovanna Thomaz\" \/>\n<meta name=\"twitter:card\" content=\"summary_large_image\" \/>\n<meta name=\"twitter:label1\" content=\"Escrito por\" \/>\n\t<meta name=\"twitter:data1\" content=\"Geovanna Thomaz\" \/>\n\t<meta name=\"twitter:label2\" content=\"Est. tempo de leitura\" \/>\n\t<meta name=\"twitter:data2\" content=\"2 minutos\" \/>\n<script type=\"application\/ld+json\" class=\"yoast-schema-graph\">{\"@context\":\"https:\/\/schema.org\",\"@graph\":[{\"@type\":\"NewsArticle\",\"@id\":\"https:\/\/www.gaveanews.com\/index.php\/2025\/03\/30\/ramon-diaz-tecnico-do-brasil-veja-o-que-diz-jornal-argentino\/#article\",\"isPartOf\":{\"@id\":\"https:\/\/www.gaveanews.com\/index.php\/2025\/03\/30\/ramon-diaz-tecnico-do-brasil-veja-o-que-diz-jornal-argentino\/\"},\"author\":{\"name\":\"Geovanna Thomaz\",\"@id\":\"https:\/\/www.gaveanews.com\/#\/schema\/person\/f42654babcd2b2014a1a65af82b081f1\"},\"headline\":\"Ram\u00f3n D\u00edaz t\u00e9cnico do Brasil? Veja o que diz jornal argentino\",\"datePublished\":\"2025-03-30T03:45:00+00:00\",\"mainEntityOfPage\":{\"@id\":\"https:\/\/www.gaveanews.com\/index.php\/2025\/03\/30\/ramon-diaz-tecnico-do-brasil-veja-o-que-diz-jornal-argentino\/\"},\"wordCount\":341,\"commentCount\":0,\"image\":{\"@id\":\"https:\/\/www.gaveanews.com\/index.php\/2025\/03\/30\/ramon-diaz-tecnico-do-brasil-veja-o-que-diz-jornal-argentino\/#primaryimage\"},\"thumbnailUrl\":\"https:\/\/www.gaveanews.com\/wp-content\/uploads\/Ramon-Diaz-pelo-Corinthians-em-2024-1.webp\",\"articleSection\":[\"Brasil\"],\"inLanguage\":\"pt-BR\",\"potentialAction\":[{\"@type\":\"CommentAction\",\"name\":\"Comment\",\"target\":[\"https:\/\/www.gaveanews.com\/index.php\/2025\/03\/30\/ramon-diaz-tecnico-do-brasil-veja-o-que-diz-jornal-argentino\/#respond\"]}],\"copyrightYear\":\"2025\",\"copyrightHolder\":{\"@id\":\"https:\/\/www.gaveanews.com\/#organization\"}},{\"@type\":\"WebPage\",\"@id\":\"https:\/\/www.gaveanews.com\/index.php\/2025\/03\/30\/ramon-diaz-tecnico-do-brasil-veja-o-que-diz-jornal-argentino\/\",\"url\":\"https:\/\/www.gaveanews.com\/index.php\/2025\/03\/30\/ramon-diaz-tecnico-do-brasil-veja-o-que-diz-jornal-argentino\/\",\"name\":\"Ram\u00f3n D\u00edaz t\u00e9cnico do Brasil? Veja o que diz jornal argentino\",\"isPartOf\":{\"@id\":\"https:\/\/www.gaveanews.com\/#website\"},\"primaryImageOfPage\":{\"@id\":\"https:\/\/www.gaveanews.com\/index.php\/2025\/03\/30\/ramon-diaz-tecnico-do-brasil-veja-o-que-diz-jornal-argentino\/#primaryimage\"},\"image\":{\"@id\":\"https:\/\/www.gaveanews.com\/index.php\/2025\/03\/30\/ramon-diaz-tecnico-do-brasil-veja-o-que-diz-jornal-argentino\/#primaryimage\"},\"thumbnailUrl\":\"https:\/\/www.gaveanews.com\/wp-content\/uploads\/Ramon-Diaz-pelo-Corinthians-em-2024-1.webp\",\"datePublished\":\"2025-03-30T03:45:00+00:00\",\"author\":{\"@id\":\"https:\/\/www.gaveanews.com\/#\/schema\/person\/f42654babcd2b2014a1a65af82b081f1\"},\"breadcrumb\":{\"@id\":\"https:\/\/www.gaveanews.com\/index.php\/2025\/03\/30\/ramon-diaz-tecnico-do-brasil-veja-o-que-diz-jornal-argentino\/#breadcrumb\"},\"inLanguage\":\"pt-BR\",\"potentialAction\":[{\"@type\":\"ReadAction\",\"target\":[\"https:\/\/www.gaveanews.com\/index.php\/2025\/03\/30\/ramon-diaz-tecnico-do-brasil-veja-o-que-diz-jornal-argentino\/\"]}]},{\"@type\":\"ImageObject\",\"inLanguage\":\"pt-BR\",\"@id\":\"https:\/\/www.gaveanews.com\/index.php\/2025\/03\/30\/ramon-diaz-tecnico-do-brasil-veja-o-que-diz-jornal-argentino\/#primaryimage\",\"url\":\"https:\/\/www.gaveanews.com\/wp-content\/uploads\/Ramon-Diaz-pelo-Corinthians-em-2024-1.webp\",\"contentUrl\":\"https:\/\/www.gaveanews.com\/wp-content\/uploads\/Ramon-Diaz-pelo-Corinthians-em-2024-1.webp\",\"width\":774,\"height\":483,\"caption\":\"Ram\u00f3n D\u00edaz pelo Corinthians em 2024 (Foto: Rodrigo Coca\/Ag\u00eancia Corinthians)\"},{\"@type\":\"BreadcrumbList\",\"@id\":\"https:\/\/www.gaveanews.com\/index.php\/2025\/03\/30\/ramon-diaz-tecnico-do-brasil-veja-o-que-diz-jornal-argentino\/#breadcrumb\",\"itemListElement\":[{\"@type\":\"ListItem\",\"position\":1,\"name\":\"Home\",\"item\":\"https:\/\/www.gaveanews.com\/\"},{\"@type\":\"ListItem\",\"position\":2,\"name\":\"Ram\u00f3n D\u00edaz t\u00e9cnico do Brasil? Veja o que diz jornal argentino\"}]},{\"@type\":\"WebSite\",\"@id\":\"https:\/\/www.gaveanews.com\/#website\",\"url\":\"https:\/\/www.gaveanews.com\/\",\"name\":\"G\u00e1vea News\",\"description\":\"Veja todas as not\u00edcias sobre o Flamengo: Contrata\u00e7\u00f5es, categorias de base, resultados das partidas, tabela de classifica\u00e7\u00e3o, pr\u00f3ximos jogos!\",\"potentialAction\":[{\"@type\":\"SearchAction\",\"target\":{\"@type\":\"EntryPoint\",\"urlTemplate\":\"https:\/\/www.gaveanews.com\/?s={search_term_string}\"},\"query-input\":{\"@type\":\"PropertyValueSpecification\",\"valueRequired\":true,\"valueName\":\"search_term_string\"}}],\"inLanguage\":\"pt-BR\"},{\"@type\":\"Person\",\"@id\":\"https:\/\/www.gaveanews.com\/#\/schema\/person\/f42654babcd2b2014a1a65af82b081f1\",\"name\":\"Geovanna Thomaz\",\"image\":{\"@type\":\"ImageObject\",\"inLanguage\":\"pt-BR\",\"@id\":\"https:\/\/www.gaveanews.com\/#\/schema\/person\/image\/\",\"url\":\"https:\/\/secure.gravatar.com\/avatar\/4092073255489533afb558984b49b64268c47198af8623cc82a925ae9fb7118a?s=96&d=mm&r=g\",\"contentUrl\":\"https:\/\/secure.gravatar.com\/avatar\/4092073255489533afb558984b49b64268c47198af8623cc82a925ae9fb7118a?s=96&d=mm&r=g\",\"caption\":\"Geovanna Thomaz\"}}]}<\/script>\n<!-- \/ Yoast SEO Premium plugin. -->","yoast_head_json":{"title":"Ram\u00f3n D\u00edaz t\u00e9cnico do Brasil? Veja o que diz jornal argentino","robots":{"index":"index","follow":"follow","max-snippet":"max-snippet:-1","max-image-preview":"max-image-preview:large","max-video-preview":"max-video-preview:-1"},"canonical":"https:\/\/www.gaveanews.com\/index.php\/2025\/03\/30\/ramon-diaz-tecnico-do-brasil-veja-o-que-diz-jornal-argentino\/","og_locale":"pt_BR","og_type":"article","og_title":"Ram\u00f3n D\u00edaz t\u00e9cnico do Brasil? Veja o que diz jornal argentino","og_description":"A busca por um novo treinador para a sele\u00e7\u00e3o brasileira come\u00e7ou na \u00faltima sexta-feira, e um nome inesperado foi sugerido pelo jornal argentino &#8220;Ol\u00e9&#8221;. Em sua edi\u00e7\u00e3o deste s\u00e1bado, o ve\u00edculo destacou a conquista do Campeonato Paulista pelo Corinthians e indicou Ram\u00f3n D\u00edaz como uma op\u00e7\u00e3o para comandar o Brasil. &#8220;Dorival \u00e9 o segundo t\u00e9cnico [&hellip;]","og_url":"https:\/\/www.gaveanews.com\/index.php\/2025\/03\/30\/ramon-diaz-tecnico-do-brasil-veja-o-que-diz-jornal-argentino\/","og_site_name":"G\u00e1vea News","article_publisher":"https:\/\/facebook.com\/gaveaNews\/","article_published_time":"2025-03-30T03:45:00+00:00","og_image":[{"width":774,"height":483,"url":"https:\/\/www.gaveanews.com\/wp-content\/uploads\/Ramon-Diaz-pelo-Corinthians-em-2024-1.webp","type":"image\/webp"}],"author":"Geovanna Thomaz","twitter_card":"summary_large_image","twitter_misc":{"Escrito por":"Geovanna Thomaz","Est. tempo de leitura":"2 minutos"},"schema":{"@context":"https:\/\/schema.org","@graph":[{"@type":"NewsArticle","@id":"https:\/\/www.gaveanews.com\/index.php\/2025\/03\/30\/ramon-diaz-tecnico-do-brasil-veja-o-que-diz-jornal-argentino\/#article","isPartOf":{"@id":"https:\/\/www.gaveanews.com\/index.php\/2025\/03\/30\/ramon-diaz-tecnico-do-brasil-veja-o-que-diz-jornal-argentino\/"},"author":{"name":"Geovanna Thomaz","@id":"https:\/\/www.gaveanews.com\/#\/schema\/person\/f42654babcd2b2014a1a65af82b081f1"},"headline":"Ram\u00f3n D\u00edaz t\u00e9cnico do Brasil? Veja o que diz jornal argentino","datePublished":"2025-03-30T03:45:00+00:00","mainEntityOfPage":{"@id":"https:\/\/www.gaveanews.com\/index.php\/2025\/03\/30\/ramon-diaz-tecnico-do-brasil-veja-o-que-diz-jornal-argentino\/"},"wordCount":341,"commentCount":0,"image":{"@id":"https:\/\/www.gaveanews.com\/index.php\/2025\/03\/30\/ramon-diaz-tecnico-do-brasil-veja-o-que-diz-jornal-argentino\/#primaryimage"},"thumbnailUrl":"https:\/\/www.gaveanews.com\/wp-content\/uploads\/Ramon-Diaz-pelo-Corinthians-em-2024-1.webp","articleSection":["Brasil"],"inLanguage":"pt-BR","potentialAction":[{"@type":"CommentAction","name":"Comment","target":["https:\/\/www.gaveanews.com\/index.php\/2025\/03\/30\/ramon-diaz-tecnico-do-brasil-veja-o-que-diz-jornal-argentino\/#respond"]}],"copyrightYear":"2025","copyrightHolder":{"@id":"https:\/\/www.gaveanews.com\/#organization"}},{"@type":"WebPage","@id":"https:\/\/www.gaveanews.com\/index.php\/2025\/03\/30\/ramon-diaz-tecnico-do-brasil-veja-o-que-diz-jornal-argentino\/","url":"https:\/\/www.gaveanews.com\/index.php\/2025\/03\/30\/ramon-diaz-tecnico-do-brasil-veja-o-que-diz-jornal-argentino\/","name":"Ram\u00f3n D\u00edaz t\u00e9cnico do Brasil? Veja o que diz jornal argentino","isPartOf":{"@id":"https:\/\/www.gaveanews.com\/#website"},"primaryImageOfPage":{"@id":"https:\/\/www.gaveanews.com\/index.php\/2025\/03\/30\/ramon-diaz-tecnico-do-brasil-veja-o-que-diz-jornal-argentino\/#primaryimage"},"image":{"@id":"https:\/\/www.gaveanews.com\/index.php\/2025\/03\/30\/ramon-diaz-tecnico-do-brasil-veja-o-que-diz-jornal-argentino\/#primaryimage"},"thumbnailUrl":"https:\/\/www.gaveanews.com\/wp-content\/uploads\/Ramon-Diaz-pelo-Corinthians-em-2024-1.webp","datePublished":"2025-03-30T03:45:00+00:00","author":{"@id":"https:\/\/www.gaveanews.com\/#\/schema\/person\/f42654babcd2b2014a1a65af82b081f1"},"breadcrumb":{"@id":"https:\/\/www.gaveanews.com\/index.php\/2025\/03\/30\/ramon-diaz-tecnico-do-brasil-veja-o-que-diz-jornal-argentino\/#breadcrumb"},"inLanguage":"pt-BR","potentialAction":[{"@type":"ReadAction","target":["https:\/\/www.gaveanews.com\/index.php\/2025\/03\/30\/ramon-diaz-tecnico-do-brasil-veja-o-que-diz-jornal-argentino\/"]}]},{"@type":"ImageObject","inLanguage":"pt-BR","@id":"https:\/\/www.gaveanews.com\/index.php\/2025\/03\/30\/ramon-diaz-tecnico-do-brasil-veja-o-que-diz-jornal-argentino\/#primaryimage","url":"https:\/\/www.gaveanews.com\/wp-content\/uploads\/Ramon-Diaz-pelo-Corinthians-em-2024-1.webp","contentUrl":"https:\/\/www.gaveanews.com\/wp-content\/uploads\/Ramon-Diaz-pelo-Corinthians-em-2024-1.webp","width":774,"height":483,"caption":"Ram\u00f3n D\u00edaz pelo Corinthians em 2024 (Foto: Rodrigo Coca\/Ag\u00eancia Corinthians)"},{"@type":"BreadcrumbList","@id":"https:\/\/www.gaveanews.com\/index.php\/2025\/03\/30\/ramon-diaz-tecnico-do-brasil-veja-o-que-diz-jornal-argentino\/#breadcrumb","itemListElement":[{"@type":"ListItem","position":1,"name":"Home","item":"https:\/\/www.gaveanews.com\/"},{"@type":"ListItem","position":2,"name":"Ram\u00f3n D\u00edaz t\u00e9cnico do Brasil? Veja o que diz jornal argentino"}]},{"@type":"WebSite","@id":"https:\/\/www.gaveanews.com\/#website","url":"https:\/\/www.gaveanews.com\/","name":"G\u00e1vea News","description":"Veja todas as not\u00edcias sobre o Flamengo: Contrata\u00e7\u00f5es, categorias de base, resultados das partidas, tabela de classifica\u00e7\u00e3o, pr\u00f3ximos jogos!","potentialAction":[{"@type":"SearchAction","target":{"@type":"EntryPoint","urlTemplate":"https:\/\/www.gaveanews.com\/?s={search_term_string}"},"query-input":{"@type":"PropertyValueSpecification","valueRequired":true,"valueName":"search_term_string"}}],"inLanguage":"pt-BR"},{"@type":"Person","@id":"https:\/\/www.gaveanews.com\/#\/schema\/person\/f42654babcd2b2014a1a65af82b081f1","name":"Geovanna Thomaz","image":{"@type":"ImageObject","inLanguage":"pt-BR","@id":"https:\/\/www.gaveanews.com\/#\/schema\/person\/image\/","url":"https:\/\/secure.gravatar.com\/avatar\/4092073255489533afb558984b49b64268c47198af8623cc82a925ae9fb7118a?s=96&d=mm&r=g","contentUrl":"https:\/\/secure.gravatar.com\/avatar\/4092073255489533afb558984b49b64268c47198af8623cc82a925ae9fb7118a?s=96&d=mm&r=g","caption":"Geovanna Thomaz"}}]}},"_links":{"self":[{"href":"https:\/\/www.gaveanews.com\/index.php\/wp-json\/wp\/v2\/posts\/246519","targetHints":{"allow":["GET"]}}],"collection":[{"href":"https:\/\/www.gaveanews.com\/index.php\/wp-json\/wp\/v2\/posts"}],"about":[{"href":"https:\/\/www.gaveanews.com\/index.php\/wp-json\/wp\/v2\/types\/post"}],"author":[{"embeddable":true,"href":"https:\/\/www.gaveanews.com\/index.php\/wp-json\/wp\/v2\/users\/17"}],"replies":[{"embeddable":true,"href":"https:\/\/www.gaveanews.com\/index.php\/wp-json\/wp\/v2\/comments?post=246519"}],"version-history":[{"count":1,"href":"https:\/\/www.gaveanews.com\/index.php\/wp-json\/wp\/v2\/posts\/246519\/revisions"}],"predecessor-version":[{"id":246520,"href":"https:\/\/www.gaveanews.com\/index.php\/wp-json\/wp\/v2\/posts\/246519\/revisions\/246520"}],"wp:featuredmedia":[{"embeddable":true,"href":"https:\/\/www.gaveanews.com\/index.php\/wp-json\/wp\/v2\/media\/190015"}],"wp:attachment":[{"href":"https:\/\/www.gaveanews.com\/index.php\/wp-json\/wp\/v2\/media?parent=246519"}],"wp:term":[{"taxonomy":"category","embeddable":true,"href":"https:\/\/www.gaveanews.com\/index.php\/wp-json\/wp\/v2\/categories?post=246519"},{"taxonomy":"post_tag","embeddable":true,"href":"https:\/\/www.gaveanews.com\/index.php\/wp-json\/wp\/v2\/tags?post=246519"}],"curies":[{"name":"wp","href":"https:\/\/api.w.org\/{rel}","templated":true}]}}