{"id":246537,"date":"2025-03-29T21:03:43","date_gmt":"2025-03-30T00:03:43","guid":{"rendered":"https:\/\/www.gaveanews.com\/?p=246537"},"modified":"2025-03-29T21:03:49","modified_gmt":"2025-03-30T00:03:49","slug":"gremio-x-atletico-mg-a-declaracao-de-tiago-volpi","status":"publish","type":"post","link":"https:\/\/www.gaveanews.com\/index.php\/2025\/03\/29\/gremio-x-atletico-mg-a-declaracao-de-tiago-volpi\/","title":{"rendered":"Gr\u00eamio x Atl\u00e9tico-MG: a declara\u00e7\u00e3o de Tiago Volpi"},"content":{"rendered":"\n<p>Ap\u00f3s a vit\u00f3ria do Gr\u00eamio sobre o Atl\u00e9tico-MG por 2 a 1, Tiago Volpi, goleiro da equipe tricolor, analisou a partida e destacou a import\u00e2ncia dos tr\u00eas pontos conquistados na estreia do Campeonato Brasileiro.<\/p>\n\n\n\n<p>&#8220;Primeiro, a todos os coment\u00e1rios, obrigado. Eu acho que foi um jogo bom, com algumas defesas importantes durante o jogo que poderiam ter mudado um pouco o cen\u00e1rio. Mas, como eu sempre digo, no final, o mais importante \u00e9 os tr\u00eas pontos, a vit\u00f3ria. O Campeonato Brasileiro sempre \u00e9 muito bom come\u00e7ar ganhando, fazer uma margem boa no come\u00e7o para gerar confian\u00e7a. Estou feliz com o resultado. Agora, \u00e9 descansar hoje e j\u00e1 pensar na quarta-feira, na Sul-Americana&#8221;, afirmou Volpi, que teve boas interven\u00e7\u00f5es, especialmente durante o in\u00edcio da partida, quando o Atl\u00e9tico-MG pressionou bastante.<\/p>\n\n\n\n<p>O goleiro tamb\u00e9m falou sobre as expectativas para a Sul-Americana, na qual o Gr\u00eamio enfrentar\u00e1 o Sportivo Luque\u00f1o-PAR na quarta-feira:<\/p>\n\n\n\n<p> &#8220;A melhor poss\u00edvel. Eu acho que o time se refor\u00e7ou muito bem e temos jogadores que est\u00e3o aptos. Se os que jogaram hoje n\u00e3o tiverem condi\u00e7\u00f5es de jogo ainda na quarta-feira, pelo desgaste e pela viagem, acho que temos uma equipe completa em todos os sentidos. Quarta-feira estaremos preparados para fazer um grande jogo na Sul-Americana.&#8221;<\/p>\n\n\n\n<p>Na partida contra o Atl\u00e9tico-MG, o Gr\u00eamio viu Arezo abrir o placar aos 33 minutos do primeiro tempo, seguido de Eden\u00edlson, que ampliou para 2 a 0 aos 44. O Galo ainda tentou reagir na segunda etapa, com Rony descontando aos 29 minutos, mas o time de Belo Horizonte n\u00e3o conseguiu evitar a derrota. Volpi tamb\u00e9m foi fundamental para garantir a vit\u00f3ria, realizando defesas decisivas ao longo da partida.<\/p>\n\n\n\n<p>Na terceira coloca\u00e7\u00e3o, o Gr\u00eamio fica com tr\u00eas pontos, assim como Cruzeiro, Juventude e Fortaleza, que tamb\u00e9m estrearam com vit\u00f3ria no Brasileir\u00e3o. O Atl\u00e9tico-MG fica sem pontuar.<\/p>\n","protected":false},"excerpt":{"rendered":"<p>Ap\u00f3s a vit\u00f3ria do Gr\u00eamio sobre o Atl\u00e9tico-MG por 2 a 1, Tiago Volpi, goleiro da equipe tricolor, analisou a partida e destacou a import\u00e2ncia dos tr\u00eas pontos conquistados na estreia do Campeonato Brasileiro. &#8220;Primeiro, a todos os coment\u00e1rios, obrigado. Eu acho que foi um jogo bom, com algumas defesas importantes durante o jogo que [&hellip;]<\/p>\n","protected":false},"author":17,"featured_media":236374,"comment_status":"open","ping_status":"closed","sticky":false,"template":"","format":"standard","meta":{"footnotes":""},"categories":[136,147],"tags":[],"class_list":["post-246537","post","type-post","status-publish","format-standard","has-post-thumbnail","hentry","category-atletico-mg","category-gremio"],"yoast_head":"<!-- This site is optimized with the Yoast SEO Premium plugin v24.2 (Yoast SEO v26.9) - https:\/\/yoast.com\/product\/yoast-seo-premium-wordpress\/ -->\n<title>Gr\u00eamio x Atl\u00e9tico-MG: a declara\u00e7\u00e3o de Tiago Volpi<\/title>\n<meta name=\"robots\" content=\"index, follow, max-snippet:-1, max-image-preview:large, max-video-preview:-1\" \/>\n<link rel=\"canonical\" href=\"https:\/\/www.gaveanews.com\/index.php\/2025\/03\/29\/gremio-x-atletico-mg-a-declaracao-de-tiago-volpi\/\" \/>\n<meta property=\"og:locale\" content=\"pt_BR\" \/>\n<meta property=\"og:type\" content=\"article\" \/>\n<meta property=\"og:title\" content=\"Gr\u00eamio x Atl\u00e9tico-MG: a declara\u00e7\u00e3o de Tiago Volpi\" \/>\n<meta property=\"og:description\" content=\"Ap\u00f3s a vit\u00f3ria do Gr\u00eamio sobre o Atl\u00e9tico-MG por 2 a 1, Tiago Volpi, goleiro da equipe tricolor, analisou a partida e destacou a import\u00e2ncia dos tr\u00eas pontos conquistados na estreia do Campeonato Brasileiro. &#8220;Primeiro, a todos os coment\u00e1rios, obrigado. Eu acho que foi um jogo bom, com algumas defesas importantes durante o jogo que [&hellip;]\" \/>\n<meta property=\"og:url\" content=\"https:\/\/www.gaveanews.com\/index.php\/2025\/03\/29\/gremio-x-atletico-mg-a-declaracao-de-tiago-volpi\/\" \/>\n<meta property=\"og:site_name\" content=\"G\u00e1vea News\" \/>\n<meta property=\"article:publisher\" content=\"https:\/\/facebook.com\/gaveaNews\/\" \/>\n<meta property=\"article:published_time\" content=\"2025-03-30T00:03:43+00:00\" \/>\n<meta property=\"article:modified_time\" content=\"2025-03-30T00:03:49+00:00\" \/>\n<meta property=\"og:image\" content=\"http:\/\/www.gaveanews.com\/wp-content\/uploads\/Thiago-Volpi-Gremio.webp\" \/>\n\t<meta property=\"og:image:width\" content=\"711\" \/>\n\t<meta property=\"og:image:height\" content=\"533\" \/>\n\t<meta property=\"og:image:type\" content=\"image\/jpeg\" \/>\n<meta name=\"author\" content=\"Geovanna Thomaz\" \/>\n<meta name=\"twitter:card\" content=\"summary_large_image\" \/>\n<meta name=\"twitter:label1\" content=\"Escrito por\" \/>\n\t<meta name=\"twitter:data1\" content=\"Geovanna Thomaz\" \/>\n\t<meta name=\"twitter:label2\" content=\"Est. tempo de leitura\" \/>\n\t<meta name=\"twitter:data2\" content=\"2 minutos\" \/>\n<script type=\"application\/ld+json\" class=\"yoast-schema-graph\">{\"@context\":\"https:\/\/schema.org\",\"@graph\":[{\"@type\":\"NewsArticle\",\"@id\":\"https:\/\/www.gaveanews.com\/index.php\/2025\/03\/29\/gremio-x-atletico-mg-a-declaracao-de-tiago-volpi\/#article\",\"isPartOf\":{\"@id\":\"https:\/\/www.gaveanews.com\/index.php\/2025\/03\/29\/gremio-x-atletico-mg-a-declaracao-de-tiago-volpi\/\"},\"author\":{\"name\":\"Geovanna Thomaz\",\"@id\":\"https:\/\/www.gaveanews.com\/#\/schema\/person\/f42654babcd2b2014a1a65af82b081f1\"},\"headline\":\"Gr\u00eamio x Atl\u00e9tico-MG: a declara\u00e7\u00e3o de Tiago Volpi\",\"datePublished\":\"2025-03-30T00:03:43+00:00\",\"dateModified\":\"2025-03-30T00:03:49+00:00\",\"mainEntityOfPage\":{\"@id\":\"https:\/\/www.gaveanews.com\/index.php\/2025\/03\/29\/gremio-x-atletico-mg-a-declaracao-de-tiago-volpi\/\"},\"wordCount\":339,\"commentCount\":0,\"image\":{\"@id\":\"https:\/\/www.gaveanews.com\/index.php\/2025\/03\/29\/gremio-x-atletico-mg-a-declaracao-de-tiago-volpi\/#primaryimage\"},\"thumbnailUrl\":\"https:\/\/www.gaveanews.com\/wp-content\/uploads\/Thiago-Volpi-Gremio.webp\",\"articleSection\":[\"Atl\u00e9tico-MG\",\"Gr\u00eamio\"],\"inLanguage\":\"pt-BR\",\"potentialAction\":[{\"@type\":\"CommentAction\",\"name\":\"Comment\",\"target\":[\"https:\/\/www.gaveanews.com\/index.php\/2025\/03\/29\/gremio-x-atletico-mg-a-declaracao-de-tiago-volpi\/#respond\"]}],\"copyrightYear\":\"2025\",\"copyrightHolder\":{\"@id\":\"https:\/\/www.gaveanews.com\/#organization\"}},{\"@type\":\"WebPage\",\"@id\":\"https:\/\/www.gaveanews.com\/index.php\/2025\/03\/29\/gremio-x-atletico-mg-a-declaracao-de-tiago-volpi\/\",\"url\":\"https:\/\/www.gaveanews.com\/index.php\/2025\/03\/29\/gremio-x-atletico-mg-a-declaracao-de-tiago-volpi\/\",\"name\":\"Gr\u00eamio x Atl\u00e9tico-MG: a declara\u00e7\u00e3o de Tiago Volpi\",\"isPartOf\":{\"@id\":\"https:\/\/www.gaveanews.com\/#website\"},\"primaryImageOfPage\":{\"@id\":\"https:\/\/www.gaveanews.com\/index.php\/2025\/03\/29\/gremio-x-atletico-mg-a-declaracao-de-tiago-volpi\/#primaryimage\"},\"image\":{\"@id\":\"https:\/\/www.gaveanews.com\/index.php\/2025\/03\/29\/gremio-x-atletico-mg-a-declaracao-de-tiago-volpi\/#primaryimage\"},\"thumbnailUrl\":\"https:\/\/www.gaveanews.com\/wp-content\/uploads\/Thiago-Volpi-Gremio.webp\",\"datePublished\":\"2025-03-30T00:03:43+00:00\",\"dateModified\":\"2025-03-30T00:03:49+00:00\",\"author\":{\"@id\":\"https:\/\/www.gaveanews.com\/#\/schema\/person\/f42654babcd2b2014a1a65af82b081f1\"},\"breadcrumb\":{\"@id\":\"https:\/\/www.gaveanews.com\/index.php\/2025\/03\/29\/gremio-x-atletico-mg-a-declaracao-de-tiago-volpi\/#breadcrumb\"},\"inLanguage\":\"pt-BR\",\"potentialAction\":[{\"@type\":\"ReadAction\",\"target\":[\"https:\/\/www.gaveanews.com\/index.php\/2025\/03\/29\/gremio-x-atletico-mg-a-declaracao-de-tiago-volpi\/\"]}]},{\"@type\":\"ImageObject\",\"inLanguage\":\"pt-BR\",\"@id\":\"https:\/\/www.gaveanews.com\/index.php\/2025\/03\/29\/gremio-x-atletico-mg-a-declaracao-de-tiago-volpi\/#primaryimage\",\"url\":\"https:\/\/www.gaveanews.com\/wp-content\/uploads\/Thiago-Volpi-Gremio.webp\",\"contentUrl\":\"https:\/\/www.gaveanews.com\/wp-content\/uploads\/Thiago-Volpi-Gremio.webp\",\"width\":711,\"height\":533,\"caption\":\"Thiago Volpi pelo Gr\u00eamio (Foto: Lucas Uebel\/Gr\u00eamio)\"},{\"@type\":\"BreadcrumbList\",\"@id\":\"https:\/\/www.gaveanews.com\/index.php\/2025\/03\/29\/gremio-x-atletico-mg-a-declaracao-de-tiago-volpi\/#breadcrumb\",\"itemListElement\":[{\"@type\":\"ListItem\",\"position\":1,\"name\":\"Home\",\"item\":\"https:\/\/www.gaveanews.com\/\"},{\"@type\":\"ListItem\",\"position\":2,\"name\":\"Gr\u00eamio x Atl\u00e9tico-MG: a declara\u00e7\u00e3o de Tiago Volpi\"}]},{\"@type\":\"WebSite\",\"@id\":\"https:\/\/www.gaveanews.com\/#website\",\"url\":\"https:\/\/www.gaveanews.com\/\",\"name\":\"G\u00e1vea News\",\"description\":\"Veja todas as not\u00edcias sobre o Flamengo: Contrata\u00e7\u00f5es, categorias de base, resultados das partidas, tabela de classifica\u00e7\u00e3o, pr\u00f3ximos jogos!\",\"potentialAction\":[{\"@type\":\"SearchAction\",\"target\":{\"@type\":\"EntryPoint\",\"urlTemplate\":\"https:\/\/www.gaveanews.com\/?s={search_term_string}\"},\"query-input\":{\"@type\":\"PropertyValueSpecification\",\"valueRequired\":true,\"valueName\":\"search_term_string\"}}],\"inLanguage\":\"pt-BR\"},{\"@type\":\"Person\",\"@id\":\"https:\/\/www.gaveanews.com\/#\/schema\/person\/f42654babcd2b2014a1a65af82b081f1\",\"name\":\"Geovanna Thomaz\",\"image\":{\"@type\":\"ImageObject\",\"inLanguage\":\"pt-BR\",\"@id\":\"https:\/\/www.gaveanews.com\/#\/schema\/person\/image\/\",\"url\":\"https:\/\/secure.gravatar.com\/avatar\/4092073255489533afb558984b49b64268c47198af8623cc82a925ae9fb7118a?s=96&d=mm&r=g\",\"contentUrl\":\"https:\/\/secure.gravatar.com\/avatar\/4092073255489533afb558984b49b64268c47198af8623cc82a925ae9fb7118a?s=96&d=mm&r=g\",\"caption\":\"Geovanna Thomaz\"}}]}<\/script>\n<!-- \/ Yoast SEO Premium plugin. -->","yoast_head_json":{"title":"Gr\u00eamio x Atl\u00e9tico-MG: a declara\u00e7\u00e3o de Tiago Volpi","robots":{"index":"index","follow":"follow","max-snippet":"max-snippet:-1","max-image-preview":"max-image-preview:large","max-video-preview":"max-video-preview:-1"},"canonical":"https:\/\/www.gaveanews.com\/index.php\/2025\/03\/29\/gremio-x-atletico-mg-a-declaracao-de-tiago-volpi\/","og_locale":"pt_BR","og_type":"article","og_title":"Gr\u00eamio x Atl\u00e9tico-MG: a declara\u00e7\u00e3o de Tiago Volpi","og_description":"Ap\u00f3s a vit\u00f3ria do Gr\u00eamio sobre o Atl\u00e9tico-MG por 2 a 1, Tiago Volpi, goleiro da equipe tricolor, analisou a partida e destacou a import\u00e2ncia dos tr\u00eas pontos conquistados na estreia do Campeonato Brasileiro. &#8220;Primeiro, a todos os coment\u00e1rios, obrigado. Eu acho que foi um jogo bom, com algumas defesas importantes durante o jogo que [&hellip;]","og_url":"https:\/\/www.gaveanews.com\/index.php\/2025\/03\/29\/gremio-x-atletico-mg-a-declaracao-de-tiago-volpi\/","og_site_name":"G\u00e1vea News","article_publisher":"https:\/\/facebook.com\/gaveaNews\/","article_published_time":"2025-03-30T00:03:43+00:00","article_modified_time":"2025-03-30T00:03:49+00:00","og_image":[{"width":711,"height":533,"url":"http:\/\/www.gaveanews.com\/wp-content\/uploads\/Thiago-Volpi-Gremio.webp","type":"image\/jpeg"}],"author":"Geovanna Thomaz","twitter_card":"summary_large_image","twitter_misc":{"Escrito por":"Geovanna Thomaz","Est. tempo de leitura":"2 minutos"},"schema":{"@context":"https:\/\/schema.org","@graph":[{"@type":"NewsArticle","@id":"https:\/\/www.gaveanews.com\/index.php\/2025\/03\/29\/gremio-x-atletico-mg-a-declaracao-de-tiago-volpi\/#article","isPartOf":{"@id":"https:\/\/www.gaveanews.com\/index.php\/2025\/03\/29\/gremio-x-atletico-mg-a-declaracao-de-tiago-volpi\/"},"author":{"name":"Geovanna Thomaz","@id":"https:\/\/www.gaveanews.com\/#\/schema\/person\/f42654babcd2b2014a1a65af82b081f1"},"headline":"Gr\u00eamio x Atl\u00e9tico-MG: a declara\u00e7\u00e3o de Tiago Volpi","datePublished":"2025-03-30T00:03:43+00:00","dateModified":"2025-03-30T00:03:49+00:00","mainEntityOfPage":{"@id":"https:\/\/www.gaveanews.com\/index.php\/2025\/03\/29\/gremio-x-atletico-mg-a-declaracao-de-tiago-volpi\/"},"wordCount":339,"commentCount":0,"image":{"@id":"https:\/\/www.gaveanews.com\/index.php\/2025\/03\/29\/gremio-x-atletico-mg-a-declaracao-de-tiago-volpi\/#primaryimage"},"thumbnailUrl":"https:\/\/www.gaveanews.com\/wp-content\/uploads\/Thiago-Volpi-Gremio.webp","articleSection":["Atl\u00e9tico-MG","Gr\u00eamio"],"inLanguage":"pt-BR","potentialAction":[{"@type":"CommentAction","name":"Comment","target":["https:\/\/www.gaveanews.com\/index.php\/2025\/03\/29\/gremio-x-atletico-mg-a-declaracao-de-tiago-volpi\/#respond"]}],"copyrightYear":"2025","copyrightHolder":{"@id":"https:\/\/www.gaveanews.com\/#organization"}},{"@type":"WebPage","@id":"https:\/\/www.gaveanews.com\/index.php\/2025\/03\/29\/gremio-x-atletico-mg-a-declaracao-de-tiago-volpi\/","url":"https:\/\/www.gaveanews.com\/index.php\/2025\/03\/29\/gremio-x-atletico-mg-a-declaracao-de-tiago-volpi\/","name":"Gr\u00eamio x Atl\u00e9tico-MG: a declara\u00e7\u00e3o de Tiago Volpi","isPartOf":{"@id":"https:\/\/www.gaveanews.com\/#website"},"primaryImageOfPage":{"@id":"https:\/\/www.gaveanews.com\/index.php\/2025\/03\/29\/gremio-x-atletico-mg-a-declaracao-de-tiago-volpi\/#primaryimage"},"image":{"@id":"https:\/\/www.gaveanews.com\/index.php\/2025\/03\/29\/gremio-x-atletico-mg-a-declaracao-de-tiago-volpi\/#primaryimage"},"thumbnailUrl":"https:\/\/www.gaveanews.com\/wp-content\/uploads\/Thiago-Volpi-Gremio.webp","datePublished":"2025-03-30T00:03:43+00:00","dateModified":"2025-03-30T00:03:49+00:00","author":{"@id":"https:\/\/www.gaveanews.com\/#\/schema\/person\/f42654babcd2b2014a1a65af82b081f1"},"breadcrumb":{"@id":"https:\/\/www.gaveanews.com\/index.php\/2025\/03\/29\/gremio-x-atletico-mg-a-declaracao-de-tiago-volpi\/#breadcrumb"},"inLanguage":"pt-BR","potentialAction":[{"@type":"ReadAction","target":["https:\/\/www.gaveanews.com\/index.php\/2025\/03\/29\/gremio-x-atletico-mg-a-declaracao-de-tiago-volpi\/"]}]},{"@type":"ImageObject","inLanguage":"pt-BR","@id":"https:\/\/www.gaveanews.com\/index.php\/2025\/03\/29\/gremio-x-atletico-mg-a-declaracao-de-tiago-volpi\/#primaryimage","url":"https:\/\/www.gaveanews.com\/wp-content\/uploads\/Thiago-Volpi-Gremio.webp","contentUrl":"https:\/\/www.gaveanews.com\/wp-content\/uploads\/Thiago-Volpi-Gremio.webp","width":711,"height":533,"caption":"Thiago Volpi pelo Gr\u00eamio (Foto: Lucas Uebel\/Gr\u00eamio)"},{"@type":"BreadcrumbList","@id":"https:\/\/www.gaveanews.com\/index.php\/2025\/03\/29\/gremio-x-atletico-mg-a-declaracao-de-tiago-volpi\/#breadcrumb","itemListElement":[{"@type":"ListItem","position":1,"name":"Home","item":"https:\/\/www.gaveanews.com\/"},{"@type":"ListItem","position":2,"name":"Gr\u00eamio x Atl\u00e9tico-MG: a declara\u00e7\u00e3o de Tiago Volpi"}]},{"@type":"WebSite","@id":"https:\/\/www.gaveanews.com\/#website","url":"https:\/\/www.gaveanews.com\/","name":"G\u00e1vea News","description":"Veja todas as not\u00edcias sobre o Flamengo: Contrata\u00e7\u00f5es, categorias de base, resultados das partidas, tabela de classifica\u00e7\u00e3o, pr\u00f3ximos jogos!","potentialAction":[{"@type":"SearchAction","target":{"@type":"EntryPoint","urlTemplate":"https:\/\/www.gaveanews.com\/?s={search_term_string}"},"query-input":{"@type":"PropertyValueSpecification","valueRequired":true,"valueName":"search_term_string"}}],"inLanguage":"pt-BR"},{"@type":"Person","@id":"https:\/\/www.gaveanews.com\/#\/schema\/person\/f42654babcd2b2014a1a65af82b081f1","name":"Geovanna Thomaz","image":{"@type":"ImageObject","inLanguage":"pt-BR","@id":"https:\/\/www.gaveanews.com\/#\/schema\/person\/image\/","url":"https:\/\/secure.gravatar.com\/avatar\/4092073255489533afb558984b49b64268c47198af8623cc82a925ae9fb7118a?s=96&d=mm&r=g","contentUrl":"https:\/\/secure.gravatar.com\/avatar\/4092073255489533afb558984b49b64268c47198af8623cc82a925ae9fb7118a?s=96&d=mm&r=g","caption":"Geovanna Thomaz"}}]}},"_links":{"self":[{"href":"https:\/\/www.gaveanews.com\/index.php\/wp-json\/wp\/v2\/posts\/246537","targetHints":{"allow":["GET"]}}],"collection":[{"href":"https:\/\/www.gaveanews.com\/index.php\/wp-json\/wp\/v2\/posts"}],"about":[{"href":"https:\/\/www.gaveanews.com\/index.php\/wp-json\/wp\/v2\/types\/post"}],"author":[{"embeddable":true,"href":"https:\/\/www.gaveanews.com\/index.php\/wp-json\/wp\/v2\/users\/17"}],"replies":[{"embeddable":true,"href":"https:\/\/www.gaveanews.com\/index.php\/wp-json\/wp\/v2\/comments?post=246537"}],"version-history":[{"count":1,"href":"https:\/\/www.gaveanews.com\/index.php\/wp-json\/wp\/v2\/posts\/246537\/revisions"}],"predecessor-version":[{"id":246539,"href":"https:\/\/www.gaveanews.com\/index.php\/wp-json\/wp\/v2\/posts\/246537\/revisions\/246539"}],"wp:featuredmedia":[{"embeddable":true,"href":"https:\/\/www.gaveanews.com\/index.php\/wp-json\/wp\/v2\/media\/236374"}],"wp:attachment":[{"href":"https:\/\/www.gaveanews.com\/index.php\/wp-json\/wp\/v2\/media?parent=246537"}],"wp:term":[{"taxonomy":"category","embeddable":true,"href":"https:\/\/www.gaveanews.com\/index.php\/wp-json\/wp\/v2\/categories?post=246537"},{"taxonomy":"post_tag","embeddable":true,"href":"https:\/\/www.gaveanews.com\/index.php\/wp-json\/wp\/v2\/tags?post=246537"}],"curies":[{"name":"wp","href":"https:\/\/api.w.org\/{rel}","templated":true}]}}