{"id":246543,"date":"2025-03-29T21:06:51","date_gmt":"2025-03-30T00:06:51","guid":{"rendered":"https:\/\/www.gaveanews.com\/?p=246543"},"modified":"2025-03-29T21:06:57","modified_gmt":"2025-03-30T00:06:57","slug":"sao-paulo-x-sport-a-declaracao-de-chico","status":"publish","type":"post","link":"https:\/\/www.gaveanews.com\/index.php\/2025\/03\/29\/sao-paulo-x-sport-a-declaracao-de-chico\/","title":{"rendered":"S\u00e3o Paulo x Sport: a declara\u00e7\u00e3o de Chico"},"content":{"rendered":"\n<p>Ap\u00f3s o empate sem gols entre S\u00e3o Paulo e Sport, neste s\u00e1bado, no Morumbi, Chico, jogador do time pernambucano, comentou sobre o desempenho da equipe no confronto e a import\u00e2ncia do ponto conquistado, principalmente considerando a luta do Sport para retornar \u00e0 primeira divis\u00e3o do Campeonato Brasileiro.<\/p>\n\n\n\n<p>&#8220;Um jogo importante. A gente lutou bastante nesses tr\u00eas anos na S\u00e9rie B, s\u00f3 quem passou sabe o que foi essa luta para deixar o Sport onde ele merece. Um jogo grande contra um advers\u00e1rio grande, todo ponto \u00e9 importante. Temos que buscar isso no campeonato, pontuar ao m\u00e1ximo para pensarmos em coisa grande l\u00e1 no final&#8221;, afirmou Chico, ressaltando a trajet\u00f3ria do Sport e a relev\u00e2ncia do empate conquistado fora de casa.<\/p>\n\n\n\n<p>Apesar do maior dom\u00ednio do S\u00e3o Paulo durante o jogo, o time paulista n\u00e3o conseguiu transformar as oportunidades em gols. A melhor chance da partida surgiu logo no in\u00edcio, quando Calleri teve a chance de abrir o placar com um p\u00eanalti, mas a cobran\u00e7a foi para fora, desperdi\u00e7ando a chance de sair na frente. Ao longo do primeiro tempo, o Tricolor teve mais posse de bola e algumas oportunidades de perigo, mas a defesa do Sport conseguiu se segurar.<\/p>\n\n\n\n<p>O time pernambucano tamb\u00e9m teve seus momentos de press\u00e3o, especialmente com algumas jogadas perigosas que levaram o goleiro S\u00e3o Paulino a se manter atento. O Sport, que voltou \u00e0 elite do futebol nacional ap\u00f3s tr\u00eas anos na S\u00e9rie B, demonstrou sua garra e conseguiu equilibrar as a\u00e7\u00f5es no segundo tempo, sem ceder ao dom\u00ednio do time paulista.<\/p>\n\n\n\n<p>O jogo tamb\u00e9m foi marcado por um incidente com o goleiro Igor Car\u00edus, que, nos acr\u00e9scimos do segundo tempo, sofreu uma bolada na cabe\u00e7a e precisou de atendimento m\u00e9dico no campo. Ele ficou por cerca de cinco minutos recebendo cuidados antes de ser substitu\u00eddo e deixado de ambul\u00e2ncia. Esse momento foi um dos mais dram\u00e1ticos da partida.<\/p>\n\n\n\n<p>Al\u00e9m disso, o clima na equipe tricolor n\u00e3o estava dos melhores ap\u00f3s o apito final. O atacante Luciano, que foi substitu\u00eddo na segunda etapa, foi flagrado dando tapas no banco de reservas ap\u00f3s ser trocado por Matheus Alves. As c\u00e2meras captaram a cena de frustra\u00e7\u00e3o, e o comportamento gerou ainda mais insatisfa\u00e7\u00e3o da torcida, que vaiou a equipe ao fim do jogo. A press\u00e3o sobre o time aumentou, j\u00e1 que o S\u00e3o Paulo tinha expectativas de come\u00e7ar bem o campeonato diante de sua torcida.<\/p>\n\n\n\n<p>Na pr\u00f3xima rodada do Campeonato Brasileiro, o S\u00e3o Paulo enfrentar\u00e1 o Atl\u00e9tico-MG, em Belo Horizonte, no domingo, enquanto o Sport jogar\u00e1 em casa contra o Palmeiras. Antes disso, o Tricolor paulista estreia na Conmebol Libertadores, na quarta-feira, quando visita o Talleres, na Argentina.<\/p>\n","protected":false},"excerpt":{"rendered":"<p>Ap\u00f3s o empate sem gols entre S\u00e3o Paulo e Sport, neste s\u00e1bado, no Morumbi, Chico, jogador do time pernambucano, comentou sobre o desempenho da equipe no confronto e a import\u00e2ncia do ponto conquistado, principalmente considerando a luta do Sport para retornar \u00e0 primeira divis\u00e3o do Campeonato Brasileiro. &#8220;Um jogo importante. A gente lutou bastante nesses [&hellip;]<\/p>\n","protected":false},"author":17,"featured_media":178307,"comment_status":"open","ping_status":"closed","sticky":false,"template":"","format":"standard","meta":{"footnotes":""},"categories":[151,154],"tags":[],"class_list":["post-246543","post","type-post","status-publish","format-standard","has-post-thumbnail","hentry","category-sao-paulo","category-sport"],"yoast_head":"<!-- This site is optimized with the Yoast SEO Premium plugin v24.2 (Yoast SEO v26.9) - https:\/\/yoast.com\/product\/yoast-seo-premium-wordpress\/ -->\n<title>S\u00e3o Paulo x Sport: a declara\u00e7\u00e3o de Chico<\/title>\n<meta name=\"robots\" content=\"index, follow, max-snippet:-1, max-image-preview:large, max-video-preview:-1\" \/>\n<link rel=\"canonical\" href=\"https:\/\/www.gaveanews.com\/index.php\/2025\/03\/29\/sao-paulo-x-sport-a-declaracao-de-chico\/\" \/>\n<meta property=\"og:locale\" content=\"pt_BR\" \/>\n<meta property=\"og:type\" content=\"article\" \/>\n<meta property=\"og:title\" content=\"S\u00e3o Paulo x Sport: a declara\u00e7\u00e3o de Chico\" \/>\n<meta property=\"og:description\" content=\"Ap\u00f3s o empate sem gols entre S\u00e3o Paulo e Sport, neste s\u00e1bado, no Morumbi, Chico, jogador do time pernambucano, comentou sobre o desempenho da equipe no confronto e a import\u00e2ncia do ponto conquistado, principalmente considerando a luta do Sport para retornar \u00e0 primeira divis\u00e3o do Campeonato Brasileiro. &#8220;Um jogo importante. A gente lutou bastante nesses [&hellip;]\" \/>\n<meta property=\"og:url\" content=\"https:\/\/www.gaveanews.com\/index.php\/2025\/03\/29\/sao-paulo-x-sport-a-declaracao-de-chico\/\" \/>\n<meta property=\"og:site_name\" content=\"G\u00e1vea News\" \/>\n<meta property=\"article:publisher\" content=\"https:\/\/facebook.com\/gaveaNews\/\" \/>\n<meta property=\"article:published_time\" content=\"2025-03-30T00:06:51+00:00\" \/>\n<meta property=\"article:modified_time\" content=\"2025-03-30T00:06:57+00:00\" \/>\n<meta property=\"og:image\" content=\"http:\/\/www.gaveanews.com\/wp-content\/uploads\/Escudo-do-Sport.webp\" \/>\n\t<meta property=\"og:image:width\" content=\"1256\" \/>\n\t<meta property=\"og:image:height\" content=\"500\" \/>\n\t<meta property=\"og:image:type\" content=\"image\/webp\" \/>\n<meta name=\"author\" content=\"Geovanna Thomaz\" \/>\n<meta name=\"twitter:card\" content=\"summary_large_image\" \/>\n<meta name=\"twitter:label1\" content=\"Escrito por\" \/>\n\t<meta name=\"twitter:data1\" content=\"Geovanna Thomaz\" \/>\n\t<meta name=\"twitter:label2\" content=\"Est. tempo de leitura\" \/>\n\t<meta name=\"twitter:data2\" content=\"3 minutos\" \/>\n<script type=\"application\/ld+json\" class=\"yoast-schema-graph\">{\"@context\":\"https:\/\/schema.org\",\"@graph\":[{\"@type\":\"NewsArticle\",\"@id\":\"https:\/\/www.gaveanews.com\/index.php\/2025\/03\/29\/sao-paulo-x-sport-a-declaracao-de-chico\/#article\",\"isPartOf\":{\"@id\":\"https:\/\/www.gaveanews.com\/index.php\/2025\/03\/29\/sao-paulo-x-sport-a-declaracao-de-chico\/\"},\"author\":{\"name\":\"Geovanna Thomaz\",\"@id\":\"https:\/\/www.gaveanews.com\/#\/schema\/person\/f42654babcd2b2014a1a65af82b081f1\"},\"headline\":\"S\u00e3o Paulo x Sport: a declara\u00e7\u00e3o de Chico\",\"datePublished\":\"2025-03-30T00:06:51+00:00\",\"dateModified\":\"2025-03-30T00:06:57+00:00\",\"mainEntityOfPage\":{\"@id\":\"https:\/\/www.gaveanews.com\/index.php\/2025\/03\/29\/sao-paulo-x-sport-a-declaracao-de-chico\/\"},\"wordCount\":495,\"commentCount\":0,\"image\":{\"@id\":\"https:\/\/www.gaveanews.com\/index.php\/2025\/03\/29\/sao-paulo-x-sport-a-declaracao-de-chico\/#primaryimage\"},\"thumbnailUrl\":\"https:\/\/www.gaveanews.com\/wp-content\/uploads\/Escudo-do-Sport.webp\",\"articleSection\":[\"S\u00e3o Paulo\",\"Sport\"],\"inLanguage\":\"pt-BR\",\"potentialAction\":[{\"@type\":\"CommentAction\",\"name\":\"Comment\",\"target\":[\"https:\/\/www.gaveanews.com\/index.php\/2025\/03\/29\/sao-paulo-x-sport-a-declaracao-de-chico\/#respond\"]}],\"copyrightYear\":\"2025\",\"copyrightHolder\":{\"@id\":\"https:\/\/www.gaveanews.com\/#organization\"}},{\"@type\":\"WebPage\",\"@id\":\"https:\/\/www.gaveanews.com\/index.php\/2025\/03\/29\/sao-paulo-x-sport-a-declaracao-de-chico\/\",\"url\":\"https:\/\/www.gaveanews.com\/index.php\/2025\/03\/29\/sao-paulo-x-sport-a-declaracao-de-chico\/\",\"name\":\"S\u00e3o Paulo x Sport: a declara\u00e7\u00e3o de Chico\",\"isPartOf\":{\"@id\":\"https:\/\/www.gaveanews.com\/#website\"},\"primaryImageOfPage\":{\"@id\":\"https:\/\/www.gaveanews.com\/index.php\/2025\/03\/29\/sao-paulo-x-sport-a-declaracao-de-chico\/#primaryimage\"},\"image\":{\"@id\":\"https:\/\/www.gaveanews.com\/index.php\/2025\/03\/29\/sao-paulo-x-sport-a-declaracao-de-chico\/#primaryimage\"},\"thumbnailUrl\":\"https:\/\/www.gaveanews.com\/wp-content\/uploads\/Escudo-do-Sport.webp\",\"datePublished\":\"2025-03-30T00:06:51+00:00\",\"dateModified\":\"2025-03-30T00:06:57+00:00\",\"author\":{\"@id\":\"https:\/\/www.gaveanews.com\/#\/schema\/person\/f42654babcd2b2014a1a65af82b081f1\"},\"breadcrumb\":{\"@id\":\"https:\/\/www.gaveanews.com\/index.php\/2025\/03\/29\/sao-paulo-x-sport-a-declaracao-de-chico\/#breadcrumb\"},\"inLanguage\":\"pt-BR\",\"potentialAction\":[{\"@type\":\"ReadAction\",\"target\":[\"https:\/\/www.gaveanews.com\/index.php\/2025\/03\/29\/sao-paulo-x-sport-a-declaracao-de-chico\/\"]}]},{\"@type\":\"ImageObject\",\"inLanguage\":\"pt-BR\",\"@id\":\"https:\/\/www.gaveanews.com\/index.php\/2025\/03\/29\/sao-paulo-x-sport-a-declaracao-de-chico\/#primaryimage\",\"url\":\"https:\/\/www.gaveanews.com\/wp-content\/uploads\/Escudo-do-Sport.webp\",\"contentUrl\":\"https:\/\/www.gaveanews.com\/wp-content\/uploads\/Escudo-do-Sport.webp\",\"width\":1256,\"height\":500,\"caption\":\"Escudo do Sport (Foto: Reprodu\u00e7\u00e3o)\"},{\"@type\":\"BreadcrumbList\",\"@id\":\"https:\/\/www.gaveanews.com\/index.php\/2025\/03\/29\/sao-paulo-x-sport-a-declaracao-de-chico\/#breadcrumb\",\"itemListElement\":[{\"@type\":\"ListItem\",\"position\":1,\"name\":\"Home\",\"item\":\"https:\/\/www.gaveanews.com\/\"},{\"@type\":\"ListItem\",\"position\":2,\"name\":\"S\u00e3o Paulo x Sport: a declara\u00e7\u00e3o de Chico\"}]},{\"@type\":\"WebSite\",\"@id\":\"https:\/\/www.gaveanews.com\/#website\",\"url\":\"https:\/\/www.gaveanews.com\/\",\"name\":\"G\u00e1vea News\",\"description\":\"Veja todas as not\u00edcias sobre o Flamengo: Contrata\u00e7\u00f5es, categorias de base, resultados das partidas, tabela de classifica\u00e7\u00e3o, pr\u00f3ximos jogos!\",\"potentialAction\":[{\"@type\":\"SearchAction\",\"target\":{\"@type\":\"EntryPoint\",\"urlTemplate\":\"https:\/\/www.gaveanews.com\/?s={search_term_string}\"},\"query-input\":{\"@type\":\"PropertyValueSpecification\",\"valueRequired\":true,\"valueName\":\"search_term_string\"}}],\"inLanguage\":\"pt-BR\"},{\"@type\":\"Person\",\"@id\":\"https:\/\/www.gaveanews.com\/#\/schema\/person\/f42654babcd2b2014a1a65af82b081f1\",\"name\":\"Geovanna Thomaz\",\"image\":{\"@type\":\"ImageObject\",\"inLanguage\":\"pt-BR\",\"@id\":\"https:\/\/www.gaveanews.com\/#\/schema\/person\/image\/\",\"url\":\"https:\/\/secure.gravatar.com\/avatar\/4092073255489533afb558984b49b64268c47198af8623cc82a925ae9fb7118a?s=96&d=mm&r=g\",\"contentUrl\":\"https:\/\/secure.gravatar.com\/avatar\/4092073255489533afb558984b49b64268c47198af8623cc82a925ae9fb7118a?s=96&d=mm&r=g\",\"caption\":\"Geovanna Thomaz\"}}]}<\/script>\n<!-- \/ Yoast SEO Premium plugin. -->","yoast_head_json":{"title":"S\u00e3o Paulo x Sport: a declara\u00e7\u00e3o de Chico","robots":{"index":"index","follow":"follow","max-snippet":"max-snippet:-1","max-image-preview":"max-image-preview:large","max-video-preview":"max-video-preview:-1"},"canonical":"https:\/\/www.gaveanews.com\/index.php\/2025\/03\/29\/sao-paulo-x-sport-a-declaracao-de-chico\/","og_locale":"pt_BR","og_type":"article","og_title":"S\u00e3o Paulo x Sport: a declara\u00e7\u00e3o de Chico","og_description":"Ap\u00f3s o empate sem gols entre S\u00e3o Paulo e Sport, neste s\u00e1bado, no Morumbi, Chico, jogador do time pernambucano, comentou sobre o desempenho da equipe no confronto e a import\u00e2ncia do ponto conquistado, principalmente considerando a luta do Sport para retornar \u00e0 primeira divis\u00e3o do Campeonato Brasileiro. &#8220;Um jogo importante. A gente lutou bastante nesses [&hellip;]","og_url":"https:\/\/www.gaveanews.com\/index.php\/2025\/03\/29\/sao-paulo-x-sport-a-declaracao-de-chico\/","og_site_name":"G\u00e1vea News","article_publisher":"https:\/\/facebook.com\/gaveaNews\/","article_published_time":"2025-03-30T00:06:51+00:00","article_modified_time":"2025-03-30T00:06:57+00:00","og_image":[{"width":1256,"height":500,"url":"http:\/\/www.gaveanews.com\/wp-content\/uploads\/Escudo-do-Sport.webp","type":"image\/webp"}],"author":"Geovanna Thomaz","twitter_card":"summary_large_image","twitter_misc":{"Escrito por":"Geovanna Thomaz","Est. tempo de leitura":"3 minutos"},"schema":{"@context":"https:\/\/schema.org","@graph":[{"@type":"NewsArticle","@id":"https:\/\/www.gaveanews.com\/index.php\/2025\/03\/29\/sao-paulo-x-sport-a-declaracao-de-chico\/#article","isPartOf":{"@id":"https:\/\/www.gaveanews.com\/index.php\/2025\/03\/29\/sao-paulo-x-sport-a-declaracao-de-chico\/"},"author":{"name":"Geovanna Thomaz","@id":"https:\/\/www.gaveanews.com\/#\/schema\/person\/f42654babcd2b2014a1a65af82b081f1"},"headline":"S\u00e3o Paulo x Sport: a declara\u00e7\u00e3o de Chico","datePublished":"2025-03-30T00:06:51+00:00","dateModified":"2025-03-30T00:06:57+00:00","mainEntityOfPage":{"@id":"https:\/\/www.gaveanews.com\/index.php\/2025\/03\/29\/sao-paulo-x-sport-a-declaracao-de-chico\/"},"wordCount":495,"commentCount":0,"image":{"@id":"https:\/\/www.gaveanews.com\/index.php\/2025\/03\/29\/sao-paulo-x-sport-a-declaracao-de-chico\/#primaryimage"},"thumbnailUrl":"https:\/\/www.gaveanews.com\/wp-content\/uploads\/Escudo-do-Sport.webp","articleSection":["S\u00e3o Paulo","Sport"],"inLanguage":"pt-BR","potentialAction":[{"@type":"CommentAction","name":"Comment","target":["https:\/\/www.gaveanews.com\/index.php\/2025\/03\/29\/sao-paulo-x-sport-a-declaracao-de-chico\/#respond"]}],"copyrightYear":"2025","copyrightHolder":{"@id":"https:\/\/www.gaveanews.com\/#organization"}},{"@type":"WebPage","@id":"https:\/\/www.gaveanews.com\/index.php\/2025\/03\/29\/sao-paulo-x-sport-a-declaracao-de-chico\/","url":"https:\/\/www.gaveanews.com\/index.php\/2025\/03\/29\/sao-paulo-x-sport-a-declaracao-de-chico\/","name":"S\u00e3o Paulo x Sport: a declara\u00e7\u00e3o de Chico","isPartOf":{"@id":"https:\/\/www.gaveanews.com\/#website"},"primaryImageOfPage":{"@id":"https:\/\/www.gaveanews.com\/index.php\/2025\/03\/29\/sao-paulo-x-sport-a-declaracao-de-chico\/#primaryimage"},"image":{"@id":"https:\/\/www.gaveanews.com\/index.php\/2025\/03\/29\/sao-paulo-x-sport-a-declaracao-de-chico\/#primaryimage"},"thumbnailUrl":"https:\/\/www.gaveanews.com\/wp-content\/uploads\/Escudo-do-Sport.webp","datePublished":"2025-03-30T00:06:51+00:00","dateModified":"2025-03-30T00:06:57+00:00","author":{"@id":"https:\/\/www.gaveanews.com\/#\/schema\/person\/f42654babcd2b2014a1a65af82b081f1"},"breadcrumb":{"@id":"https:\/\/www.gaveanews.com\/index.php\/2025\/03\/29\/sao-paulo-x-sport-a-declaracao-de-chico\/#breadcrumb"},"inLanguage":"pt-BR","potentialAction":[{"@type":"ReadAction","target":["https:\/\/www.gaveanews.com\/index.php\/2025\/03\/29\/sao-paulo-x-sport-a-declaracao-de-chico\/"]}]},{"@type":"ImageObject","inLanguage":"pt-BR","@id":"https:\/\/www.gaveanews.com\/index.php\/2025\/03\/29\/sao-paulo-x-sport-a-declaracao-de-chico\/#primaryimage","url":"https:\/\/www.gaveanews.com\/wp-content\/uploads\/Escudo-do-Sport.webp","contentUrl":"https:\/\/www.gaveanews.com\/wp-content\/uploads\/Escudo-do-Sport.webp","width":1256,"height":500,"caption":"Escudo do Sport (Foto: Reprodu\u00e7\u00e3o)"},{"@type":"BreadcrumbList","@id":"https:\/\/www.gaveanews.com\/index.php\/2025\/03\/29\/sao-paulo-x-sport-a-declaracao-de-chico\/#breadcrumb","itemListElement":[{"@type":"ListItem","position":1,"name":"Home","item":"https:\/\/www.gaveanews.com\/"},{"@type":"ListItem","position":2,"name":"S\u00e3o Paulo x Sport: a declara\u00e7\u00e3o de Chico"}]},{"@type":"WebSite","@id":"https:\/\/www.gaveanews.com\/#website","url":"https:\/\/www.gaveanews.com\/","name":"G\u00e1vea News","description":"Veja todas as not\u00edcias sobre o Flamengo: Contrata\u00e7\u00f5es, categorias de base, resultados das partidas, tabela de classifica\u00e7\u00e3o, pr\u00f3ximos jogos!","potentialAction":[{"@type":"SearchAction","target":{"@type":"EntryPoint","urlTemplate":"https:\/\/www.gaveanews.com\/?s={search_term_string}"},"query-input":{"@type":"PropertyValueSpecification","valueRequired":true,"valueName":"search_term_string"}}],"inLanguage":"pt-BR"},{"@type":"Person","@id":"https:\/\/www.gaveanews.com\/#\/schema\/person\/f42654babcd2b2014a1a65af82b081f1","name":"Geovanna Thomaz","image":{"@type":"ImageObject","inLanguage":"pt-BR","@id":"https:\/\/www.gaveanews.com\/#\/schema\/person\/image\/","url":"https:\/\/secure.gravatar.com\/avatar\/4092073255489533afb558984b49b64268c47198af8623cc82a925ae9fb7118a?s=96&d=mm&r=g","contentUrl":"https:\/\/secure.gravatar.com\/avatar\/4092073255489533afb558984b49b64268c47198af8623cc82a925ae9fb7118a?s=96&d=mm&r=g","caption":"Geovanna Thomaz"}}]}},"_links":{"self":[{"href":"https:\/\/www.gaveanews.com\/index.php\/wp-json\/wp\/v2\/posts\/246543","targetHints":{"allow":["GET"]}}],"collection":[{"href":"https:\/\/www.gaveanews.com\/index.php\/wp-json\/wp\/v2\/posts"}],"about":[{"href":"https:\/\/www.gaveanews.com\/index.php\/wp-json\/wp\/v2\/types\/post"}],"author":[{"embeddable":true,"href":"https:\/\/www.gaveanews.com\/index.php\/wp-json\/wp\/v2\/users\/17"}],"replies":[{"embeddable":true,"href":"https:\/\/www.gaveanews.com\/index.php\/wp-json\/wp\/v2\/comments?post=246543"}],"version-history":[{"count":1,"href":"https:\/\/www.gaveanews.com\/index.php\/wp-json\/wp\/v2\/posts\/246543\/revisions"}],"predecessor-version":[{"id":246544,"href":"https:\/\/www.gaveanews.com\/index.php\/wp-json\/wp\/v2\/posts\/246543\/revisions\/246544"}],"wp:featuredmedia":[{"embeddable":true,"href":"https:\/\/www.gaveanews.com\/index.php\/wp-json\/wp\/v2\/media\/178307"}],"wp:attachment":[{"href":"https:\/\/www.gaveanews.com\/index.php\/wp-json\/wp\/v2\/media?parent=246543"}],"wp:term":[{"taxonomy":"category","embeddable":true,"href":"https:\/\/www.gaveanews.com\/index.php\/wp-json\/wp\/v2\/categories?post=246543"},{"taxonomy":"post_tag","embeddable":true,"href":"https:\/\/www.gaveanews.com\/index.php\/wp-json\/wp\/v2\/tags?post=246543"}],"curies":[{"name":"wp","href":"https:\/\/api.w.org\/{rel}","templated":true}]}}