{"id":246555,"date":"2025-03-29T21:55:18","date_gmt":"2025-03-30T00:55:18","guid":{"rendered":"https:\/\/www.gaveanews.com\/?p=246555"},"modified":"2025-03-29T21:55:22","modified_gmt":"2025-03-30T00:55:22","slug":"fortaleza-x-fluminense-a-declaracao-de-mano-menezes","status":"publish","type":"post","link":"https:\/\/www.gaveanews.com\/index.php\/2025\/03\/29\/fortaleza-x-fluminense-a-declaracao-de-mano-menezes\/","title":{"rendered":"Fortaleza x Fluminense: a declara\u00e7\u00e3o de Mano Menezes"},"content":{"rendered":"\n<p>A derrota do Fluminense por 2 a 0 para o Fortaleza, neste s\u00e1bado (29 de mar\u00e7o), no Castel\u00e3o, pela estreia do Campeonato Brasileiro, gerou cr\u00edticas por parte do t\u00e9cnico Mano Menezes. Segundo ele, o time teve &#8220;25 minutos muito ruins&#8221; e sofreu dois gols antes dos 21 minutos. A substitui\u00e7\u00e3o de Serna logo aos 12 minutos foi justificada como necess\u00e1ria, uma vez que o time n\u00e3o encaixou bem no in\u00edcio.<\/p>\n\n\n\n<p>Apesar do come\u00e7o complicado, Mano avaliou que o Fluminense melhorou ap\u00f3s a mudan\u00e7a. <\/p>\n\n\n\n<p>&#8220;Eu penso que n\u00e3o foi nem o primeiro tempo inteiro que foi ruim. Os primeiros 25 minutos foram muito ruins, a ponto de fazermos uma altera\u00e7\u00e3o com 12 minutos de jogo. Pensamos uma coisa, o jogo iniciou, o Fortaleza come\u00e7ou melhor, atacou muito nosso lado esquerdo. Ali sofremos o primeiro gol. Depois veio altera\u00e7\u00e3o, acho que melhorou o encaixe, mas a\u00ed sofremos um gol no escanteio. O que cria uma dificuldade. Depois fomos melhorando&#8221;, iniciou:<\/p>\n\n\n\n<p>&#8220;Segundo tempo bem melhor em quase tudo, menos no \u00faltimo ter\u00e7o. Voc\u00ea precisa transformar 70% de posse de bola, 600 passes, em algo mais produtivo. Depois colocamos mais um meia para tentar fazer essa bola chegar com mais qualidade. Precisamos melhorar. N\u00e3o sa\u00edmos do Estadual reclamando de erros. N\u00e3o pode colocar as coisas todas no mesmo saco, porque acho que n\u00e3o \u00e9 isso. Sa\u00edmos falando que fizemos uma disputa dentro dos limites que t\u00ednhamos naquele momento, mas sabemos que eles t\u00eam que ser empurrados para cima. Acho que a equipe pode ser a que jogou a segunda parte com melhor qualidade de termino de jogada, disse.<\/p>\n\n\n\n<p>No entanto, mesmo com maior posse de bola e mais passes trocados na segunda etapa, o treinador destacou a inefic\u00e1cia ofensiva, especialmente no \u00faltimo ter\u00e7o do campo.<\/p>\n\n\n\n<p>O treinador ressaltou tamb\u00e9m as dificuldades na prepara\u00e7\u00e3o, destacando a aus\u00eancia de pe\u00e7as importantes durante as duas semanas anteriores \u00e0 estreia. \u201cTer 15 dias e n\u00e3o ter alguns dos principais jogadores custa caro\u201d, afirmou, citando Arias, que retornou da sele\u00e7\u00e3o colombiana sem treinar com o grupo.<\/p>\n\n\n\n<p>Sobre o esquema t\u00e1tico, Mano explicou que a ideia inicial era usar Arias mais centralizado, o que n\u00e3o funcionou. A escolha obrigou a retirada precoce de Serna. O comandante tricolor ainda citou a falta de lucidez na cria\u00e7\u00e3o de jogadas, lamentando as aus\u00eancias de Ganso e Riquelme.<\/p>\n\n\n\n<p>O t\u00e9cnico tamb\u00e9m comentou sobre a surpresa t\u00e1tica do Fortaleza, que entrou com uma forma\u00e7\u00e3o diferente do habitual. \u201cFaltou um pouco de leitura\u201d, reconheceu, referindo-se \u00e0 dificuldade do time em reagir \u00e0s mudan\u00e7as do advers\u00e1rio.<\/p>\n\n\n\n<p>Agora, o Fluminense viaja direto para a Col\u00f4mbia, onde enfrentar\u00e1 o Once Caldas na ter\u00e7a-feira (01 de abril), \u00e0s 21h30 (hor\u00e1rio de Bras\u00edlia), pela primeira rodada da fase de grupos da Sul-Americana.<\/p>\n","protected":false},"excerpt":{"rendered":"<p>A derrota do Fluminense por 2 a 0 para o Fortaleza, neste s\u00e1bado (29 de mar\u00e7o), no Castel\u00e3o, pela estreia do Campeonato Brasileiro, gerou cr\u00edticas por parte do t\u00e9cnico Mano Menezes. Segundo ele, o time teve &#8220;25 minutos muito ruins&#8221; e sofreu dois gols antes dos 21 minutos. A substitui\u00e7\u00e3o de Serna logo aos 12 [&hellip;]<\/p>\n","protected":false},"author":18,"featured_media":225314,"comment_status":"open","ping_status":"closed","sticky":false,"template":"","format":"standard","meta":{"footnotes":""},"categories":[145],"tags":[],"class_list":["post-246555","post","type-post","status-publish","format-standard","has-post-thumbnail","hentry","category-fluminense"],"yoast_head":"<!-- This site is optimized with the Yoast SEO Premium plugin v24.2 (Yoast SEO v26.9) - https:\/\/yoast.com\/product\/yoast-seo-premium-wordpress\/ -->\n<title>Fortaleza x Fluminense: a declara\u00e7\u00e3o de Mano Menezes<\/title>\n<meta name=\"robots\" content=\"index, follow, max-snippet:-1, max-image-preview:large, max-video-preview:-1\" \/>\n<link rel=\"canonical\" href=\"https:\/\/www.gaveanews.com\/index.php\/2025\/03\/29\/fortaleza-x-fluminense-a-declaracao-de-mano-menezes\/\" \/>\n<meta property=\"og:locale\" content=\"pt_BR\" \/>\n<meta property=\"og:type\" content=\"article\" \/>\n<meta property=\"og:title\" content=\"Fortaleza x Fluminense: a declara\u00e7\u00e3o de Mano Menezes\" \/>\n<meta property=\"og:description\" content=\"A derrota do Fluminense por 2 a 0 para o Fortaleza, neste s\u00e1bado (29 de mar\u00e7o), no Castel\u00e3o, pela estreia do Campeonato Brasileiro, gerou cr\u00edticas por parte do t\u00e9cnico Mano Menezes. Segundo ele, o time teve &#8220;25 minutos muito ruins&#8221; e sofreu dois gols antes dos 21 minutos. A substitui\u00e7\u00e3o de Serna logo aos 12 [&hellip;]\" \/>\n<meta property=\"og:url\" content=\"https:\/\/www.gaveanews.com\/index.php\/2025\/03\/29\/fortaleza-x-fluminense-a-declaracao-de-mano-menezes\/\" \/>\n<meta property=\"og:site_name\" content=\"G\u00e1vea News\" \/>\n<meta property=\"article:publisher\" content=\"https:\/\/facebook.com\/gaveaNews\/\" \/>\n<meta property=\"article:published_time\" content=\"2025-03-30T00:55:18+00:00\" \/>\n<meta property=\"article:modified_time\" content=\"2025-03-30T00:55:22+00:00\" \/>\n<meta property=\"og:image\" content=\"http:\/\/www.gaveanews.com\/wp-content\/uploads\/Mano-Menezes-pelo-Fluminense.webp\" \/>\n\t<meta property=\"og:image:width\" content=\"911\" \/>\n\t<meta property=\"og:image:height\" content=\"623\" \/>\n\t<meta property=\"og:image:type\" content=\"image\/jpeg\" \/>\n<meta name=\"author\" content=\"Paula Silva\" \/>\n<meta name=\"twitter:card\" content=\"summary_large_image\" \/>\n<meta name=\"twitter:label1\" content=\"Escrito por\" \/>\n\t<meta name=\"twitter:data1\" content=\"Paula Silva\" \/>\n\t<meta name=\"twitter:label2\" content=\"Est. tempo de leitura\" \/>\n\t<meta name=\"twitter:data2\" content=\"3 minutos\" \/>\n<script type=\"application\/ld+json\" class=\"yoast-schema-graph\">{\"@context\":\"https:\/\/schema.org\",\"@graph\":[{\"@type\":\"NewsArticle\",\"@id\":\"https:\/\/www.gaveanews.com\/index.php\/2025\/03\/29\/fortaleza-x-fluminense-a-declaracao-de-mano-menezes\/#article\",\"isPartOf\":{\"@id\":\"https:\/\/www.gaveanews.com\/index.php\/2025\/03\/29\/fortaleza-x-fluminense-a-declaracao-de-mano-menezes\/\"},\"author\":{\"name\":\"Paula Silva\",\"@id\":\"https:\/\/www.gaveanews.com\/#\/schema\/person\/daf63eec72e1164eb13dc35096c2b8da\"},\"headline\":\"Fortaleza x Fluminense: a declara\u00e7\u00e3o de Mano Menezes\",\"datePublished\":\"2025-03-30T00:55:18+00:00\",\"dateModified\":\"2025-03-30T00:55:22+00:00\",\"mainEntityOfPage\":{\"@id\":\"https:\/\/www.gaveanews.com\/index.php\/2025\/03\/29\/fortaleza-x-fluminense-a-declaracao-de-mano-menezes\/\"},\"wordCount\":491,\"commentCount\":0,\"image\":{\"@id\":\"https:\/\/www.gaveanews.com\/index.php\/2025\/03\/29\/fortaleza-x-fluminense-a-declaracao-de-mano-menezes\/#primaryimage\"},\"thumbnailUrl\":\"https:\/\/www.gaveanews.com\/wp-content\/uploads\/Mano-Menezes-pelo-Fluminense.webp\",\"articleSection\":[\"Fluminense\"],\"inLanguage\":\"pt-BR\",\"potentialAction\":[{\"@type\":\"CommentAction\",\"name\":\"Comment\",\"target\":[\"https:\/\/www.gaveanews.com\/index.php\/2025\/03\/29\/fortaleza-x-fluminense-a-declaracao-de-mano-menezes\/#respond\"]}],\"copyrightYear\":\"2025\",\"copyrightHolder\":{\"@id\":\"https:\/\/www.gaveanews.com\/#organization\"}},{\"@type\":\"WebPage\",\"@id\":\"https:\/\/www.gaveanews.com\/index.php\/2025\/03\/29\/fortaleza-x-fluminense-a-declaracao-de-mano-menezes\/\",\"url\":\"https:\/\/www.gaveanews.com\/index.php\/2025\/03\/29\/fortaleza-x-fluminense-a-declaracao-de-mano-menezes\/\",\"name\":\"Fortaleza x Fluminense: a declara\u00e7\u00e3o de Mano Menezes\",\"isPartOf\":{\"@id\":\"https:\/\/www.gaveanews.com\/#website\"},\"primaryImageOfPage\":{\"@id\":\"https:\/\/www.gaveanews.com\/index.php\/2025\/03\/29\/fortaleza-x-fluminense-a-declaracao-de-mano-menezes\/#primaryimage\"},\"image\":{\"@id\":\"https:\/\/www.gaveanews.com\/index.php\/2025\/03\/29\/fortaleza-x-fluminense-a-declaracao-de-mano-menezes\/#primaryimage\"},\"thumbnailUrl\":\"https:\/\/www.gaveanews.com\/wp-content\/uploads\/Mano-Menezes-pelo-Fluminense.webp\",\"datePublished\":\"2025-03-30T00:55:18+00:00\",\"dateModified\":\"2025-03-30T00:55:22+00:00\",\"author\":{\"@id\":\"https:\/\/www.gaveanews.com\/#\/schema\/person\/daf63eec72e1164eb13dc35096c2b8da\"},\"breadcrumb\":{\"@id\":\"https:\/\/www.gaveanews.com\/index.php\/2025\/03\/29\/fortaleza-x-fluminense-a-declaracao-de-mano-menezes\/#breadcrumb\"},\"inLanguage\":\"pt-BR\",\"potentialAction\":[{\"@type\":\"ReadAction\",\"target\":[\"https:\/\/www.gaveanews.com\/index.php\/2025\/03\/29\/fortaleza-x-fluminense-a-declaracao-de-mano-menezes\/\"]}]},{\"@type\":\"ImageObject\",\"inLanguage\":\"pt-BR\",\"@id\":\"https:\/\/www.gaveanews.com\/index.php\/2025\/03\/29\/fortaleza-x-fluminense-a-declaracao-de-mano-menezes\/#primaryimage\",\"url\":\"https:\/\/www.gaveanews.com\/wp-content\/uploads\/Mano-Menezes-pelo-Fluminense.webp\",\"contentUrl\":\"https:\/\/www.gaveanews.com\/wp-content\/uploads\/Mano-Menezes-pelo-Fluminense.webp\",\"width\":911,\"height\":623,\"caption\":\"Mano Menezes pelo Fluminense (Foto: Lucas Mer\u00e7on\/Fluminense)\"},{\"@type\":\"BreadcrumbList\",\"@id\":\"https:\/\/www.gaveanews.com\/index.php\/2025\/03\/29\/fortaleza-x-fluminense-a-declaracao-de-mano-menezes\/#breadcrumb\",\"itemListElement\":[{\"@type\":\"ListItem\",\"position\":1,\"name\":\"Home\",\"item\":\"https:\/\/www.gaveanews.com\/\"},{\"@type\":\"ListItem\",\"position\":2,\"name\":\"Fortaleza x Fluminense: a declara\u00e7\u00e3o de Mano Menezes\"}]},{\"@type\":\"WebSite\",\"@id\":\"https:\/\/www.gaveanews.com\/#website\",\"url\":\"https:\/\/www.gaveanews.com\/\",\"name\":\"G\u00e1vea News\",\"description\":\"Veja todas as not\u00edcias sobre o Flamengo: Contrata\u00e7\u00f5es, categorias de base, resultados das partidas, tabela de classifica\u00e7\u00e3o, pr\u00f3ximos jogos!\",\"potentialAction\":[{\"@type\":\"SearchAction\",\"target\":{\"@type\":\"EntryPoint\",\"urlTemplate\":\"https:\/\/www.gaveanews.com\/?s={search_term_string}\"},\"query-input\":{\"@type\":\"PropertyValueSpecification\",\"valueRequired\":true,\"valueName\":\"search_term_string\"}}],\"inLanguage\":\"pt-BR\"},{\"@type\":\"Person\",\"@id\":\"https:\/\/www.gaveanews.com\/#\/schema\/person\/daf63eec72e1164eb13dc35096c2b8da\",\"name\":\"Paula Silva\",\"image\":{\"@type\":\"ImageObject\",\"inLanguage\":\"pt-BR\",\"@id\":\"https:\/\/www.gaveanews.com\/#\/schema\/person\/image\/\",\"url\":\"https:\/\/secure.gravatar.com\/avatar\/eda381c845527cc5d64c13b901833cda29d97500ba040d3e6461f76f51d163bb?s=96&d=mm&r=g\",\"contentUrl\":\"https:\/\/secure.gravatar.com\/avatar\/eda381c845527cc5d64c13b901833cda29d97500ba040d3e6461f76f51d163bb?s=96&d=mm&r=g\",\"caption\":\"Paula Silva\"}}]}<\/script>\n<!-- \/ Yoast SEO Premium plugin. -->","yoast_head_json":{"title":"Fortaleza x Fluminense: a declara\u00e7\u00e3o de Mano Menezes","robots":{"index":"index","follow":"follow","max-snippet":"max-snippet:-1","max-image-preview":"max-image-preview:large","max-video-preview":"max-video-preview:-1"},"canonical":"https:\/\/www.gaveanews.com\/index.php\/2025\/03\/29\/fortaleza-x-fluminense-a-declaracao-de-mano-menezes\/","og_locale":"pt_BR","og_type":"article","og_title":"Fortaleza x Fluminense: a declara\u00e7\u00e3o de Mano Menezes","og_description":"A derrota do Fluminense por 2 a 0 para o Fortaleza, neste s\u00e1bado (29 de mar\u00e7o), no Castel\u00e3o, pela estreia do Campeonato Brasileiro, gerou cr\u00edticas por parte do t\u00e9cnico Mano Menezes. Segundo ele, o time teve &#8220;25 minutos muito ruins&#8221; e sofreu dois gols antes dos 21 minutos. A substitui\u00e7\u00e3o de Serna logo aos 12 [&hellip;]","og_url":"https:\/\/www.gaveanews.com\/index.php\/2025\/03\/29\/fortaleza-x-fluminense-a-declaracao-de-mano-menezes\/","og_site_name":"G\u00e1vea News","article_publisher":"https:\/\/facebook.com\/gaveaNews\/","article_published_time":"2025-03-30T00:55:18+00:00","article_modified_time":"2025-03-30T00:55:22+00:00","og_image":[{"width":911,"height":623,"url":"http:\/\/www.gaveanews.com\/wp-content\/uploads\/Mano-Menezes-pelo-Fluminense.webp","type":"image\/jpeg"}],"author":"Paula Silva","twitter_card":"summary_large_image","twitter_misc":{"Escrito por":"Paula Silva","Est. tempo de leitura":"3 minutos"},"schema":{"@context":"https:\/\/schema.org","@graph":[{"@type":"NewsArticle","@id":"https:\/\/www.gaveanews.com\/index.php\/2025\/03\/29\/fortaleza-x-fluminense-a-declaracao-de-mano-menezes\/#article","isPartOf":{"@id":"https:\/\/www.gaveanews.com\/index.php\/2025\/03\/29\/fortaleza-x-fluminense-a-declaracao-de-mano-menezes\/"},"author":{"name":"Paula Silva","@id":"https:\/\/www.gaveanews.com\/#\/schema\/person\/daf63eec72e1164eb13dc35096c2b8da"},"headline":"Fortaleza x Fluminense: a declara\u00e7\u00e3o de Mano Menezes","datePublished":"2025-03-30T00:55:18+00:00","dateModified":"2025-03-30T00:55:22+00:00","mainEntityOfPage":{"@id":"https:\/\/www.gaveanews.com\/index.php\/2025\/03\/29\/fortaleza-x-fluminense-a-declaracao-de-mano-menezes\/"},"wordCount":491,"commentCount":0,"image":{"@id":"https:\/\/www.gaveanews.com\/index.php\/2025\/03\/29\/fortaleza-x-fluminense-a-declaracao-de-mano-menezes\/#primaryimage"},"thumbnailUrl":"https:\/\/www.gaveanews.com\/wp-content\/uploads\/Mano-Menezes-pelo-Fluminense.webp","articleSection":["Fluminense"],"inLanguage":"pt-BR","potentialAction":[{"@type":"CommentAction","name":"Comment","target":["https:\/\/www.gaveanews.com\/index.php\/2025\/03\/29\/fortaleza-x-fluminense-a-declaracao-de-mano-menezes\/#respond"]}],"copyrightYear":"2025","copyrightHolder":{"@id":"https:\/\/www.gaveanews.com\/#organization"}},{"@type":"WebPage","@id":"https:\/\/www.gaveanews.com\/index.php\/2025\/03\/29\/fortaleza-x-fluminense-a-declaracao-de-mano-menezes\/","url":"https:\/\/www.gaveanews.com\/index.php\/2025\/03\/29\/fortaleza-x-fluminense-a-declaracao-de-mano-menezes\/","name":"Fortaleza x Fluminense: a declara\u00e7\u00e3o de Mano Menezes","isPartOf":{"@id":"https:\/\/www.gaveanews.com\/#website"},"primaryImageOfPage":{"@id":"https:\/\/www.gaveanews.com\/index.php\/2025\/03\/29\/fortaleza-x-fluminense-a-declaracao-de-mano-menezes\/#primaryimage"},"image":{"@id":"https:\/\/www.gaveanews.com\/index.php\/2025\/03\/29\/fortaleza-x-fluminense-a-declaracao-de-mano-menezes\/#primaryimage"},"thumbnailUrl":"https:\/\/www.gaveanews.com\/wp-content\/uploads\/Mano-Menezes-pelo-Fluminense.webp","datePublished":"2025-03-30T00:55:18+00:00","dateModified":"2025-03-30T00:55:22+00:00","author":{"@id":"https:\/\/www.gaveanews.com\/#\/schema\/person\/daf63eec72e1164eb13dc35096c2b8da"},"breadcrumb":{"@id":"https:\/\/www.gaveanews.com\/index.php\/2025\/03\/29\/fortaleza-x-fluminense-a-declaracao-de-mano-menezes\/#breadcrumb"},"inLanguage":"pt-BR","potentialAction":[{"@type":"ReadAction","target":["https:\/\/www.gaveanews.com\/index.php\/2025\/03\/29\/fortaleza-x-fluminense-a-declaracao-de-mano-menezes\/"]}]},{"@type":"ImageObject","inLanguage":"pt-BR","@id":"https:\/\/www.gaveanews.com\/index.php\/2025\/03\/29\/fortaleza-x-fluminense-a-declaracao-de-mano-menezes\/#primaryimage","url":"https:\/\/www.gaveanews.com\/wp-content\/uploads\/Mano-Menezes-pelo-Fluminense.webp","contentUrl":"https:\/\/www.gaveanews.com\/wp-content\/uploads\/Mano-Menezes-pelo-Fluminense.webp","width":911,"height":623,"caption":"Mano Menezes pelo Fluminense (Foto: Lucas Mer\u00e7on\/Fluminense)"},{"@type":"BreadcrumbList","@id":"https:\/\/www.gaveanews.com\/index.php\/2025\/03\/29\/fortaleza-x-fluminense-a-declaracao-de-mano-menezes\/#breadcrumb","itemListElement":[{"@type":"ListItem","position":1,"name":"Home","item":"https:\/\/www.gaveanews.com\/"},{"@type":"ListItem","position":2,"name":"Fortaleza x Fluminense: a declara\u00e7\u00e3o de Mano Menezes"}]},{"@type":"WebSite","@id":"https:\/\/www.gaveanews.com\/#website","url":"https:\/\/www.gaveanews.com\/","name":"G\u00e1vea News","description":"Veja todas as not\u00edcias sobre o Flamengo: Contrata\u00e7\u00f5es, categorias de base, resultados das partidas, tabela de classifica\u00e7\u00e3o, pr\u00f3ximos jogos!","potentialAction":[{"@type":"SearchAction","target":{"@type":"EntryPoint","urlTemplate":"https:\/\/www.gaveanews.com\/?s={search_term_string}"},"query-input":{"@type":"PropertyValueSpecification","valueRequired":true,"valueName":"search_term_string"}}],"inLanguage":"pt-BR"},{"@type":"Person","@id":"https:\/\/www.gaveanews.com\/#\/schema\/person\/daf63eec72e1164eb13dc35096c2b8da","name":"Paula Silva","image":{"@type":"ImageObject","inLanguage":"pt-BR","@id":"https:\/\/www.gaveanews.com\/#\/schema\/person\/image\/","url":"https:\/\/secure.gravatar.com\/avatar\/eda381c845527cc5d64c13b901833cda29d97500ba040d3e6461f76f51d163bb?s=96&d=mm&r=g","contentUrl":"https:\/\/secure.gravatar.com\/avatar\/eda381c845527cc5d64c13b901833cda29d97500ba040d3e6461f76f51d163bb?s=96&d=mm&r=g","caption":"Paula Silva"}}]}},"_links":{"self":[{"href":"https:\/\/www.gaveanews.com\/index.php\/wp-json\/wp\/v2\/posts\/246555","targetHints":{"allow":["GET"]}}],"collection":[{"href":"https:\/\/www.gaveanews.com\/index.php\/wp-json\/wp\/v2\/posts"}],"about":[{"href":"https:\/\/www.gaveanews.com\/index.php\/wp-json\/wp\/v2\/types\/post"}],"author":[{"embeddable":true,"href":"https:\/\/www.gaveanews.com\/index.php\/wp-json\/wp\/v2\/users\/18"}],"replies":[{"embeddable":true,"href":"https:\/\/www.gaveanews.com\/index.php\/wp-json\/wp\/v2\/comments?post=246555"}],"version-history":[{"count":1,"href":"https:\/\/www.gaveanews.com\/index.php\/wp-json\/wp\/v2\/posts\/246555\/revisions"}],"predecessor-version":[{"id":246556,"href":"https:\/\/www.gaveanews.com\/index.php\/wp-json\/wp\/v2\/posts\/246555\/revisions\/246556"}],"wp:featuredmedia":[{"embeddable":true,"href":"https:\/\/www.gaveanews.com\/index.php\/wp-json\/wp\/v2\/media\/225314"}],"wp:attachment":[{"href":"https:\/\/www.gaveanews.com\/index.php\/wp-json\/wp\/v2\/media?parent=246555"}],"wp:term":[{"taxonomy":"category","embeddable":true,"href":"https:\/\/www.gaveanews.com\/index.php\/wp-json\/wp\/v2\/categories?post=246555"},{"taxonomy":"post_tag","embeddable":true,"href":"https:\/\/www.gaveanews.com\/index.php\/wp-json\/wp\/v2\/tags?post=246555"}],"curies":[{"name":"wp","href":"https:\/\/api.w.org\/{rel}","templated":true}]}}