{"id":246557,"date":"2025-03-29T22:48:10","date_gmt":"2025-03-30T01:48:10","guid":{"rendered":"https:\/\/www.gaveanews.com\/?p=246557"},"modified":"2025-03-29T22:48:12","modified_gmt":"2025-03-30T01:48:12","slug":"rafael-guanes-tecnico-do-mirassol-e-sincero-apos-derrota-para-o-cruzeiro-nao-entendi-alguns-recados","status":"publish","type":"post","link":"https:\/\/www.gaveanews.com\/index.php\/2025\/03\/29\/rafael-guanes-tecnico-do-mirassol-e-sincero-apos-derrota-para-o-cruzeiro-nao-entendi-alguns-recados\/","title":{"rendered":"Rafael Guanes, t\u00e9cnico do Mirassol, \u00e9 sincero ap\u00f3s derrota para o Cruzeiro: &#8220;N\u00e3o entendi alguns recados\u2026&#8221;"},"content":{"rendered":"\n<p>Na estreia do Mirassol na elite do Campeonato Brasileiro, o t\u00e9cnico Rafael Guanaes considerou &#8220;injusta&#8221; a derrota para o Cruzeiro no Mineir\u00e3o. Embora reconhecesse a efici\u00eancia do advers\u00e1rio nas chances criadas, Guanaes destacou que sua equipe fez um bom jogo e buscou o resultado at\u00e9 o fim. <\/p>\n\n\n\n<p>A partida, que marcou a primeira participa\u00e7\u00e3o do Mirassol na S\u00e9rie A, foi repleta de emo\u00e7\u00f5es. Apesar do rev\u00e9s por 2 a 0, Guanaes se mostrou satisfeito com o desempenho de seus jogadores, que dominaram a posse de bola, finalizaram mais vezes e criaram v\u00e1rias chances de gol. O treinador tamb\u00e9m destacou que sua equipe mostrou competitividade e coragem, com uma press\u00e3o constante sobre o Cruzeiro.<\/p>\n\n\n\n<p>&#8220;Contra um time grande, jogadores renomados, nas oportunidades que eles tiveram, principalmente nos nossos erros, acabaram ocasionando os gols. Mas saio com a sensa\u00e7\u00e3o de dever cumprido, sim. Vi o que temos treinado em campo hoje. Uma equipe extremamente competitiva, pressionando, corajosa. Tivemos diversas chances de gol, finalizamos mais, tivemos mais posse e expectativa de gol mais alta tamb\u00e9m&#8221;, disse.<\/p>\n\n\n\n<p>&#8220;N\u00e3o estamos ainda na nossa melhor for\u00e7a, com todos os jogadores \u00e0 disposi\u00e7\u00e3o. Com pouco tempo de trabalho tamb\u00e9m, e queria dar os parab\u00e9ns \u00e0 minha equipe por essa assimila\u00e7\u00e3o e pelo esfor\u00e7o m\u00e1ximo que foi feito. A sensa\u00e7\u00e3o \u00e9 de dever cumprido e de que o resultado foi injusto. O\u00a0Cruzeiro\u00a0foi eficiente nas chances que teve, o Muralha n\u00e3o fez nenhuma defesa de destaque e buscamos o empate at\u00e9 o fim do jogo&#8221;, completou.<\/p>\n\n\n\n<p>No entanto, o t\u00e9cnico fez uma cr\u00edtica \u00e0 arbitragem, que, segundo ele, teve v\u00e1rias &#8220;invers\u00f5es de faltas&#8221; ao longo do jogo, o que o deixou insatisfeito. Guanaes explicou que n\u00e3o costuma se queixar de arbitragem, mas sentiu que, em algumas situa\u00e7\u00f5es, o juiz se equivocou.<\/p>\n\n\n\n<p> &#8221;\u00a0N\u00e3o gosto muito de reclamar, mas vou. Quantas vezes o \u00e1rbitro mudou as faltas? Tamb\u00e9m n\u00e3o entendi alguns recados dentro do campo. Sei que n\u00e3o vai gerar nada o que estou falando aqui, mas n\u00e3o precisava&#8221;, disse. <\/p>\n\n\n\n<p>Para a segunda rodada do Brasileir\u00e3o, o Mirassol recebe o Fortaleza em casa, no pr\u00f3ximo domingo, e Guanaes acredita que a equipe pode conquistar bons resultados, especialmente se continuar com o mesmo n\u00edvel de desempenho apresentado contra o Cruzeiro. O t\u00e9cnico ressaltou que o time ainda n\u00e3o est\u00e1 em sua melhor forma, mas o pouco tempo de trabalho e a falta de alguns jogadores n\u00e3o impediram a equipe de competir bem.<\/p>\n\n\n\n<p>Guanaes finalizou dizendo que a atua\u00e7\u00e3o de sua equipe no Mineir\u00e3o &#8220;d\u00e1 um recado&#8221; sobre o que o time busca neste Campeonato Brasileiro. O t\u00e9cnico afirmou que, apesar de n\u00e3o ter conquistado pontos, a confian\u00e7a da equipe foi refor\u00e7ada pelo bom desempenho.<\/p>\n\n\n\n<p>&#8220;Fizemos um grande jogo contra uma grande equipe na sua casa, ent\u00e3o temos boas perspectivas&#8221;, concluiu.<\/p>\n","protected":false},"excerpt":{"rendered":"<p>Na estreia do Mirassol na elite do Campeonato Brasileiro, o t\u00e9cnico Rafael Guanaes considerou &#8220;injusta&#8221; a derrota para o Cruzeiro no Mineir\u00e3o. Embora reconhecesse a efici\u00eancia do advers\u00e1rio nas chances criadas, Guanaes destacou que sua equipe fez um bom jogo e buscou o resultado at\u00e9 o fim. A partida, que marcou a primeira participa\u00e7\u00e3o do [&hellip;]<\/p>\n","protected":false},"author":17,"featured_media":246565,"comment_status":"open","ping_status":"closed","sticky":false,"template":"","format":"standard","meta":{"footnotes":""},"categories":[520],"tags":[],"class_list":["post-246557","post","type-post","status-publish","format-standard","has-post-thumbnail","hentry","category-mirassol"],"yoast_head":"<!-- This site is optimized with the Yoast SEO Premium plugin v24.2 (Yoast SEO v26.9) - https:\/\/yoast.com\/product\/yoast-seo-premium-wordpress\/ -->\n<title>Rafael Guanes, t\u00e9cnico do Mirassol, \u00e9 sincero ap\u00f3s derrota para o Cruzeiro: &quot;N\u00e3o entendi alguns recados\u2026&quot;<\/title>\n<meta name=\"robots\" content=\"index, follow, max-snippet:-1, max-image-preview:large, max-video-preview:-1\" \/>\n<link rel=\"canonical\" href=\"https:\/\/www.gaveanews.com\/index.php\/2025\/03\/29\/rafael-guanes-tecnico-do-mirassol-e-sincero-apos-derrota-para-o-cruzeiro-nao-entendi-alguns-recados\/\" \/>\n<meta property=\"og:locale\" content=\"pt_BR\" \/>\n<meta property=\"og:type\" content=\"article\" \/>\n<meta property=\"og:title\" content=\"Rafael Guanes, t\u00e9cnico do Mirassol, \u00e9 sincero ap\u00f3s derrota para o Cruzeiro: &quot;N\u00e3o entendi alguns recados\u2026&quot;\" \/>\n<meta property=\"og:description\" content=\"Na estreia do Mirassol na elite do Campeonato Brasileiro, o t\u00e9cnico Rafael Guanaes considerou &#8220;injusta&#8221; a derrota para o Cruzeiro no Mineir\u00e3o. Embora reconhecesse a efici\u00eancia do advers\u00e1rio nas chances criadas, Guanaes destacou que sua equipe fez um bom jogo e buscou o resultado at\u00e9 o fim. A partida, que marcou a primeira participa\u00e7\u00e3o do [&hellip;]\" \/>\n<meta property=\"og:url\" content=\"https:\/\/www.gaveanews.com\/index.php\/2025\/03\/29\/rafael-guanes-tecnico-do-mirassol-e-sincero-apos-derrota-para-o-cruzeiro-nao-entendi-alguns-recados\/\" \/>\n<meta property=\"og:site_name\" content=\"G\u00e1vea News\" \/>\n<meta property=\"article:publisher\" content=\"https:\/\/facebook.com\/gaveaNews\/\" \/>\n<meta property=\"article:published_time\" content=\"2025-03-30T01:48:10+00:00\" \/>\n<meta property=\"article:modified_time\" content=\"2025-03-30T01:48:12+00:00\" \/>\n<meta property=\"og:image\" content=\"http:\/\/www.gaveanews.com\/wp-content\/uploads\/Rafael-Guanaes-tecnico-do-Mirassol.webp\" \/>\n\t<meta property=\"og:image:width\" content=\"499\" \/>\n\t<meta property=\"og:image:height\" content=\"349\" \/>\n\t<meta property=\"og:image:type\" content=\"image\/jpeg\" \/>\n<meta name=\"author\" content=\"Geovanna Thomaz\" \/>\n<meta name=\"twitter:card\" content=\"summary_large_image\" \/>\n<meta name=\"twitter:label1\" content=\"Escrito por\" \/>\n\t<meta name=\"twitter:data1\" content=\"Geovanna Thomaz\" \/>\n\t<meta name=\"twitter:label2\" content=\"Est. tempo de leitura\" \/>\n\t<meta name=\"twitter:data2\" content=\"3 minutos\" \/>\n<script type=\"application\/ld+json\" class=\"yoast-schema-graph\">{\"@context\":\"https:\/\/schema.org\",\"@graph\":[{\"@type\":\"NewsArticle\",\"@id\":\"https:\/\/www.gaveanews.com\/index.php\/2025\/03\/29\/rafael-guanes-tecnico-do-mirassol-e-sincero-apos-derrota-para-o-cruzeiro-nao-entendi-alguns-recados\/#article\",\"isPartOf\":{\"@id\":\"https:\/\/www.gaveanews.com\/index.php\/2025\/03\/29\/rafael-guanes-tecnico-do-mirassol-e-sincero-apos-derrota-para-o-cruzeiro-nao-entendi-alguns-recados\/\"},\"author\":{\"name\":\"Geovanna Thomaz\",\"@id\":\"https:\/\/www.gaveanews.com\/#\/schema\/person\/f42654babcd2b2014a1a65af82b081f1\"},\"headline\":\"Rafael Guanes, t\u00e9cnico do Mirassol, \u00e9 sincero ap\u00f3s derrota para o Cruzeiro: &#8220;N\u00e3o entendi alguns recados\u2026&#8221;\",\"datePublished\":\"2025-03-30T01:48:10+00:00\",\"dateModified\":\"2025-03-30T01:48:12+00:00\",\"mainEntityOfPage\":{\"@id\":\"https:\/\/www.gaveanews.com\/index.php\/2025\/03\/29\/rafael-guanes-tecnico-do-mirassol-e-sincero-apos-derrota-para-o-cruzeiro-nao-entendi-alguns-recados\/\"},\"wordCount\":519,\"commentCount\":0,\"image\":{\"@id\":\"https:\/\/www.gaveanews.com\/index.php\/2025\/03\/29\/rafael-guanes-tecnico-do-mirassol-e-sincero-apos-derrota-para-o-cruzeiro-nao-entendi-alguns-recados\/#primaryimage\"},\"thumbnailUrl\":\"https:\/\/www.gaveanews.com\/wp-content\/uploads\/Rafael-Guanaes-tecnico-do-Mirassol.webp\",\"articleSection\":[\"Mirassol\"],\"inLanguage\":\"pt-BR\",\"potentialAction\":[{\"@type\":\"CommentAction\",\"name\":\"Comment\",\"target\":[\"https:\/\/www.gaveanews.com\/index.php\/2025\/03\/29\/rafael-guanes-tecnico-do-mirassol-e-sincero-apos-derrota-para-o-cruzeiro-nao-entendi-alguns-recados\/#respond\"]}],\"copyrightYear\":\"2025\",\"copyrightHolder\":{\"@id\":\"https:\/\/www.gaveanews.com\/#organization\"}},{\"@type\":\"WebPage\",\"@id\":\"https:\/\/www.gaveanews.com\/index.php\/2025\/03\/29\/rafael-guanes-tecnico-do-mirassol-e-sincero-apos-derrota-para-o-cruzeiro-nao-entendi-alguns-recados\/\",\"url\":\"https:\/\/www.gaveanews.com\/index.php\/2025\/03\/29\/rafael-guanes-tecnico-do-mirassol-e-sincero-apos-derrota-para-o-cruzeiro-nao-entendi-alguns-recados\/\",\"name\":\"Rafael Guanes, t\u00e9cnico do Mirassol, \u00e9 sincero ap\u00f3s derrota para o Cruzeiro: \\\"N\u00e3o entendi alguns recados\u2026\\\"\",\"isPartOf\":{\"@id\":\"https:\/\/www.gaveanews.com\/#website\"},\"primaryImageOfPage\":{\"@id\":\"https:\/\/www.gaveanews.com\/index.php\/2025\/03\/29\/rafael-guanes-tecnico-do-mirassol-e-sincero-apos-derrota-para-o-cruzeiro-nao-entendi-alguns-recados\/#primaryimage\"},\"image\":{\"@id\":\"https:\/\/www.gaveanews.com\/index.php\/2025\/03\/29\/rafael-guanes-tecnico-do-mirassol-e-sincero-apos-derrota-para-o-cruzeiro-nao-entendi-alguns-recados\/#primaryimage\"},\"thumbnailUrl\":\"https:\/\/www.gaveanews.com\/wp-content\/uploads\/Rafael-Guanaes-tecnico-do-Mirassol.webp\",\"datePublished\":\"2025-03-30T01:48:10+00:00\",\"dateModified\":\"2025-03-30T01:48:12+00:00\",\"author\":{\"@id\":\"https:\/\/www.gaveanews.com\/#\/schema\/person\/f42654babcd2b2014a1a65af82b081f1\"},\"breadcrumb\":{\"@id\":\"https:\/\/www.gaveanews.com\/index.php\/2025\/03\/29\/rafael-guanes-tecnico-do-mirassol-e-sincero-apos-derrota-para-o-cruzeiro-nao-entendi-alguns-recados\/#breadcrumb\"},\"inLanguage\":\"pt-BR\",\"potentialAction\":[{\"@type\":\"ReadAction\",\"target\":[\"https:\/\/www.gaveanews.com\/index.php\/2025\/03\/29\/rafael-guanes-tecnico-do-mirassol-e-sincero-apos-derrota-para-o-cruzeiro-nao-entendi-alguns-recados\/\"]}]},{\"@type\":\"ImageObject\",\"inLanguage\":\"pt-BR\",\"@id\":\"https:\/\/www.gaveanews.com\/index.php\/2025\/03\/29\/rafael-guanes-tecnico-do-mirassol-e-sincero-apos-derrota-para-o-cruzeiro-nao-entendi-alguns-recados\/#primaryimage\",\"url\":\"https:\/\/www.gaveanews.com\/wp-content\/uploads\/Rafael-Guanaes-tecnico-do-Mirassol.webp\",\"contentUrl\":\"https:\/\/www.gaveanews.com\/wp-content\/uploads\/Rafael-Guanaes-tecnico-do-Mirassol.webp\",\"width\":499,\"height\":349,\"caption\":\"Rafael Guanaes t\u00e9cnico do Mirassol (Foto: JP Pinheiro\/Ag\u00eancia Mirassol)\"},{\"@type\":\"BreadcrumbList\",\"@id\":\"https:\/\/www.gaveanews.com\/index.php\/2025\/03\/29\/rafael-guanes-tecnico-do-mirassol-e-sincero-apos-derrota-para-o-cruzeiro-nao-entendi-alguns-recados\/#breadcrumb\",\"itemListElement\":[{\"@type\":\"ListItem\",\"position\":1,\"name\":\"Home\",\"item\":\"https:\/\/www.gaveanews.com\/\"},{\"@type\":\"ListItem\",\"position\":2,\"name\":\"Rafael Guanes, t\u00e9cnico do Mirassol, \u00e9 sincero ap\u00f3s derrota para o Cruzeiro: &#8220;N\u00e3o entendi alguns recados\u2026&#8221;\"}]},{\"@type\":\"WebSite\",\"@id\":\"https:\/\/www.gaveanews.com\/#website\",\"url\":\"https:\/\/www.gaveanews.com\/\",\"name\":\"G\u00e1vea News\",\"description\":\"Veja todas as not\u00edcias sobre o Flamengo: Contrata\u00e7\u00f5es, categorias de base, resultados das partidas, tabela de classifica\u00e7\u00e3o, pr\u00f3ximos jogos!\",\"potentialAction\":[{\"@type\":\"SearchAction\",\"target\":{\"@type\":\"EntryPoint\",\"urlTemplate\":\"https:\/\/www.gaveanews.com\/?s={search_term_string}\"},\"query-input\":{\"@type\":\"PropertyValueSpecification\",\"valueRequired\":true,\"valueName\":\"search_term_string\"}}],\"inLanguage\":\"pt-BR\"},{\"@type\":\"Person\",\"@id\":\"https:\/\/www.gaveanews.com\/#\/schema\/person\/f42654babcd2b2014a1a65af82b081f1\",\"name\":\"Geovanna Thomaz\",\"image\":{\"@type\":\"ImageObject\",\"inLanguage\":\"pt-BR\",\"@id\":\"https:\/\/www.gaveanews.com\/#\/schema\/person\/image\/\",\"url\":\"https:\/\/secure.gravatar.com\/avatar\/4092073255489533afb558984b49b64268c47198af8623cc82a925ae9fb7118a?s=96&d=mm&r=g\",\"contentUrl\":\"https:\/\/secure.gravatar.com\/avatar\/4092073255489533afb558984b49b64268c47198af8623cc82a925ae9fb7118a?s=96&d=mm&r=g\",\"caption\":\"Geovanna Thomaz\"}}]}<\/script>\n<!-- \/ Yoast SEO Premium plugin. -->","yoast_head_json":{"title":"Rafael Guanes, t\u00e9cnico do Mirassol, \u00e9 sincero ap\u00f3s derrota para o Cruzeiro: \"N\u00e3o entendi alguns recados\u2026\"","robots":{"index":"index","follow":"follow","max-snippet":"max-snippet:-1","max-image-preview":"max-image-preview:large","max-video-preview":"max-video-preview:-1"},"canonical":"https:\/\/www.gaveanews.com\/index.php\/2025\/03\/29\/rafael-guanes-tecnico-do-mirassol-e-sincero-apos-derrota-para-o-cruzeiro-nao-entendi-alguns-recados\/","og_locale":"pt_BR","og_type":"article","og_title":"Rafael Guanes, t\u00e9cnico do Mirassol, \u00e9 sincero ap\u00f3s derrota para o Cruzeiro: \"N\u00e3o entendi alguns recados\u2026\"","og_description":"Na estreia do Mirassol na elite do Campeonato Brasileiro, o t\u00e9cnico Rafael Guanaes considerou &#8220;injusta&#8221; a derrota para o Cruzeiro no Mineir\u00e3o. Embora reconhecesse a efici\u00eancia do advers\u00e1rio nas chances criadas, Guanaes destacou que sua equipe fez um bom jogo e buscou o resultado at\u00e9 o fim. A partida, que marcou a primeira participa\u00e7\u00e3o do [&hellip;]","og_url":"https:\/\/www.gaveanews.com\/index.php\/2025\/03\/29\/rafael-guanes-tecnico-do-mirassol-e-sincero-apos-derrota-para-o-cruzeiro-nao-entendi-alguns-recados\/","og_site_name":"G\u00e1vea News","article_publisher":"https:\/\/facebook.com\/gaveaNews\/","article_published_time":"2025-03-30T01:48:10+00:00","article_modified_time":"2025-03-30T01:48:12+00:00","og_image":[{"width":499,"height":349,"url":"http:\/\/www.gaveanews.com\/wp-content\/uploads\/Rafael-Guanaes-tecnico-do-Mirassol.webp","type":"image\/jpeg"}],"author":"Geovanna Thomaz","twitter_card":"summary_large_image","twitter_misc":{"Escrito por":"Geovanna Thomaz","Est. tempo de leitura":"3 minutos"},"schema":{"@context":"https:\/\/schema.org","@graph":[{"@type":"NewsArticle","@id":"https:\/\/www.gaveanews.com\/index.php\/2025\/03\/29\/rafael-guanes-tecnico-do-mirassol-e-sincero-apos-derrota-para-o-cruzeiro-nao-entendi-alguns-recados\/#article","isPartOf":{"@id":"https:\/\/www.gaveanews.com\/index.php\/2025\/03\/29\/rafael-guanes-tecnico-do-mirassol-e-sincero-apos-derrota-para-o-cruzeiro-nao-entendi-alguns-recados\/"},"author":{"name":"Geovanna Thomaz","@id":"https:\/\/www.gaveanews.com\/#\/schema\/person\/f42654babcd2b2014a1a65af82b081f1"},"headline":"Rafael Guanes, t\u00e9cnico do Mirassol, \u00e9 sincero ap\u00f3s derrota para o Cruzeiro: &#8220;N\u00e3o entendi alguns recados\u2026&#8221;","datePublished":"2025-03-30T01:48:10+00:00","dateModified":"2025-03-30T01:48:12+00:00","mainEntityOfPage":{"@id":"https:\/\/www.gaveanews.com\/index.php\/2025\/03\/29\/rafael-guanes-tecnico-do-mirassol-e-sincero-apos-derrota-para-o-cruzeiro-nao-entendi-alguns-recados\/"},"wordCount":519,"commentCount":0,"image":{"@id":"https:\/\/www.gaveanews.com\/index.php\/2025\/03\/29\/rafael-guanes-tecnico-do-mirassol-e-sincero-apos-derrota-para-o-cruzeiro-nao-entendi-alguns-recados\/#primaryimage"},"thumbnailUrl":"https:\/\/www.gaveanews.com\/wp-content\/uploads\/Rafael-Guanaes-tecnico-do-Mirassol.webp","articleSection":["Mirassol"],"inLanguage":"pt-BR","potentialAction":[{"@type":"CommentAction","name":"Comment","target":["https:\/\/www.gaveanews.com\/index.php\/2025\/03\/29\/rafael-guanes-tecnico-do-mirassol-e-sincero-apos-derrota-para-o-cruzeiro-nao-entendi-alguns-recados\/#respond"]}],"copyrightYear":"2025","copyrightHolder":{"@id":"https:\/\/www.gaveanews.com\/#organization"}},{"@type":"WebPage","@id":"https:\/\/www.gaveanews.com\/index.php\/2025\/03\/29\/rafael-guanes-tecnico-do-mirassol-e-sincero-apos-derrota-para-o-cruzeiro-nao-entendi-alguns-recados\/","url":"https:\/\/www.gaveanews.com\/index.php\/2025\/03\/29\/rafael-guanes-tecnico-do-mirassol-e-sincero-apos-derrota-para-o-cruzeiro-nao-entendi-alguns-recados\/","name":"Rafael Guanes, t\u00e9cnico do Mirassol, \u00e9 sincero ap\u00f3s derrota para o Cruzeiro: \"N\u00e3o entendi alguns recados\u2026\"","isPartOf":{"@id":"https:\/\/www.gaveanews.com\/#website"},"primaryImageOfPage":{"@id":"https:\/\/www.gaveanews.com\/index.php\/2025\/03\/29\/rafael-guanes-tecnico-do-mirassol-e-sincero-apos-derrota-para-o-cruzeiro-nao-entendi-alguns-recados\/#primaryimage"},"image":{"@id":"https:\/\/www.gaveanews.com\/index.php\/2025\/03\/29\/rafael-guanes-tecnico-do-mirassol-e-sincero-apos-derrota-para-o-cruzeiro-nao-entendi-alguns-recados\/#primaryimage"},"thumbnailUrl":"https:\/\/www.gaveanews.com\/wp-content\/uploads\/Rafael-Guanaes-tecnico-do-Mirassol.webp","datePublished":"2025-03-30T01:48:10+00:00","dateModified":"2025-03-30T01:48:12+00:00","author":{"@id":"https:\/\/www.gaveanews.com\/#\/schema\/person\/f42654babcd2b2014a1a65af82b081f1"},"breadcrumb":{"@id":"https:\/\/www.gaveanews.com\/index.php\/2025\/03\/29\/rafael-guanes-tecnico-do-mirassol-e-sincero-apos-derrota-para-o-cruzeiro-nao-entendi-alguns-recados\/#breadcrumb"},"inLanguage":"pt-BR","potentialAction":[{"@type":"ReadAction","target":["https:\/\/www.gaveanews.com\/index.php\/2025\/03\/29\/rafael-guanes-tecnico-do-mirassol-e-sincero-apos-derrota-para-o-cruzeiro-nao-entendi-alguns-recados\/"]}]},{"@type":"ImageObject","inLanguage":"pt-BR","@id":"https:\/\/www.gaveanews.com\/index.php\/2025\/03\/29\/rafael-guanes-tecnico-do-mirassol-e-sincero-apos-derrota-para-o-cruzeiro-nao-entendi-alguns-recados\/#primaryimage","url":"https:\/\/www.gaveanews.com\/wp-content\/uploads\/Rafael-Guanaes-tecnico-do-Mirassol.webp","contentUrl":"https:\/\/www.gaveanews.com\/wp-content\/uploads\/Rafael-Guanaes-tecnico-do-Mirassol.webp","width":499,"height":349,"caption":"Rafael Guanaes t\u00e9cnico do Mirassol (Foto: JP Pinheiro\/Ag\u00eancia Mirassol)"},{"@type":"BreadcrumbList","@id":"https:\/\/www.gaveanews.com\/index.php\/2025\/03\/29\/rafael-guanes-tecnico-do-mirassol-e-sincero-apos-derrota-para-o-cruzeiro-nao-entendi-alguns-recados\/#breadcrumb","itemListElement":[{"@type":"ListItem","position":1,"name":"Home","item":"https:\/\/www.gaveanews.com\/"},{"@type":"ListItem","position":2,"name":"Rafael Guanes, t\u00e9cnico do Mirassol, \u00e9 sincero ap\u00f3s derrota para o Cruzeiro: &#8220;N\u00e3o entendi alguns recados\u2026&#8221;"}]},{"@type":"WebSite","@id":"https:\/\/www.gaveanews.com\/#website","url":"https:\/\/www.gaveanews.com\/","name":"G\u00e1vea News","description":"Veja todas as not\u00edcias sobre o Flamengo: Contrata\u00e7\u00f5es, categorias de base, resultados das partidas, tabela de classifica\u00e7\u00e3o, pr\u00f3ximos jogos!","potentialAction":[{"@type":"SearchAction","target":{"@type":"EntryPoint","urlTemplate":"https:\/\/www.gaveanews.com\/?s={search_term_string}"},"query-input":{"@type":"PropertyValueSpecification","valueRequired":true,"valueName":"search_term_string"}}],"inLanguage":"pt-BR"},{"@type":"Person","@id":"https:\/\/www.gaveanews.com\/#\/schema\/person\/f42654babcd2b2014a1a65af82b081f1","name":"Geovanna Thomaz","image":{"@type":"ImageObject","inLanguage":"pt-BR","@id":"https:\/\/www.gaveanews.com\/#\/schema\/person\/image\/","url":"https:\/\/secure.gravatar.com\/avatar\/4092073255489533afb558984b49b64268c47198af8623cc82a925ae9fb7118a?s=96&d=mm&r=g","contentUrl":"https:\/\/secure.gravatar.com\/avatar\/4092073255489533afb558984b49b64268c47198af8623cc82a925ae9fb7118a?s=96&d=mm&r=g","caption":"Geovanna Thomaz"}}]}},"_links":{"self":[{"href":"https:\/\/www.gaveanews.com\/index.php\/wp-json\/wp\/v2\/posts\/246557","targetHints":{"allow":["GET"]}}],"collection":[{"href":"https:\/\/www.gaveanews.com\/index.php\/wp-json\/wp\/v2\/posts"}],"about":[{"href":"https:\/\/www.gaveanews.com\/index.php\/wp-json\/wp\/v2\/types\/post"}],"author":[{"embeddable":true,"href":"https:\/\/www.gaveanews.com\/index.php\/wp-json\/wp\/v2\/users\/17"}],"replies":[{"embeddable":true,"href":"https:\/\/www.gaveanews.com\/index.php\/wp-json\/wp\/v2\/comments?post=246557"}],"version-history":[{"count":1,"href":"https:\/\/www.gaveanews.com\/index.php\/wp-json\/wp\/v2\/posts\/246557\/revisions"}],"predecessor-version":[{"id":246563,"href":"https:\/\/www.gaveanews.com\/index.php\/wp-json\/wp\/v2\/posts\/246557\/revisions\/246563"}],"wp:featuredmedia":[{"embeddable":true,"href":"https:\/\/www.gaveanews.com\/index.php\/wp-json\/wp\/v2\/media\/246565"}],"wp:attachment":[{"href":"https:\/\/www.gaveanews.com\/index.php\/wp-json\/wp\/v2\/media?parent=246557"}],"wp:term":[{"taxonomy":"category","embeddable":true,"href":"https:\/\/www.gaveanews.com\/index.php\/wp-json\/wp\/v2\/categories?post=246557"},{"taxonomy":"post_tag","embeddable":true,"href":"https:\/\/www.gaveanews.com\/index.php\/wp-json\/wp\/v2\/tags?post=246557"}],"curies":[{"name":"wp","href":"https:\/\/api.w.org\/{rel}","templated":true}]}}