{"id":246558,"date":"2025-03-29T21:59:24","date_gmt":"2025-03-30T00:59:24","guid":{"rendered":"https:\/\/www.gaveanews.com\/?p=246558"},"modified":"2025-03-29T23:23:05","modified_gmt":"2025-03-30T02:23:05","slug":"flamengo-x-internacional-a-declaracao-de-alex-sandro","status":"publish","type":"post","link":"https:\/\/www.gaveanews.com\/index.php\/2025\/03\/29\/flamengo-x-internacional-a-declaracao-de-alex-sandro\/","title":{"rendered":"Flamengo x Internacional: a declara\u00e7\u00e3o de Alex Sandro"},"content":{"rendered":"\n<p>Flamengo e Internacional foram a campo neste s\u00e1bado (29) para disputar a primeira rodada do Campeonato Brasileiro. A etapa inicial terminou com vit\u00f3ria parcial do Colorado por 1 a 0. No segundo tempo, o Fla empatou, e o embate terminou em 1 a 1.<\/p>\n\n\n\n<p>No intervalo, Alex Sandro, lateral do Meng\u00e3o, avaliou a postura da equipe no primeiro tempo. O defensor apontou alguns pontos que necessitam de mais aten\u00e7\u00e3o para buscar o triunfo jogando em casa e iniciar a competi\u00e7\u00e3o com o p\u00e9 direito.<\/p>\n\n\n\n<p>&#8220;Est\u00e1 sendo um primeiro tempo bem disputado, ambas as equipes est\u00e3o conseguindo fazer o seu jogo. No meu ponto de vista, o gol deles foi um erro de marca\u00e7\u00e3o nosso. \u00c9 ajustar no intervalo e voltar melhor no segundo tempo&#8221;, disse.<\/p>\n\n\n\n<p>Como dito por Alex Sandro, o Flamengo precisava voltar melhor no sedungo tempo para buscar a vit\u00f3ria, e assim o fez. Filipe Lu\u00eds promoveu algumas altera\u00e7\u00f5es, e a postura da equipe mudou. O Rubro-Negro conseguiu anular as a\u00e7\u00f5es coloradas e criou boas chances de gol.<\/p>\n\n\n\n<p>O Flamengo empatou o jogo no segundo tempo, com L\u00e9o Pereira. Ap\u00f3s bate e rebate na \u00e1rea, a bola sobrou para o zagueiro, que mandou para o fundo do gol. O Meng\u00e3o ainda teve boas chances com Juninho, Gonzalo Plata e Wallace Yan, mas n\u00e3o consegiu ampliar o marcador.<\/p>\n\n\n\n<p>Apesar de n\u00e3o ter garantido o triunfo, o Flamengo fez um bom jogo contra o Internacional e iniciou com expectativas o Brasileir\u00e3o. O Rubro-Negro volta a campo pelo Brasileir\u00e3o pr\u00f3ximo domingo, 6 de abril, para enfrentar o Vit\u00f3ria, no Barrad\u00e3o. As equipes medem for\u00e7as \u00e0s 18h30 (de Bras\u00edlia).<\/p>\n\n\n\n<p>O Internacional, por sua vez, vai encarar o Cruzeiro, no mesmo dia e hor\u00e1rio, no Est\u00e1dio do Beira Rio.<\/p>\n\n\n\n<p>Antes disso, as equipes disputam a primeira rodada da fase de grupos da Libertadores. O Mengo enfrenta o Deportivo T\u00e1chira, no dia 3, \u00e0s 21h30, enquanto o Inter encara o Bahia, no mesmo dia, \u00e0s 19h. <\/p>\n","protected":false},"excerpt":{"rendered":"<p>Flamengo e Internacional foram a campo neste s\u00e1bado (29) para disputar a primeira rodada do Campeonato Brasileiro. A etapa inicial terminou com vit\u00f3ria parcial do Colorado por 1 a 0. No segundo tempo, o Fla empatou, e o embate terminou em 1 a 1. No intervalo, Alex Sandro, lateral do Meng\u00e3o, avaliou a postura da [&hellip;]<\/p>\n","protected":false},"author":18,"featured_media":222148,"comment_status":"open","ping_status":"closed","sticky":false,"template":"","format":"standard","meta":{"footnotes":""},"categories":[1],"tags":[],"class_list":["post-246558","post","type-post","status-publish","format-standard","has-post-thumbnail","hentry","category-flamengo"],"yoast_head":"<!-- This site is optimized with the Yoast SEO Premium plugin v24.2 (Yoast SEO v26.9) - https:\/\/yoast.com\/product\/yoast-seo-premium-wordpress\/ -->\n<title>Flamengo x Internacional: a declara\u00e7\u00e3o de Alex Sandro<\/title>\n<meta name=\"robots\" content=\"index, follow, max-snippet:-1, max-image-preview:large, max-video-preview:-1\" \/>\n<link rel=\"canonical\" href=\"https:\/\/www.gaveanews.com\/index.php\/2025\/03\/29\/flamengo-x-internacional-a-declaracao-de-alex-sandro\/\" \/>\n<meta property=\"og:locale\" content=\"pt_BR\" \/>\n<meta property=\"og:type\" content=\"article\" \/>\n<meta property=\"og:title\" content=\"Flamengo x Internacional: a declara\u00e7\u00e3o de Alex Sandro\" \/>\n<meta property=\"og:description\" content=\"Flamengo e Internacional foram a campo neste s\u00e1bado (29) para disputar a primeira rodada do Campeonato Brasileiro. A etapa inicial terminou com vit\u00f3ria parcial do Colorado por 1 a 0. No segundo tempo, o Fla empatou, e o embate terminou em 1 a 1. No intervalo, Alex Sandro, lateral do Meng\u00e3o, avaliou a postura da [&hellip;]\" \/>\n<meta property=\"og:url\" content=\"https:\/\/www.gaveanews.com\/index.php\/2025\/03\/29\/flamengo-x-internacional-a-declaracao-de-alex-sandro\/\" \/>\n<meta property=\"og:site_name\" content=\"G\u00e1vea News\" \/>\n<meta property=\"article:publisher\" content=\"https:\/\/facebook.com\/gaveaNews\/\" \/>\n<meta property=\"article:published_time\" content=\"2025-03-30T00:59:24+00:00\" \/>\n<meta property=\"article:modified_time\" content=\"2025-03-30T02:23:05+00:00\" \/>\n<meta property=\"og:image\" content=\"http:\/\/www.gaveanews.com\/wp-content\/uploads\/Alex-Sandro-pelo-FLAMENGO.webp\" \/>\n\t<meta property=\"og:image:width\" content=\"570\" \/>\n\t<meta property=\"og:image:height\" content=\"450\" \/>\n\t<meta property=\"og:image:type\" content=\"image\/jpeg\" \/>\n<meta name=\"author\" content=\"Paula Silva\" \/>\n<meta name=\"twitter:card\" content=\"summary_large_image\" \/>\n<meta name=\"twitter:label1\" content=\"Escrito por\" \/>\n\t<meta name=\"twitter:data1\" content=\"Paula Silva\" \/>\n\t<meta name=\"twitter:label2\" content=\"Est. tempo de leitura\" \/>\n\t<meta name=\"twitter:data2\" content=\"2 minutos\" \/>\n<script type=\"application\/ld+json\" class=\"yoast-schema-graph\">{\"@context\":\"https:\/\/schema.org\",\"@graph\":[{\"@type\":\"NewsArticle\",\"@id\":\"https:\/\/www.gaveanews.com\/index.php\/2025\/03\/29\/flamengo-x-internacional-a-declaracao-de-alex-sandro\/#article\",\"isPartOf\":{\"@id\":\"https:\/\/www.gaveanews.com\/index.php\/2025\/03\/29\/flamengo-x-internacional-a-declaracao-de-alex-sandro\/\"},\"author\":{\"name\":\"Paula Silva\",\"@id\":\"https:\/\/www.gaveanews.com\/#\/schema\/person\/daf63eec72e1164eb13dc35096c2b8da\"},\"headline\":\"Flamengo x Internacional: a declara\u00e7\u00e3o de Alex Sandro\",\"datePublished\":\"2025-03-30T00:59:24+00:00\",\"dateModified\":\"2025-03-30T02:23:05+00:00\",\"mainEntityOfPage\":{\"@id\":\"https:\/\/www.gaveanews.com\/index.php\/2025\/03\/29\/flamengo-x-internacional-a-declaracao-de-alex-sandro\/\"},\"wordCount\":349,\"commentCount\":0,\"image\":{\"@id\":\"https:\/\/www.gaveanews.com\/index.php\/2025\/03\/29\/flamengo-x-internacional-a-declaracao-de-alex-sandro\/#primaryimage\"},\"thumbnailUrl\":\"https:\/\/www.gaveanews.com\/wp-content\/uploads\/Alex-Sandro-pelo-FLAMENGO.webp\",\"articleSection\":[\"Flamengo\"],\"inLanguage\":\"pt-BR\",\"potentialAction\":[{\"@type\":\"CommentAction\",\"name\":\"Comment\",\"target\":[\"https:\/\/www.gaveanews.com\/index.php\/2025\/03\/29\/flamengo-x-internacional-a-declaracao-de-alex-sandro\/#respond\"]}],\"copyrightYear\":\"2025\",\"copyrightHolder\":{\"@id\":\"https:\/\/www.gaveanews.com\/#organization\"}},{\"@type\":\"WebPage\",\"@id\":\"https:\/\/www.gaveanews.com\/index.php\/2025\/03\/29\/flamengo-x-internacional-a-declaracao-de-alex-sandro\/\",\"url\":\"https:\/\/www.gaveanews.com\/index.php\/2025\/03\/29\/flamengo-x-internacional-a-declaracao-de-alex-sandro\/\",\"name\":\"Flamengo x Internacional: a declara\u00e7\u00e3o de Alex Sandro\",\"isPartOf\":{\"@id\":\"https:\/\/www.gaveanews.com\/#website\"},\"primaryImageOfPage\":{\"@id\":\"https:\/\/www.gaveanews.com\/index.php\/2025\/03\/29\/flamengo-x-internacional-a-declaracao-de-alex-sandro\/#primaryimage\"},\"image\":{\"@id\":\"https:\/\/www.gaveanews.com\/index.php\/2025\/03\/29\/flamengo-x-internacional-a-declaracao-de-alex-sandro\/#primaryimage\"},\"thumbnailUrl\":\"https:\/\/www.gaveanews.com\/wp-content\/uploads\/Alex-Sandro-pelo-FLAMENGO.webp\",\"datePublished\":\"2025-03-30T00:59:24+00:00\",\"dateModified\":\"2025-03-30T02:23:05+00:00\",\"author\":{\"@id\":\"https:\/\/www.gaveanews.com\/#\/schema\/person\/daf63eec72e1164eb13dc35096c2b8da\"},\"breadcrumb\":{\"@id\":\"https:\/\/www.gaveanews.com\/index.php\/2025\/03\/29\/flamengo-x-internacional-a-declaracao-de-alex-sandro\/#breadcrumb\"},\"inLanguage\":\"pt-BR\",\"potentialAction\":[{\"@type\":\"ReadAction\",\"target\":[\"https:\/\/www.gaveanews.com\/index.php\/2025\/03\/29\/flamengo-x-internacional-a-declaracao-de-alex-sandro\/\"]}]},{\"@type\":\"ImageObject\",\"inLanguage\":\"pt-BR\",\"@id\":\"https:\/\/www.gaveanews.com\/index.php\/2025\/03\/29\/flamengo-x-internacional-a-declaracao-de-alex-sandro\/#primaryimage\",\"url\":\"https:\/\/www.gaveanews.com\/wp-content\/uploads\/Alex-Sandro-pelo-FLAMENGO.webp\",\"contentUrl\":\"https:\/\/www.gaveanews.com\/wp-content\/uploads\/Alex-Sandro-pelo-FLAMENGO.webp\",\"width\":570,\"height\":450},{\"@type\":\"BreadcrumbList\",\"@id\":\"https:\/\/www.gaveanews.com\/index.php\/2025\/03\/29\/flamengo-x-internacional-a-declaracao-de-alex-sandro\/#breadcrumb\",\"itemListElement\":[{\"@type\":\"ListItem\",\"position\":1,\"name\":\"Home\",\"item\":\"https:\/\/www.gaveanews.com\/\"},{\"@type\":\"ListItem\",\"position\":2,\"name\":\"Flamengo x Internacional: a declara\u00e7\u00e3o de Alex Sandro\"}]},{\"@type\":\"WebSite\",\"@id\":\"https:\/\/www.gaveanews.com\/#website\",\"url\":\"https:\/\/www.gaveanews.com\/\",\"name\":\"G\u00e1vea News\",\"description\":\"Veja todas as not\u00edcias sobre o Flamengo: Contrata\u00e7\u00f5es, categorias de base, resultados das partidas, tabela de classifica\u00e7\u00e3o, pr\u00f3ximos jogos!\",\"potentialAction\":[{\"@type\":\"SearchAction\",\"target\":{\"@type\":\"EntryPoint\",\"urlTemplate\":\"https:\/\/www.gaveanews.com\/?s={search_term_string}\"},\"query-input\":{\"@type\":\"PropertyValueSpecification\",\"valueRequired\":true,\"valueName\":\"search_term_string\"}}],\"inLanguage\":\"pt-BR\"},{\"@type\":\"Person\",\"@id\":\"https:\/\/www.gaveanews.com\/#\/schema\/person\/daf63eec72e1164eb13dc35096c2b8da\",\"name\":\"Paula Silva\",\"image\":{\"@type\":\"ImageObject\",\"inLanguage\":\"pt-BR\",\"@id\":\"https:\/\/www.gaveanews.com\/#\/schema\/person\/image\/\",\"url\":\"https:\/\/secure.gravatar.com\/avatar\/eda381c845527cc5d64c13b901833cda29d97500ba040d3e6461f76f51d163bb?s=96&d=mm&r=g\",\"contentUrl\":\"https:\/\/secure.gravatar.com\/avatar\/eda381c845527cc5d64c13b901833cda29d97500ba040d3e6461f76f51d163bb?s=96&d=mm&r=g\",\"caption\":\"Paula Silva\"}}]}<\/script>\n<!-- \/ Yoast SEO Premium plugin. -->","yoast_head_json":{"title":"Flamengo x Internacional: a declara\u00e7\u00e3o de Alex Sandro","robots":{"index":"index","follow":"follow","max-snippet":"max-snippet:-1","max-image-preview":"max-image-preview:large","max-video-preview":"max-video-preview:-1"},"canonical":"https:\/\/www.gaveanews.com\/index.php\/2025\/03\/29\/flamengo-x-internacional-a-declaracao-de-alex-sandro\/","og_locale":"pt_BR","og_type":"article","og_title":"Flamengo x Internacional: a declara\u00e7\u00e3o de Alex Sandro","og_description":"Flamengo e Internacional foram a campo neste s\u00e1bado (29) para disputar a primeira rodada do Campeonato Brasileiro. A etapa inicial terminou com vit\u00f3ria parcial do Colorado por 1 a 0. No segundo tempo, o Fla empatou, e o embate terminou em 1 a 1. No intervalo, Alex Sandro, lateral do Meng\u00e3o, avaliou a postura da [&hellip;]","og_url":"https:\/\/www.gaveanews.com\/index.php\/2025\/03\/29\/flamengo-x-internacional-a-declaracao-de-alex-sandro\/","og_site_name":"G\u00e1vea News","article_publisher":"https:\/\/facebook.com\/gaveaNews\/","article_published_time":"2025-03-30T00:59:24+00:00","article_modified_time":"2025-03-30T02:23:05+00:00","og_image":[{"width":570,"height":450,"url":"http:\/\/www.gaveanews.com\/wp-content\/uploads\/Alex-Sandro-pelo-FLAMENGO.webp","type":"image\/jpeg"}],"author":"Paula Silva","twitter_card":"summary_large_image","twitter_misc":{"Escrito por":"Paula Silva","Est. tempo de leitura":"2 minutos"},"schema":{"@context":"https:\/\/schema.org","@graph":[{"@type":"NewsArticle","@id":"https:\/\/www.gaveanews.com\/index.php\/2025\/03\/29\/flamengo-x-internacional-a-declaracao-de-alex-sandro\/#article","isPartOf":{"@id":"https:\/\/www.gaveanews.com\/index.php\/2025\/03\/29\/flamengo-x-internacional-a-declaracao-de-alex-sandro\/"},"author":{"name":"Paula Silva","@id":"https:\/\/www.gaveanews.com\/#\/schema\/person\/daf63eec72e1164eb13dc35096c2b8da"},"headline":"Flamengo x Internacional: a declara\u00e7\u00e3o de Alex Sandro","datePublished":"2025-03-30T00:59:24+00:00","dateModified":"2025-03-30T02:23:05+00:00","mainEntityOfPage":{"@id":"https:\/\/www.gaveanews.com\/index.php\/2025\/03\/29\/flamengo-x-internacional-a-declaracao-de-alex-sandro\/"},"wordCount":349,"commentCount":0,"image":{"@id":"https:\/\/www.gaveanews.com\/index.php\/2025\/03\/29\/flamengo-x-internacional-a-declaracao-de-alex-sandro\/#primaryimage"},"thumbnailUrl":"https:\/\/www.gaveanews.com\/wp-content\/uploads\/Alex-Sandro-pelo-FLAMENGO.webp","articleSection":["Flamengo"],"inLanguage":"pt-BR","potentialAction":[{"@type":"CommentAction","name":"Comment","target":["https:\/\/www.gaveanews.com\/index.php\/2025\/03\/29\/flamengo-x-internacional-a-declaracao-de-alex-sandro\/#respond"]}],"copyrightYear":"2025","copyrightHolder":{"@id":"https:\/\/www.gaveanews.com\/#organization"}},{"@type":"WebPage","@id":"https:\/\/www.gaveanews.com\/index.php\/2025\/03\/29\/flamengo-x-internacional-a-declaracao-de-alex-sandro\/","url":"https:\/\/www.gaveanews.com\/index.php\/2025\/03\/29\/flamengo-x-internacional-a-declaracao-de-alex-sandro\/","name":"Flamengo x Internacional: a declara\u00e7\u00e3o de Alex Sandro","isPartOf":{"@id":"https:\/\/www.gaveanews.com\/#website"},"primaryImageOfPage":{"@id":"https:\/\/www.gaveanews.com\/index.php\/2025\/03\/29\/flamengo-x-internacional-a-declaracao-de-alex-sandro\/#primaryimage"},"image":{"@id":"https:\/\/www.gaveanews.com\/index.php\/2025\/03\/29\/flamengo-x-internacional-a-declaracao-de-alex-sandro\/#primaryimage"},"thumbnailUrl":"https:\/\/www.gaveanews.com\/wp-content\/uploads\/Alex-Sandro-pelo-FLAMENGO.webp","datePublished":"2025-03-30T00:59:24+00:00","dateModified":"2025-03-30T02:23:05+00:00","author":{"@id":"https:\/\/www.gaveanews.com\/#\/schema\/person\/daf63eec72e1164eb13dc35096c2b8da"},"breadcrumb":{"@id":"https:\/\/www.gaveanews.com\/index.php\/2025\/03\/29\/flamengo-x-internacional-a-declaracao-de-alex-sandro\/#breadcrumb"},"inLanguage":"pt-BR","potentialAction":[{"@type":"ReadAction","target":["https:\/\/www.gaveanews.com\/index.php\/2025\/03\/29\/flamengo-x-internacional-a-declaracao-de-alex-sandro\/"]}]},{"@type":"ImageObject","inLanguage":"pt-BR","@id":"https:\/\/www.gaveanews.com\/index.php\/2025\/03\/29\/flamengo-x-internacional-a-declaracao-de-alex-sandro\/#primaryimage","url":"https:\/\/www.gaveanews.com\/wp-content\/uploads\/Alex-Sandro-pelo-FLAMENGO.webp","contentUrl":"https:\/\/www.gaveanews.com\/wp-content\/uploads\/Alex-Sandro-pelo-FLAMENGO.webp","width":570,"height":450},{"@type":"BreadcrumbList","@id":"https:\/\/www.gaveanews.com\/index.php\/2025\/03\/29\/flamengo-x-internacional-a-declaracao-de-alex-sandro\/#breadcrumb","itemListElement":[{"@type":"ListItem","position":1,"name":"Home","item":"https:\/\/www.gaveanews.com\/"},{"@type":"ListItem","position":2,"name":"Flamengo x Internacional: a declara\u00e7\u00e3o de Alex Sandro"}]},{"@type":"WebSite","@id":"https:\/\/www.gaveanews.com\/#website","url":"https:\/\/www.gaveanews.com\/","name":"G\u00e1vea News","description":"Veja todas as not\u00edcias sobre o Flamengo: Contrata\u00e7\u00f5es, categorias de base, resultados das partidas, tabela de classifica\u00e7\u00e3o, pr\u00f3ximos jogos!","potentialAction":[{"@type":"SearchAction","target":{"@type":"EntryPoint","urlTemplate":"https:\/\/www.gaveanews.com\/?s={search_term_string}"},"query-input":{"@type":"PropertyValueSpecification","valueRequired":true,"valueName":"search_term_string"}}],"inLanguage":"pt-BR"},{"@type":"Person","@id":"https:\/\/www.gaveanews.com\/#\/schema\/person\/daf63eec72e1164eb13dc35096c2b8da","name":"Paula Silva","image":{"@type":"ImageObject","inLanguage":"pt-BR","@id":"https:\/\/www.gaveanews.com\/#\/schema\/person\/image\/","url":"https:\/\/secure.gravatar.com\/avatar\/eda381c845527cc5d64c13b901833cda29d97500ba040d3e6461f76f51d163bb?s=96&d=mm&r=g","contentUrl":"https:\/\/secure.gravatar.com\/avatar\/eda381c845527cc5d64c13b901833cda29d97500ba040d3e6461f76f51d163bb?s=96&d=mm&r=g","caption":"Paula Silva"}}]}},"_links":{"self":[{"href":"https:\/\/www.gaveanews.com\/index.php\/wp-json\/wp\/v2\/posts\/246558","targetHints":{"allow":["GET"]}}],"collection":[{"href":"https:\/\/www.gaveanews.com\/index.php\/wp-json\/wp\/v2\/posts"}],"about":[{"href":"https:\/\/www.gaveanews.com\/index.php\/wp-json\/wp\/v2\/types\/post"}],"author":[{"embeddable":true,"href":"https:\/\/www.gaveanews.com\/index.php\/wp-json\/wp\/v2\/users\/18"}],"replies":[{"embeddable":true,"href":"https:\/\/www.gaveanews.com\/index.php\/wp-json\/wp\/v2\/comments?post=246558"}],"version-history":[{"count":3,"href":"https:\/\/www.gaveanews.com\/index.php\/wp-json\/wp\/v2\/posts\/246558\/revisions"}],"predecessor-version":[{"id":246606,"href":"https:\/\/www.gaveanews.com\/index.php\/wp-json\/wp\/v2\/posts\/246558\/revisions\/246606"}],"wp:featuredmedia":[{"embeddable":true,"href":"https:\/\/www.gaveanews.com\/index.php\/wp-json\/wp\/v2\/media\/222148"}],"wp:attachment":[{"href":"https:\/\/www.gaveanews.com\/index.php\/wp-json\/wp\/v2\/media?parent=246558"}],"wp:term":[{"taxonomy":"category","embeddable":true,"href":"https:\/\/www.gaveanews.com\/index.php\/wp-json\/wp\/v2\/categories?post=246558"},{"taxonomy":"post_tag","embeddable":true,"href":"https:\/\/www.gaveanews.com\/index.php\/wp-json\/wp\/v2\/tags?post=246558"}],"curies":[{"name":"wp","href":"https:\/\/api.w.org\/{rel}","templated":true}]}}