{"id":246564,"date":"2025-03-30T01:25:00","date_gmt":"2025-03-30T04:25:00","guid":{"rendered":"https:\/\/www.gaveanews.com\/?p=246564"},"modified":"2025-03-30T00:17:40","modified_gmt":"2025-03-30T03:17:40","slug":"a-declaracao-de-matheuzinho-apos-ser-campeao-pelo-corinthians-e-o-maior-que-ja-ganhei","status":"publish","type":"post","link":"https:\/\/www.gaveanews.com\/index.php\/2025\/03\/30\/a-declaracao-de-matheuzinho-apos-ser-campeao-pelo-corinthians-e-o-maior-que-ja-ganhei\/","title":{"rendered":"A declara\u00e7\u00e3o de Matheuzinho ap\u00f3s ser campe\u00e3o pelo Corinthians: &#8220;\u00c9 o maior que j\u00e1 ganhei\u2026&#8221;"},"content":{"rendered":"\n<p>Campe\u00e3o paulista com o Corinthians e um dos protagonistas da final, Matheuzinho colocou o t\u00edtulo conquistado na \u00faltima quinta-feira, em plena Neo Qu\u00edmica Arena, como o maior de sua carreira. Torcedor declarado do Tim\u00e3o, o lateral-direito chegou ao Parque S\u00e3o Jorge no in\u00edcio de 2024, depois de uma longa passagem pelo Flamengo, onde estava desde 2019 e levantou, por exemplo, as ta\u00e7as do Brasileir\u00e3o e da CONMEBOL Libertadores.<\/p>\n\n\n\n<p>&#8220;Em quest\u00e3o de sentimento, esse t\u00edtulo \u00e9 o maior que j\u00e1 ganhei, por todo o contexto. Esse Paulista vai ficar marcado na minha hist\u00f3ria e na minha carreira&#8221;, disse o defensor \u00e0 TNT Sports.<\/p>\n\n\n\n<p>Mesmo sem balan\u00e7ar a rede ou dar assist\u00eancia, Matheuzinho foi fundamental no t\u00edtulo do Paulist\u00e3o. No jogo de ida, no Allianz Parque, o lateral tirou uma bola quase em cima da linha e impediu o gol palmeirense.<\/p>\n\n\n\n<p>Al\u00e9m do t\u00edtulo, o lateral foi eleito o melhor da posi\u00e7\u00e3o no Campeonato Paulista, reconhecimento que aumenta sua confian\u00e7a para a sequ\u00eancia da temporada. Torcedor declarado do Corinthians, ele destacou a emo\u00e7\u00e3o de vivenciar a decis\u00e3o e de contar com o apoio da torcida, que, segundo ele, foi essencial para a conquista.<\/p>\n\n\n\n<p>&#8220;Foi sensacional. No hino, cheguei a me emocionar. Estava arrepiado escutando a torcida. Est\u00e3o de parab\u00e9ns, nos ajudaram demais. Se n\u00e3o fosse por eles, talvez n\u00e3o ganhar\u00edamos esse t\u00edtulo&#8221;, declarou.<\/p>\n\n\n\n<p>Matheuzinho acredita que o t\u00edtulo estadual \u00e9 um reflexo da evolu\u00e7\u00e3o do time e um indicativo de que o Corinthians pode brigar por objetivos maiores em 2024.<\/p>\n\n\n\n<p>&#8220;Acho que a virada de chave foi no ano passado, mostramos nossa for\u00e7a. Esse t\u00edtulo veio para coroar, mostrar que estamos no caminho certo. Se continuarmos assim, vamos chegar longe. Esse elenco \u00e9 forte, se tivermos humildade, temos grandes chances de ganhar coisas grandes esse ano&#8221;, disse o jogador.<\/p>\n","protected":false},"excerpt":{"rendered":"<p>Campe\u00e3o paulista com o Corinthians e um dos protagonistas da final, Matheuzinho colocou o t\u00edtulo conquistado na \u00faltima quinta-feira, em plena Neo Qu\u00edmica Arena, como o maior de sua carreira. Torcedor declarado do Tim\u00e3o, o lateral-direito chegou ao Parque S\u00e3o Jorge no in\u00edcio de 2024, depois de uma longa passagem pelo Flamengo, onde estava desde [&hellip;]<\/p>\n","protected":false},"author":17,"featured_media":148711,"comment_status":"open","ping_status":"closed","sticky":false,"template":"","format":"standard","meta":{"footnotes":""},"categories":[141],"tags":[],"class_list":["post-246564","post","type-post","status-publish","format-standard","has-post-thumbnail","hentry","category-corinthians"],"yoast_head":"<!-- This site is optimized with the Yoast SEO Premium plugin v24.2 (Yoast SEO v26.9) - https:\/\/yoast.com\/product\/yoast-seo-premium-wordpress\/ -->\n<title>A declara\u00e7\u00e3o de Matheuzinho ap\u00f3s ser campe\u00e3o pelo Corinthians: &quot;\u00c9 o maior que j\u00e1 ganhei\u2026&quot;<\/title>\n<meta name=\"robots\" content=\"index, follow, max-snippet:-1, max-image-preview:large, max-video-preview:-1\" \/>\n<link rel=\"canonical\" href=\"https:\/\/www.gaveanews.com\/index.php\/2025\/03\/30\/a-declaracao-de-matheuzinho-apos-ser-campeao-pelo-corinthians-e-o-maior-que-ja-ganhei\/\" \/>\n<meta property=\"og:locale\" content=\"pt_BR\" \/>\n<meta property=\"og:type\" content=\"article\" \/>\n<meta property=\"og:title\" content=\"A declara\u00e7\u00e3o de Matheuzinho ap\u00f3s ser campe\u00e3o pelo Corinthians: &quot;\u00c9 o maior que j\u00e1 ganhei\u2026&quot;\" \/>\n<meta property=\"og:description\" content=\"Campe\u00e3o paulista com o Corinthians e um dos protagonistas da final, Matheuzinho colocou o t\u00edtulo conquistado na \u00faltima quinta-feira, em plena Neo Qu\u00edmica Arena, como o maior de sua carreira. Torcedor declarado do Tim\u00e3o, o lateral-direito chegou ao Parque S\u00e3o Jorge no in\u00edcio de 2024, depois de uma longa passagem pelo Flamengo, onde estava desde [&hellip;]\" \/>\n<meta property=\"og:url\" content=\"https:\/\/www.gaveanews.com\/index.php\/2025\/03\/30\/a-declaracao-de-matheuzinho-apos-ser-campeao-pelo-corinthians-e-o-maior-que-ja-ganhei\/\" \/>\n<meta property=\"og:site_name\" content=\"G\u00e1vea News\" \/>\n<meta property=\"article:publisher\" content=\"https:\/\/facebook.com\/gaveaNews\/\" \/>\n<meta property=\"article:published_time\" content=\"2025-03-30T04:25:00+00:00\" \/>\n<meta property=\"og:image\" content=\"https:\/\/www.gaveanews.com\/wp-content\/uploads\/Matheuzinho-em-acao-pelo-Corinthians.webp\" \/>\n\t<meta property=\"og:image:width\" content=\"1100\" \/>\n\t<meta property=\"og:image:height\" content=\"825\" \/>\n\t<meta property=\"og:image:type\" content=\"image\/webp\" \/>\n<meta name=\"author\" content=\"Geovanna Thomaz\" \/>\n<meta name=\"twitter:card\" content=\"summary_large_image\" \/>\n<meta name=\"twitter:label1\" content=\"Escrito por\" \/>\n\t<meta name=\"twitter:data1\" content=\"Geovanna Thomaz\" \/>\n\t<meta name=\"twitter:label2\" content=\"Est. tempo de leitura\" \/>\n\t<meta name=\"twitter:data2\" content=\"2 minutos\" \/>\n<script type=\"application\/ld+json\" class=\"yoast-schema-graph\">{\"@context\":\"https:\/\/schema.org\",\"@graph\":[{\"@type\":\"NewsArticle\",\"@id\":\"https:\/\/www.gaveanews.com\/index.php\/2025\/03\/30\/a-declaracao-de-matheuzinho-apos-ser-campeao-pelo-corinthians-e-o-maior-que-ja-ganhei\/#article\",\"isPartOf\":{\"@id\":\"https:\/\/www.gaveanews.com\/index.php\/2025\/03\/30\/a-declaracao-de-matheuzinho-apos-ser-campeao-pelo-corinthians-e-o-maior-que-ja-ganhei\/\"},\"author\":{\"name\":\"Geovanna Thomaz\",\"@id\":\"https:\/\/www.gaveanews.com\/#\/schema\/person\/f42654babcd2b2014a1a65af82b081f1\"},\"headline\":\"A declara\u00e7\u00e3o de Matheuzinho ap\u00f3s ser campe\u00e3o pelo Corinthians: &#8220;\u00c9 o maior que j\u00e1 ganhei\u2026&#8221;\",\"datePublished\":\"2025-03-30T04:25:00+00:00\",\"mainEntityOfPage\":{\"@id\":\"https:\/\/www.gaveanews.com\/index.php\/2025\/03\/30\/a-declaracao-de-matheuzinho-apos-ser-campeao-pelo-corinthians-e-o-maior-que-ja-ganhei\/\"},\"wordCount\":339,\"commentCount\":0,\"image\":{\"@id\":\"https:\/\/www.gaveanews.com\/index.php\/2025\/03\/30\/a-declaracao-de-matheuzinho-apos-ser-campeao-pelo-corinthians-e-o-maior-que-ja-ganhei\/#primaryimage\"},\"thumbnailUrl\":\"https:\/\/www.gaveanews.com\/wp-content\/uploads\/Matheuzinho-em-acao-pelo-Corinthians.webp\",\"articleSection\":[\"Corinthians\"],\"inLanguage\":\"pt-BR\",\"potentialAction\":[{\"@type\":\"CommentAction\",\"name\":\"Comment\",\"target\":[\"https:\/\/www.gaveanews.com\/index.php\/2025\/03\/30\/a-declaracao-de-matheuzinho-apos-ser-campeao-pelo-corinthians-e-o-maior-que-ja-ganhei\/#respond\"]}],\"copyrightYear\":\"2025\",\"copyrightHolder\":{\"@id\":\"https:\/\/www.gaveanews.com\/#organization\"}},{\"@type\":\"WebPage\",\"@id\":\"https:\/\/www.gaveanews.com\/index.php\/2025\/03\/30\/a-declaracao-de-matheuzinho-apos-ser-campeao-pelo-corinthians-e-o-maior-que-ja-ganhei\/\",\"url\":\"https:\/\/www.gaveanews.com\/index.php\/2025\/03\/30\/a-declaracao-de-matheuzinho-apos-ser-campeao-pelo-corinthians-e-o-maior-que-ja-ganhei\/\",\"name\":\"A declara\u00e7\u00e3o de Matheuzinho ap\u00f3s ser campe\u00e3o pelo Corinthians: \\\"\u00c9 o maior que j\u00e1 ganhei\u2026\\\"\",\"isPartOf\":{\"@id\":\"https:\/\/www.gaveanews.com\/#website\"},\"primaryImageOfPage\":{\"@id\":\"https:\/\/www.gaveanews.com\/index.php\/2025\/03\/30\/a-declaracao-de-matheuzinho-apos-ser-campeao-pelo-corinthians-e-o-maior-que-ja-ganhei\/#primaryimage\"},\"image\":{\"@id\":\"https:\/\/www.gaveanews.com\/index.php\/2025\/03\/30\/a-declaracao-de-matheuzinho-apos-ser-campeao-pelo-corinthians-e-o-maior-que-ja-ganhei\/#primaryimage\"},\"thumbnailUrl\":\"https:\/\/www.gaveanews.com\/wp-content\/uploads\/Matheuzinho-em-acao-pelo-Corinthians.webp\",\"datePublished\":\"2025-03-30T04:25:00+00:00\",\"author\":{\"@id\":\"https:\/\/www.gaveanews.com\/#\/schema\/person\/f42654babcd2b2014a1a65af82b081f1\"},\"breadcrumb\":{\"@id\":\"https:\/\/www.gaveanews.com\/index.php\/2025\/03\/30\/a-declaracao-de-matheuzinho-apos-ser-campeao-pelo-corinthians-e-o-maior-que-ja-ganhei\/#breadcrumb\"},\"inLanguage\":\"pt-BR\",\"potentialAction\":[{\"@type\":\"ReadAction\",\"target\":[\"https:\/\/www.gaveanews.com\/index.php\/2025\/03\/30\/a-declaracao-de-matheuzinho-apos-ser-campeao-pelo-corinthians-e-o-maior-que-ja-ganhei\/\"]}]},{\"@type\":\"ImageObject\",\"inLanguage\":\"pt-BR\",\"@id\":\"https:\/\/www.gaveanews.com\/index.php\/2025\/03\/30\/a-declaracao-de-matheuzinho-apos-ser-campeao-pelo-corinthians-e-o-maior-que-ja-ganhei\/#primaryimage\",\"url\":\"https:\/\/www.gaveanews.com\/wp-content\/uploads\/Matheuzinho-em-acao-pelo-Corinthians.webp\",\"contentUrl\":\"https:\/\/www.gaveanews.com\/wp-content\/uploads\/Matheuzinho-em-acao-pelo-Corinthians.webp\",\"width\":1100,\"height\":825,\"caption\":\"Matheuzinho em a\u00e7\u00e3o pelo Corinthians (Foto: Reprodu\u00e7\u00e3o\/Instagram)\"},{\"@type\":\"BreadcrumbList\",\"@id\":\"https:\/\/www.gaveanews.com\/index.php\/2025\/03\/30\/a-declaracao-de-matheuzinho-apos-ser-campeao-pelo-corinthians-e-o-maior-que-ja-ganhei\/#breadcrumb\",\"itemListElement\":[{\"@type\":\"ListItem\",\"position\":1,\"name\":\"Home\",\"item\":\"https:\/\/www.gaveanews.com\/\"},{\"@type\":\"ListItem\",\"position\":2,\"name\":\"A declara\u00e7\u00e3o de Matheuzinho ap\u00f3s ser campe\u00e3o pelo Corinthians: &#8220;\u00c9 o maior que j\u00e1 ganhei\u2026&#8221;\"}]},{\"@type\":\"WebSite\",\"@id\":\"https:\/\/www.gaveanews.com\/#website\",\"url\":\"https:\/\/www.gaveanews.com\/\",\"name\":\"G\u00e1vea News\",\"description\":\"Veja todas as not\u00edcias sobre o Flamengo: Contrata\u00e7\u00f5es, categorias de base, resultados das partidas, tabela de classifica\u00e7\u00e3o, pr\u00f3ximos jogos!\",\"potentialAction\":[{\"@type\":\"SearchAction\",\"target\":{\"@type\":\"EntryPoint\",\"urlTemplate\":\"https:\/\/www.gaveanews.com\/?s={search_term_string}\"},\"query-input\":{\"@type\":\"PropertyValueSpecification\",\"valueRequired\":true,\"valueName\":\"search_term_string\"}}],\"inLanguage\":\"pt-BR\"},{\"@type\":\"Person\",\"@id\":\"https:\/\/www.gaveanews.com\/#\/schema\/person\/f42654babcd2b2014a1a65af82b081f1\",\"name\":\"Geovanna Thomaz\",\"image\":{\"@type\":\"ImageObject\",\"inLanguage\":\"pt-BR\",\"@id\":\"https:\/\/www.gaveanews.com\/#\/schema\/person\/image\/\",\"url\":\"https:\/\/secure.gravatar.com\/avatar\/4092073255489533afb558984b49b64268c47198af8623cc82a925ae9fb7118a?s=96&d=mm&r=g\",\"contentUrl\":\"https:\/\/secure.gravatar.com\/avatar\/4092073255489533afb558984b49b64268c47198af8623cc82a925ae9fb7118a?s=96&d=mm&r=g\",\"caption\":\"Geovanna Thomaz\"}}]}<\/script>\n<!-- \/ Yoast SEO Premium plugin. -->","yoast_head_json":{"title":"A declara\u00e7\u00e3o de Matheuzinho ap\u00f3s ser campe\u00e3o pelo Corinthians: \"\u00c9 o maior que j\u00e1 ganhei\u2026\"","robots":{"index":"index","follow":"follow","max-snippet":"max-snippet:-1","max-image-preview":"max-image-preview:large","max-video-preview":"max-video-preview:-1"},"canonical":"https:\/\/www.gaveanews.com\/index.php\/2025\/03\/30\/a-declaracao-de-matheuzinho-apos-ser-campeao-pelo-corinthians-e-o-maior-que-ja-ganhei\/","og_locale":"pt_BR","og_type":"article","og_title":"A declara\u00e7\u00e3o de Matheuzinho ap\u00f3s ser campe\u00e3o pelo Corinthians: \"\u00c9 o maior que j\u00e1 ganhei\u2026\"","og_description":"Campe\u00e3o paulista com o Corinthians e um dos protagonistas da final, Matheuzinho colocou o t\u00edtulo conquistado na \u00faltima quinta-feira, em plena Neo Qu\u00edmica Arena, como o maior de sua carreira. Torcedor declarado do Tim\u00e3o, o lateral-direito chegou ao Parque S\u00e3o Jorge no in\u00edcio de 2024, depois de uma longa passagem pelo Flamengo, onde estava desde [&hellip;]","og_url":"https:\/\/www.gaveanews.com\/index.php\/2025\/03\/30\/a-declaracao-de-matheuzinho-apos-ser-campeao-pelo-corinthians-e-o-maior-que-ja-ganhei\/","og_site_name":"G\u00e1vea News","article_publisher":"https:\/\/facebook.com\/gaveaNews\/","article_published_time":"2025-03-30T04:25:00+00:00","og_image":[{"width":1100,"height":825,"url":"https:\/\/www.gaveanews.com\/wp-content\/uploads\/Matheuzinho-em-acao-pelo-Corinthians.webp","type":"image\/webp"}],"author":"Geovanna Thomaz","twitter_card":"summary_large_image","twitter_misc":{"Escrito por":"Geovanna Thomaz","Est. tempo de leitura":"2 minutos"},"schema":{"@context":"https:\/\/schema.org","@graph":[{"@type":"NewsArticle","@id":"https:\/\/www.gaveanews.com\/index.php\/2025\/03\/30\/a-declaracao-de-matheuzinho-apos-ser-campeao-pelo-corinthians-e-o-maior-que-ja-ganhei\/#article","isPartOf":{"@id":"https:\/\/www.gaveanews.com\/index.php\/2025\/03\/30\/a-declaracao-de-matheuzinho-apos-ser-campeao-pelo-corinthians-e-o-maior-que-ja-ganhei\/"},"author":{"name":"Geovanna Thomaz","@id":"https:\/\/www.gaveanews.com\/#\/schema\/person\/f42654babcd2b2014a1a65af82b081f1"},"headline":"A declara\u00e7\u00e3o de Matheuzinho ap\u00f3s ser campe\u00e3o pelo Corinthians: &#8220;\u00c9 o maior que j\u00e1 ganhei\u2026&#8221;","datePublished":"2025-03-30T04:25:00+00:00","mainEntityOfPage":{"@id":"https:\/\/www.gaveanews.com\/index.php\/2025\/03\/30\/a-declaracao-de-matheuzinho-apos-ser-campeao-pelo-corinthians-e-o-maior-que-ja-ganhei\/"},"wordCount":339,"commentCount":0,"image":{"@id":"https:\/\/www.gaveanews.com\/index.php\/2025\/03\/30\/a-declaracao-de-matheuzinho-apos-ser-campeao-pelo-corinthians-e-o-maior-que-ja-ganhei\/#primaryimage"},"thumbnailUrl":"https:\/\/www.gaveanews.com\/wp-content\/uploads\/Matheuzinho-em-acao-pelo-Corinthians.webp","articleSection":["Corinthians"],"inLanguage":"pt-BR","potentialAction":[{"@type":"CommentAction","name":"Comment","target":["https:\/\/www.gaveanews.com\/index.php\/2025\/03\/30\/a-declaracao-de-matheuzinho-apos-ser-campeao-pelo-corinthians-e-o-maior-que-ja-ganhei\/#respond"]}],"copyrightYear":"2025","copyrightHolder":{"@id":"https:\/\/www.gaveanews.com\/#organization"}},{"@type":"WebPage","@id":"https:\/\/www.gaveanews.com\/index.php\/2025\/03\/30\/a-declaracao-de-matheuzinho-apos-ser-campeao-pelo-corinthians-e-o-maior-que-ja-ganhei\/","url":"https:\/\/www.gaveanews.com\/index.php\/2025\/03\/30\/a-declaracao-de-matheuzinho-apos-ser-campeao-pelo-corinthians-e-o-maior-que-ja-ganhei\/","name":"A declara\u00e7\u00e3o de Matheuzinho ap\u00f3s ser campe\u00e3o pelo Corinthians: \"\u00c9 o maior que j\u00e1 ganhei\u2026\"","isPartOf":{"@id":"https:\/\/www.gaveanews.com\/#website"},"primaryImageOfPage":{"@id":"https:\/\/www.gaveanews.com\/index.php\/2025\/03\/30\/a-declaracao-de-matheuzinho-apos-ser-campeao-pelo-corinthians-e-o-maior-que-ja-ganhei\/#primaryimage"},"image":{"@id":"https:\/\/www.gaveanews.com\/index.php\/2025\/03\/30\/a-declaracao-de-matheuzinho-apos-ser-campeao-pelo-corinthians-e-o-maior-que-ja-ganhei\/#primaryimage"},"thumbnailUrl":"https:\/\/www.gaveanews.com\/wp-content\/uploads\/Matheuzinho-em-acao-pelo-Corinthians.webp","datePublished":"2025-03-30T04:25:00+00:00","author":{"@id":"https:\/\/www.gaveanews.com\/#\/schema\/person\/f42654babcd2b2014a1a65af82b081f1"},"breadcrumb":{"@id":"https:\/\/www.gaveanews.com\/index.php\/2025\/03\/30\/a-declaracao-de-matheuzinho-apos-ser-campeao-pelo-corinthians-e-o-maior-que-ja-ganhei\/#breadcrumb"},"inLanguage":"pt-BR","potentialAction":[{"@type":"ReadAction","target":["https:\/\/www.gaveanews.com\/index.php\/2025\/03\/30\/a-declaracao-de-matheuzinho-apos-ser-campeao-pelo-corinthians-e-o-maior-que-ja-ganhei\/"]}]},{"@type":"ImageObject","inLanguage":"pt-BR","@id":"https:\/\/www.gaveanews.com\/index.php\/2025\/03\/30\/a-declaracao-de-matheuzinho-apos-ser-campeao-pelo-corinthians-e-o-maior-que-ja-ganhei\/#primaryimage","url":"https:\/\/www.gaveanews.com\/wp-content\/uploads\/Matheuzinho-em-acao-pelo-Corinthians.webp","contentUrl":"https:\/\/www.gaveanews.com\/wp-content\/uploads\/Matheuzinho-em-acao-pelo-Corinthians.webp","width":1100,"height":825,"caption":"Matheuzinho em a\u00e7\u00e3o pelo Corinthians (Foto: Reprodu\u00e7\u00e3o\/Instagram)"},{"@type":"BreadcrumbList","@id":"https:\/\/www.gaveanews.com\/index.php\/2025\/03\/30\/a-declaracao-de-matheuzinho-apos-ser-campeao-pelo-corinthians-e-o-maior-que-ja-ganhei\/#breadcrumb","itemListElement":[{"@type":"ListItem","position":1,"name":"Home","item":"https:\/\/www.gaveanews.com\/"},{"@type":"ListItem","position":2,"name":"A declara\u00e7\u00e3o de Matheuzinho ap\u00f3s ser campe\u00e3o pelo Corinthians: &#8220;\u00c9 o maior que j\u00e1 ganhei\u2026&#8221;"}]},{"@type":"WebSite","@id":"https:\/\/www.gaveanews.com\/#website","url":"https:\/\/www.gaveanews.com\/","name":"G\u00e1vea News","description":"Veja todas as not\u00edcias sobre o Flamengo: Contrata\u00e7\u00f5es, categorias de base, resultados das partidas, tabela de classifica\u00e7\u00e3o, pr\u00f3ximos jogos!","potentialAction":[{"@type":"SearchAction","target":{"@type":"EntryPoint","urlTemplate":"https:\/\/www.gaveanews.com\/?s={search_term_string}"},"query-input":{"@type":"PropertyValueSpecification","valueRequired":true,"valueName":"search_term_string"}}],"inLanguage":"pt-BR"},{"@type":"Person","@id":"https:\/\/www.gaveanews.com\/#\/schema\/person\/f42654babcd2b2014a1a65af82b081f1","name":"Geovanna Thomaz","image":{"@type":"ImageObject","inLanguage":"pt-BR","@id":"https:\/\/www.gaveanews.com\/#\/schema\/person\/image\/","url":"https:\/\/secure.gravatar.com\/avatar\/4092073255489533afb558984b49b64268c47198af8623cc82a925ae9fb7118a?s=96&d=mm&r=g","contentUrl":"https:\/\/secure.gravatar.com\/avatar\/4092073255489533afb558984b49b64268c47198af8623cc82a925ae9fb7118a?s=96&d=mm&r=g","caption":"Geovanna Thomaz"}}]}},"_links":{"self":[{"href":"https:\/\/www.gaveanews.com\/index.php\/wp-json\/wp\/v2\/posts\/246564","targetHints":{"allow":["GET"]}}],"collection":[{"href":"https:\/\/www.gaveanews.com\/index.php\/wp-json\/wp\/v2\/posts"}],"about":[{"href":"https:\/\/www.gaveanews.com\/index.php\/wp-json\/wp\/v2\/types\/post"}],"author":[{"embeddable":true,"href":"https:\/\/www.gaveanews.com\/index.php\/wp-json\/wp\/v2\/users\/17"}],"replies":[{"embeddable":true,"href":"https:\/\/www.gaveanews.com\/index.php\/wp-json\/wp\/v2\/comments?post=246564"}],"version-history":[{"count":2,"href":"https:\/\/www.gaveanews.com\/index.php\/wp-json\/wp\/v2\/posts\/246564\/revisions"}],"predecessor-version":[{"id":246626,"href":"https:\/\/www.gaveanews.com\/index.php\/wp-json\/wp\/v2\/posts\/246564\/revisions\/246626"}],"wp:featuredmedia":[{"embeddable":true,"href":"https:\/\/www.gaveanews.com\/index.php\/wp-json\/wp\/v2\/media\/148711"}],"wp:attachment":[{"href":"https:\/\/www.gaveanews.com\/index.php\/wp-json\/wp\/v2\/media?parent=246564"}],"wp:term":[{"taxonomy":"category","embeddable":true,"href":"https:\/\/www.gaveanews.com\/index.php\/wp-json\/wp\/v2\/categories?post=246564"},{"taxonomy":"post_tag","embeddable":true,"href":"https:\/\/www.gaveanews.com\/index.php\/wp-json\/wp\/v2\/tags?post=246564"}],"curies":[{"name":"wp","href":"https:\/\/api.w.org\/{rel}","templated":true}]}}