{"id":246567,"date":"2025-03-30T01:30:00","date_gmt":"2025-03-30T04:30:00","guid":{"rendered":"https:\/\/www.gaveanews.com\/?p=246567"},"modified":"2025-03-30T00:18:01","modified_gmt":"2025-03-30T03:18:01","slug":"a-declaracao-de-zubeldia-sobre-dorival","status":"publish","type":"post","link":"https:\/\/www.gaveanews.com\/index.php\/2025\/03\/30\/a-declaracao-de-zubeldia-sobre-dorival\/","title":{"rendered":"A declara\u00e7\u00e3o de Zubeldia sobre Dorival"},"content":{"rendered":"\n<p>O t\u00e9cnico Luis Zubeld\u00eda n\u00e3o saiu satisfeito do Morumbi ap\u00f3s o empate sem gols com o Sport na rodada de abertura do Campeonato Brasileiro. O resultado, que frustrou as expectativas da torcida tricolor, foi marcado por uma atua\u00e7\u00e3o sem brilho da equipe, o que levou o treinador a se mostrar insatisfeito durante a coletiva. Em suas declara\u00e7\u00f5es, Zubeld\u00eda lamentou especialmente a aus\u00eancia do meia Oscar, que, devido a problemas f\u00edsicos, n\u00e3o p\u00f4de contribuir em campo.<\/p>\n\n\n\n<p>Em coletiva, o argentino se mostrou consciente da cobran\u00e7a e da rea\u00e7\u00e3o da torcida, que demonstrou descontentamento ao final da partida. Mesmo diante das vaias, Zubeld\u00eda afirmou que compreende as cr\u00edticas, mas destacou que sua responsabilidade \u00e9 trabalhar da melhor forma poss\u00edvel para o clube.<\/p>\n\n\n\n<p> &#8220;Estamos falando de um t\u00e9cnico que saiu da Sele\u00e7\u00e3o Brasileira e \u00e9 querido aqui. \u00c9 normal as emo\u00e7\u00f5es que podem aparecer por parte do torcedor. \u00c9 fazer o melhor poss\u00edvel. Trabalhar essa situa\u00e7\u00e3o n\u00e3o \u00e9 f\u00e1cil ou dif\u00edcil, estou trabalhando para o S\u00e3o Paulo. O sentimento do torcedor por Dorival \u00e9 normal, ganharam a Copa do Brasil, \u00e9 l\u00f3gico que se fale dele&#8221;, declarou o treinador.<\/p>\n\n\n\n<p>Zubeld\u00eda tamb\u00e9m abordou a situa\u00e7\u00e3o do confronto, destacando que o resultado negativo foi um reflexo das dificuldades encontradas pela equipe em campo.<\/p>\n\n\n\n<p> &#8220;Hoje quantos vieram aqui? (37 mil). Se n\u00e3o pudemos dar uma vit\u00f3ria, acontece que podemos sair desaprovados, eu e os jogadores, \u00e9 normal. Mas sempre vamos necessitar deles, precisamos sempre do apoio deles, temos muitos jovens, vamos pouco a pouco indo melhor. N\u00e3o alcan\u00e7amos hoje, mas vamos melhorar&#8221;, afirmou com serenidade, ressaltando a necessidade de tempo para que o time evolua com o trabalho que est\u00e1 sendo realizado.<\/p>\n\n\n\n<p>Em rela\u00e7\u00e3o ao futuro, o t\u00e9cnico enfatizou que a equipe est\u00e1 em processo de constru\u00e7\u00e3o, com muitos jovens no elenco que necessitam de experi\u00eancia e apoio para alcan\u00e7ar o n\u00edvel de rendimento desejado. &#8220;O grupo est\u00e1 em um momento de aprendizagem e, com o tempo, vamos conseguir evoluir e atender \u00e0s expectativas&#8221;, completou Zubeld\u00eda.<\/p>\n\n\n\n<p>O Tricolor agora volta as aten\u00e7\u00f5es para a estreia na Conmebol Libertadores, que acontece na pr\u00f3xima quarta-feira, \u00e0s 21h30 (de Bras\u00edlia), contra o Talleres, da Argentina. A partida \u00e9 de extrema import\u00e2ncia para o S\u00e3o Paulo, j\u00e1 que o torneio continental representa uma das maiores metas da temporada. Pelo Campeonato Brasileiro, o S\u00e3o Paulo volta a campo no pr\u00f3ximo domingo, quando enfrentar\u00e1 o Atl\u00e9tico-MG, tamb\u00e9m fora de casa, na Arena MRV.<\/p>\n","protected":false},"excerpt":{"rendered":"<p>O t\u00e9cnico Luis Zubeld\u00eda n\u00e3o saiu satisfeito do Morumbi ap\u00f3s o empate sem gols com o Sport na rodada de abertura do Campeonato Brasileiro. O resultado, que frustrou as expectativas da torcida tricolor, foi marcado por uma atua\u00e7\u00e3o sem brilho da equipe, o que levou o treinador a se mostrar insatisfeito durante a coletiva. Em [&hellip;]<\/p>\n","protected":false},"author":17,"featured_media":143461,"comment_status":"open","ping_status":"closed","sticky":false,"template":"","format":"standard","meta":{"footnotes":""},"categories":[151],"tags":[],"class_list":["post-246567","post","type-post","status-publish","format-standard","has-post-thumbnail","hentry","category-sao-paulo"],"yoast_head":"<!-- This site is optimized with the Yoast SEO Premium plugin v24.2 (Yoast SEO v26.9) - https:\/\/yoast.com\/product\/yoast-seo-premium-wordpress\/ -->\n<title>A declara\u00e7\u00e3o de Zubeldia sobre Dorival<\/title>\n<meta name=\"robots\" content=\"index, follow, max-snippet:-1, max-image-preview:large, max-video-preview:-1\" \/>\n<link rel=\"canonical\" href=\"https:\/\/www.gaveanews.com\/index.php\/2025\/03\/30\/a-declaracao-de-zubeldia-sobre-dorival\/\" \/>\n<meta property=\"og:locale\" content=\"pt_BR\" \/>\n<meta property=\"og:type\" content=\"article\" \/>\n<meta property=\"og:title\" content=\"A declara\u00e7\u00e3o de Zubeldia sobre Dorival\" \/>\n<meta property=\"og:description\" content=\"O t\u00e9cnico Luis Zubeld\u00eda n\u00e3o saiu satisfeito do Morumbi ap\u00f3s o empate sem gols com o Sport na rodada de abertura do Campeonato Brasileiro. O resultado, que frustrou as expectativas da torcida tricolor, foi marcado por uma atua\u00e7\u00e3o sem brilho da equipe, o que levou o treinador a se mostrar insatisfeito durante a coletiva. Em [&hellip;]\" \/>\n<meta property=\"og:url\" content=\"https:\/\/www.gaveanews.com\/index.php\/2025\/03\/30\/a-declaracao-de-zubeldia-sobre-dorival\/\" \/>\n<meta property=\"og:site_name\" content=\"G\u00e1vea News\" \/>\n<meta property=\"article:publisher\" content=\"https:\/\/facebook.com\/gaveaNews\/\" \/>\n<meta property=\"article:published_time\" content=\"2025-03-30T04:30:00+00:00\" \/>\n<meta property=\"og:image\" content=\"https:\/\/www.gaveanews.com\/wp-content\/uploads\/i-18.webp\" \/>\n\t<meta property=\"og:image:width\" content=\"570\" \/>\n\t<meta property=\"og:image:height\" content=\"321\" \/>\n\t<meta property=\"og:image:type\" content=\"image\/jpeg\" \/>\n<meta name=\"author\" content=\"Geovanna Thomaz\" \/>\n<meta name=\"twitter:card\" content=\"summary_large_image\" \/>\n<meta name=\"twitter:label1\" content=\"Escrito por\" \/>\n\t<meta name=\"twitter:data1\" content=\"Geovanna Thomaz\" \/>\n\t<meta name=\"twitter:label2\" content=\"Est. tempo de leitura\" \/>\n\t<meta name=\"twitter:data2\" content=\"3 minutos\" \/>\n<script type=\"application\/ld+json\" class=\"yoast-schema-graph\">{\"@context\":\"https:\/\/schema.org\",\"@graph\":[{\"@type\":\"NewsArticle\",\"@id\":\"https:\/\/www.gaveanews.com\/index.php\/2025\/03\/30\/a-declaracao-de-zubeldia-sobre-dorival\/#article\",\"isPartOf\":{\"@id\":\"https:\/\/www.gaveanews.com\/index.php\/2025\/03\/30\/a-declaracao-de-zubeldia-sobre-dorival\/\"},\"author\":{\"name\":\"Geovanna Thomaz\",\"@id\":\"https:\/\/www.gaveanews.com\/#\/schema\/person\/f42654babcd2b2014a1a65af82b081f1\"},\"headline\":\"A declara\u00e7\u00e3o de Zubeldia sobre Dorival\",\"datePublished\":\"2025-03-30T04:30:00+00:00\",\"mainEntityOfPage\":{\"@id\":\"https:\/\/www.gaveanews.com\/index.php\/2025\/03\/30\/a-declaracao-de-zubeldia-sobre-dorival\/\"},\"wordCount\":447,\"commentCount\":0,\"image\":{\"@id\":\"https:\/\/www.gaveanews.com\/index.php\/2025\/03\/30\/a-declaracao-de-zubeldia-sobre-dorival\/#primaryimage\"},\"thumbnailUrl\":\"https:\/\/www.gaveanews.com\/wp-content\/uploads\/i-18.webp\",\"articleSection\":[\"S\u00e3o Paulo\"],\"inLanguage\":\"pt-BR\",\"potentialAction\":[{\"@type\":\"CommentAction\",\"name\":\"Comment\",\"target\":[\"https:\/\/www.gaveanews.com\/index.php\/2025\/03\/30\/a-declaracao-de-zubeldia-sobre-dorival\/#respond\"]}],\"copyrightYear\":\"2025\",\"copyrightHolder\":{\"@id\":\"https:\/\/www.gaveanews.com\/#organization\"}},{\"@type\":\"WebPage\",\"@id\":\"https:\/\/www.gaveanews.com\/index.php\/2025\/03\/30\/a-declaracao-de-zubeldia-sobre-dorival\/\",\"url\":\"https:\/\/www.gaveanews.com\/index.php\/2025\/03\/30\/a-declaracao-de-zubeldia-sobre-dorival\/\",\"name\":\"A declara\u00e7\u00e3o de Zubeldia sobre Dorival\",\"isPartOf\":{\"@id\":\"https:\/\/www.gaveanews.com\/#website\"},\"primaryImageOfPage\":{\"@id\":\"https:\/\/www.gaveanews.com\/index.php\/2025\/03\/30\/a-declaracao-de-zubeldia-sobre-dorival\/#primaryimage\"},\"image\":{\"@id\":\"https:\/\/www.gaveanews.com\/index.php\/2025\/03\/30\/a-declaracao-de-zubeldia-sobre-dorival\/#primaryimage\"},\"thumbnailUrl\":\"https:\/\/www.gaveanews.com\/wp-content\/uploads\/i-18.webp\",\"datePublished\":\"2025-03-30T04:30:00+00:00\",\"author\":{\"@id\":\"https:\/\/www.gaveanews.com\/#\/schema\/person\/f42654babcd2b2014a1a65af82b081f1\"},\"breadcrumb\":{\"@id\":\"https:\/\/www.gaveanews.com\/index.php\/2025\/03\/30\/a-declaracao-de-zubeldia-sobre-dorival\/#breadcrumb\"},\"inLanguage\":\"pt-BR\",\"potentialAction\":[{\"@type\":\"ReadAction\",\"target\":[\"https:\/\/www.gaveanews.com\/index.php\/2025\/03\/30\/a-declaracao-de-zubeldia-sobre-dorival\/\"]}]},{\"@type\":\"ImageObject\",\"inLanguage\":\"pt-BR\",\"@id\":\"https:\/\/www.gaveanews.com\/index.php\/2025\/03\/30\/a-declaracao-de-zubeldia-sobre-dorival\/#primaryimage\",\"url\":\"https:\/\/www.gaveanews.com\/wp-content\/uploads\/i-18.webp\",\"contentUrl\":\"https:\/\/www.gaveanews.com\/wp-content\/uploads\/i-18.webp\",\"width\":570,\"height\":321,\"caption\":\"Luis Zubeld\u00eda durante S\u00e3o Paulo x Fluminense Alexandre Schneider\/Getty Images\"},{\"@type\":\"BreadcrumbList\",\"@id\":\"https:\/\/www.gaveanews.com\/index.php\/2025\/03\/30\/a-declaracao-de-zubeldia-sobre-dorival\/#breadcrumb\",\"itemListElement\":[{\"@type\":\"ListItem\",\"position\":1,\"name\":\"Home\",\"item\":\"https:\/\/www.gaveanews.com\/\"},{\"@type\":\"ListItem\",\"position\":2,\"name\":\"A declara\u00e7\u00e3o de Zubeldia sobre Dorival\"}]},{\"@type\":\"WebSite\",\"@id\":\"https:\/\/www.gaveanews.com\/#website\",\"url\":\"https:\/\/www.gaveanews.com\/\",\"name\":\"G\u00e1vea News\",\"description\":\"Veja todas as not\u00edcias sobre o Flamengo: Contrata\u00e7\u00f5es, categorias de base, resultados das partidas, tabela de classifica\u00e7\u00e3o, pr\u00f3ximos jogos!\",\"potentialAction\":[{\"@type\":\"SearchAction\",\"target\":{\"@type\":\"EntryPoint\",\"urlTemplate\":\"https:\/\/www.gaveanews.com\/?s={search_term_string}\"},\"query-input\":{\"@type\":\"PropertyValueSpecification\",\"valueRequired\":true,\"valueName\":\"search_term_string\"}}],\"inLanguage\":\"pt-BR\"},{\"@type\":\"Person\",\"@id\":\"https:\/\/www.gaveanews.com\/#\/schema\/person\/f42654babcd2b2014a1a65af82b081f1\",\"name\":\"Geovanna Thomaz\",\"image\":{\"@type\":\"ImageObject\",\"inLanguage\":\"pt-BR\",\"@id\":\"https:\/\/www.gaveanews.com\/#\/schema\/person\/image\/\",\"url\":\"https:\/\/secure.gravatar.com\/avatar\/4092073255489533afb558984b49b64268c47198af8623cc82a925ae9fb7118a?s=96&d=mm&r=g\",\"contentUrl\":\"https:\/\/secure.gravatar.com\/avatar\/4092073255489533afb558984b49b64268c47198af8623cc82a925ae9fb7118a?s=96&d=mm&r=g\",\"caption\":\"Geovanna Thomaz\"}}]}<\/script>\n<!-- \/ Yoast SEO Premium plugin. -->","yoast_head_json":{"title":"A declara\u00e7\u00e3o de Zubeldia sobre Dorival","robots":{"index":"index","follow":"follow","max-snippet":"max-snippet:-1","max-image-preview":"max-image-preview:large","max-video-preview":"max-video-preview:-1"},"canonical":"https:\/\/www.gaveanews.com\/index.php\/2025\/03\/30\/a-declaracao-de-zubeldia-sobre-dorival\/","og_locale":"pt_BR","og_type":"article","og_title":"A declara\u00e7\u00e3o de Zubeldia sobre Dorival","og_description":"O t\u00e9cnico Luis Zubeld\u00eda n\u00e3o saiu satisfeito do Morumbi ap\u00f3s o empate sem gols com o Sport na rodada de abertura do Campeonato Brasileiro. O resultado, que frustrou as expectativas da torcida tricolor, foi marcado por uma atua\u00e7\u00e3o sem brilho da equipe, o que levou o treinador a se mostrar insatisfeito durante a coletiva. Em [&hellip;]","og_url":"https:\/\/www.gaveanews.com\/index.php\/2025\/03\/30\/a-declaracao-de-zubeldia-sobre-dorival\/","og_site_name":"G\u00e1vea News","article_publisher":"https:\/\/facebook.com\/gaveaNews\/","article_published_time":"2025-03-30T04:30:00+00:00","og_image":[{"width":570,"height":321,"url":"https:\/\/www.gaveanews.com\/wp-content\/uploads\/i-18.webp","type":"image\/jpeg"}],"author":"Geovanna Thomaz","twitter_card":"summary_large_image","twitter_misc":{"Escrito por":"Geovanna Thomaz","Est. tempo de leitura":"3 minutos"},"schema":{"@context":"https:\/\/schema.org","@graph":[{"@type":"NewsArticle","@id":"https:\/\/www.gaveanews.com\/index.php\/2025\/03\/30\/a-declaracao-de-zubeldia-sobre-dorival\/#article","isPartOf":{"@id":"https:\/\/www.gaveanews.com\/index.php\/2025\/03\/30\/a-declaracao-de-zubeldia-sobre-dorival\/"},"author":{"name":"Geovanna Thomaz","@id":"https:\/\/www.gaveanews.com\/#\/schema\/person\/f42654babcd2b2014a1a65af82b081f1"},"headline":"A declara\u00e7\u00e3o de Zubeldia sobre Dorival","datePublished":"2025-03-30T04:30:00+00:00","mainEntityOfPage":{"@id":"https:\/\/www.gaveanews.com\/index.php\/2025\/03\/30\/a-declaracao-de-zubeldia-sobre-dorival\/"},"wordCount":447,"commentCount":0,"image":{"@id":"https:\/\/www.gaveanews.com\/index.php\/2025\/03\/30\/a-declaracao-de-zubeldia-sobre-dorival\/#primaryimage"},"thumbnailUrl":"https:\/\/www.gaveanews.com\/wp-content\/uploads\/i-18.webp","articleSection":["S\u00e3o Paulo"],"inLanguage":"pt-BR","potentialAction":[{"@type":"CommentAction","name":"Comment","target":["https:\/\/www.gaveanews.com\/index.php\/2025\/03\/30\/a-declaracao-de-zubeldia-sobre-dorival\/#respond"]}],"copyrightYear":"2025","copyrightHolder":{"@id":"https:\/\/www.gaveanews.com\/#organization"}},{"@type":"WebPage","@id":"https:\/\/www.gaveanews.com\/index.php\/2025\/03\/30\/a-declaracao-de-zubeldia-sobre-dorival\/","url":"https:\/\/www.gaveanews.com\/index.php\/2025\/03\/30\/a-declaracao-de-zubeldia-sobre-dorival\/","name":"A declara\u00e7\u00e3o de Zubeldia sobre Dorival","isPartOf":{"@id":"https:\/\/www.gaveanews.com\/#website"},"primaryImageOfPage":{"@id":"https:\/\/www.gaveanews.com\/index.php\/2025\/03\/30\/a-declaracao-de-zubeldia-sobre-dorival\/#primaryimage"},"image":{"@id":"https:\/\/www.gaveanews.com\/index.php\/2025\/03\/30\/a-declaracao-de-zubeldia-sobre-dorival\/#primaryimage"},"thumbnailUrl":"https:\/\/www.gaveanews.com\/wp-content\/uploads\/i-18.webp","datePublished":"2025-03-30T04:30:00+00:00","author":{"@id":"https:\/\/www.gaveanews.com\/#\/schema\/person\/f42654babcd2b2014a1a65af82b081f1"},"breadcrumb":{"@id":"https:\/\/www.gaveanews.com\/index.php\/2025\/03\/30\/a-declaracao-de-zubeldia-sobre-dorival\/#breadcrumb"},"inLanguage":"pt-BR","potentialAction":[{"@type":"ReadAction","target":["https:\/\/www.gaveanews.com\/index.php\/2025\/03\/30\/a-declaracao-de-zubeldia-sobre-dorival\/"]}]},{"@type":"ImageObject","inLanguage":"pt-BR","@id":"https:\/\/www.gaveanews.com\/index.php\/2025\/03\/30\/a-declaracao-de-zubeldia-sobre-dorival\/#primaryimage","url":"https:\/\/www.gaveanews.com\/wp-content\/uploads\/i-18.webp","contentUrl":"https:\/\/www.gaveanews.com\/wp-content\/uploads\/i-18.webp","width":570,"height":321,"caption":"Luis Zubeld\u00eda durante S\u00e3o Paulo x Fluminense Alexandre Schneider\/Getty Images"},{"@type":"BreadcrumbList","@id":"https:\/\/www.gaveanews.com\/index.php\/2025\/03\/30\/a-declaracao-de-zubeldia-sobre-dorival\/#breadcrumb","itemListElement":[{"@type":"ListItem","position":1,"name":"Home","item":"https:\/\/www.gaveanews.com\/"},{"@type":"ListItem","position":2,"name":"A declara\u00e7\u00e3o de Zubeldia sobre Dorival"}]},{"@type":"WebSite","@id":"https:\/\/www.gaveanews.com\/#website","url":"https:\/\/www.gaveanews.com\/","name":"G\u00e1vea News","description":"Veja todas as not\u00edcias sobre o Flamengo: Contrata\u00e7\u00f5es, categorias de base, resultados das partidas, tabela de classifica\u00e7\u00e3o, pr\u00f3ximos jogos!","potentialAction":[{"@type":"SearchAction","target":{"@type":"EntryPoint","urlTemplate":"https:\/\/www.gaveanews.com\/?s={search_term_string}"},"query-input":{"@type":"PropertyValueSpecification","valueRequired":true,"valueName":"search_term_string"}}],"inLanguage":"pt-BR"},{"@type":"Person","@id":"https:\/\/www.gaveanews.com\/#\/schema\/person\/f42654babcd2b2014a1a65af82b081f1","name":"Geovanna Thomaz","image":{"@type":"ImageObject","inLanguage":"pt-BR","@id":"https:\/\/www.gaveanews.com\/#\/schema\/person\/image\/","url":"https:\/\/secure.gravatar.com\/avatar\/4092073255489533afb558984b49b64268c47198af8623cc82a925ae9fb7118a?s=96&d=mm&r=g","contentUrl":"https:\/\/secure.gravatar.com\/avatar\/4092073255489533afb558984b49b64268c47198af8623cc82a925ae9fb7118a?s=96&d=mm&r=g","caption":"Geovanna Thomaz"}}]}},"_links":{"self":[{"href":"https:\/\/www.gaveanews.com\/index.php\/wp-json\/wp\/v2\/posts\/246567","targetHints":{"allow":["GET"]}}],"collection":[{"href":"https:\/\/www.gaveanews.com\/index.php\/wp-json\/wp\/v2\/posts"}],"about":[{"href":"https:\/\/www.gaveanews.com\/index.php\/wp-json\/wp\/v2\/types\/post"}],"author":[{"embeddable":true,"href":"https:\/\/www.gaveanews.com\/index.php\/wp-json\/wp\/v2\/users\/17"}],"replies":[{"embeddable":true,"href":"https:\/\/www.gaveanews.com\/index.php\/wp-json\/wp\/v2\/comments?post=246567"}],"version-history":[{"count":2,"href":"https:\/\/www.gaveanews.com\/index.php\/wp-json\/wp\/v2\/posts\/246567\/revisions"}],"predecessor-version":[{"id":246569,"href":"https:\/\/www.gaveanews.com\/index.php\/wp-json\/wp\/v2\/posts\/246567\/revisions\/246569"}],"wp:featuredmedia":[{"embeddable":true,"href":"https:\/\/www.gaveanews.com\/index.php\/wp-json\/wp\/v2\/media\/143461"}],"wp:attachment":[{"href":"https:\/\/www.gaveanews.com\/index.php\/wp-json\/wp\/v2\/media?parent=246567"}],"wp:term":[{"taxonomy":"category","embeddable":true,"href":"https:\/\/www.gaveanews.com\/index.php\/wp-json\/wp\/v2\/categories?post=246567"},{"taxonomy":"post_tag","embeddable":true,"href":"https:\/\/www.gaveanews.com\/index.php\/wp-json\/wp\/v2\/tags?post=246567"}],"curies":[{"name":"wp","href":"https:\/\/api.w.org\/{rel}","templated":true}]}}