{"id":246572,"date":"2025-03-30T01:35:00","date_gmt":"2025-03-30T04:35:00","guid":{"rendered":"https:\/\/www.gaveanews.com\/?p=246572"},"modified":"2025-03-30T00:19:07","modified_gmt":"2025-03-30T03:19:07","slug":"a-declaracao-de-jp-chermont-sobre-oportunidades-no-santos","status":"publish","type":"post","link":"https:\/\/www.gaveanews.com\/index.php\/2025\/03\/30\/a-declaracao-de-jp-chermont-sobre-oportunidades-no-santos\/","title":{"rendered":"A declara\u00e7\u00e3o de JP Chermont sobre oportunidades no Santos"},"content":{"rendered":"\n<p>O lateral-direito JP Chermont tem se destacado como um dos principais Meninos da Vila nos \u00faltimos anos, consolidando seu espa\u00e7o no Santos. Em sua trajet\u00f3ria profissional, o jovem acumula 46 jogos, sendo 32 como titular, e vive uma fase de maturidade crescente. Sua estreia foi em mar\u00e7o do ano passado, contra a Inter de Limeira, pelo Campeonato Paulista, e seu primeiro jogo como titular aconteceu na final do estadual, contra o Palmeiras. Para Chermont, o ano de 2024 foi marcante, e ele se sente muito mais maduro em rela\u00e7\u00e3o ao jogador que come\u00e7ou na equipe profissional.<\/p>\n\n\n\n<p>&#8220;Foi um ano muito especial para mim. Desde pequeno, meu sonho sempre foi chegar ao profissional e retribuir tudo o que o Santos fez por mim ao longo desses anos. Como diz o nosso hino, \u00e9 um orgulho que nem todos podem ter. Aprendi muito nesse per\u00edodo, tanto dentro quanto fora de campo, e hoje me considero um jogador muito mais maduro do que aquele que estreou em 2024. Sei que ainda sou muito jovem, tenho apenas 19 anos e muito a evoluir, por isso sigo trabalhando para crescer e ajudar a equipe da melhor forma poss\u00edvel&#8221;, comentou Chermont.<\/p>\n\n\n\n<p>O lateral deve ser titular na estreia do Santos no Campeonato Brasileiro, que acontece neste domingo contra o Vasco da Gama, em S\u00e3o Janu\u00e1rio. A disputa pela vaga foi intensa, mas JP conseguiu se destacar na concorr\u00eancia com o argentino Leo Godoy. Para ele, essa competi\u00e7\u00e3o saud\u00e1vel \u00e9 ben\u00e9fica para ambos.<\/p>\n\n\n\n<p>&#8220;\u00c9 uma disputa muito boa, que s\u00f3 nos faz crescer. Sabemos que, se um n\u00e3o estiver bem, o outro vai assumir, ent\u00e3o isso nos motiva a dar o nosso melhor todos os dias. Como todo jogador, queremos estar sempre jogando. O L\u00e9o \u00e9 um jogador muito experiente, e essa competitividade di\u00e1ria nos treinamentos \u00e9 muito importante. S\u00f3 quem tem a ganhar com isso \u00e9 o Santos&#8221;, afirmou.<\/p>\n\n\n\n<p>Em 2024, Chermont foi titular na maior parte da temporada sob o comando de F\u00e1bio Carille, mas com a chegada de Pedro Caixinha ao clube, o jogador precisou reconquistar seu espa\u00e7o. Felizmente, ele conseguiu estabelecer uma boa sequ\u00eancia no time. Caixinha, por sua vez, acredita no potencial do lateral e busca ajudar no seu processo de evolu\u00e7\u00e3o.<\/p>\n\n\n\n<p> &#8220;S\u00e3o dois grandes treinadores, cada um com sua metodologia e forma de enxergar o jogo. O professor Pedro Caixinha tem uma abordagem intensa, gosta de um time agressivo e com posse de bola, e tem sido uma experi\u00eancia muito positiva trabalhar com ele. O mais importante \u00e9 que todo o elenco tem assimilado bem as ideias dele e seguimos focados em evoluir&#8221;, destacou o jogador.<\/p>\n\n\n\n<p>Chermont tamb\u00e9m est\u00e1 ansioso para disputar, pela primeira vez, a S\u00e9rie A do Campeonato Brasileiro e a Copa do Brasil. O jovem lateral acredita que o Santos tem um elenco forte e est\u00e1 preparado para enfrentar os desafios nas duas competi\u00e7\u00f5es.<\/p>\n\n\n\n<p> &#8220;S\u00e3o competi\u00e7\u00f5es muito importantes. Posso dizer que nosso objetivo \u00e9 chegar o mais longe poss\u00edvel em todas as competi\u00e7\u00f5es que formos disputar. Temos nos preparado bem e vejo nossa equipe como muito forte em todos os setores. Vou seguir trabalhando para ajudar o Santos a alcan\u00e7ar grandes objetivos e brigar por coisas grandes na temporada&#8221;, disse.<\/p>\n\n\n\n<p>Al\u00e9m das competi\u00e7\u00f5es nacionais, Chermont tamb\u00e9m almeja uma vaga na Sele\u00e7\u00e3o Brasileira sub-20, com a Copa do Mundo da categoria marcada para setembro e outubro de 2024, no Chile. O jogador j\u00e1 esteve no radar do t\u00e9cnico Ramon Menezes, que o convocou para o Sul-Americano sub-20 no in\u00edcio do ano. Para ele, a chance de disputar um torneio de tamanha import\u00e2ncia \u00e9 um sonho, mas ele sabe que precisa focar primeiro no seu desempenho pelo Santos.<\/p>\n\n\n\n<p> &#8220;A Sele\u00e7\u00e3o sempre ser\u00e1 um sonho e um objetivo para mim. Sei que, para ser convocado para um torneio t\u00e3o importante como esse, preciso primeiro estar bem no Santos. Ent\u00e3o, meu foco agora \u00e9 fazer bons jogos, ajudar o clube no Campeonato Brasileiro e na Copa do Brasil. Depois, se eu for convocado, sem d\u00favida ser\u00e1 um motivo de muita felicidade para mim. J\u00e1 fui convocado outras vezes e sei o qu\u00e3o especial \u00e9 representar o nosso pa\u00eds, \u00e9 o sonho de todo jogador estar l\u00e1 e por isso a disputa \u00e9 t\u00e3o grande&#8221;, concluiu Chermont.<\/p>\n","protected":false},"excerpt":{"rendered":"<p>O lateral-direito JP Chermont tem se destacado como um dos principais Meninos da Vila nos \u00faltimos anos, consolidando seu espa\u00e7o no Santos. Em sua trajet\u00f3ria profissional, o jovem acumula 46 jogos, sendo 32 como titular, e vive uma fase de maturidade crescente. Sua estreia foi em mar\u00e7o do ano passado, contra a Inter de Limeira, [&hellip;]<\/p>\n","protected":false},"author":17,"featured_media":153413,"comment_status":"open","ping_status":"closed","sticky":false,"template":"","format":"standard","meta":{"footnotes":""},"categories":[139],"tags":[],"class_list":["post-246572","post","type-post","status-publish","format-standard","has-post-thumbnail","hentry","category-santos"],"yoast_head":"<!-- This site is optimized with the Yoast SEO Premium plugin v24.2 (Yoast SEO v26.9) - https:\/\/yoast.com\/product\/yoast-seo-premium-wordpress\/ -->\n<title>A declara\u00e7\u00e3o de JP Chermont sobre oportunidades no Santos<\/title>\n<meta name=\"robots\" content=\"index, follow, max-snippet:-1, max-image-preview:large, max-video-preview:-1\" \/>\n<link rel=\"canonical\" href=\"https:\/\/www.gaveanews.com\/index.php\/2025\/03\/30\/a-declaracao-de-jp-chermont-sobre-oportunidades-no-santos\/\" \/>\n<meta property=\"og:locale\" content=\"pt_BR\" \/>\n<meta property=\"og:type\" content=\"article\" \/>\n<meta property=\"og:title\" content=\"A declara\u00e7\u00e3o de JP Chermont sobre oportunidades no Santos\" \/>\n<meta property=\"og:description\" content=\"O lateral-direito JP Chermont tem se destacado como um dos principais Meninos da Vila nos \u00faltimos anos, consolidando seu espa\u00e7o no Santos. Em sua trajet\u00f3ria profissional, o jovem acumula 46 jogos, sendo 32 como titular, e vive uma fase de maturidade crescente. Sua estreia foi em mar\u00e7o do ano passado, contra a Inter de Limeira, [&hellip;]\" \/>\n<meta property=\"og:url\" content=\"https:\/\/www.gaveanews.com\/index.php\/2025\/03\/30\/a-declaracao-de-jp-chermont-sobre-oportunidades-no-santos\/\" \/>\n<meta property=\"og:site_name\" content=\"G\u00e1vea News\" \/>\n<meta property=\"article:publisher\" content=\"https:\/\/facebook.com\/gaveaNews\/\" \/>\n<meta property=\"article:published_time\" content=\"2025-03-30T04:35:00+00:00\" \/>\n<meta property=\"og:image\" content=\"https:\/\/www.gaveanews.com\/wp-content\/uploads\/JP-Chermont-durante-o-jogo-entre-Santos-x-Guarani-pelo-Brasileirao-2024-na-Vila-Belmiro.webp\" \/>\n\t<meta property=\"og:image:width\" content=\"800\" \/>\n\t<meta property=\"og:image:height\" content=\"640\" \/>\n\t<meta property=\"og:image:type\" content=\"image\/jpeg\" \/>\n<meta name=\"author\" content=\"Geovanna Thomaz\" \/>\n<meta name=\"twitter:card\" content=\"summary_large_image\" \/>\n<meta name=\"twitter:label1\" content=\"Escrito por\" \/>\n\t<meta name=\"twitter:data1\" content=\"Geovanna Thomaz\" \/>\n\t<meta name=\"twitter:label2\" content=\"Est. tempo de leitura\" \/>\n\t<meta name=\"twitter:data2\" content=\"5 minutos\" \/>\n<script type=\"application\/ld+json\" class=\"yoast-schema-graph\">{\"@context\":\"https:\/\/schema.org\",\"@graph\":[{\"@type\":\"NewsArticle\",\"@id\":\"https:\/\/www.gaveanews.com\/index.php\/2025\/03\/30\/a-declaracao-de-jp-chermont-sobre-oportunidades-no-santos\/#article\",\"isPartOf\":{\"@id\":\"https:\/\/www.gaveanews.com\/index.php\/2025\/03\/30\/a-declaracao-de-jp-chermont-sobre-oportunidades-no-santos\/\"},\"author\":{\"name\":\"Geovanna Thomaz\",\"@id\":\"https:\/\/www.gaveanews.com\/#\/schema\/person\/f42654babcd2b2014a1a65af82b081f1\"},\"headline\":\"A declara\u00e7\u00e3o de JP Chermont sobre oportunidades no Santos\",\"datePublished\":\"2025-03-30T04:35:00+00:00\",\"mainEntityOfPage\":{\"@id\":\"https:\/\/www.gaveanews.com\/index.php\/2025\/03\/30\/a-declaracao-de-jp-chermont-sobre-oportunidades-no-santos\/\"},\"wordCount\":739,\"commentCount\":0,\"image\":{\"@id\":\"https:\/\/www.gaveanews.com\/index.php\/2025\/03\/30\/a-declaracao-de-jp-chermont-sobre-oportunidades-no-santos\/#primaryimage\"},\"thumbnailUrl\":\"https:\/\/www.gaveanews.com\/wp-content\/uploads\/JP-Chermont-durante-o-jogo-entre-Santos-x-Guarani-pelo-Brasileirao-2024-na-Vila-Belmiro.webp\",\"articleSection\":[\"Santos\"],\"inLanguage\":\"pt-BR\",\"potentialAction\":[{\"@type\":\"CommentAction\",\"name\":\"Comment\",\"target\":[\"https:\/\/www.gaveanews.com\/index.php\/2025\/03\/30\/a-declaracao-de-jp-chermont-sobre-oportunidades-no-santos\/#respond\"]}],\"copyrightYear\":\"2025\",\"copyrightHolder\":{\"@id\":\"https:\/\/www.gaveanews.com\/#organization\"}},{\"@type\":\"WebPage\",\"@id\":\"https:\/\/www.gaveanews.com\/index.php\/2025\/03\/30\/a-declaracao-de-jp-chermont-sobre-oportunidades-no-santos\/\",\"url\":\"https:\/\/www.gaveanews.com\/index.php\/2025\/03\/30\/a-declaracao-de-jp-chermont-sobre-oportunidades-no-santos\/\",\"name\":\"A declara\u00e7\u00e3o de JP Chermont sobre oportunidades no Santos\",\"isPartOf\":{\"@id\":\"https:\/\/www.gaveanews.com\/#website\"},\"primaryImageOfPage\":{\"@id\":\"https:\/\/www.gaveanews.com\/index.php\/2025\/03\/30\/a-declaracao-de-jp-chermont-sobre-oportunidades-no-santos\/#primaryimage\"},\"image\":{\"@id\":\"https:\/\/www.gaveanews.com\/index.php\/2025\/03\/30\/a-declaracao-de-jp-chermont-sobre-oportunidades-no-santos\/#primaryimage\"},\"thumbnailUrl\":\"https:\/\/www.gaveanews.com\/wp-content\/uploads\/JP-Chermont-durante-o-jogo-entre-Santos-x-Guarani-pelo-Brasileirao-2024-na-Vila-Belmiro.webp\",\"datePublished\":\"2025-03-30T04:35:00+00:00\",\"author\":{\"@id\":\"https:\/\/www.gaveanews.com\/#\/schema\/person\/f42654babcd2b2014a1a65af82b081f1\"},\"breadcrumb\":{\"@id\":\"https:\/\/www.gaveanews.com\/index.php\/2025\/03\/30\/a-declaracao-de-jp-chermont-sobre-oportunidades-no-santos\/#breadcrumb\"},\"inLanguage\":\"pt-BR\",\"potentialAction\":[{\"@type\":\"ReadAction\",\"target\":[\"https:\/\/www.gaveanews.com\/index.php\/2025\/03\/30\/a-declaracao-de-jp-chermont-sobre-oportunidades-no-santos\/\"]}]},{\"@type\":\"ImageObject\",\"inLanguage\":\"pt-BR\",\"@id\":\"https:\/\/www.gaveanews.com\/index.php\/2025\/03\/30\/a-declaracao-de-jp-chermont-sobre-oportunidades-no-santos\/#primaryimage\",\"url\":\"https:\/\/www.gaveanews.com\/wp-content\/uploads\/JP-Chermont-durante-o-jogo-entre-Santos-x-Guarani-pelo-Brasileirao-2024-na-Vila-Belmiro.webp\",\"contentUrl\":\"https:\/\/www.gaveanews.com\/wp-content\/uploads\/JP-Chermont-durante-o-jogo-entre-Santos-x-Guarani-pelo-Brasileirao-2024-na-Vila-Belmiro.webp\",\"width\":800,\"height\":640,\"caption\":\"JP Chermont durante o jogo entre Santos x Guarani pelo Brasileir\u00e3o 2024 na Vila Belmiro (Foto: Raul Baretta\/Santos\"},{\"@type\":\"BreadcrumbList\",\"@id\":\"https:\/\/www.gaveanews.com\/index.php\/2025\/03\/30\/a-declaracao-de-jp-chermont-sobre-oportunidades-no-santos\/#breadcrumb\",\"itemListElement\":[{\"@type\":\"ListItem\",\"position\":1,\"name\":\"Home\",\"item\":\"https:\/\/www.gaveanews.com\/\"},{\"@type\":\"ListItem\",\"position\":2,\"name\":\"A declara\u00e7\u00e3o de JP Chermont sobre oportunidades no Santos\"}]},{\"@type\":\"WebSite\",\"@id\":\"https:\/\/www.gaveanews.com\/#website\",\"url\":\"https:\/\/www.gaveanews.com\/\",\"name\":\"G\u00e1vea News\",\"description\":\"Veja todas as not\u00edcias sobre o Flamengo: Contrata\u00e7\u00f5es, categorias de base, resultados das partidas, tabela de classifica\u00e7\u00e3o, pr\u00f3ximos jogos!\",\"potentialAction\":[{\"@type\":\"SearchAction\",\"target\":{\"@type\":\"EntryPoint\",\"urlTemplate\":\"https:\/\/www.gaveanews.com\/?s={search_term_string}\"},\"query-input\":{\"@type\":\"PropertyValueSpecification\",\"valueRequired\":true,\"valueName\":\"search_term_string\"}}],\"inLanguage\":\"pt-BR\"},{\"@type\":\"Person\",\"@id\":\"https:\/\/www.gaveanews.com\/#\/schema\/person\/f42654babcd2b2014a1a65af82b081f1\",\"name\":\"Geovanna Thomaz\",\"image\":{\"@type\":\"ImageObject\",\"inLanguage\":\"pt-BR\",\"@id\":\"https:\/\/www.gaveanews.com\/#\/schema\/person\/image\/\",\"url\":\"https:\/\/secure.gravatar.com\/avatar\/4092073255489533afb558984b49b64268c47198af8623cc82a925ae9fb7118a?s=96&d=mm&r=g\",\"contentUrl\":\"https:\/\/secure.gravatar.com\/avatar\/4092073255489533afb558984b49b64268c47198af8623cc82a925ae9fb7118a?s=96&d=mm&r=g\",\"caption\":\"Geovanna Thomaz\"}}]}<\/script>\n<!-- \/ Yoast SEO Premium plugin. -->","yoast_head_json":{"title":"A declara\u00e7\u00e3o de JP Chermont sobre oportunidades no Santos","robots":{"index":"index","follow":"follow","max-snippet":"max-snippet:-1","max-image-preview":"max-image-preview:large","max-video-preview":"max-video-preview:-1"},"canonical":"https:\/\/www.gaveanews.com\/index.php\/2025\/03\/30\/a-declaracao-de-jp-chermont-sobre-oportunidades-no-santos\/","og_locale":"pt_BR","og_type":"article","og_title":"A declara\u00e7\u00e3o de JP Chermont sobre oportunidades no Santos","og_description":"O lateral-direito JP Chermont tem se destacado como um dos principais Meninos da Vila nos \u00faltimos anos, consolidando seu espa\u00e7o no Santos. Em sua trajet\u00f3ria profissional, o jovem acumula 46 jogos, sendo 32 como titular, e vive uma fase de maturidade crescente. Sua estreia foi em mar\u00e7o do ano passado, contra a Inter de Limeira, [&hellip;]","og_url":"https:\/\/www.gaveanews.com\/index.php\/2025\/03\/30\/a-declaracao-de-jp-chermont-sobre-oportunidades-no-santos\/","og_site_name":"G\u00e1vea News","article_publisher":"https:\/\/facebook.com\/gaveaNews\/","article_published_time":"2025-03-30T04:35:00+00:00","og_image":[{"width":800,"height":640,"url":"https:\/\/www.gaveanews.com\/wp-content\/uploads\/JP-Chermont-durante-o-jogo-entre-Santos-x-Guarani-pelo-Brasileirao-2024-na-Vila-Belmiro.webp","type":"image\/jpeg"}],"author":"Geovanna Thomaz","twitter_card":"summary_large_image","twitter_misc":{"Escrito por":"Geovanna Thomaz","Est. tempo de leitura":"5 minutos"},"schema":{"@context":"https:\/\/schema.org","@graph":[{"@type":"NewsArticle","@id":"https:\/\/www.gaveanews.com\/index.php\/2025\/03\/30\/a-declaracao-de-jp-chermont-sobre-oportunidades-no-santos\/#article","isPartOf":{"@id":"https:\/\/www.gaveanews.com\/index.php\/2025\/03\/30\/a-declaracao-de-jp-chermont-sobre-oportunidades-no-santos\/"},"author":{"name":"Geovanna Thomaz","@id":"https:\/\/www.gaveanews.com\/#\/schema\/person\/f42654babcd2b2014a1a65af82b081f1"},"headline":"A declara\u00e7\u00e3o de JP Chermont sobre oportunidades no Santos","datePublished":"2025-03-30T04:35:00+00:00","mainEntityOfPage":{"@id":"https:\/\/www.gaveanews.com\/index.php\/2025\/03\/30\/a-declaracao-de-jp-chermont-sobre-oportunidades-no-santos\/"},"wordCount":739,"commentCount":0,"image":{"@id":"https:\/\/www.gaveanews.com\/index.php\/2025\/03\/30\/a-declaracao-de-jp-chermont-sobre-oportunidades-no-santos\/#primaryimage"},"thumbnailUrl":"https:\/\/www.gaveanews.com\/wp-content\/uploads\/JP-Chermont-durante-o-jogo-entre-Santos-x-Guarani-pelo-Brasileirao-2024-na-Vila-Belmiro.webp","articleSection":["Santos"],"inLanguage":"pt-BR","potentialAction":[{"@type":"CommentAction","name":"Comment","target":["https:\/\/www.gaveanews.com\/index.php\/2025\/03\/30\/a-declaracao-de-jp-chermont-sobre-oportunidades-no-santos\/#respond"]}],"copyrightYear":"2025","copyrightHolder":{"@id":"https:\/\/www.gaveanews.com\/#organization"}},{"@type":"WebPage","@id":"https:\/\/www.gaveanews.com\/index.php\/2025\/03\/30\/a-declaracao-de-jp-chermont-sobre-oportunidades-no-santos\/","url":"https:\/\/www.gaveanews.com\/index.php\/2025\/03\/30\/a-declaracao-de-jp-chermont-sobre-oportunidades-no-santos\/","name":"A declara\u00e7\u00e3o de JP Chermont sobre oportunidades no Santos","isPartOf":{"@id":"https:\/\/www.gaveanews.com\/#website"},"primaryImageOfPage":{"@id":"https:\/\/www.gaveanews.com\/index.php\/2025\/03\/30\/a-declaracao-de-jp-chermont-sobre-oportunidades-no-santos\/#primaryimage"},"image":{"@id":"https:\/\/www.gaveanews.com\/index.php\/2025\/03\/30\/a-declaracao-de-jp-chermont-sobre-oportunidades-no-santos\/#primaryimage"},"thumbnailUrl":"https:\/\/www.gaveanews.com\/wp-content\/uploads\/JP-Chermont-durante-o-jogo-entre-Santos-x-Guarani-pelo-Brasileirao-2024-na-Vila-Belmiro.webp","datePublished":"2025-03-30T04:35:00+00:00","author":{"@id":"https:\/\/www.gaveanews.com\/#\/schema\/person\/f42654babcd2b2014a1a65af82b081f1"},"breadcrumb":{"@id":"https:\/\/www.gaveanews.com\/index.php\/2025\/03\/30\/a-declaracao-de-jp-chermont-sobre-oportunidades-no-santos\/#breadcrumb"},"inLanguage":"pt-BR","potentialAction":[{"@type":"ReadAction","target":["https:\/\/www.gaveanews.com\/index.php\/2025\/03\/30\/a-declaracao-de-jp-chermont-sobre-oportunidades-no-santos\/"]}]},{"@type":"ImageObject","inLanguage":"pt-BR","@id":"https:\/\/www.gaveanews.com\/index.php\/2025\/03\/30\/a-declaracao-de-jp-chermont-sobre-oportunidades-no-santos\/#primaryimage","url":"https:\/\/www.gaveanews.com\/wp-content\/uploads\/JP-Chermont-durante-o-jogo-entre-Santos-x-Guarani-pelo-Brasileirao-2024-na-Vila-Belmiro.webp","contentUrl":"https:\/\/www.gaveanews.com\/wp-content\/uploads\/JP-Chermont-durante-o-jogo-entre-Santos-x-Guarani-pelo-Brasileirao-2024-na-Vila-Belmiro.webp","width":800,"height":640,"caption":"JP Chermont durante o jogo entre Santos x Guarani pelo Brasileir\u00e3o 2024 na Vila Belmiro (Foto: Raul Baretta\/Santos"},{"@type":"BreadcrumbList","@id":"https:\/\/www.gaveanews.com\/index.php\/2025\/03\/30\/a-declaracao-de-jp-chermont-sobre-oportunidades-no-santos\/#breadcrumb","itemListElement":[{"@type":"ListItem","position":1,"name":"Home","item":"https:\/\/www.gaveanews.com\/"},{"@type":"ListItem","position":2,"name":"A declara\u00e7\u00e3o de JP Chermont sobre oportunidades no Santos"}]},{"@type":"WebSite","@id":"https:\/\/www.gaveanews.com\/#website","url":"https:\/\/www.gaveanews.com\/","name":"G\u00e1vea News","description":"Veja todas as not\u00edcias sobre o Flamengo: Contrata\u00e7\u00f5es, categorias de base, resultados das partidas, tabela de classifica\u00e7\u00e3o, pr\u00f3ximos jogos!","potentialAction":[{"@type":"SearchAction","target":{"@type":"EntryPoint","urlTemplate":"https:\/\/www.gaveanews.com\/?s={search_term_string}"},"query-input":{"@type":"PropertyValueSpecification","valueRequired":true,"valueName":"search_term_string"}}],"inLanguage":"pt-BR"},{"@type":"Person","@id":"https:\/\/www.gaveanews.com\/#\/schema\/person\/f42654babcd2b2014a1a65af82b081f1","name":"Geovanna Thomaz","image":{"@type":"ImageObject","inLanguage":"pt-BR","@id":"https:\/\/www.gaveanews.com\/#\/schema\/person\/image\/","url":"https:\/\/secure.gravatar.com\/avatar\/4092073255489533afb558984b49b64268c47198af8623cc82a925ae9fb7118a?s=96&d=mm&r=g","contentUrl":"https:\/\/secure.gravatar.com\/avatar\/4092073255489533afb558984b49b64268c47198af8623cc82a925ae9fb7118a?s=96&d=mm&r=g","caption":"Geovanna Thomaz"}}]}},"_links":{"self":[{"href":"https:\/\/www.gaveanews.com\/index.php\/wp-json\/wp\/v2\/posts\/246572","targetHints":{"allow":["GET"]}}],"collection":[{"href":"https:\/\/www.gaveanews.com\/index.php\/wp-json\/wp\/v2\/posts"}],"about":[{"href":"https:\/\/www.gaveanews.com\/index.php\/wp-json\/wp\/v2\/types\/post"}],"author":[{"embeddable":true,"href":"https:\/\/www.gaveanews.com\/index.php\/wp-json\/wp\/v2\/users\/17"}],"replies":[{"embeddable":true,"href":"https:\/\/www.gaveanews.com\/index.php\/wp-json\/wp\/v2\/comments?post=246572"}],"version-history":[{"count":1,"href":"https:\/\/www.gaveanews.com\/index.php\/wp-json\/wp\/v2\/posts\/246572\/revisions"}],"predecessor-version":[{"id":246573,"href":"https:\/\/www.gaveanews.com\/index.php\/wp-json\/wp\/v2\/posts\/246572\/revisions\/246573"}],"wp:featuredmedia":[{"embeddable":true,"href":"https:\/\/www.gaveanews.com\/index.php\/wp-json\/wp\/v2\/media\/153413"}],"wp:attachment":[{"href":"https:\/\/www.gaveanews.com\/index.php\/wp-json\/wp\/v2\/media?parent=246572"}],"wp:term":[{"taxonomy":"category","embeddable":true,"href":"https:\/\/www.gaveanews.com\/index.php\/wp-json\/wp\/v2\/categories?post=246572"},{"taxonomy":"post_tag","embeddable":true,"href":"https:\/\/www.gaveanews.com\/index.php\/wp-json\/wp\/v2\/tags?post=246572"}],"curies":[{"name":"wp","href":"https:\/\/api.w.org\/{rel}","templated":true}]}}