{"id":246574,"date":"2025-03-30T01:40:00","date_gmt":"2025-03-30T04:40:00","guid":{"rendered":"https:\/\/www.gaveanews.com\/?p=246574"},"modified":"2025-03-30T00:19:50","modified_gmt":"2025-03-30T03:19:50","slug":"raphael-veiga-faz-pedido-importante-para-a-torcida-do-palmeiras","status":"publish","type":"post","link":"https:\/\/www.gaveanews.com\/index.php\/2025\/03\/30\/raphael-veiga-faz-pedido-importante-para-a-torcida-do-palmeiras\/","title":{"rendered":"Raphael Veiga faz pedido importante para a torcida do Palmeiras"},"content":{"rendered":"\n<p>O Palmeiras terminou a quinta-feira com o vice-campeonato do Paulist\u00e3o ap\u00f3s um empate sem gols com o Corinthians, na partida de volta, realizada na Neo Qu\u00edmica Arena. Raphael Veiga, um dos l\u00edderes do elenco, teve uma atua\u00e7\u00e3o apagada e ainda desperdi\u00e7ou um p\u00eanalti que poderia ter aberto o placar e empatado o agregado, mantendo vivo o sonho do Verd\u00e3o pelo tetra.<\/p>\n\n\n\n<p> Ap\u00f3s a partida, o meio-campista n\u00e3o se esquivou das responsabilidades e foi o \u00fanico a falar, al\u00e9m do t\u00e9cnico Abel Ferreira, na coletiva. Chateado com o p\u00eanalti defendido por Hugo, Veiga comentou sobre a rivalidade com o Corinthians e a reformula\u00e7\u00e3o no clube.<\/p>\n\n\n\n<p>&#8220;Desde pequeno aprendi a n\u00e3o gostar do Corinthians e eu, mais do que ningu\u00e9m, queria ganhar esse jogo, fazer o gol e ser campe\u00e3o. Repito: dar m\u00e9rito ao Hugo, que \u00e9 um grande goleiro e pegou o p\u00eanalti. Estamos na reformula\u00e7\u00e3o. Muitos chegaram, meninos da base subiram. Acho que temos muito a melhorar ainda. Tenho outras coisas para conquistar. Quero sempre ajudar ao Palmeiras. Minha vontade \u00e9 ficar, mas vamos ver o que vai acontecer&#8221;, afirmou o jogador.<\/p>\n\n\n\n<p>O Palmeiras fez investimentos para a temporada de 2025, trazendo sete refor\u00e7os: os zagueiros Micael e Bruno Fuchs, os meias Lucas Evangelista e Emiliano Mart\u00ednez, al\u00e9m dos atacantes Facundo Torres, Vitor Roque e Paulinho. Este \u00faltimo ainda n\u00e3o estreou, pois est\u00e1 se recuperando de uma cirurgia na perna direita e deve voltar \u00e0s atividades nas pr\u00f3ximas semanas.<\/p>\n\n\n\n<p> J\u00e1 Lucas Evangelista, ex-Red Bull Bragantino, chegou ao clube neste m\u00eas, mas n\u00e3o p\u00f4de atuar no Paulista devido ao regulamento da competi\u00e7\u00e3o. Por outro lado, Vitor Roque j\u00e1 estava pronto para o duelo e participou dos tr\u00eas jogos decisivos, incluindo os dois da final contra o Corinthians.<\/p>\n\n\n\n<p>Apesar da perda do t\u00edtulo, Veiga fez uma breve an\u00e1lise e pediu para que os torcedores do Palmeiras mantivessem a confian\u00e7a na equipe, destacando que o time tem pela frente importantes competi\u00e7\u00f5es como o Campeonato Brasileiro, Copa do Brasil e o Mundial de Clubes.<\/p>\n\n\n\n<p>&#8220;J\u00e1 vi o Palmeiras ser campe\u00e3o, digo quando ainda n\u00e3o jogava. J\u00e1 vi o Palmeiras perder, j\u00e1 vi o Palmeiras em fase boa, j\u00e1 vi o Palmeiras em fase ruim, mas hoje eu sou muito feliz e realizado de jogar no Palmeiras, de fazer parte desse time. E o que eu posso falar como torcedor e como jogador \u00e9, acreditem na gente porque a gente vai conseguir continuar conquistando t\u00edtulos&#8221;, finalizou Veiga.<\/p>\n\n\n\n<p>O Palmeiras estreia no Campeonato Brasileiro neste domingo, contra o Botafogo, no Allianz Parque, \u00e0s 16 horas (de Bras\u00edlia).<\/p>\n","protected":false},"excerpt":{"rendered":"<p>O Palmeiras terminou a quinta-feira com o vice-campeonato do Paulist\u00e3o ap\u00f3s um empate sem gols com o Corinthians, na partida de volta, realizada na Neo Qu\u00edmica Arena. Raphael Veiga, um dos l\u00edderes do elenco, teve uma atua\u00e7\u00e3o apagada e ainda desperdi\u00e7ou um p\u00eanalti que poderia ter aberto o placar e empatado o agregado, mantendo vivo [&hellip;]<\/p>\n","protected":false},"author":17,"featured_media":245851,"comment_status":"open","ping_status":"closed","sticky":false,"template":"","format":"standard","meta":{"footnotes":""},"categories":[150],"tags":[],"class_list":["post-246574","post","type-post","status-publish","format-standard","has-post-thumbnail","hentry","category-palmeiras"],"yoast_head":"<!-- This site is optimized with the Yoast SEO Premium plugin v24.2 (Yoast SEO v26.9) - https:\/\/yoast.com\/product\/yoast-seo-premium-wordpress\/ -->\n<title>Raphael Veiga faz pedido importante para a torcida do Palmeiras<\/title>\n<meta name=\"robots\" content=\"index, follow, max-snippet:-1, max-image-preview:large, max-video-preview:-1\" \/>\n<link rel=\"canonical\" href=\"https:\/\/www.gaveanews.com\/index.php\/2025\/03\/30\/raphael-veiga-faz-pedido-importante-para-a-torcida-do-palmeiras\/\" \/>\n<meta property=\"og:locale\" content=\"pt_BR\" \/>\n<meta property=\"og:type\" content=\"article\" \/>\n<meta property=\"og:title\" content=\"Raphael Veiga faz pedido importante para a torcida do Palmeiras\" \/>\n<meta property=\"og:description\" content=\"O Palmeiras terminou a quinta-feira com o vice-campeonato do Paulist\u00e3o ap\u00f3s um empate sem gols com o Corinthians, na partida de volta, realizada na Neo Qu\u00edmica Arena. Raphael Veiga, um dos l\u00edderes do elenco, teve uma atua\u00e7\u00e3o apagada e ainda desperdi\u00e7ou um p\u00eanalti que poderia ter aberto o placar e empatado o agregado, mantendo vivo [&hellip;]\" \/>\n<meta property=\"og:url\" content=\"https:\/\/www.gaveanews.com\/index.php\/2025\/03\/30\/raphael-veiga-faz-pedido-importante-para-a-torcida-do-palmeiras\/\" \/>\n<meta property=\"og:site_name\" content=\"G\u00e1vea News\" \/>\n<meta property=\"article:publisher\" content=\"https:\/\/facebook.com\/gaveaNews\/\" \/>\n<meta property=\"article:published_time\" content=\"2025-03-30T04:40:00+00:00\" \/>\n<meta property=\"og:image\" content=\"https:\/\/www.gaveanews.com\/wp-content\/uploads\/Raphael-Veiga-pelo-Palmeiras.webp\" \/>\n\t<meta property=\"og:image:width\" content=\"576\" \/>\n\t<meta property=\"og:image:height\" content=\"408\" \/>\n\t<meta property=\"og:image:type\" content=\"image\/jpeg\" \/>\n<meta name=\"author\" content=\"Geovanna Thomaz\" \/>\n<meta name=\"twitter:card\" content=\"summary_large_image\" \/>\n<meta name=\"twitter:label1\" content=\"Escrito por\" \/>\n\t<meta name=\"twitter:data1\" content=\"Geovanna Thomaz\" \/>\n\t<meta name=\"twitter:label2\" content=\"Est. tempo de leitura\" \/>\n\t<meta name=\"twitter:data2\" content=\"3 minutos\" \/>\n<script type=\"application\/ld+json\" class=\"yoast-schema-graph\">{\"@context\":\"https:\/\/schema.org\",\"@graph\":[{\"@type\":\"NewsArticle\",\"@id\":\"https:\/\/www.gaveanews.com\/index.php\/2025\/03\/30\/raphael-veiga-faz-pedido-importante-para-a-torcida-do-palmeiras\/#article\",\"isPartOf\":{\"@id\":\"https:\/\/www.gaveanews.com\/index.php\/2025\/03\/30\/raphael-veiga-faz-pedido-importante-para-a-torcida-do-palmeiras\/\"},\"author\":{\"name\":\"Geovanna Thomaz\",\"@id\":\"https:\/\/www.gaveanews.com\/#\/schema\/person\/f42654babcd2b2014a1a65af82b081f1\"},\"headline\":\"Raphael Veiga faz pedido importante para a torcida do Palmeiras\",\"datePublished\":\"2025-03-30T04:40:00+00:00\",\"mainEntityOfPage\":{\"@id\":\"https:\/\/www.gaveanews.com\/index.php\/2025\/03\/30\/raphael-veiga-faz-pedido-importante-para-a-torcida-do-palmeiras\/\"},\"wordCount\":464,\"commentCount\":0,\"image\":{\"@id\":\"https:\/\/www.gaveanews.com\/index.php\/2025\/03\/30\/raphael-veiga-faz-pedido-importante-para-a-torcida-do-palmeiras\/#primaryimage\"},\"thumbnailUrl\":\"https:\/\/www.gaveanews.com\/wp-content\/uploads\/Raphael-Veiga-pelo-Palmeiras.webp\",\"articleSection\":[\"Palmeiras\"],\"inLanguage\":\"pt-BR\",\"potentialAction\":[{\"@type\":\"CommentAction\",\"name\":\"Comment\",\"target\":[\"https:\/\/www.gaveanews.com\/index.php\/2025\/03\/30\/raphael-veiga-faz-pedido-importante-para-a-torcida-do-palmeiras\/#respond\"]}],\"copyrightYear\":\"2025\",\"copyrightHolder\":{\"@id\":\"https:\/\/www.gaveanews.com\/#organization\"}},{\"@type\":\"WebPage\",\"@id\":\"https:\/\/www.gaveanews.com\/index.php\/2025\/03\/30\/raphael-veiga-faz-pedido-importante-para-a-torcida-do-palmeiras\/\",\"url\":\"https:\/\/www.gaveanews.com\/index.php\/2025\/03\/30\/raphael-veiga-faz-pedido-importante-para-a-torcida-do-palmeiras\/\",\"name\":\"Raphael Veiga faz pedido importante para a torcida do Palmeiras\",\"isPartOf\":{\"@id\":\"https:\/\/www.gaveanews.com\/#website\"},\"primaryImageOfPage\":{\"@id\":\"https:\/\/www.gaveanews.com\/index.php\/2025\/03\/30\/raphael-veiga-faz-pedido-importante-para-a-torcida-do-palmeiras\/#primaryimage\"},\"image\":{\"@id\":\"https:\/\/www.gaveanews.com\/index.php\/2025\/03\/30\/raphael-veiga-faz-pedido-importante-para-a-torcida-do-palmeiras\/#primaryimage\"},\"thumbnailUrl\":\"https:\/\/www.gaveanews.com\/wp-content\/uploads\/Raphael-Veiga-pelo-Palmeiras.webp\",\"datePublished\":\"2025-03-30T04:40:00+00:00\",\"author\":{\"@id\":\"https:\/\/www.gaveanews.com\/#\/schema\/person\/f42654babcd2b2014a1a65af82b081f1\"},\"breadcrumb\":{\"@id\":\"https:\/\/www.gaveanews.com\/index.php\/2025\/03\/30\/raphael-veiga-faz-pedido-importante-para-a-torcida-do-palmeiras\/#breadcrumb\"},\"inLanguage\":\"pt-BR\",\"potentialAction\":[{\"@type\":\"ReadAction\",\"target\":[\"https:\/\/www.gaveanews.com\/index.php\/2025\/03\/30\/raphael-veiga-faz-pedido-importante-para-a-torcida-do-palmeiras\/\"]}]},{\"@type\":\"ImageObject\",\"inLanguage\":\"pt-BR\",\"@id\":\"https:\/\/www.gaveanews.com\/index.php\/2025\/03\/30\/raphael-veiga-faz-pedido-importante-para-a-torcida-do-palmeiras\/#primaryimage\",\"url\":\"https:\/\/www.gaveanews.com\/wp-content\/uploads\/Raphael-Veiga-pelo-Palmeiras.webp\",\"contentUrl\":\"https:\/\/www.gaveanews.com\/wp-content\/uploads\/Raphael-Veiga-pelo-Palmeiras.webp\",\"width\":576,\"height\":408,\"caption\":\"Raphael Veiga pelo Palmeiras (Foto: Cesar Greco\/Palmeiras\/by Canon)\"},{\"@type\":\"BreadcrumbList\",\"@id\":\"https:\/\/www.gaveanews.com\/index.php\/2025\/03\/30\/raphael-veiga-faz-pedido-importante-para-a-torcida-do-palmeiras\/#breadcrumb\",\"itemListElement\":[{\"@type\":\"ListItem\",\"position\":1,\"name\":\"Home\",\"item\":\"https:\/\/www.gaveanews.com\/\"},{\"@type\":\"ListItem\",\"position\":2,\"name\":\"Raphael Veiga faz pedido importante para a torcida do Palmeiras\"}]},{\"@type\":\"WebSite\",\"@id\":\"https:\/\/www.gaveanews.com\/#website\",\"url\":\"https:\/\/www.gaveanews.com\/\",\"name\":\"G\u00e1vea News\",\"description\":\"Veja todas as not\u00edcias sobre o Flamengo: Contrata\u00e7\u00f5es, categorias de base, resultados das partidas, tabela de classifica\u00e7\u00e3o, pr\u00f3ximos jogos!\",\"potentialAction\":[{\"@type\":\"SearchAction\",\"target\":{\"@type\":\"EntryPoint\",\"urlTemplate\":\"https:\/\/www.gaveanews.com\/?s={search_term_string}\"},\"query-input\":{\"@type\":\"PropertyValueSpecification\",\"valueRequired\":true,\"valueName\":\"search_term_string\"}}],\"inLanguage\":\"pt-BR\"},{\"@type\":\"Person\",\"@id\":\"https:\/\/www.gaveanews.com\/#\/schema\/person\/f42654babcd2b2014a1a65af82b081f1\",\"name\":\"Geovanna Thomaz\",\"image\":{\"@type\":\"ImageObject\",\"inLanguage\":\"pt-BR\",\"@id\":\"https:\/\/www.gaveanews.com\/#\/schema\/person\/image\/\",\"url\":\"https:\/\/secure.gravatar.com\/avatar\/4092073255489533afb558984b49b64268c47198af8623cc82a925ae9fb7118a?s=96&d=mm&r=g\",\"contentUrl\":\"https:\/\/secure.gravatar.com\/avatar\/4092073255489533afb558984b49b64268c47198af8623cc82a925ae9fb7118a?s=96&d=mm&r=g\",\"caption\":\"Geovanna Thomaz\"}}]}<\/script>\n<!-- \/ Yoast SEO Premium plugin. -->","yoast_head_json":{"title":"Raphael Veiga faz pedido importante para a torcida do Palmeiras","robots":{"index":"index","follow":"follow","max-snippet":"max-snippet:-1","max-image-preview":"max-image-preview:large","max-video-preview":"max-video-preview:-1"},"canonical":"https:\/\/www.gaveanews.com\/index.php\/2025\/03\/30\/raphael-veiga-faz-pedido-importante-para-a-torcida-do-palmeiras\/","og_locale":"pt_BR","og_type":"article","og_title":"Raphael Veiga faz pedido importante para a torcida do Palmeiras","og_description":"O Palmeiras terminou a quinta-feira com o vice-campeonato do Paulist\u00e3o ap\u00f3s um empate sem gols com o Corinthians, na partida de volta, realizada na Neo Qu\u00edmica Arena. Raphael Veiga, um dos l\u00edderes do elenco, teve uma atua\u00e7\u00e3o apagada e ainda desperdi\u00e7ou um p\u00eanalti que poderia ter aberto o placar e empatado o agregado, mantendo vivo [&hellip;]","og_url":"https:\/\/www.gaveanews.com\/index.php\/2025\/03\/30\/raphael-veiga-faz-pedido-importante-para-a-torcida-do-palmeiras\/","og_site_name":"G\u00e1vea News","article_publisher":"https:\/\/facebook.com\/gaveaNews\/","article_published_time":"2025-03-30T04:40:00+00:00","og_image":[{"width":576,"height":408,"url":"https:\/\/www.gaveanews.com\/wp-content\/uploads\/Raphael-Veiga-pelo-Palmeiras.webp","type":"image\/jpeg"}],"author":"Geovanna Thomaz","twitter_card":"summary_large_image","twitter_misc":{"Escrito por":"Geovanna Thomaz","Est. tempo de leitura":"3 minutos"},"schema":{"@context":"https:\/\/schema.org","@graph":[{"@type":"NewsArticle","@id":"https:\/\/www.gaveanews.com\/index.php\/2025\/03\/30\/raphael-veiga-faz-pedido-importante-para-a-torcida-do-palmeiras\/#article","isPartOf":{"@id":"https:\/\/www.gaveanews.com\/index.php\/2025\/03\/30\/raphael-veiga-faz-pedido-importante-para-a-torcida-do-palmeiras\/"},"author":{"name":"Geovanna Thomaz","@id":"https:\/\/www.gaveanews.com\/#\/schema\/person\/f42654babcd2b2014a1a65af82b081f1"},"headline":"Raphael Veiga faz pedido importante para a torcida do Palmeiras","datePublished":"2025-03-30T04:40:00+00:00","mainEntityOfPage":{"@id":"https:\/\/www.gaveanews.com\/index.php\/2025\/03\/30\/raphael-veiga-faz-pedido-importante-para-a-torcida-do-palmeiras\/"},"wordCount":464,"commentCount":0,"image":{"@id":"https:\/\/www.gaveanews.com\/index.php\/2025\/03\/30\/raphael-veiga-faz-pedido-importante-para-a-torcida-do-palmeiras\/#primaryimage"},"thumbnailUrl":"https:\/\/www.gaveanews.com\/wp-content\/uploads\/Raphael-Veiga-pelo-Palmeiras.webp","articleSection":["Palmeiras"],"inLanguage":"pt-BR","potentialAction":[{"@type":"CommentAction","name":"Comment","target":["https:\/\/www.gaveanews.com\/index.php\/2025\/03\/30\/raphael-veiga-faz-pedido-importante-para-a-torcida-do-palmeiras\/#respond"]}],"copyrightYear":"2025","copyrightHolder":{"@id":"https:\/\/www.gaveanews.com\/#organization"}},{"@type":"WebPage","@id":"https:\/\/www.gaveanews.com\/index.php\/2025\/03\/30\/raphael-veiga-faz-pedido-importante-para-a-torcida-do-palmeiras\/","url":"https:\/\/www.gaveanews.com\/index.php\/2025\/03\/30\/raphael-veiga-faz-pedido-importante-para-a-torcida-do-palmeiras\/","name":"Raphael Veiga faz pedido importante para a torcida do Palmeiras","isPartOf":{"@id":"https:\/\/www.gaveanews.com\/#website"},"primaryImageOfPage":{"@id":"https:\/\/www.gaveanews.com\/index.php\/2025\/03\/30\/raphael-veiga-faz-pedido-importante-para-a-torcida-do-palmeiras\/#primaryimage"},"image":{"@id":"https:\/\/www.gaveanews.com\/index.php\/2025\/03\/30\/raphael-veiga-faz-pedido-importante-para-a-torcida-do-palmeiras\/#primaryimage"},"thumbnailUrl":"https:\/\/www.gaveanews.com\/wp-content\/uploads\/Raphael-Veiga-pelo-Palmeiras.webp","datePublished":"2025-03-30T04:40:00+00:00","author":{"@id":"https:\/\/www.gaveanews.com\/#\/schema\/person\/f42654babcd2b2014a1a65af82b081f1"},"breadcrumb":{"@id":"https:\/\/www.gaveanews.com\/index.php\/2025\/03\/30\/raphael-veiga-faz-pedido-importante-para-a-torcida-do-palmeiras\/#breadcrumb"},"inLanguage":"pt-BR","potentialAction":[{"@type":"ReadAction","target":["https:\/\/www.gaveanews.com\/index.php\/2025\/03\/30\/raphael-veiga-faz-pedido-importante-para-a-torcida-do-palmeiras\/"]}]},{"@type":"ImageObject","inLanguage":"pt-BR","@id":"https:\/\/www.gaveanews.com\/index.php\/2025\/03\/30\/raphael-veiga-faz-pedido-importante-para-a-torcida-do-palmeiras\/#primaryimage","url":"https:\/\/www.gaveanews.com\/wp-content\/uploads\/Raphael-Veiga-pelo-Palmeiras.webp","contentUrl":"https:\/\/www.gaveanews.com\/wp-content\/uploads\/Raphael-Veiga-pelo-Palmeiras.webp","width":576,"height":408,"caption":"Raphael Veiga pelo Palmeiras (Foto: Cesar Greco\/Palmeiras\/by Canon)"},{"@type":"BreadcrumbList","@id":"https:\/\/www.gaveanews.com\/index.php\/2025\/03\/30\/raphael-veiga-faz-pedido-importante-para-a-torcida-do-palmeiras\/#breadcrumb","itemListElement":[{"@type":"ListItem","position":1,"name":"Home","item":"https:\/\/www.gaveanews.com\/"},{"@type":"ListItem","position":2,"name":"Raphael Veiga faz pedido importante para a torcida do Palmeiras"}]},{"@type":"WebSite","@id":"https:\/\/www.gaveanews.com\/#website","url":"https:\/\/www.gaveanews.com\/","name":"G\u00e1vea News","description":"Veja todas as not\u00edcias sobre o Flamengo: Contrata\u00e7\u00f5es, categorias de base, resultados das partidas, tabela de classifica\u00e7\u00e3o, pr\u00f3ximos jogos!","potentialAction":[{"@type":"SearchAction","target":{"@type":"EntryPoint","urlTemplate":"https:\/\/www.gaveanews.com\/?s={search_term_string}"},"query-input":{"@type":"PropertyValueSpecification","valueRequired":true,"valueName":"search_term_string"}}],"inLanguage":"pt-BR"},{"@type":"Person","@id":"https:\/\/www.gaveanews.com\/#\/schema\/person\/f42654babcd2b2014a1a65af82b081f1","name":"Geovanna Thomaz","image":{"@type":"ImageObject","inLanguage":"pt-BR","@id":"https:\/\/www.gaveanews.com\/#\/schema\/person\/image\/","url":"https:\/\/secure.gravatar.com\/avatar\/4092073255489533afb558984b49b64268c47198af8623cc82a925ae9fb7118a?s=96&d=mm&r=g","contentUrl":"https:\/\/secure.gravatar.com\/avatar\/4092073255489533afb558984b49b64268c47198af8623cc82a925ae9fb7118a?s=96&d=mm&r=g","caption":"Geovanna Thomaz"}}]}},"_links":{"self":[{"href":"https:\/\/www.gaveanews.com\/index.php\/wp-json\/wp\/v2\/posts\/246574","targetHints":{"allow":["GET"]}}],"collection":[{"href":"https:\/\/www.gaveanews.com\/index.php\/wp-json\/wp\/v2\/posts"}],"about":[{"href":"https:\/\/www.gaveanews.com\/index.php\/wp-json\/wp\/v2\/types\/post"}],"author":[{"embeddable":true,"href":"https:\/\/www.gaveanews.com\/index.php\/wp-json\/wp\/v2\/users\/17"}],"replies":[{"embeddable":true,"href":"https:\/\/www.gaveanews.com\/index.php\/wp-json\/wp\/v2\/comments?post=246574"}],"version-history":[{"count":1,"href":"https:\/\/www.gaveanews.com\/index.php\/wp-json\/wp\/v2\/posts\/246574\/revisions"}],"predecessor-version":[{"id":246575,"href":"https:\/\/www.gaveanews.com\/index.php\/wp-json\/wp\/v2\/posts\/246574\/revisions\/246575"}],"wp:featuredmedia":[{"embeddable":true,"href":"https:\/\/www.gaveanews.com\/index.php\/wp-json\/wp\/v2\/media\/245851"}],"wp:attachment":[{"href":"https:\/\/www.gaveanews.com\/index.php\/wp-json\/wp\/v2\/media?parent=246574"}],"wp:term":[{"taxonomy":"category","embeddable":true,"href":"https:\/\/www.gaveanews.com\/index.php\/wp-json\/wp\/v2\/categories?post=246574"},{"taxonomy":"post_tag","embeddable":true,"href":"https:\/\/www.gaveanews.com\/index.php\/wp-json\/wp\/v2\/tags?post=246574"}],"curies":[{"name":"wp","href":"https:\/\/api.w.org\/{rel}","templated":true}]}}