{"id":246580,"date":"2025-03-30T01:50:00","date_gmt":"2025-03-30T04:50:00","guid":{"rendered":"https:\/\/www.gaveanews.com\/?p=246580"},"modified":"2025-03-30T00:21:04","modified_gmt":"2025-03-30T03:21:04","slug":"abel-ferreira-tecnico-do-brasil-leila-pereira-do-palmeiras-e-sincera-sobre-possibilidade","status":"publish","type":"post","link":"https:\/\/www.gaveanews.com\/index.php\/2025\/03\/30\/abel-ferreira-tecnico-do-brasil-leila-pereira-do-palmeiras-e-sincera-sobre-possibilidade\/","title":{"rendered":"Abel Ferreira t\u00e9cnico do Brasil? Leila Pereira, do Palmeiras, \u00e9 sincera sobre possibilidade"},"content":{"rendered":"\n<p>Leila Pereira, presidente do Palmeiras, se manifestou sobre as especula\u00e7\u00f5es envolvendo o futuro do t\u00e9cnico Abel Ferreira, especialmente ap\u00f3s o desligamento de Dorival J\u00fanior da Sele\u00e7\u00e3o Brasileira. Durante a premia\u00e7\u00e3o do Campeonato Paulista, realizada na \u00faltima sexta-feira (28), Leila descartou qualquer preocupa\u00e7\u00e3o com uma poss\u00edvel sa\u00edda de Abel para o cargo de treinador da sele\u00e7\u00e3o brasileira, afirmando que n\u00e3o foi procurada pelo presidente da CBF, Ednaldo Rodrigues, sobre o assunto.<\/p>\n\n\n\n<p>&#8220;A presidente do Palmeiras n\u00e3o teme absolutamente nada. N\u00e3o falo sobre hip\u00f3teses. O Ednaldo nunca me procurou para falar sobre esse assunto. N\u00e3o posso ficar elucubrando. Quando tiver algo nesse sentido, volto a falar. Mas, em nenhum momento o presidente Ednaldo me procurou para perguntar sobre o Abel. Ele continua conosco, tem contrato at\u00e9 o final do ano e vamos em frente&#8221;, afirmou Leila.<\/p>\n\n\n\n<p>Apesar disso, a ESPN apurou que Abel Ferreira foi cogitado como um dos poss\u00edveis nomes para assumir a sele\u00e7\u00e3o, mas a prioridade da CBF neste momento \u00e9 Jorge Jesus, t\u00e9cnico do Al Hilal, da Ar\u00e1bia Saudita. A especula\u00e7\u00e3o sobre a sa\u00edda de Dorival J\u00fanior come\u00e7ou ap\u00f3s a goleada de 4 a 1 contra a Argentina, e Ednaldo Rodrigues j\u00e1 estaria considerando substitutos para o cargo, com Jorge Jesus ganhando for\u00e7a para assumir a sele\u00e7\u00e3o brasileira.<\/p>\n\n\n\n<p>No que diz respeito \u00e0 renova\u00e7\u00e3o de Abel com o Palmeiras, Leila tamb\u00e9m comentou que, apesar do contrato do t\u00e9cnico se encerrar no final deste ano, ainda n\u00e3o houve conversas sobre um novo v\u00ednculo. Ela ressaltou que a prioridade do momento s\u00e3o as competi\u00e7\u00f5es em andamento, como o Campeonato Brasileiro, a Libertadores e o Mundial de Clubes da Fifa, que acontecer\u00e1 nos Estados Unidos no meio deste ano.<\/p>\n\n\n\n<p> &#8220;Tem contrato conosco at\u00e9 o final do ano. N\u00e3o conversamos ainda sobre renova\u00e7\u00e3o, acho que n\u00e3o \u00e9 o momento. Temos prioridades, Brasileiro, Libertadores e Mundial. Quando voltarmos do Mundial, a gente conversa. Mas meu desejo \u00e9 que ele permane\u00e7a por muito mais tempo conosco&#8221;, declarou a presidente.<\/p>\n\n\n\n<p>Ap\u00f3s o vice-campeonato paulista, o Palmeiras volta a campo neste domingo (30), \u00e0s 16h (de Bras\u00edlia), para enfrentar o Botafogo, no Allianz Parque, pela rodada de abertura do Campeonato Brasileiro de 2025.<\/p>\n","protected":false},"excerpt":{"rendered":"<p>Leila Pereira, presidente do Palmeiras, se manifestou sobre as especula\u00e7\u00f5es envolvendo o futuro do t\u00e9cnico Abel Ferreira, especialmente ap\u00f3s o desligamento de Dorival J\u00fanior da Sele\u00e7\u00e3o Brasileira. Durante a premia\u00e7\u00e3o do Campeonato Paulista, realizada na \u00faltima sexta-feira (28), Leila descartou qualquer preocupa\u00e7\u00e3o com uma poss\u00edvel sa\u00edda de Abel para o cargo de treinador da sele\u00e7\u00e3o [&hellip;]<\/p>\n","protected":false},"author":17,"featured_media":142474,"comment_status":"open","ping_status":"closed","sticky":false,"template":"","format":"standard","meta":{"footnotes":""},"categories":[150],"tags":[],"class_list":["post-246580","post","type-post","status-publish","format-standard","has-post-thumbnail","hentry","category-palmeiras"],"yoast_head":"<!-- This site is optimized with the Yoast SEO Premium plugin v24.2 (Yoast SEO v26.9) - https:\/\/yoast.com\/product\/yoast-seo-premium-wordpress\/ -->\n<title>Abel Ferreira t\u00e9cnico do Brasil? Leila Pereira, do Palmeiras, \u00e9 sincera sobre possibilidade<\/title>\n<meta name=\"robots\" content=\"index, follow, max-snippet:-1, max-image-preview:large, max-video-preview:-1\" \/>\n<link rel=\"canonical\" href=\"https:\/\/www.gaveanews.com\/index.php\/2025\/03\/30\/abel-ferreira-tecnico-do-brasil-leila-pereira-do-palmeiras-e-sincera-sobre-possibilidade\/\" \/>\n<meta property=\"og:locale\" content=\"pt_BR\" \/>\n<meta property=\"og:type\" content=\"article\" \/>\n<meta property=\"og:title\" content=\"Abel Ferreira t\u00e9cnico do Brasil? Leila Pereira, do Palmeiras, \u00e9 sincera sobre possibilidade\" \/>\n<meta property=\"og:description\" content=\"Leila Pereira, presidente do Palmeiras, se manifestou sobre as especula\u00e7\u00f5es envolvendo o futuro do t\u00e9cnico Abel Ferreira, especialmente ap\u00f3s o desligamento de Dorival J\u00fanior da Sele\u00e7\u00e3o Brasileira. Durante a premia\u00e7\u00e3o do Campeonato Paulista, realizada na \u00faltima sexta-feira (28), Leila descartou qualquer preocupa\u00e7\u00e3o com uma poss\u00edvel sa\u00edda de Abel para o cargo de treinador da sele\u00e7\u00e3o [&hellip;]\" \/>\n<meta property=\"og:url\" content=\"https:\/\/www.gaveanews.com\/index.php\/2025\/03\/30\/abel-ferreira-tecnico-do-brasil-leila-pereira-do-palmeiras-e-sincera-sobre-possibilidade\/\" \/>\n<meta property=\"og:site_name\" content=\"G\u00e1vea News\" \/>\n<meta property=\"article:publisher\" content=\"https:\/\/facebook.com\/gaveaNews\/\" \/>\n<meta property=\"article:published_time\" content=\"2025-03-30T04:50:00+00:00\" \/>\n<meta property=\"og:image\" content=\"https:\/\/www.gaveanews.com\/wp-content\/uploads\/A-presidente-Leila-Pereira-da-SE-Palmeiras-durante-coletiva-de-imprensa-na-Academia-de-Futebol-2-696x385-1.webp\" \/>\n\t<meta property=\"og:image:width\" content=\"696\" \/>\n\t<meta property=\"og:image:height\" content=\"385\" \/>\n\t<meta property=\"og:image:type\" content=\"image\/webp\" \/>\n<meta name=\"author\" content=\"Geovanna Thomaz\" \/>\n<meta name=\"twitter:card\" content=\"summary_large_image\" \/>\n<meta name=\"twitter:label1\" content=\"Escrito por\" \/>\n\t<meta name=\"twitter:data1\" content=\"Geovanna Thomaz\" \/>\n\t<meta name=\"twitter:label2\" content=\"Est. tempo de leitura\" \/>\n\t<meta name=\"twitter:data2\" content=\"3 minutos\" \/>\n<script type=\"application\/ld+json\" class=\"yoast-schema-graph\">{\"@context\":\"https:\/\/schema.org\",\"@graph\":[{\"@type\":\"NewsArticle\",\"@id\":\"https:\/\/www.gaveanews.com\/index.php\/2025\/03\/30\/abel-ferreira-tecnico-do-brasil-leila-pereira-do-palmeiras-e-sincera-sobre-possibilidade\/#article\",\"isPartOf\":{\"@id\":\"https:\/\/www.gaveanews.com\/index.php\/2025\/03\/30\/abel-ferreira-tecnico-do-brasil-leila-pereira-do-palmeiras-e-sincera-sobre-possibilidade\/\"},\"author\":{\"name\":\"Geovanna Thomaz\",\"@id\":\"https:\/\/www.gaveanews.com\/#\/schema\/person\/f42654babcd2b2014a1a65af82b081f1\"},\"headline\":\"Abel Ferreira t\u00e9cnico do Brasil? Leila Pereira, do Palmeiras, \u00e9 sincera sobre possibilidade\",\"datePublished\":\"2025-03-30T04:50:00+00:00\",\"mainEntityOfPage\":{\"@id\":\"https:\/\/www.gaveanews.com\/index.php\/2025\/03\/30\/abel-ferreira-tecnico-do-brasil-leila-pereira-do-palmeiras-e-sincera-sobre-possibilidade\/\"},\"wordCount\":399,\"commentCount\":0,\"image\":{\"@id\":\"https:\/\/www.gaveanews.com\/index.php\/2025\/03\/30\/abel-ferreira-tecnico-do-brasil-leila-pereira-do-palmeiras-e-sincera-sobre-possibilidade\/#primaryimage\"},\"thumbnailUrl\":\"https:\/\/www.gaveanews.com\/wp-content\/uploads\/A-presidente-Leila-Pereira-da-SE-Palmeiras-durante-coletiva-de-imprensa-na-Academia-de-Futebol-2-696x385-1.webp\",\"articleSection\":[\"Palmeiras\"],\"inLanguage\":\"pt-BR\",\"potentialAction\":[{\"@type\":\"CommentAction\",\"name\":\"Comment\",\"target\":[\"https:\/\/www.gaveanews.com\/index.php\/2025\/03\/30\/abel-ferreira-tecnico-do-brasil-leila-pereira-do-palmeiras-e-sincera-sobre-possibilidade\/#respond\"]}],\"copyrightYear\":\"2025\",\"copyrightHolder\":{\"@id\":\"https:\/\/www.gaveanews.com\/#organization\"}},{\"@type\":\"WebPage\",\"@id\":\"https:\/\/www.gaveanews.com\/index.php\/2025\/03\/30\/abel-ferreira-tecnico-do-brasil-leila-pereira-do-palmeiras-e-sincera-sobre-possibilidade\/\",\"url\":\"https:\/\/www.gaveanews.com\/index.php\/2025\/03\/30\/abel-ferreira-tecnico-do-brasil-leila-pereira-do-palmeiras-e-sincera-sobre-possibilidade\/\",\"name\":\"Abel Ferreira t\u00e9cnico do Brasil? Leila Pereira, do Palmeiras, \u00e9 sincera sobre possibilidade\",\"isPartOf\":{\"@id\":\"https:\/\/www.gaveanews.com\/#website\"},\"primaryImageOfPage\":{\"@id\":\"https:\/\/www.gaveanews.com\/index.php\/2025\/03\/30\/abel-ferreira-tecnico-do-brasil-leila-pereira-do-palmeiras-e-sincera-sobre-possibilidade\/#primaryimage\"},\"image\":{\"@id\":\"https:\/\/www.gaveanews.com\/index.php\/2025\/03\/30\/abel-ferreira-tecnico-do-brasil-leila-pereira-do-palmeiras-e-sincera-sobre-possibilidade\/#primaryimage\"},\"thumbnailUrl\":\"https:\/\/www.gaveanews.com\/wp-content\/uploads\/A-presidente-Leila-Pereira-da-SE-Palmeiras-durante-coletiva-de-imprensa-na-Academia-de-Futebol-2-696x385-1.webp\",\"datePublished\":\"2025-03-30T04:50:00+00:00\",\"author\":{\"@id\":\"https:\/\/www.gaveanews.com\/#\/schema\/person\/f42654babcd2b2014a1a65af82b081f1\"},\"breadcrumb\":{\"@id\":\"https:\/\/www.gaveanews.com\/index.php\/2025\/03\/30\/abel-ferreira-tecnico-do-brasil-leila-pereira-do-palmeiras-e-sincera-sobre-possibilidade\/#breadcrumb\"},\"inLanguage\":\"pt-BR\",\"potentialAction\":[{\"@type\":\"ReadAction\",\"target\":[\"https:\/\/www.gaveanews.com\/index.php\/2025\/03\/30\/abel-ferreira-tecnico-do-brasil-leila-pereira-do-palmeiras-e-sincera-sobre-possibilidade\/\"]}]},{\"@type\":\"ImageObject\",\"inLanguage\":\"pt-BR\",\"@id\":\"https:\/\/www.gaveanews.com\/index.php\/2025\/03\/30\/abel-ferreira-tecnico-do-brasil-leila-pereira-do-palmeiras-e-sincera-sobre-possibilidade\/#primaryimage\",\"url\":\"https:\/\/www.gaveanews.com\/wp-content\/uploads\/A-presidente-Leila-Pereira-da-SE-Palmeiras-durante-coletiva-de-imprensa-na-Academia-de-Futebol-2-696x385-1.webp\",\"contentUrl\":\"https:\/\/www.gaveanews.com\/wp-content\/uploads\/A-presidente-Leila-Pereira-da-SE-Palmeiras-durante-coletiva-de-imprensa-na-Academia-de-Futebol-2-696x385-1.webp\",\"width\":696,\"height\":385,\"caption\":\"Leila Pereira em coletiva - Foto: Cesar Greco\/Palmeiras\"},{\"@type\":\"BreadcrumbList\",\"@id\":\"https:\/\/www.gaveanews.com\/index.php\/2025\/03\/30\/abel-ferreira-tecnico-do-brasil-leila-pereira-do-palmeiras-e-sincera-sobre-possibilidade\/#breadcrumb\",\"itemListElement\":[{\"@type\":\"ListItem\",\"position\":1,\"name\":\"Home\",\"item\":\"https:\/\/www.gaveanews.com\/\"},{\"@type\":\"ListItem\",\"position\":2,\"name\":\"Abel Ferreira t\u00e9cnico do Brasil? Leila Pereira, do Palmeiras, \u00e9 sincera sobre possibilidade\"}]},{\"@type\":\"WebSite\",\"@id\":\"https:\/\/www.gaveanews.com\/#website\",\"url\":\"https:\/\/www.gaveanews.com\/\",\"name\":\"G\u00e1vea News\",\"description\":\"Veja todas as not\u00edcias sobre o Flamengo: Contrata\u00e7\u00f5es, categorias de base, resultados das partidas, tabela de classifica\u00e7\u00e3o, pr\u00f3ximos jogos!\",\"potentialAction\":[{\"@type\":\"SearchAction\",\"target\":{\"@type\":\"EntryPoint\",\"urlTemplate\":\"https:\/\/www.gaveanews.com\/?s={search_term_string}\"},\"query-input\":{\"@type\":\"PropertyValueSpecification\",\"valueRequired\":true,\"valueName\":\"search_term_string\"}}],\"inLanguage\":\"pt-BR\"},{\"@type\":\"Person\",\"@id\":\"https:\/\/www.gaveanews.com\/#\/schema\/person\/f42654babcd2b2014a1a65af82b081f1\",\"name\":\"Geovanna Thomaz\",\"image\":{\"@type\":\"ImageObject\",\"inLanguage\":\"pt-BR\",\"@id\":\"https:\/\/www.gaveanews.com\/#\/schema\/person\/image\/\",\"url\":\"https:\/\/secure.gravatar.com\/avatar\/4092073255489533afb558984b49b64268c47198af8623cc82a925ae9fb7118a?s=96&d=mm&r=g\",\"contentUrl\":\"https:\/\/secure.gravatar.com\/avatar\/4092073255489533afb558984b49b64268c47198af8623cc82a925ae9fb7118a?s=96&d=mm&r=g\",\"caption\":\"Geovanna Thomaz\"}}]}<\/script>\n<!-- \/ Yoast SEO Premium plugin. -->","yoast_head_json":{"title":"Abel Ferreira t\u00e9cnico do Brasil? Leila Pereira, do Palmeiras, \u00e9 sincera sobre possibilidade","robots":{"index":"index","follow":"follow","max-snippet":"max-snippet:-1","max-image-preview":"max-image-preview:large","max-video-preview":"max-video-preview:-1"},"canonical":"https:\/\/www.gaveanews.com\/index.php\/2025\/03\/30\/abel-ferreira-tecnico-do-brasil-leila-pereira-do-palmeiras-e-sincera-sobre-possibilidade\/","og_locale":"pt_BR","og_type":"article","og_title":"Abel Ferreira t\u00e9cnico do Brasil? Leila Pereira, do Palmeiras, \u00e9 sincera sobre possibilidade","og_description":"Leila Pereira, presidente do Palmeiras, se manifestou sobre as especula\u00e7\u00f5es envolvendo o futuro do t\u00e9cnico Abel Ferreira, especialmente ap\u00f3s o desligamento de Dorival J\u00fanior da Sele\u00e7\u00e3o Brasileira. Durante a premia\u00e7\u00e3o do Campeonato Paulista, realizada na \u00faltima sexta-feira (28), Leila descartou qualquer preocupa\u00e7\u00e3o com uma poss\u00edvel sa\u00edda de Abel para o cargo de treinador da sele\u00e7\u00e3o [&hellip;]","og_url":"https:\/\/www.gaveanews.com\/index.php\/2025\/03\/30\/abel-ferreira-tecnico-do-brasil-leila-pereira-do-palmeiras-e-sincera-sobre-possibilidade\/","og_site_name":"G\u00e1vea News","article_publisher":"https:\/\/facebook.com\/gaveaNews\/","article_published_time":"2025-03-30T04:50:00+00:00","og_image":[{"width":696,"height":385,"url":"https:\/\/www.gaveanews.com\/wp-content\/uploads\/A-presidente-Leila-Pereira-da-SE-Palmeiras-durante-coletiva-de-imprensa-na-Academia-de-Futebol-2-696x385-1.webp","type":"image\/webp"}],"author":"Geovanna Thomaz","twitter_card":"summary_large_image","twitter_misc":{"Escrito por":"Geovanna Thomaz","Est. tempo de leitura":"3 minutos"},"schema":{"@context":"https:\/\/schema.org","@graph":[{"@type":"NewsArticle","@id":"https:\/\/www.gaveanews.com\/index.php\/2025\/03\/30\/abel-ferreira-tecnico-do-brasil-leila-pereira-do-palmeiras-e-sincera-sobre-possibilidade\/#article","isPartOf":{"@id":"https:\/\/www.gaveanews.com\/index.php\/2025\/03\/30\/abel-ferreira-tecnico-do-brasil-leila-pereira-do-palmeiras-e-sincera-sobre-possibilidade\/"},"author":{"name":"Geovanna Thomaz","@id":"https:\/\/www.gaveanews.com\/#\/schema\/person\/f42654babcd2b2014a1a65af82b081f1"},"headline":"Abel Ferreira t\u00e9cnico do Brasil? Leila Pereira, do Palmeiras, \u00e9 sincera sobre possibilidade","datePublished":"2025-03-30T04:50:00+00:00","mainEntityOfPage":{"@id":"https:\/\/www.gaveanews.com\/index.php\/2025\/03\/30\/abel-ferreira-tecnico-do-brasil-leila-pereira-do-palmeiras-e-sincera-sobre-possibilidade\/"},"wordCount":399,"commentCount":0,"image":{"@id":"https:\/\/www.gaveanews.com\/index.php\/2025\/03\/30\/abel-ferreira-tecnico-do-brasil-leila-pereira-do-palmeiras-e-sincera-sobre-possibilidade\/#primaryimage"},"thumbnailUrl":"https:\/\/www.gaveanews.com\/wp-content\/uploads\/A-presidente-Leila-Pereira-da-SE-Palmeiras-durante-coletiva-de-imprensa-na-Academia-de-Futebol-2-696x385-1.webp","articleSection":["Palmeiras"],"inLanguage":"pt-BR","potentialAction":[{"@type":"CommentAction","name":"Comment","target":["https:\/\/www.gaveanews.com\/index.php\/2025\/03\/30\/abel-ferreira-tecnico-do-brasil-leila-pereira-do-palmeiras-e-sincera-sobre-possibilidade\/#respond"]}],"copyrightYear":"2025","copyrightHolder":{"@id":"https:\/\/www.gaveanews.com\/#organization"}},{"@type":"WebPage","@id":"https:\/\/www.gaveanews.com\/index.php\/2025\/03\/30\/abel-ferreira-tecnico-do-brasil-leila-pereira-do-palmeiras-e-sincera-sobre-possibilidade\/","url":"https:\/\/www.gaveanews.com\/index.php\/2025\/03\/30\/abel-ferreira-tecnico-do-brasil-leila-pereira-do-palmeiras-e-sincera-sobre-possibilidade\/","name":"Abel Ferreira t\u00e9cnico do Brasil? Leila Pereira, do Palmeiras, \u00e9 sincera sobre possibilidade","isPartOf":{"@id":"https:\/\/www.gaveanews.com\/#website"},"primaryImageOfPage":{"@id":"https:\/\/www.gaveanews.com\/index.php\/2025\/03\/30\/abel-ferreira-tecnico-do-brasil-leila-pereira-do-palmeiras-e-sincera-sobre-possibilidade\/#primaryimage"},"image":{"@id":"https:\/\/www.gaveanews.com\/index.php\/2025\/03\/30\/abel-ferreira-tecnico-do-brasil-leila-pereira-do-palmeiras-e-sincera-sobre-possibilidade\/#primaryimage"},"thumbnailUrl":"https:\/\/www.gaveanews.com\/wp-content\/uploads\/A-presidente-Leila-Pereira-da-SE-Palmeiras-durante-coletiva-de-imprensa-na-Academia-de-Futebol-2-696x385-1.webp","datePublished":"2025-03-30T04:50:00+00:00","author":{"@id":"https:\/\/www.gaveanews.com\/#\/schema\/person\/f42654babcd2b2014a1a65af82b081f1"},"breadcrumb":{"@id":"https:\/\/www.gaveanews.com\/index.php\/2025\/03\/30\/abel-ferreira-tecnico-do-brasil-leila-pereira-do-palmeiras-e-sincera-sobre-possibilidade\/#breadcrumb"},"inLanguage":"pt-BR","potentialAction":[{"@type":"ReadAction","target":["https:\/\/www.gaveanews.com\/index.php\/2025\/03\/30\/abel-ferreira-tecnico-do-brasil-leila-pereira-do-palmeiras-e-sincera-sobre-possibilidade\/"]}]},{"@type":"ImageObject","inLanguage":"pt-BR","@id":"https:\/\/www.gaveanews.com\/index.php\/2025\/03\/30\/abel-ferreira-tecnico-do-brasil-leila-pereira-do-palmeiras-e-sincera-sobre-possibilidade\/#primaryimage","url":"https:\/\/www.gaveanews.com\/wp-content\/uploads\/A-presidente-Leila-Pereira-da-SE-Palmeiras-durante-coletiva-de-imprensa-na-Academia-de-Futebol-2-696x385-1.webp","contentUrl":"https:\/\/www.gaveanews.com\/wp-content\/uploads\/A-presidente-Leila-Pereira-da-SE-Palmeiras-durante-coletiva-de-imprensa-na-Academia-de-Futebol-2-696x385-1.webp","width":696,"height":385,"caption":"Leila Pereira em coletiva - Foto: Cesar Greco\/Palmeiras"},{"@type":"BreadcrumbList","@id":"https:\/\/www.gaveanews.com\/index.php\/2025\/03\/30\/abel-ferreira-tecnico-do-brasil-leila-pereira-do-palmeiras-e-sincera-sobre-possibilidade\/#breadcrumb","itemListElement":[{"@type":"ListItem","position":1,"name":"Home","item":"https:\/\/www.gaveanews.com\/"},{"@type":"ListItem","position":2,"name":"Abel Ferreira t\u00e9cnico do Brasil? Leila Pereira, do Palmeiras, \u00e9 sincera sobre possibilidade"}]},{"@type":"WebSite","@id":"https:\/\/www.gaveanews.com\/#website","url":"https:\/\/www.gaveanews.com\/","name":"G\u00e1vea News","description":"Veja todas as not\u00edcias sobre o Flamengo: Contrata\u00e7\u00f5es, categorias de base, resultados das partidas, tabela de classifica\u00e7\u00e3o, pr\u00f3ximos jogos!","potentialAction":[{"@type":"SearchAction","target":{"@type":"EntryPoint","urlTemplate":"https:\/\/www.gaveanews.com\/?s={search_term_string}"},"query-input":{"@type":"PropertyValueSpecification","valueRequired":true,"valueName":"search_term_string"}}],"inLanguage":"pt-BR"},{"@type":"Person","@id":"https:\/\/www.gaveanews.com\/#\/schema\/person\/f42654babcd2b2014a1a65af82b081f1","name":"Geovanna Thomaz","image":{"@type":"ImageObject","inLanguage":"pt-BR","@id":"https:\/\/www.gaveanews.com\/#\/schema\/person\/image\/","url":"https:\/\/secure.gravatar.com\/avatar\/4092073255489533afb558984b49b64268c47198af8623cc82a925ae9fb7118a?s=96&d=mm&r=g","contentUrl":"https:\/\/secure.gravatar.com\/avatar\/4092073255489533afb558984b49b64268c47198af8623cc82a925ae9fb7118a?s=96&d=mm&r=g","caption":"Geovanna Thomaz"}}]}},"_links":{"self":[{"href":"https:\/\/www.gaveanews.com\/index.php\/wp-json\/wp\/v2\/posts\/246580","targetHints":{"allow":["GET"]}}],"collection":[{"href":"https:\/\/www.gaveanews.com\/index.php\/wp-json\/wp\/v2\/posts"}],"about":[{"href":"https:\/\/www.gaveanews.com\/index.php\/wp-json\/wp\/v2\/types\/post"}],"author":[{"embeddable":true,"href":"https:\/\/www.gaveanews.com\/index.php\/wp-json\/wp\/v2\/users\/17"}],"replies":[{"embeddable":true,"href":"https:\/\/www.gaveanews.com\/index.php\/wp-json\/wp\/v2\/comments?post=246580"}],"version-history":[{"count":1,"href":"https:\/\/www.gaveanews.com\/index.php\/wp-json\/wp\/v2\/posts\/246580\/revisions"}],"predecessor-version":[{"id":246581,"href":"https:\/\/www.gaveanews.com\/index.php\/wp-json\/wp\/v2\/posts\/246580\/revisions\/246581"}],"wp:featuredmedia":[{"embeddable":true,"href":"https:\/\/www.gaveanews.com\/index.php\/wp-json\/wp\/v2\/media\/142474"}],"wp:attachment":[{"href":"https:\/\/www.gaveanews.com\/index.php\/wp-json\/wp\/v2\/media?parent=246580"}],"wp:term":[{"taxonomy":"category","embeddable":true,"href":"https:\/\/www.gaveanews.com\/index.php\/wp-json\/wp\/v2\/categories?post=246580"},{"taxonomy":"post_tag","embeddable":true,"href":"https:\/\/www.gaveanews.com\/index.php\/wp-json\/wp\/v2\/tags?post=246580"}],"curies":[{"name":"wp","href":"https:\/\/api.w.org\/{rel}","templated":true}]}}