{"id":246584,"date":"2025-03-30T02:10:00","date_gmt":"2025-03-30T05:10:00","guid":{"rendered":"https:\/\/www.gaveanews.com\/?p=246584"},"modified":"2025-03-30T00:23:01","modified_gmt":"2025-03-30T03:23:01","slug":"palmeiras-a-declaracao-de-leila-pereira-sobre-criticas-apos-vice-campeonato","status":"publish","type":"post","link":"https:\/\/www.gaveanews.com\/index.php\/2025\/03\/30\/palmeiras-a-declaracao-de-leila-pereira-sobre-criticas-apos-vice-campeonato\/","title":{"rendered":"Palmeiras: a declara\u00e7\u00e3o de Leila Pereira sobre cr\u00edticas ap\u00f3s vice-campeonato"},"content":{"rendered":"\n<p>A presidente do Palmeiras, Leila Pereira, respondeu \u00e0s cr\u00edticas que recebeu ap\u00f3s sua postura na premia\u00e7\u00e3o do vice-campeonato paulista, realizada na \u00faltima quinta-feira, na Neo Qu\u00edmica Arena. Durante a cerim\u00f4nia da Federa\u00e7\u00e3o Paulista de Futebol, que aconteceu nesta sexta-feira, a dirigente se posicionou contra os julgamentos que surgiram ap\u00f3s o sorriso dado por ela no momento da entrega do trof\u00e9u de prata, ap\u00f3s o empate sem gols com o Corinthians.<\/p>\n\n\n\n<p>Leila Pereira se mostrou contrariada com as cr\u00edticas e foi firme ao rebater as acusa\u00e7\u00f5es de alguns torcedores e oposicionistas do clube nas redes sociais. \u201cAcho rid\u00edculo determinar os torcedores que querem se mostrar mais palmeirenses do que outros\u201d, desabafou, defendendo que o fato de ter sorrindo ao receber o trof\u00e9u n\u00e3o diminui seu compromisso com o Palmeiras.<\/p>\n\n\n\n<p>Em seguida, ela afirmou que o que realmente demonstra seu respeito pelo clube s\u00e3o suas a\u00e7\u00f5es de gest\u00e3o.<\/p>\n\n\n\n<p>&#8220;Mostro que sou palmeirense, mostro que me dedico ao Palmeiras quando trato o Palmeiras de forma respons\u00e1vel, cumprindo os meus objetivos e compromissos com os meus atletas e comiss\u00e3o t\u00e9cnica&#8221;, sentenciou. Leila tamb\u00e9m destacou que tem trabalhado para manter o clube financeiramente equilibrado e s\u00f3lido: \u201cRespeito o Palmeiras, n\u00e3o endivido o Palmeiras, sabe? Tendo receitas bilion\u00e1rias, entende? Equilibrando o nosso clube, \u00e9 assim que eu respeito o Palmeiras, colocando o Palmeiras como protagonista e finalista, \u00e9 assim\u201d, completou a presidente.<\/p>\n\n\n\n<p>Leila enfatizou que n\u00e3o mudaria sua personalidade em resposta \u00e0s cr\u00edticas e continuaria com a mesma postura que a caracteriza desde o in\u00edcio de sua gest\u00e3o. Ela fez uma compara\u00e7\u00e3o direta com outras gest\u00f5es ao destacar os avan\u00e7os do clube sob sua lideran\u00e7a:<\/p>\n\n\n\n<p> \u201cEnt\u00e3o, meus filhos, os caros que me criticaram, se todo presidente fizesse isso, que a presidenta Palmeiras faz, deixa o Palmeiras nesse n\u00edvel de clube respeitado no mundo inteiro. Se dar um sorrisinho com o trof\u00e9u, porque estavam disputando uma final, \u00e9 desrespeitar o clube, imagina o que outros est\u00e3o fazendo por a\u00ed. Voc\u00eas sabem disso&#8221;, afirmou Leila, de maneira contundente.<\/p>\n\n\n\n<p>Na cerim\u00f4nia, Leila esteve ao lado de Est\u00eav\u00e3o e Richard R\u00edos, ambos eleitos para a sele\u00e7\u00e3o do campeonato paulista. Embora o zagueiro Murilo tamb\u00e9m tenha sido inclu\u00eddo no time ideal da competi\u00e7\u00e3o, ele n\u00e3o esteve presente no evento realizado na noite desta sexta-feira, no Pacaembu.<\/p>\n","protected":false},"excerpt":{"rendered":"<p>A presidente do Palmeiras, Leila Pereira, respondeu \u00e0s cr\u00edticas que recebeu ap\u00f3s sua postura na premia\u00e7\u00e3o do vice-campeonato paulista, realizada na \u00faltima quinta-feira, na Neo Qu\u00edmica Arena. Durante a cerim\u00f4nia da Federa\u00e7\u00e3o Paulista de Futebol, que aconteceu nesta sexta-feira, a dirigente se posicionou contra os julgamentos que surgiram ap\u00f3s o sorriso dado por ela no [&hellip;]<\/p>\n","protected":false},"author":17,"featured_media":142474,"comment_status":"open","ping_status":"closed","sticky":false,"template":"","format":"standard","meta":{"footnotes":""},"categories":[150],"tags":[],"class_list":["post-246584","post","type-post","status-publish","format-standard","has-post-thumbnail","hentry","category-palmeiras"],"yoast_head":"<!-- This site is optimized with the Yoast SEO Premium plugin v24.2 (Yoast SEO v26.9) - https:\/\/yoast.com\/product\/yoast-seo-premium-wordpress\/ -->\n<title>Palmeiras: a declara\u00e7\u00e3o de Leila Pereira sobre cr\u00edticas ap\u00f3s vice-campeonato<\/title>\n<meta name=\"robots\" content=\"index, follow, max-snippet:-1, max-image-preview:large, max-video-preview:-1\" \/>\n<link rel=\"canonical\" href=\"https:\/\/www.gaveanews.com\/index.php\/2025\/03\/30\/palmeiras-a-declaracao-de-leila-pereira-sobre-criticas-apos-vice-campeonato\/\" \/>\n<meta property=\"og:locale\" content=\"pt_BR\" \/>\n<meta property=\"og:type\" content=\"article\" \/>\n<meta property=\"og:title\" content=\"Palmeiras: a declara\u00e7\u00e3o de Leila Pereira sobre cr\u00edticas ap\u00f3s vice-campeonato\" \/>\n<meta property=\"og:description\" content=\"A presidente do Palmeiras, Leila Pereira, respondeu \u00e0s cr\u00edticas que recebeu ap\u00f3s sua postura na premia\u00e7\u00e3o do vice-campeonato paulista, realizada na \u00faltima quinta-feira, na Neo Qu\u00edmica Arena. Durante a cerim\u00f4nia da Federa\u00e7\u00e3o Paulista de Futebol, que aconteceu nesta sexta-feira, a dirigente se posicionou contra os julgamentos que surgiram ap\u00f3s o sorriso dado por ela no [&hellip;]\" \/>\n<meta property=\"og:url\" content=\"https:\/\/www.gaveanews.com\/index.php\/2025\/03\/30\/palmeiras-a-declaracao-de-leila-pereira-sobre-criticas-apos-vice-campeonato\/\" \/>\n<meta property=\"og:site_name\" content=\"G\u00e1vea News\" \/>\n<meta property=\"article:publisher\" content=\"https:\/\/facebook.com\/gaveaNews\/\" \/>\n<meta property=\"article:published_time\" content=\"2025-03-30T05:10:00+00:00\" \/>\n<meta property=\"og:image\" content=\"https:\/\/www.gaveanews.com\/wp-content\/uploads\/A-presidente-Leila-Pereira-da-SE-Palmeiras-durante-coletiva-de-imprensa-na-Academia-de-Futebol-2-696x385-1.webp\" \/>\n\t<meta property=\"og:image:width\" content=\"696\" \/>\n\t<meta property=\"og:image:height\" content=\"385\" \/>\n\t<meta property=\"og:image:type\" content=\"image\/webp\" \/>\n<meta name=\"author\" content=\"Geovanna Thomaz\" \/>\n<meta name=\"twitter:card\" content=\"summary_large_image\" \/>\n<meta name=\"twitter:label1\" content=\"Escrito por\" \/>\n\t<meta name=\"twitter:data1\" content=\"Geovanna Thomaz\" \/>\n\t<meta name=\"twitter:label2\" content=\"Est. tempo de leitura\" \/>\n\t<meta name=\"twitter:data2\" content=\"3 minutos\" \/>\n<script type=\"application\/ld+json\" class=\"yoast-schema-graph\">{\"@context\":\"https:\/\/schema.org\",\"@graph\":[{\"@type\":\"NewsArticle\",\"@id\":\"https:\/\/www.gaveanews.com\/index.php\/2025\/03\/30\/palmeiras-a-declaracao-de-leila-pereira-sobre-criticas-apos-vice-campeonato\/#article\",\"isPartOf\":{\"@id\":\"https:\/\/www.gaveanews.com\/index.php\/2025\/03\/30\/palmeiras-a-declaracao-de-leila-pereira-sobre-criticas-apos-vice-campeonato\/\"},\"author\":{\"name\":\"Geovanna Thomaz\",\"@id\":\"https:\/\/www.gaveanews.com\/#\/schema\/person\/f42654babcd2b2014a1a65af82b081f1\"},\"headline\":\"Palmeiras: a declara\u00e7\u00e3o de Leila Pereira sobre cr\u00edticas ap\u00f3s vice-campeonato\",\"datePublished\":\"2025-03-30T05:10:00+00:00\",\"mainEntityOfPage\":{\"@id\":\"https:\/\/www.gaveanews.com\/index.php\/2025\/03\/30\/palmeiras-a-declaracao-de-leila-pereira-sobre-criticas-apos-vice-campeonato\/\"},\"wordCount\":431,\"commentCount\":0,\"image\":{\"@id\":\"https:\/\/www.gaveanews.com\/index.php\/2025\/03\/30\/palmeiras-a-declaracao-de-leila-pereira-sobre-criticas-apos-vice-campeonato\/#primaryimage\"},\"thumbnailUrl\":\"https:\/\/www.gaveanews.com\/wp-content\/uploads\/A-presidente-Leila-Pereira-da-SE-Palmeiras-durante-coletiva-de-imprensa-na-Academia-de-Futebol-2-696x385-1.webp\",\"articleSection\":[\"Palmeiras\"],\"inLanguage\":\"pt-BR\",\"potentialAction\":[{\"@type\":\"CommentAction\",\"name\":\"Comment\",\"target\":[\"https:\/\/www.gaveanews.com\/index.php\/2025\/03\/30\/palmeiras-a-declaracao-de-leila-pereira-sobre-criticas-apos-vice-campeonato\/#respond\"]}],\"copyrightYear\":\"2025\",\"copyrightHolder\":{\"@id\":\"https:\/\/www.gaveanews.com\/#organization\"}},{\"@type\":\"WebPage\",\"@id\":\"https:\/\/www.gaveanews.com\/index.php\/2025\/03\/30\/palmeiras-a-declaracao-de-leila-pereira-sobre-criticas-apos-vice-campeonato\/\",\"url\":\"https:\/\/www.gaveanews.com\/index.php\/2025\/03\/30\/palmeiras-a-declaracao-de-leila-pereira-sobre-criticas-apos-vice-campeonato\/\",\"name\":\"Palmeiras: a declara\u00e7\u00e3o de Leila Pereira sobre cr\u00edticas ap\u00f3s vice-campeonato\",\"isPartOf\":{\"@id\":\"https:\/\/www.gaveanews.com\/#website\"},\"primaryImageOfPage\":{\"@id\":\"https:\/\/www.gaveanews.com\/index.php\/2025\/03\/30\/palmeiras-a-declaracao-de-leila-pereira-sobre-criticas-apos-vice-campeonato\/#primaryimage\"},\"image\":{\"@id\":\"https:\/\/www.gaveanews.com\/index.php\/2025\/03\/30\/palmeiras-a-declaracao-de-leila-pereira-sobre-criticas-apos-vice-campeonato\/#primaryimage\"},\"thumbnailUrl\":\"https:\/\/www.gaveanews.com\/wp-content\/uploads\/A-presidente-Leila-Pereira-da-SE-Palmeiras-durante-coletiva-de-imprensa-na-Academia-de-Futebol-2-696x385-1.webp\",\"datePublished\":\"2025-03-30T05:10:00+00:00\",\"author\":{\"@id\":\"https:\/\/www.gaveanews.com\/#\/schema\/person\/f42654babcd2b2014a1a65af82b081f1\"},\"breadcrumb\":{\"@id\":\"https:\/\/www.gaveanews.com\/index.php\/2025\/03\/30\/palmeiras-a-declaracao-de-leila-pereira-sobre-criticas-apos-vice-campeonato\/#breadcrumb\"},\"inLanguage\":\"pt-BR\",\"potentialAction\":[{\"@type\":\"ReadAction\",\"target\":[\"https:\/\/www.gaveanews.com\/index.php\/2025\/03\/30\/palmeiras-a-declaracao-de-leila-pereira-sobre-criticas-apos-vice-campeonato\/\"]}]},{\"@type\":\"ImageObject\",\"inLanguage\":\"pt-BR\",\"@id\":\"https:\/\/www.gaveanews.com\/index.php\/2025\/03\/30\/palmeiras-a-declaracao-de-leila-pereira-sobre-criticas-apos-vice-campeonato\/#primaryimage\",\"url\":\"https:\/\/www.gaveanews.com\/wp-content\/uploads\/A-presidente-Leila-Pereira-da-SE-Palmeiras-durante-coletiva-de-imprensa-na-Academia-de-Futebol-2-696x385-1.webp\",\"contentUrl\":\"https:\/\/www.gaveanews.com\/wp-content\/uploads\/A-presidente-Leila-Pereira-da-SE-Palmeiras-durante-coletiva-de-imprensa-na-Academia-de-Futebol-2-696x385-1.webp\",\"width\":696,\"height\":385,\"caption\":\"Leila Pereira em coletiva - Foto: Cesar Greco\/Palmeiras\"},{\"@type\":\"BreadcrumbList\",\"@id\":\"https:\/\/www.gaveanews.com\/index.php\/2025\/03\/30\/palmeiras-a-declaracao-de-leila-pereira-sobre-criticas-apos-vice-campeonato\/#breadcrumb\",\"itemListElement\":[{\"@type\":\"ListItem\",\"position\":1,\"name\":\"Home\",\"item\":\"https:\/\/www.gaveanews.com\/\"},{\"@type\":\"ListItem\",\"position\":2,\"name\":\"Palmeiras: a declara\u00e7\u00e3o de Leila Pereira sobre cr\u00edticas ap\u00f3s vice-campeonato\"}]},{\"@type\":\"WebSite\",\"@id\":\"https:\/\/www.gaveanews.com\/#website\",\"url\":\"https:\/\/www.gaveanews.com\/\",\"name\":\"G\u00e1vea News\",\"description\":\"Veja todas as not\u00edcias sobre o Flamengo: Contrata\u00e7\u00f5es, categorias de base, resultados das partidas, tabela de classifica\u00e7\u00e3o, pr\u00f3ximos jogos!\",\"potentialAction\":[{\"@type\":\"SearchAction\",\"target\":{\"@type\":\"EntryPoint\",\"urlTemplate\":\"https:\/\/www.gaveanews.com\/?s={search_term_string}\"},\"query-input\":{\"@type\":\"PropertyValueSpecification\",\"valueRequired\":true,\"valueName\":\"search_term_string\"}}],\"inLanguage\":\"pt-BR\"},{\"@type\":\"Person\",\"@id\":\"https:\/\/www.gaveanews.com\/#\/schema\/person\/f42654babcd2b2014a1a65af82b081f1\",\"name\":\"Geovanna Thomaz\",\"image\":{\"@type\":\"ImageObject\",\"inLanguage\":\"pt-BR\",\"@id\":\"https:\/\/www.gaveanews.com\/#\/schema\/person\/image\/\",\"url\":\"https:\/\/secure.gravatar.com\/avatar\/4092073255489533afb558984b49b64268c47198af8623cc82a925ae9fb7118a?s=96&d=mm&r=g\",\"contentUrl\":\"https:\/\/secure.gravatar.com\/avatar\/4092073255489533afb558984b49b64268c47198af8623cc82a925ae9fb7118a?s=96&d=mm&r=g\",\"caption\":\"Geovanna Thomaz\"}}]}<\/script>\n<!-- \/ Yoast SEO Premium plugin. -->","yoast_head_json":{"title":"Palmeiras: a declara\u00e7\u00e3o de Leila Pereira sobre cr\u00edticas ap\u00f3s vice-campeonato","robots":{"index":"index","follow":"follow","max-snippet":"max-snippet:-1","max-image-preview":"max-image-preview:large","max-video-preview":"max-video-preview:-1"},"canonical":"https:\/\/www.gaveanews.com\/index.php\/2025\/03\/30\/palmeiras-a-declaracao-de-leila-pereira-sobre-criticas-apos-vice-campeonato\/","og_locale":"pt_BR","og_type":"article","og_title":"Palmeiras: a declara\u00e7\u00e3o de Leila Pereira sobre cr\u00edticas ap\u00f3s vice-campeonato","og_description":"A presidente do Palmeiras, Leila Pereira, respondeu \u00e0s cr\u00edticas que recebeu ap\u00f3s sua postura na premia\u00e7\u00e3o do vice-campeonato paulista, realizada na \u00faltima quinta-feira, na Neo Qu\u00edmica Arena. Durante a cerim\u00f4nia da Federa\u00e7\u00e3o Paulista de Futebol, que aconteceu nesta sexta-feira, a dirigente se posicionou contra os julgamentos que surgiram ap\u00f3s o sorriso dado por ela no [&hellip;]","og_url":"https:\/\/www.gaveanews.com\/index.php\/2025\/03\/30\/palmeiras-a-declaracao-de-leila-pereira-sobre-criticas-apos-vice-campeonato\/","og_site_name":"G\u00e1vea News","article_publisher":"https:\/\/facebook.com\/gaveaNews\/","article_published_time":"2025-03-30T05:10:00+00:00","og_image":[{"width":696,"height":385,"url":"https:\/\/www.gaveanews.com\/wp-content\/uploads\/A-presidente-Leila-Pereira-da-SE-Palmeiras-durante-coletiva-de-imprensa-na-Academia-de-Futebol-2-696x385-1.webp","type":"image\/webp"}],"author":"Geovanna Thomaz","twitter_card":"summary_large_image","twitter_misc":{"Escrito por":"Geovanna Thomaz","Est. tempo de leitura":"3 minutos"},"schema":{"@context":"https:\/\/schema.org","@graph":[{"@type":"NewsArticle","@id":"https:\/\/www.gaveanews.com\/index.php\/2025\/03\/30\/palmeiras-a-declaracao-de-leila-pereira-sobre-criticas-apos-vice-campeonato\/#article","isPartOf":{"@id":"https:\/\/www.gaveanews.com\/index.php\/2025\/03\/30\/palmeiras-a-declaracao-de-leila-pereira-sobre-criticas-apos-vice-campeonato\/"},"author":{"name":"Geovanna Thomaz","@id":"https:\/\/www.gaveanews.com\/#\/schema\/person\/f42654babcd2b2014a1a65af82b081f1"},"headline":"Palmeiras: a declara\u00e7\u00e3o de Leila Pereira sobre cr\u00edticas ap\u00f3s vice-campeonato","datePublished":"2025-03-30T05:10:00+00:00","mainEntityOfPage":{"@id":"https:\/\/www.gaveanews.com\/index.php\/2025\/03\/30\/palmeiras-a-declaracao-de-leila-pereira-sobre-criticas-apos-vice-campeonato\/"},"wordCount":431,"commentCount":0,"image":{"@id":"https:\/\/www.gaveanews.com\/index.php\/2025\/03\/30\/palmeiras-a-declaracao-de-leila-pereira-sobre-criticas-apos-vice-campeonato\/#primaryimage"},"thumbnailUrl":"https:\/\/www.gaveanews.com\/wp-content\/uploads\/A-presidente-Leila-Pereira-da-SE-Palmeiras-durante-coletiva-de-imprensa-na-Academia-de-Futebol-2-696x385-1.webp","articleSection":["Palmeiras"],"inLanguage":"pt-BR","potentialAction":[{"@type":"CommentAction","name":"Comment","target":["https:\/\/www.gaveanews.com\/index.php\/2025\/03\/30\/palmeiras-a-declaracao-de-leila-pereira-sobre-criticas-apos-vice-campeonato\/#respond"]}],"copyrightYear":"2025","copyrightHolder":{"@id":"https:\/\/www.gaveanews.com\/#organization"}},{"@type":"WebPage","@id":"https:\/\/www.gaveanews.com\/index.php\/2025\/03\/30\/palmeiras-a-declaracao-de-leila-pereira-sobre-criticas-apos-vice-campeonato\/","url":"https:\/\/www.gaveanews.com\/index.php\/2025\/03\/30\/palmeiras-a-declaracao-de-leila-pereira-sobre-criticas-apos-vice-campeonato\/","name":"Palmeiras: a declara\u00e7\u00e3o de Leila Pereira sobre cr\u00edticas ap\u00f3s vice-campeonato","isPartOf":{"@id":"https:\/\/www.gaveanews.com\/#website"},"primaryImageOfPage":{"@id":"https:\/\/www.gaveanews.com\/index.php\/2025\/03\/30\/palmeiras-a-declaracao-de-leila-pereira-sobre-criticas-apos-vice-campeonato\/#primaryimage"},"image":{"@id":"https:\/\/www.gaveanews.com\/index.php\/2025\/03\/30\/palmeiras-a-declaracao-de-leila-pereira-sobre-criticas-apos-vice-campeonato\/#primaryimage"},"thumbnailUrl":"https:\/\/www.gaveanews.com\/wp-content\/uploads\/A-presidente-Leila-Pereira-da-SE-Palmeiras-durante-coletiva-de-imprensa-na-Academia-de-Futebol-2-696x385-1.webp","datePublished":"2025-03-30T05:10:00+00:00","author":{"@id":"https:\/\/www.gaveanews.com\/#\/schema\/person\/f42654babcd2b2014a1a65af82b081f1"},"breadcrumb":{"@id":"https:\/\/www.gaveanews.com\/index.php\/2025\/03\/30\/palmeiras-a-declaracao-de-leila-pereira-sobre-criticas-apos-vice-campeonato\/#breadcrumb"},"inLanguage":"pt-BR","potentialAction":[{"@type":"ReadAction","target":["https:\/\/www.gaveanews.com\/index.php\/2025\/03\/30\/palmeiras-a-declaracao-de-leila-pereira-sobre-criticas-apos-vice-campeonato\/"]}]},{"@type":"ImageObject","inLanguage":"pt-BR","@id":"https:\/\/www.gaveanews.com\/index.php\/2025\/03\/30\/palmeiras-a-declaracao-de-leila-pereira-sobre-criticas-apos-vice-campeonato\/#primaryimage","url":"https:\/\/www.gaveanews.com\/wp-content\/uploads\/A-presidente-Leila-Pereira-da-SE-Palmeiras-durante-coletiva-de-imprensa-na-Academia-de-Futebol-2-696x385-1.webp","contentUrl":"https:\/\/www.gaveanews.com\/wp-content\/uploads\/A-presidente-Leila-Pereira-da-SE-Palmeiras-durante-coletiva-de-imprensa-na-Academia-de-Futebol-2-696x385-1.webp","width":696,"height":385,"caption":"Leila Pereira em coletiva - Foto: Cesar Greco\/Palmeiras"},{"@type":"BreadcrumbList","@id":"https:\/\/www.gaveanews.com\/index.php\/2025\/03\/30\/palmeiras-a-declaracao-de-leila-pereira-sobre-criticas-apos-vice-campeonato\/#breadcrumb","itemListElement":[{"@type":"ListItem","position":1,"name":"Home","item":"https:\/\/www.gaveanews.com\/"},{"@type":"ListItem","position":2,"name":"Palmeiras: a declara\u00e7\u00e3o de Leila Pereira sobre cr\u00edticas ap\u00f3s vice-campeonato"}]},{"@type":"WebSite","@id":"https:\/\/www.gaveanews.com\/#website","url":"https:\/\/www.gaveanews.com\/","name":"G\u00e1vea News","description":"Veja todas as not\u00edcias sobre o Flamengo: Contrata\u00e7\u00f5es, categorias de base, resultados das partidas, tabela de classifica\u00e7\u00e3o, pr\u00f3ximos jogos!","potentialAction":[{"@type":"SearchAction","target":{"@type":"EntryPoint","urlTemplate":"https:\/\/www.gaveanews.com\/?s={search_term_string}"},"query-input":{"@type":"PropertyValueSpecification","valueRequired":true,"valueName":"search_term_string"}}],"inLanguage":"pt-BR"},{"@type":"Person","@id":"https:\/\/www.gaveanews.com\/#\/schema\/person\/f42654babcd2b2014a1a65af82b081f1","name":"Geovanna Thomaz","image":{"@type":"ImageObject","inLanguage":"pt-BR","@id":"https:\/\/www.gaveanews.com\/#\/schema\/person\/image\/","url":"https:\/\/secure.gravatar.com\/avatar\/4092073255489533afb558984b49b64268c47198af8623cc82a925ae9fb7118a?s=96&d=mm&r=g","contentUrl":"https:\/\/secure.gravatar.com\/avatar\/4092073255489533afb558984b49b64268c47198af8623cc82a925ae9fb7118a?s=96&d=mm&r=g","caption":"Geovanna Thomaz"}}]}},"_links":{"self":[{"href":"https:\/\/www.gaveanews.com\/index.php\/wp-json\/wp\/v2\/posts\/246584","targetHints":{"allow":["GET"]}}],"collection":[{"href":"https:\/\/www.gaveanews.com\/index.php\/wp-json\/wp\/v2\/posts"}],"about":[{"href":"https:\/\/www.gaveanews.com\/index.php\/wp-json\/wp\/v2\/types\/post"}],"author":[{"embeddable":true,"href":"https:\/\/www.gaveanews.com\/index.php\/wp-json\/wp\/v2\/users\/17"}],"replies":[{"embeddable":true,"href":"https:\/\/www.gaveanews.com\/index.php\/wp-json\/wp\/v2\/comments?post=246584"}],"version-history":[{"count":1,"href":"https:\/\/www.gaveanews.com\/index.php\/wp-json\/wp\/v2\/posts\/246584\/revisions"}],"predecessor-version":[{"id":246585,"href":"https:\/\/www.gaveanews.com\/index.php\/wp-json\/wp\/v2\/posts\/246584\/revisions\/246585"}],"wp:featuredmedia":[{"embeddable":true,"href":"https:\/\/www.gaveanews.com\/index.php\/wp-json\/wp\/v2\/media\/142474"}],"wp:attachment":[{"href":"https:\/\/www.gaveanews.com\/index.php\/wp-json\/wp\/v2\/media?parent=246584"}],"wp:term":[{"taxonomy":"category","embeddable":true,"href":"https:\/\/www.gaveanews.com\/index.php\/wp-json\/wp\/v2\/categories?post=246584"},{"taxonomy":"post_tag","embeddable":true,"href":"https:\/\/www.gaveanews.com\/index.php\/wp-json\/wp\/v2\/tags?post=246584"}],"curies":[{"name":"wp","href":"https:\/\/api.w.org\/{rel}","templated":true}]}}