{"id":246586,"date":"2025-03-30T01:55:00","date_gmt":"2025-03-30T04:55:00","guid":{"rendered":"https:\/\/www.gaveanews.com\/?p=246586"},"modified":"2025-03-30T00:21:23","modified_gmt":"2025-03-30T03:21:23","slug":"vasco-x-santos-carille-e-caixinha-protagonizam-duelo-a-parte","status":"publish","type":"post","link":"https:\/\/www.gaveanews.com\/index.php\/2025\/03\/30\/vasco-x-santos-carille-e-caixinha-protagonizam-duelo-a-parte\/","title":{"rendered":"Vasco x Santos: Carille e Caixinha protagonizam duelo a parte"},"content":{"rendered":"\n<p>A partida entre Vasco e Santos, que acontece neste domingo, \u00e0s 18h30, em S\u00e3o Janu\u00e1rio, ser\u00e1 marcada por um reencontro entre os t\u00e9cnicos F\u00e1bio Carille e Pedro Caixinha. Os dois j\u00e1 se enfrentaram no Campeonato Paulista do ano passado, mas o que poucos sabem \u00e9 que eles tamb\u00e9m se enfrentaram na Ar\u00e1bia Saudita, quando Carille estava no comando do Al-Ittihad e Caixinha dirigia o Al-Shabab.<\/p>\n\n\n\n<p>Os primeiros duelos entre os dois ocorreram na semifinal da Liga dos Campe\u00f5es \u00c1rabes. O jogo de ida terminou empatado em 2 a 2, e na volta, em casa, o Al-Ittihad venceu por 2 a 1, avan\u00e7ando para a final da competi\u00e7\u00e3o. Por\u00e9m, no dia seguinte, Caixinha foi demitido do comando do Al-Shabab. O time de Carille seguiu para a final, mas acabou derrotado nos p\u00eanaltis pelo Raja, do Marrocos. Durante o mesmo per\u00edodo, os dois t\u00e9cnicos tamb\u00e9m se enfrentaram pelo Campeonato Saudita, com a partida terminando empatada em 1 a 1.<\/p>\n\n\n\n<p>O reencontro entre Carille e Caixinha aconteceu novamente no Campeonato Paulista de 2023, tr\u00eas anos depois dos confrontos na Ar\u00e1bia. Nesse duelo, Caixinha conquistou sua primeira vit\u00f3ria sobre um time comandado por Carille, com o Bragantino derrotando o Santos por 1 a 0 na primeira fase da competi\u00e7\u00e3o. Contudo, as duas equipes se enfrentaram novamente nas semifinais, e o Santos venceu por 3 a 1, eliminando o time de Caixinha. Carille, por sua vez, chegou \u00e0 final do Paulista, mas acabou derrotado pelo Palmeiras na decis\u00e3o.<\/p>\n\n\n\n<p>O retrospecto entre os dois t\u00e9cnicos nos confrontos diretos \u00e9 equilibrado, com Carille vencendo duas vezes, Caixinha vencendo uma e ambos empatando em duas ocasi\u00f5es.<\/p>\n\n\n\n<p>Esse reencontro tamb\u00e9m ser\u00e1 especial para Carille, que enfrentar\u00e1 o Santos, clube que treinou durante toda a temporada de 2023. No ano passado, Carille levou o Santos \u00e0 conquista do t\u00edtulo da S\u00e9rie B e \u00e0 vice-coloca\u00e7\u00e3o no Campeonato Paulista, mas foi demitido ao final da temporada. Pedro Caixinha foi o escolhido para substitu\u00ed-lo no comando da equipe santista.<\/p>\n\n\n\n<p>Ap\u00f3s a demiss\u00e3o de Rafael Paiva do comando do Vasco, a dire\u00e7\u00e3o vasca\u00edna analisou diversas op\u00e7\u00f5es no mercado, incluindo o nome de Pedro Caixinha. Contudo, o clube de S\u00e3o Janu\u00e1rio optou por contratar F\u00e1bio Carille para ser o t\u00e9cnico da equipe em 2025, refor\u00e7ando o v\u00ednculo entre os dois t\u00e9cnicos que t\u00eam se cruzado em diversas competi\u00e7\u00f5es nos \u00faltimos anos.<\/p>\n","protected":false},"excerpt":{"rendered":"<p>A partida entre Vasco e Santos, que acontece neste domingo, \u00e0s 18h30, em S\u00e3o Janu\u00e1rio, ser\u00e1 marcada por um reencontro entre os t\u00e9cnicos F\u00e1bio Carille e Pedro Caixinha. Os dois j\u00e1 se enfrentaram no Campeonato Paulista do ano passado, mas o que poucos sabem \u00e9 que eles tamb\u00e9m se enfrentaram na Ar\u00e1bia Saudita, quando Carille [&hellip;]<\/p>\n","protected":false},"author":17,"featured_media":220356,"comment_status":"open","ping_status":"closed","sticky":false,"template":"","format":"standard","meta":{"footnotes":""},"categories":[139,152],"tags":[],"class_list":["post-246586","post","type-post","status-publish","format-standard","has-post-thumbnail","hentry","category-santos","category-vasco"],"yoast_head":"<!-- This site is optimized with the Yoast SEO Premium plugin v24.2 (Yoast SEO v26.9) - https:\/\/yoast.com\/product\/yoast-seo-premium-wordpress\/ -->\n<title>Vasco x Santos: Carille e Caixinha protagonizam duelo a parte<\/title>\n<meta name=\"robots\" content=\"index, follow, max-snippet:-1, max-image-preview:large, max-video-preview:-1\" \/>\n<link rel=\"canonical\" href=\"https:\/\/www.gaveanews.com\/index.php\/2025\/03\/30\/vasco-x-santos-carille-e-caixinha-protagonizam-duelo-a-parte\/\" \/>\n<meta property=\"og:locale\" content=\"pt_BR\" \/>\n<meta property=\"og:type\" content=\"article\" \/>\n<meta property=\"og:title\" content=\"Vasco x Santos: Carille e Caixinha protagonizam duelo a parte\" \/>\n<meta property=\"og:description\" content=\"A partida entre Vasco e Santos, que acontece neste domingo, \u00e0s 18h30, em S\u00e3o Janu\u00e1rio, ser\u00e1 marcada por um reencontro entre os t\u00e9cnicos F\u00e1bio Carille e Pedro Caixinha. Os dois j\u00e1 se enfrentaram no Campeonato Paulista do ano passado, mas o que poucos sabem \u00e9 que eles tamb\u00e9m se enfrentaram na Ar\u00e1bia Saudita, quando Carille [&hellip;]\" \/>\n<meta property=\"og:url\" content=\"https:\/\/www.gaveanews.com\/index.php\/2025\/03\/30\/vasco-x-santos-carille-e-caixinha-protagonizam-duelo-a-parte\/\" \/>\n<meta property=\"og:site_name\" content=\"G\u00e1vea News\" \/>\n<meta property=\"article:publisher\" content=\"https:\/\/facebook.com\/gaveaNews\/\" \/>\n<meta property=\"article:published_time\" content=\"2025-03-30T04:55:00+00:00\" \/>\n<meta property=\"og:image\" content=\"https:\/\/www.gaveanews.com\/wp-content\/uploads\/Carille-apresentado-pelo-Vasco.webp\" \/>\n\t<meta property=\"og:image:width\" content=\"1501\" \/>\n\t<meta property=\"og:image:height\" content=\"1000\" \/>\n\t<meta property=\"og:image:type\" content=\"image\/jpeg\" \/>\n<meta name=\"author\" content=\"Geovanna Thomaz\" \/>\n<meta name=\"twitter:card\" content=\"summary_large_image\" \/>\n<meta name=\"twitter:label1\" content=\"Escrito por\" \/>\n\t<meta name=\"twitter:data1\" content=\"Geovanna Thomaz\" \/>\n\t<meta name=\"twitter:label2\" content=\"Est. tempo de leitura\" \/>\n\t<meta name=\"twitter:data2\" content=\"3 minutos\" \/>\n<script type=\"application\/ld+json\" class=\"yoast-schema-graph\">{\"@context\":\"https:\/\/schema.org\",\"@graph\":[{\"@type\":\"NewsArticle\",\"@id\":\"https:\/\/www.gaveanews.com\/index.php\/2025\/03\/30\/vasco-x-santos-carille-e-caixinha-protagonizam-duelo-a-parte\/#article\",\"isPartOf\":{\"@id\":\"https:\/\/www.gaveanews.com\/index.php\/2025\/03\/30\/vasco-x-santos-carille-e-caixinha-protagonizam-duelo-a-parte\/\"},\"author\":{\"name\":\"Geovanna Thomaz\",\"@id\":\"https:\/\/www.gaveanews.com\/#\/schema\/person\/f42654babcd2b2014a1a65af82b081f1\"},\"headline\":\"Vasco x Santos: Carille e Caixinha protagonizam duelo a parte\",\"datePublished\":\"2025-03-30T04:55:00+00:00\",\"mainEntityOfPage\":{\"@id\":\"https:\/\/www.gaveanews.com\/index.php\/2025\/03\/30\/vasco-x-santos-carille-e-caixinha-protagonizam-duelo-a-parte\/\"},\"wordCount\":419,\"commentCount\":0,\"image\":{\"@id\":\"https:\/\/www.gaveanews.com\/index.php\/2025\/03\/30\/vasco-x-santos-carille-e-caixinha-protagonizam-duelo-a-parte\/#primaryimage\"},\"thumbnailUrl\":\"https:\/\/www.gaveanews.com\/wp-content\/uploads\/Carille-apresentado-pelo-Vasco.webp\",\"articleSection\":[\"Santos\",\"Vasco\"],\"inLanguage\":\"pt-BR\",\"potentialAction\":[{\"@type\":\"CommentAction\",\"name\":\"Comment\",\"target\":[\"https:\/\/www.gaveanews.com\/index.php\/2025\/03\/30\/vasco-x-santos-carille-e-caixinha-protagonizam-duelo-a-parte\/#respond\"]}],\"copyrightYear\":\"2025\",\"copyrightHolder\":{\"@id\":\"https:\/\/www.gaveanews.com\/#organization\"}},{\"@type\":\"WebPage\",\"@id\":\"https:\/\/www.gaveanews.com\/index.php\/2025\/03\/30\/vasco-x-santos-carille-e-caixinha-protagonizam-duelo-a-parte\/\",\"url\":\"https:\/\/www.gaveanews.com\/index.php\/2025\/03\/30\/vasco-x-santos-carille-e-caixinha-protagonizam-duelo-a-parte\/\",\"name\":\"Vasco x Santos: Carille e Caixinha protagonizam duelo a parte\",\"isPartOf\":{\"@id\":\"https:\/\/www.gaveanews.com\/#website\"},\"primaryImageOfPage\":{\"@id\":\"https:\/\/www.gaveanews.com\/index.php\/2025\/03\/30\/vasco-x-santos-carille-e-caixinha-protagonizam-duelo-a-parte\/#primaryimage\"},\"image\":{\"@id\":\"https:\/\/www.gaveanews.com\/index.php\/2025\/03\/30\/vasco-x-santos-carille-e-caixinha-protagonizam-duelo-a-parte\/#primaryimage\"},\"thumbnailUrl\":\"https:\/\/www.gaveanews.com\/wp-content\/uploads\/Carille-apresentado-pelo-Vasco.webp\",\"datePublished\":\"2025-03-30T04:55:00+00:00\",\"author\":{\"@id\":\"https:\/\/www.gaveanews.com\/#\/schema\/person\/f42654babcd2b2014a1a65af82b081f1\"},\"breadcrumb\":{\"@id\":\"https:\/\/www.gaveanews.com\/index.php\/2025\/03\/30\/vasco-x-santos-carille-e-caixinha-protagonizam-duelo-a-parte\/#breadcrumb\"},\"inLanguage\":\"pt-BR\",\"potentialAction\":[{\"@type\":\"ReadAction\",\"target\":[\"https:\/\/www.gaveanews.com\/index.php\/2025\/03\/30\/vasco-x-santos-carille-e-caixinha-protagonizam-duelo-a-parte\/\"]}]},{\"@type\":\"ImageObject\",\"inLanguage\":\"pt-BR\",\"@id\":\"https:\/\/www.gaveanews.com\/index.php\/2025\/03\/30\/vasco-x-santos-carille-e-caixinha-protagonizam-duelo-a-parte\/#primaryimage\",\"url\":\"https:\/\/www.gaveanews.com\/wp-content\/uploads\/Carille-apresentado-pelo-Vasco.webp\",\"contentUrl\":\"https:\/\/www.gaveanews.com\/wp-content\/uploads\/Carille-apresentado-pelo-Vasco.webp\",\"width\":1501,\"height\":1000,\"caption\":\"Carille apresentado pelo Vasco (Foto: Divulga\u00e7\u00e3o)\"},{\"@type\":\"BreadcrumbList\",\"@id\":\"https:\/\/www.gaveanews.com\/index.php\/2025\/03\/30\/vasco-x-santos-carille-e-caixinha-protagonizam-duelo-a-parte\/#breadcrumb\",\"itemListElement\":[{\"@type\":\"ListItem\",\"position\":1,\"name\":\"Home\",\"item\":\"https:\/\/www.gaveanews.com\/\"},{\"@type\":\"ListItem\",\"position\":2,\"name\":\"Vasco x Santos: Carille e Caixinha protagonizam duelo a parte\"}]},{\"@type\":\"WebSite\",\"@id\":\"https:\/\/www.gaveanews.com\/#website\",\"url\":\"https:\/\/www.gaveanews.com\/\",\"name\":\"G\u00e1vea News\",\"description\":\"Veja todas as not\u00edcias sobre o Flamengo: Contrata\u00e7\u00f5es, categorias de base, resultados das partidas, tabela de classifica\u00e7\u00e3o, pr\u00f3ximos jogos!\",\"potentialAction\":[{\"@type\":\"SearchAction\",\"target\":{\"@type\":\"EntryPoint\",\"urlTemplate\":\"https:\/\/www.gaveanews.com\/?s={search_term_string}\"},\"query-input\":{\"@type\":\"PropertyValueSpecification\",\"valueRequired\":true,\"valueName\":\"search_term_string\"}}],\"inLanguage\":\"pt-BR\"},{\"@type\":\"Person\",\"@id\":\"https:\/\/www.gaveanews.com\/#\/schema\/person\/f42654babcd2b2014a1a65af82b081f1\",\"name\":\"Geovanna Thomaz\",\"image\":{\"@type\":\"ImageObject\",\"inLanguage\":\"pt-BR\",\"@id\":\"https:\/\/www.gaveanews.com\/#\/schema\/person\/image\/\",\"url\":\"https:\/\/secure.gravatar.com\/avatar\/4092073255489533afb558984b49b64268c47198af8623cc82a925ae9fb7118a?s=96&d=mm&r=g\",\"contentUrl\":\"https:\/\/secure.gravatar.com\/avatar\/4092073255489533afb558984b49b64268c47198af8623cc82a925ae9fb7118a?s=96&d=mm&r=g\",\"caption\":\"Geovanna Thomaz\"}}]}<\/script>\n<!-- \/ Yoast SEO Premium plugin. -->","yoast_head_json":{"title":"Vasco x Santos: Carille e Caixinha protagonizam duelo a parte","robots":{"index":"index","follow":"follow","max-snippet":"max-snippet:-1","max-image-preview":"max-image-preview:large","max-video-preview":"max-video-preview:-1"},"canonical":"https:\/\/www.gaveanews.com\/index.php\/2025\/03\/30\/vasco-x-santos-carille-e-caixinha-protagonizam-duelo-a-parte\/","og_locale":"pt_BR","og_type":"article","og_title":"Vasco x Santos: Carille e Caixinha protagonizam duelo a parte","og_description":"A partida entre Vasco e Santos, que acontece neste domingo, \u00e0s 18h30, em S\u00e3o Janu\u00e1rio, ser\u00e1 marcada por um reencontro entre os t\u00e9cnicos F\u00e1bio Carille e Pedro Caixinha. Os dois j\u00e1 se enfrentaram no Campeonato Paulista do ano passado, mas o que poucos sabem \u00e9 que eles tamb\u00e9m se enfrentaram na Ar\u00e1bia Saudita, quando Carille [&hellip;]","og_url":"https:\/\/www.gaveanews.com\/index.php\/2025\/03\/30\/vasco-x-santos-carille-e-caixinha-protagonizam-duelo-a-parte\/","og_site_name":"G\u00e1vea News","article_publisher":"https:\/\/facebook.com\/gaveaNews\/","article_published_time":"2025-03-30T04:55:00+00:00","og_image":[{"width":1501,"height":1000,"url":"https:\/\/www.gaveanews.com\/wp-content\/uploads\/Carille-apresentado-pelo-Vasco.webp","type":"image\/jpeg"}],"author":"Geovanna Thomaz","twitter_card":"summary_large_image","twitter_misc":{"Escrito por":"Geovanna Thomaz","Est. tempo de leitura":"3 minutos"},"schema":{"@context":"https:\/\/schema.org","@graph":[{"@type":"NewsArticle","@id":"https:\/\/www.gaveanews.com\/index.php\/2025\/03\/30\/vasco-x-santos-carille-e-caixinha-protagonizam-duelo-a-parte\/#article","isPartOf":{"@id":"https:\/\/www.gaveanews.com\/index.php\/2025\/03\/30\/vasco-x-santos-carille-e-caixinha-protagonizam-duelo-a-parte\/"},"author":{"name":"Geovanna Thomaz","@id":"https:\/\/www.gaveanews.com\/#\/schema\/person\/f42654babcd2b2014a1a65af82b081f1"},"headline":"Vasco x Santos: Carille e Caixinha protagonizam duelo a parte","datePublished":"2025-03-30T04:55:00+00:00","mainEntityOfPage":{"@id":"https:\/\/www.gaveanews.com\/index.php\/2025\/03\/30\/vasco-x-santos-carille-e-caixinha-protagonizam-duelo-a-parte\/"},"wordCount":419,"commentCount":0,"image":{"@id":"https:\/\/www.gaveanews.com\/index.php\/2025\/03\/30\/vasco-x-santos-carille-e-caixinha-protagonizam-duelo-a-parte\/#primaryimage"},"thumbnailUrl":"https:\/\/www.gaveanews.com\/wp-content\/uploads\/Carille-apresentado-pelo-Vasco.webp","articleSection":["Santos","Vasco"],"inLanguage":"pt-BR","potentialAction":[{"@type":"CommentAction","name":"Comment","target":["https:\/\/www.gaveanews.com\/index.php\/2025\/03\/30\/vasco-x-santos-carille-e-caixinha-protagonizam-duelo-a-parte\/#respond"]}],"copyrightYear":"2025","copyrightHolder":{"@id":"https:\/\/www.gaveanews.com\/#organization"}},{"@type":"WebPage","@id":"https:\/\/www.gaveanews.com\/index.php\/2025\/03\/30\/vasco-x-santos-carille-e-caixinha-protagonizam-duelo-a-parte\/","url":"https:\/\/www.gaveanews.com\/index.php\/2025\/03\/30\/vasco-x-santos-carille-e-caixinha-protagonizam-duelo-a-parte\/","name":"Vasco x Santos: Carille e Caixinha protagonizam duelo a parte","isPartOf":{"@id":"https:\/\/www.gaveanews.com\/#website"},"primaryImageOfPage":{"@id":"https:\/\/www.gaveanews.com\/index.php\/2025\/03\/30\/vasco-x-santos-carille-e-caixinha-protagonizam-duelo-a-parte\/#primaryimage"},"image":{"@id":"https:\/\/www.gaveanews.com\/index.php\/2025\/03\/30\/vasco-x-santos-carille-e-caixinha-protagonizam-duelo-a-parte\/#primaryimage"},"thumbnailUrl":"https:\/\/www.gaveanews.com\/wp-content\/uploads\/Carille-apresentado-pelo-Vasco.webp","datePublished":"2025-03-30T04:55:00+00:00","author":{"@id":"https:\/\/www.gaveanews.com\/#\/schema\/person\/f42654babcd2b2014a1a65af82b081f1"},"breadcrumb":{"@id":"https:\/\/www.gaveanews.com\/index.php\/2025\/03\/30\/vasco-x-santos-carille-e-caixinha-protagonizam-duelo-a-parte\/#breadcrumb"},"inLanguage":"pt-BR","potentialAction":[{"@type":"ReadAction","target":["https:\/\/www.gaveanews.com\/index.php\/2025\/03\/30\/vasco-x-santos-carille-e-caixinha-protagonizam-duelo-a-parte\/"]}]},{"@type":"ImageObject","inLanguage":"pt-BR","@id":"https:\/\/www.gaveanews.com\/index.php\/2025\/03\/30\/vasco-x-santos-carille-e-caixinha-protagonizam-duelo-a-parte\/#primaryimage","url":"https:\/\/www.gaveanews.com\/wp-content\/uploads\/Carille-apresentado-pelo-Vasco.webp","contentUrl":"https:\/\/www.gaveanews.com\/wp-content\/uploads\/Carille-apresentado-pelo-Vasco.webp","width":1501,"height":1000,"caption":"Carille apresentado pelo Vasco (Foto: Divulga\u00e7\u00e3o)"},{"@type":"BreadcrumbList","@id":"https:\/\/www.gaveanews.com\/index.php\/2025\/03\/30\/vasco-x-santos-carille-e-caixinha-protagonizam-duelo-a-parte\/#breadcrumb","itemListElement":[{"@type":"ListItem","position":1,"name":"Home","item":"https:\/\/www.gaveanews.com\/"},{"@type":"ListItem","position":2,"name":"Vasco x Santos: Carille e Caixinha protagonizam duelo a parte"}]},{"@type":"WebSite","@id":"https:\/\/www.gaveanews.com\/#website","url":"https:\/\/www.gaveanews.com\/","name":"G\u00e1vea News","description":"Veja todas as not\u00edcias sobre o Flamengo: Contrata\u00e7\u00f5es, categorias de base, resultados das partidas, tabela de classifica\u00e7\u00e3o, pr\u00f3ximos jogos!","potentialAction":[{"@type":"SearchAction","target":{"@type":"EntryPoint","urlTemplate":"https:\/\/www.gaveanews.com\/?s={search_term_string}"},"query-input":{"@type":"PropertyValueSpecification","valueRequired":true,"valueName":"search_term_string"}}],"inLanguage":"pt-BR"},{"@type":"Person","@id":"https:\/\/www.gaveanews.com\/#\/schema\/person\/f42654babcd2b2014a1a65af82b081f1","name":"Geovanna Thomaz","image":{"@type":"ImageObject","inLanguage":"pt-BR","@id":"https:\/\/www.gaveanews.com\/#\/schema\/person\/image\/","url":"https:\/\/secure.gravatar.com\/avatar\/4092073255489533afb558984b49b64268c47198af8623cc82a925ae9fb7118a?s=96&d=mm&r=g","contentUrl":"https:\/\/secure.gravatar.com\/avatar\/4092073255489533afb558984b49b64268c47198af8623cc82a925ae9fb7118a?s=96&d=mm&r=g","caption":"Geovanna Thomaz"}}]}},"_links":{"self":[{"href":"https:\/\/www.gaveanews.com\/index.php\/wp-json\/wp\/v2\/posts\/246586","targetHints":{"allow":["GET"]}}],"collection":[{"href":"https:\/\/www.gaveanews.com\/index.php\/wp-json\/wp\/v2\/posts"}],"about":[{"href":"https:\/\/www.gaveanews.com\/index.php\/wp-json\/wp\/v2\/types\/post"}],"author":[{"embeddable":true,"href":"https:\/\/www.gaveanews.com\/index.php\/wp-json\/wp\/v2\/users\/17"}],"replies":[{"embeddable":true,"href":"https:\/\/www.gaveanews.com\/index.php\/wp-json\/wp\/v2\/comments?post=246586"}],"version-history":[{"count":1,"href":"https:\/\/www.gaveanews.com\/index.php\/wp-json\/wp\/v2\/posts\/246586\/revisions"}],"predecessor-version":[{"id":246587,"href":"https:\/\/www.gaveanews.com\/index.php\/wp-json\/wp\/v2\/posts\/246586\/revisions\/246587"}],"wp:featuredmedia":[{"embeddable":true,"href":"https:\/\/www.gaveanews.com\/index.php\/wp-json\/wp\/v2\/media\/220356"}],"wp:attachment":[{"href":"https:\/\/www.gaveanews.com\/index.php\/wp-json\/wp\/v2\/media?parent=246586"}],"wp:term":[{"taxonomy":"category","embeddable":true,"href":"https:\/\/www.gaveanews.com\/index.php\/wp-json\/wp\/v2\/categories?post=246586"},{"taxonomy":"post_tag","embeddable":true,"href":"https:\/\/www.gaveanews.com\/index.php\/wp-json\/wp\/v2\/tags?post=246586"}],"curies":[{"name":"wp","href":"https:\/\/api.w.org\/{rel}","templated":true}]}}