{"id":246588,"date":"2025-03-30T02:25:00","date_gmt":"2025-03-30T05:25:00","guid":{"rendered":"https:\/\/www.gaveanews.com\/?p=246588"},"modified":"2025-03-30T00:23:58","modified_gmt":"2025-03-30T03:23:58","slug":"preocupacao-com-vice-estevao-e-sincero-sobre-temporada-do-palmeiras","status":"publish","type":"post","link":"https:\/\/www.gaveanews.com\/index.php\/2025\/03\/30\/preocupacao-com-vice-estevao-e-sincero-sobre-temporada-do-palmeiras\/","title":{"rendered":"Preocupa\u00e7\u00e3o com vice? Est\u00eav\u00e3o \u00e9 sincero sobre temporada do Palmeiras"},"content":{"rendered":"\n<p>Est\u00eav\u00e3o foi um dos premiados pela Federa\u00e7\u00e3o Paulista de Futebol (FPF), nesta sexta-feira, em cerim\u00f4nia realizada para reconhecer os destaques do Campeonato Paulista. O atacante do Palmeiras aproveitou a ocasi\u00e3o para comentar sobre o vice-campeonato do Estadual, perdido para o Corinthians, e afirmou que o elenco j\u00e1 virou a p\u00e1gina e est\u00e1 totalmente focado na estreia do Campeonato Brasileiro.<\/p>\n\n\n\n<p>O Palmeiras estreia no Brasileir\u00e3o neste domingo, contra o Botafogo, no Allianz Parque, \u00e0s 16h (de Bras\u00edlia). Est\u00eav\u00e3o fez uma an\u00e1lise sobre o que faltou ao Verd\u00e3o nas duas partidas da final do Paulista e ressaltou a import\u00e2ncia de seguir em frente.<\/p>\n\n\n\n<p> &#8220;A gente sabe que a gente pecou. Falta de efici\u00eancia no ataque tanto no jogo em Itaquera como no Allianz. Agora \u00e9 trabalhar. Igual o Abel fala: 24 horas, a p\u00e1gina virou. J\u00e1 tem o Brasileiro a\u00ed no domingo, Libertadores. Agora \u00e9 focar nesses campeonatos que s\u00e3o mais importantes. Vamos virar a p\u00e1gina, j\u00e1 tem uma nova hist\u00f3ria para acontecer. Nosso time est\u00e1 totalmente focado no domingo para fazer um bom resultado e sair com a vit\u00f3ria&#8221;, afirmou Est\u00eav\u00e3o, que foi premiado por sua excelente performance no torneio, figurando entre os melhores atacantes.<\/p>\n\n\n\n<p>Est\u00eav\u00e3o tem sido uma das principais pe\u00e7as do elenco palmeirense, mas tem enfrentado dificuldades devido \u00e0 forte marca\u00e7\u00e3o advers\u00e1ria. Em sua entrevista, o jogador comentou sobre essa situa\u00e7\u00e3o, explicando que, mesmo sendo alvo constante de duplas marca\u00e7\u00f5es, sempre se dedica ao m\u00e1ximo em campo.<\/p>\n\n\n\n<p> &#8220;Se est\u00e3o duplicando a marca\u00e7\u00e3o \u00e9 porque tem alguma coisa. S\u00e3o coisas do jogo, coisas que a gente n\u00e3o controla. Mas independente do que seja, a gente est\u00e1 sempre pronto para dar o nosso melhor, individualmente ou no grupo. Estamos ali para dar nosso melhor e o que for melhor vai acontecer&#8221;, disse.<\/p>\n\n\n\n<p>Al\u00e9m disso, Est\u00eav\u00e3o est\u00e1 em contagem regressiva para sua sa\u00edda do Palmeiras, j\u00e1 que ele ficar\u00e1 no clube apenas at\u00e9 a disputa do Mundial de Clubes, em julho. Ap\u00f3s essa competi\u00e7\u00e3o, ele se juntar\u00e1 ao elenco do Chelsea, clube que acertou sua compra h\u00e1 quase um ano. Nesta temporada, Est\u00eav\u00e3o disputou 14 jogos e marcou cinco gols pelo Palmeiras, sendo o artilheiro da equipe no Campeonato Paulista, ao lado de Mauricio.<\/p>\n","protected":false},"excerpt":{"rendered":"<p>Est\u00eav\u00e3o foi um dos premiados pela Federa\u00e7\u00e3o Paulista de Futebol (FPF), nesta sexta-feira, em cerim\u00f4nia realizada para reconhecer os destaques do Campeonato Paulista. O atacante do Palmeiras aproveitou a ocasi\u00e3o para comentar sobre o vice-campeonato do Estadual, perdido para o Corinthians, e afirmou que o elenco j\u00e1 virou a p\u00e1gina e est\u00e1 totalmente focado na [&hellip;]<\/p>\n","protected":false},"author":17,"featured_media":153086,"comment_status":"open","ping_status":"closed","sticky":false,"template":"","format":"standard","meta":{"footnotes":""},"categories":[150],"tags":[],"class_list":["post-246588","post","type-post","status-publish","format-standard","has-post-thumbnail","hentry","category-palmeiras"],"yoast_head":"<!-- This site is optimized with the Yoast SEO Premium plugin v24.2 (Yoast SEO v26.9) - https:\/\/yoast.com\/product\/yoast-seo-premium-wordpress\/ -->\n<title>Preocupa\u00e7\u00e3o com vice? Est\u00eav\u00e3o \u00e9 sincero sobre temporada do Palmeiras<\/title>\n<meta name=\"robots\" content=\"index, follow, max-snippet:-1, max-image-preview:large, max-video-preview:-1\" \/>\n<link rel=\"canonical\" href=\"https:\/\/www.gaveanews.com\/index.php\/2025\/03\/30\/preocupacao-com-vice-estevao-e-sincero-sobre-temporada-do-palmeiras\/\" \/>\n<meta property=\"og:locale\" content=\"pt_BR\" \/>\n<meta property=\"og:type\" content=\"article\" \/>\n<meta property=\"og:title\" content=\"Preocupa\u00e7\u00e3o com vice? Est\u00eav\u00e3o \u00e9 sincero sobre temporada do Palmeiras\" \/>\n<meta property=\"og:description\" content=\"Est\u00eav\u00e3o foi um dos premiados pela Federa\u00e7\u00e3o Paulista de Futebol (FPF), nesta sexta-feira, em cerim\u00f4nia realizada para reconhecer os destaques do Campeonato Paulista. O atacante do Palmeiras aproveitou a ocasi\u00e3o para comentar sobre o vice-campeonato do Estadual, perdido para o Corinthians, e afirmou que o elenco j\u00e1 virou a p\u00e1gina e est\u00e1 totalmente focado na [&hellip;]\" \/>\n<meta property=\"og:url\" content=\"https:\/\/www.gaveanews.com\/index.php\/2025\/03\/30\/preocupacao-com-vice-estevao-e-sincero-sobre-temporada-do-palmeiras\/\" \/>\n<meta property=\"og:site_name\" content=\"G\u00e1vea News\" \/>\n<meta property=\"article:publisher\" content=\"https:\/\/facebook.com\/gaveaNews\/\" \/>\n<meta property=\"article:published_time\" content=\"2025-03-30T05:25:00+00:00\" \/>\n<meta property=\"og:image\" content=\"https:\/\/www.gaveanews.com\/wp-content\/uploads\/Estevao-durante-o-jogo-entre-Botafogo-x-Palmeiras-pelo-Brasileirao-2024.webp\" \/>\n\t<meta property=\"og:image:width\" content=\"1245\" \/>\n\t<meta property=\"og:image:height\" content=\"1500\" \/>\n\t<meta property=\"og:image:type\" content=\"image\/jpeg\" \/>\n<meta name=\"author\" content=\"Geovanna Thomaz\" \/>\n<meta name=\"twitter:card\" content=\"summary_large_image\" \/>\n<meta name=\"twitter:label1\" content=\"Escrito por\" \/>\n\t<meta name=\"twitter:data1\" content=\"Geovanna Thomaz\" \/>\n\t<meta name=\"twitter:label2\" content=\"Est. tempo de leitura\" \/>\n\t<meta name=\"twitter:data2\" content=\"3 minutos\" \/>\n<script type=\"application\/ld+json\" class=\"yoast-schema-graph\">{\"@context\":\"https:\/\/schema.org\",\"@graph\":[{\"@type\":\"NewsArticle\",\"@id\":\"https:\/\/www.gaveanews.com\/index.php\/2025\/03\/30\/preocupacao-com-vice-estevao-e-sincero-sobre-temporada-do-palmeiras\/#article\",\"isPartOf\":{\"@id\":\"https:\/\/www.gaveanews.com\/index.php\/2025\/03\/30\/preocupacao-com-vice-estevao-e-sincero-sobre-temporada-do-palmeiras\/\"},\"author\":{\"name\":\"Geovanna Thomaz\",\"@id\":\"https:\/\/www.gaveanews.com\/#\/schema\/person\/f42654babcd2b2014a1a65af82b081f1\"},\"headline\":\"Preocupa\u00e7\u00e3o com vice? Est\u00eav\u00e3o \u00e9 sincero sobre temporada do Palmeiras\",\"datePublished\":\"2025-03-30T05:25:00+00:00\",\"mainEntityOfPage\":{\"@id\":\"https:\/\/www.gaveanews.com\/index.php\/2025\/03\/30\/preocupacao-com-vice-estevao-e-sincero-sobre-temporada-do-palmeiras\/\"},\"wordCount\":409,\"commentCount\":0,\"image\":{\"@id\":\"https:\/\/www.gaveanews.com\/index.php\/2025\/03\/30\/preocupacao-com-vice-estevao-e-sincero-sobre-temporada-do-palmeiras\/#primaryimage\"},\"thumbnailUrl\":\"https:\/\/www.gaveanews.com\/wp-content\/uploads\/Estevao-durante-o-jogo-entre-Botafogo-x-Palmeiras-pelo-Brasileirao-2024.webp\",\"articleSection\":[\"Palmeiras\"],\"inLanguage\":\"pt-BR\",\"potentialAction\":[{\"@type\":\"CommentAction\",\"name\":\"Comment\",\"target\":[\"https:\/\/www.gaveanews.com\/index.php\/2025\/03\/30\/preocupacao-com-vice-estevao-e-sincero-sobre-temporada-do-palmeiras\/#respond\"]}],\"copyrightYear\":\"2025\",\"copyrightHolder\":{\"@id\":\"https:\/\/www.gaveanews.com\/#organization\"}},{\"@type\":\"WebPage\",\"@id\":\"https:\/\/www.gaveanews.com\/index.php\/2025\/03\/30\/preocupacao-com-vice-estevao-e-sincero-sobre-temporada-do-palmeiras\/\",\"url\":\"https:\/\/www.gaveanews.com\/index.php\/2025\/03\/30\/preocupacao-com-vice-estevao-e-sincero-sobre-temporada-do-palmeiras\/\",\"name\":\"Preocupa\u00e7\u00e3o com vice? Est\u00eav\u00e3o \u00e9 sincero sobre temporada do Palmeiras\",\"isPartOf\":{\"@id\":\"https:\/\/www.gaveanews.com\/#website\"},\"primaryImageOfPage\":{\"@id\":\"https:\/\/www.gaveanews.com\/index.php\/2025\/03\/30\/preocupacao-com-vice-estevao-e-sincero-sobre-temporada-do-palmeiras\/#primaryimage\"},\"image\":{\"@id\":\"https:\/\/www.gaveanews.com\/index.php\/2025\/03\/30\/preocupacao-com-vice-estevao-e-sincero-sobre-temporada-do-palmeiras\/#primaryimage\"},\"thumbnailUrl\":\"https:\/\/www.gaveanews.com\/wp-content\/uploads\/Estevao-durante-o-jogo-entre-Botafogo-x-Palmeiras-pelo-Brasileirao-2024.webp\",\"datePublished\":\"2025-03-30T05:25:00+00:00\",\"author\":{\"@id\":\"https:\/\/www.gaveanews.com\/#\/schema\/person\/f42654babcd2b2014a1a65af82b081f1\"},\"breadcrumb\":{\"@id\":\"https:\/\/www.gaveanews.com\/index.php\/2025\/03\/30\/preocupacao-com-vice-estevao-e-sincero-sobre-temporada-do-palmeiras\/#breadcrumb\"},\"inLanguage\":\"pt-BR\",\"potentialAction\":[{\"@type\":\"ReadAction\",\"target\":[\"https:\/\/www.gaveanews.com\/index.php\/2025\/03\/30\/preocupacao-com-vice-estevao-e-sincero-sobre-temporada-do-palmeiras\/\"]}]},{\"@type\":\"ImageObject\",\"inLanguage\":\"pt-BR\",\"@id\":\"https:\/\/www.gaveanews.com\/index.php\/2025\/03\/30\/preocupacao-com-vice-estevao-e-sincero-sobre-temporada-do-palmeiras\/#primaryimage\",\"url\":\"https:\/\/www.gaveanews.com\/wp-content\/uploads\/Estevao-durante-o-jogo-entre-Botafogo-x-Palmeiras-pelo-Brasileirao-2024.webp\",\"contentUrl\":\"https:\/\/www.gaveanews.com\/wp-content\/uploads\/Estevao-durante-o-jogo-entre-Botafogo-x-Palmeiras-pelo-Brasileirao-2024.webp\",\"width\":1245,\"height\":1500,\"caption\":\"Est\u00eav\u00e3o durante o jogo entre Botafogo x Palmeiras pelo Brasileir\u00e3o 2024 (Foto: Cesar Greco\/Palmeiras)\"},{\"@type\":\"BreadcrumbList\",\"@id\":\"https:\/\/www.gaveanews.com\/index.php\/2025\/03\/30\/preocupacao-com-vice-estevao-e-sincero-sobre-temporada-do-palmeiras\/#breadcrumb\",\"itemListElement\":[{\"@type\":\"ListItem\",\"position\":1,\"name\":\"Home\",\"item\":\"https:\/\/www.gaveanews.com\/\"},{\"@type\":\"ListItem\",\"position\":2,\"name\":\"Preocupa\u00e7\u00e3o com vice? Est\u00eav\u00e3o \u00e9 sincero sobre temporada do Palmeiras\"}]},{\"@type\":\"WebSite\",\"@id\":\"https:\/\/www.gaveanews.com\/#website\",\"url\":\"https:\/\/www.gaveanews.com\/\",\"name\":\"G\u00e1vea News\",\"description\":\"Veja todas as not\u00edcias sobre o Flamengo: Contrata\u00e7\u00f5es, categorias de base, resultados das partidas, tabela de classifica\u00e7\u00e3o, pr\u00f3ximos jogos!\",\"potentialAction\":[{\"@type\":\"SearchAction\",\"target\":{\"@type\":\"EntryPoint\",\"urlTemplate\":\"https:\/\/www.gaveanews.com\/?s={search_term_string}\"},\"query-input\":{\"@type\":\"PropertyValueSpecification\",\"valueRequired\":true,\"valueName\":\"search_term_string\"}}],\"inLanguage\":\"pt-BR\"},{\"@type\":\"Person\",\"@id\":\"https:\/\/www.gaveanews.com\/#\/schema\/person\/f42654babcd2b2014a1a65af82b081f1\",\"name\":\"Geovanna Thomaz\",\"image\":{\"@type\":\"ImageObject\",\"inLanguage\":\"pt-BR\",\"@id\":\"https:\/\/www.gaveanews.com\/#\/schema\/person\/image\/\",\"url\":\"https:\/\/secure.gravatar.com\/avatar\/4092073255489533afb558984b49b64268c47198af8623cc82a925ae9fb7118a?s=96&d=mm&r=g\",\"contentUrl\":\"https:\/\/secure.gravatar.com\/avatar\/4092073255489533afb558984b49b64268c47198af8623cc82a925ae9fb7118a?s=96&d=mm&r=g\",\"caption\":\"Geovanna Thomaz\"}}]}<\/script>\n<!-- \/ Yoast SEO Premium plugin. -->","yoast_head_json":{"title":"Preocupa\u00e7\u00e3o com vice? Est\u00eav\u00e3o \u00e9 sincero sobre temporada do Palmeiras","robots":{"index":"index","follow":"follow","max-snippet":"max-snippet:-1","max-image-preview":"max-image-preview:large","max-video-preview":"max-video-preview:-1"},"canonical":"https:\/\/www.gaveanews.com\/index.php\/2025\/03\/30\/preocupacao-com-vice-estevao-e-sincero-sobre-temporada-do-palmeiras\/","og_locale":"pt_BR","og_type":"article","og_title":"Preocupa\u00e7\u00e3o com vice? Est\u00eav\u00e3o \u00e9 sincero sobre temporada do Palmeiras","og_description":"Est\u00eav\u00e3o foi um dos premiados pela Federa\u00e7\u00e3o Paulista de Futebol (FPF), nesta sexta-feira, em cerim\u00f4nia realizada para reconhecer os destaques do Campeonato Paulista. O atacante do Palmeiras aproveitou a ocasi\u00e3o para comentar sobre o vice-campeonato do Estadual, perdido para o Corinthians, e afirmou que o elenco j\u00e1 virou a p\u00e1gina e est\u00e1 totalmente focado na [&hellip;]","og_url":"https:\/\/www.gaveanews.com\/index.php\/2025\/03\/30\/preocupacao-com-vice-estevao-e-sincero-sobre-temporada-do-palmeiras\/","og_site_name":"G\u00e1vea News","article_publisher":"https:\/\/facebook.com\/gaveaNews\/","article_published_time":"2025-03-30T05:25:00+00:00","og_image":[{"width":1245,"height":1500,"url":"https:\/\/www.gaveanews.com\/wp-content\/uploads\/Estevao-durante-o-jogo-entre-Botafogo-x-Palmeiras-pelo-Brasileirao-2024.webp","type":"image\/jpeg"}],"author":"Geovanna Thomaz","twitter_card":"summary_large_image","twitter_misc":{"Escrito por":"Geovanna Thomaz","Est. tempo de leitura":"3 minutos"},"schema":{"@context":"https:\/\/schema.org","@graph":[{"@type":"NewsArticle","@id":"https:\/\/www.gaveanews.com\/index.php\/2025\/03\/30\/preocupacao-com-vice-estevao-e-sincero-sobre-temporada-do-palmeiras\/#article","isPartOf":{"@id":"https:\/\/www.gaveanews.com\/index.php\/2025\/03\/30\/preocupacao-com-vice-estevao-e-sincero-sobre-temporada-do-palmeiras\/"},"author":{"name":"Geovanna Thomaz","@id":"https:\/\/www.gaveanews.com\/#\/schema\/person\/f42654babcd2b2014a1a65af82b081f1"},"headline":"Preocupa\u00e7\u00e3o com vice? Est\u00eav\u00e3o \u00e9 sincero sobre temporada do Palmeiras","datePublished":"2025-03-30T05:25:00+00:00","mainEntityOfPage":{"@id":"https:\/\/www.gaveanews.com\/index.php\/2025\/03\/30\/preocupacao-com-vice-estevao-e-sincero-sobre-temporada-do-palmeiras\/"},"wordCount":409,"commentCount":0,"image":{"@id":"https:\/\/www.gaveanews.com\/index.php\/2025\/03\/30\/preocupacao-com-vice-estevao-e-sincero-sobre-temporada-do-palmeiras\/#primaryimage"},"thumbnailUrl":"https:\/\/www.gaveanews.com\/wp-content\/uploads\/Estevao-durante-o-jogo-entre-Botafogo-x-Palmeiras-pelo-Brasileirao-2024.webp","articleSection":["Palmeiras"],"inLanguage":"pt-BR","potentialAction":[{"@type":"CommentAction","name":"Comment","target":["https:\/\/www.gaveanews.com\/index.php\/2025\/03\/30\/preocupacao-com-vice-estevao-e-sincero-sobre-temporada-do-palmeiras\/#respond"]}],"copyrightYear":"2025","copyrightHolder":{"@id":"https:\/\/www.gaveanews.com\/#organization"}},{"@type":"WebPage","@id":"https:\/\/www.gaveanews.com\/index.php\/2025\/03\/30\/preocupacao-com-vice-estevao-e-sincero-sobre-temporada-do-palmeiras\/","url":"https:\/\/www.gaveanews.com\/index.php\/2025\/03\/30\/preocupacao-com-vice-estevao-e-sincero-sobre-temporada-do-palmeiras\/","name":"Preocupa\u00e7\u00e3o com vice? Est\u00eav\u00e3o \u00e9 sincero sobre temporada do Palmeiras","isPartOf":{"@id":"https:\/\/www.gaveanews.com\/#website"},"primaryImageOfPage":{"@id":"https:\/\/www.gaveanews.com\/index.php\/2025\/03\/30\/preocupacao-com-vice-estevao-e-sincero-sobre-temporada-do-palmeiras\/#primaryimage"},"image":{"@id":"https:\/\/www.gaveanews.com\/index.php\/2025\/03\/30\/preocupacao-com-vice-estevao-e-sincero-sobre-temporada-do-palmeiras\/#primaryimage"},"thumbnailUrl":"https:\/\/www.gaveanews.com\/wp-content\/uploads\/Estevao-durante-o-jogo-entre-Botafogo-x-Palmeiras-pelo-Brasileirao-2024.webp","datePublished":"2025-03-30T05:25:00+00:00","author":{"@id":"https:\/\/www.gaveanews.com\/#\/schema\/person\/f42654babcd2b2014a1a65af82b081f1"},"breadcrumb":{"@id":"https:\/\/www.gaveanews.com\/index.php\/2025\/03\/30\/preocupacao-com-vice-estevao-e-sincero-sobre-temporada-do-palmeiras\/#breadcrumb"},"inLanguage":"pt-BR","potentialAction":[{"@type":"ReadAction","target":["https:\/\/www.gaveanews.com\/index.php\/2025\/03\/30\/preocupacao-com-vice-estevao-e-sincero-sobre-temporada-do-palmeiras\/"]}]},{"@type":"ImageObject","inLanguage":"pt-BR","@id":"https:\/\/www.gaveanews.com\/index.php\/2025\/03\/30\/preocupacao-com-vice-estevao-e-sincero-sobre-temporada-do-palmeiras\/#primaryimage","url":"https:\/\/www.gaveanews.com\/wp-content\/uploads\/Estevao-durante-o-jogo-entre-Botafogo-x-Palmeiras-pelo-Brasileirao-2024.webp","contentUrl":"https:\/\/www.gaveanews.com\/wp-content\/uploads\/Estevao-durante-o-jogo-entre-Botafogo-x-Palmeiras-pelo-Brasileirao-2024.webp","width":1245,"height":1500,"caption":"Est\u00eav\u00e3o durante o jogo entre Botafogo x Palmeiras pelo Brasileir\u00e3o 2024 (Foto: Cesar Greco\/Palmeiras)"},{"@type":"BreadcrumbList","@id":"https:\/\/www.gaveanews.com\/index.php\/2025\/03\/30\/preocupacao-com-vice-estevao-e-sincero-sobre-temporada-do-palmeiras\/#breadcrumb","itemListElement":[{"@type":"ListItem","position":1,"name":"Home","item":"https:\/\/www.gaveanews.com\/"},{"@type":"ListItem","position":2,"name":"Preocupa\u00e7\u00e3o com vice? Est\u00eav\u00e3o \u00e9 sincero sobre temporada do Palmeiras"}]},{"@type":"WebSite","@id":"https:\/\/www.gaveanews.com\/#website","url":"https:\/\/www.gaveanews.com\/","name":"G\u00e1vea News","description":"Veja todas as not\u00edcias sobre o Flamengo: Contrata\u00e7\u00f5es, categorias de base, resultados das partidas, tabela de classifica\u00e7\u00e3o, pr\u00f3ximos jogos!","potentialAction":[{"@type":"SearchAction","target":{"@type":"EntryPoint","urlTemplate":"https:\/\/www.gaveanews.com\/?s={search_term_string}"},"query-input":{"@type":"PropertyValueSpecification","valueRequired":true,"valueName":"search_term_string"}}],"inLanguage":"pt-BR"},{"@type":"Person","@id":"https:\/\/www.gaveanews.com\/#\/schema\/person\/f42654babcd2b2014a1a65af82b081f1","name":"Geovanna Thomaz","image":{"@type":"ImageObject","inLanguage":"pt-BR","@id":"https:\/\/www.gaveanews.com\/#\/schema\/person\/image\/","url":"https:\/\/secure.gravatar.com\/avatar\/4092073255489533afb558984b49b64268c47198af8623cc82a925ae9fb7118a?s=96&d=mm&r=g","contentUrl":"https:\/\/secure.gravatar.com\/avatar\/4092073255489533afb558984b49b64268c47198af8623cc82a925ae9fb7118a?s=96&d=mm&r=g","caption":"Geovanna Thomaz"}}]}},"_links":{"self":[{"href":"https:\/\/www.gaveanews.com\/index.php\/wp-json\/wp\/v2\/posts\/246588","targetHints":{"allow":["GET"]}}],"collection":[{"href":"https:\/\/www.gaveanews.com\/index.php\/wp-json\/wp\/v2\/posts"}],"about":[{"href":"https:\/\/www.gaveanews.com\/index.php\/wp-json\/wp\/v2\/types\/post"}],"author":[{"embeddable":true,"href":"https:\/\/www.gaveanews.com\/index.php\/wp-json\/wp\/v2\/users\/17"}],"replies":[{"embeddable":true,"href":"https:\/\/www.gaveanews.com\/index.php\/wp-json\/wp\/v2\/comments?post=246588"}],"version-history":[{"count":1,"href":"https:\/\/www.gaveanews.com\/index.php\/wp-json\/wp\/v2\/posts\/246588\/revisions"}],"predecessor-version":[{"id":246589,"href":"https:\/\/www.gaveanews.com\/index.php\/wp-json\/wp\/v2\/posts\/246588\/revisions\/246589"}],"wp:featuredmedia":[{"embeddable":true,"href":"https:\/\/www.gaveanews.com\/index.php\/wp-json\/wp\/v2\/media\/153086"}],"wp:attachment":[{"href":"https:\/\/www.gaveanews.com\/index.php\/wp-json\/wp\/v2\/media?parent=246588"}],"wp:term":[{"taxonomy":"category","embeddable":true,"href":"https:\/\/www.gaveanews.com\/index.php\/wp-json\/wp\/v2\/categories?post=246588"},{"taxonomy":"post_tag","embeddable":true,"href":"https:\/\/www.gaveanews.com\/index.php\/wp-json\/wp\/v2\/tags?post=246588"}],"curies":[{"name":"wp","href":"https:\/\/api.w.org\/{rel}","templated":true}]}}