{"id":246591,"date":"2025-03-30T02:15:00","date_gmt":"2025-03-30T05:15:00","guid":{"rendered":"https:\/\/www.gaveanews.com\/?p=246591"},"modified":"2025-03-30T00:23:24","modified_gmt":"2025-03-30T03:23:24","slug":"selecao-brasileira-a-declaracao-de-rodrigo-caetano-sobre-demissao-de-dorival","status":"publish","type":"post","link":"https:\/\/www.gaveanews.com\/index.php\/2025\/03\/30\/selecao-brasileira-a-declaracao-de-rodrigo-caetano-sobre-demissao-de-dorival\/","title":{"rendered":"Sele\u00e7\u00e3o Brasileira: a declara\u00e7\u00e3o de Rodrigo Caetano sobre demiss\u00e3o de Dorival"},"content":{"rendered":"\n<p>Nesta sexta-feira, em entrevista \u00e0 TNT Sports, Rodrigo Caetano, coordenador executivo geral das Sele\u00e7\u00f5es masculinas brasileiras, lamentou a demiss\u00e3o de Dorival J\u00fanior do cargo de treinador da Sele\u00e7\u00e3o Brasileira. Caetano, que tem uma longa rela\u00e7\u00e3o de amizade com o ex-t\u00e9cnico, destacou a qualidade de Dorival como profissional e como pessoa, e afirmou que ele n\u00e3o chegou \u00e0 Amarelinha por acaso.<\/p>\n\n\n\n<p>&#8220;Primeiro um dia dif\u00edcil para mim, particularmente, n\u00e3o s\u00f3 como profissional, por mais que j\u00e1 tenha vivido isso em outros clubes, mas pessoalmente, n\u00e9, pois como disseste, o Dorival n\u00e3o \u00e9 s\u00f3 para mim um grande treinador, \u00e9 um grande amigo, tenho uma rela\u00e7\u00e3o pessoal com ele, j\u00e1 de longa data, e um cara fant\u00e1stico. Al\u00e9m de um grande t\u00e9cnico, ele n\u00e3o chegou aqui por acaso&#8221;, afirmou.<\/p>\n\n\n\n<p>Caetano tamb\u00e9m destacou o car\u00e1ter da decis\u00e3o, ressaltando que a escolha de demitir Dorival foi do presidente da CBF, Ednaldo Rodrigues. Ele comparou a decis\u00e3o com o trabalho de um presidente de clube, deixando claro que a escolha do treinador \u00e9 sempre uma decis\u00e3o importante e que deve ser compartilhada com a alta c\u00fapula da organiza\u00e7\u00e3o.<\/p>\n\n\n\n<p> &#8220;Um dia muito triste. A decis\u00e3o foi tomada, \u00e9 realmente um cargo de confian\u00e7a que \u00e9 do presidente da CBF, como seria o caso de um presidente de clubes. Por onde eu passei, eu sempre defendi que o cargo de treinador deve ser dividido com o presidente do clube ou com o dono de SAF, pois \u00e9 um cargo importante&#8221;, completou.<\/p>\n\n\n\n<p>Apesar da sa\u00edda de Dorival J\u00fanior, Rodrigo Caetano seguir\u00e1 com a miss\u00e3o de coordenar as sele\u00e7\u00f5es masculinas da CBF. Ele n\u00e3o se eximiu de responsabilidade e reconheceu a import\u00e2ncia da situa\u00e7\u00e3o, demonstrando respeito pela decis\u00e3o da CBF e comprometendo-se a seguir alinhado com a presid\u00eancia da entidade.<\/p>\n\n\n\n<p> &#8220;Essa miss\u00e3o eu continuo, obviamente agora numa outra situa\u00e7\u00e3o, depois disso tudo acontecer de forma muito intensa no dia de hoje, poder elaborar a melhor forma poss\u00edvel de dar continuidade e sempre alinhado com a presid\u00eancia. Mas foi e ainda est\u00e1 sendo um dia dif\u00edcil, o qual n\u00f3s lamentamos a interrup\u00e7\u00e3o&#8221;, disse.<\/p>\n\n\n\n<p>Dorival J\u00fanior foi demitido na tarde desta sexta-feira durante uma reuni\u00e3o na sede da CBF, no Rio de Janeiro. Durante seu comando, o t\u00e9cnico comandou a Sele\u00e7\u00e3o Brasileira em 16 partidas, com um aproveitamento de sete vit\u00f3rias, sete empates e duas derrotas.<\/p>\n\n\n\n<p>Os nomes mais cogitados para substituir Dorival J\u00fanior no comando da Sele\u00e7\u00e3o Brasileira s\u00e3o Jorge Jesus (Al-Hilal), Carlo Ancelotti (Real Madrid) e Filipe Lu\u00eds (Flamengo), mas, at\u00e9 o momento, nenhum desses nomes foi formalmente contatado pela CBF.<\/p>\n","protected":false},"excerpt":{"rendered":"<p>Nesta sexta-feira, em entrevista \u00e0 TNT Sports, Rodrigo Caetano, coordenador executivo geral das Sele\u00e7\u00f5es masculinas brasileiras, lamentou a demiss\u00e3o de Dorival J\u00fanior do cargo de treinador da Sele\u00e7\u00e3o Brasileira. Caetano, que tem uma longa rela\u00e7\u00e3o de amizade com o ex-t\u00e9cnico, destacou a qualidade de Dorival como profissional e como pessoa, e afirmou que ele n\u00e3o [&hellip;]<\/p>\n","protected":false},"author":17,"featured_media":142254,"comment_status":"open","ping_status":"closed","sticky":false,"template":"","format":"standard","meta":{"footnotes":""},"categories":[478,477],"tags":[],"class_list":["post-246591","post","type-post","status-publish","format-standard","has-post-thumbnail","hentry","category-brasil","category-selecoes"],"yoast_head":"<!-- This site is optimized with the Yoast SEO Premium plugin v24.2 (Yoast SEO v26.9) - https:\/\/yoast.com\/product\/yoast-seo-premium-wordpress\/ -->\n<title>Sele\u00e7\u00e3o Brasileira: a declara\u00e7\u00e3o de Rodrigo Caetano sobre demiss\u00e3o de Dorival<\/title>\n<meta name=\"robots\" content=\"index, follow, max-snippet:-1, max-image-preview:large, max-video-preview:-1\" \/>\n<link rel=\"canonical\" href=\"https:\/\/www.gaveanews.com\/index.php\/2025\/03\/30\/selecao-brasileira-a-declaracao-de-rodrigo-caetano-sobre-demissao-de-dorival\/\" \/>\n<meta property=\"og:locale\" content=\"pt_BR\" \/>\n<meta property=\"og:type\" content=\"article\" \/>\n<meta property=\"og:title\" content=\"Sele\u00e7\u00e3o Brasileira: a declara\u00e7\u00e3o de Rodrigo Caetano sobre demiss\u00e3o de Dorival\" \/>\n<meta property=\"og:description\" content=\"Nesta sexta-feira, em entrevista \u00e0 TNT Sports, Rodrigo Caetano, coordenador executivo geral das Sele\u00e7\u00f5es masculinas brasileiras, lamentou a demiss\u00e3o de Dorival J\u00fanior do cargo de treinador da Sele\u00e7\u00e3o Brasileira. Caetano, que tem uma longa rela\u00e7\u00e3o de amizade com o ex-t\u00e9cnico, destacou a qualidade de Dorival como profissional e como pessoa, e afirmou que ele n\u00e3o [&hellip;]\" \/>\n<meta property=\"og:url\" content=\"https:\/\/www.gaveanews.com\/index.php\/2025\/03\/30\/selecao-brasileira-a-declaracao-de-rodrigo-caetano-sobre-demissao-de-dorival\/\" \/>\n<meta property=\"og:site_name\" content=\"G\u00e1vea News\" \/>\n<meta property=\"article:publisher\" content=\"https:\/\/facebook.com\/gaveaNews\/\" \/>\n<meta property=\"article:published_time\" content=\"2025-03-30T05:15:00+00:00\" \/>\n<meta name=\"author\" content=\"Geovanna Thomaz\" \/>\n<meta name=\"twitter:card\" content=\"summary_large_image\" \/>\n<meta name=\"twitter:label1\" content=\"Escrito por\" \/>\n\t<meta name=\"twitter:data1\" content=\"Geovanna Thomaz\" \/>\n\t<meta name=\"twitter:label2\" content=\"Est. tempo de leitura\" \/>\n\t<meta name=\"twitter:data2\" content=\"3 minutos\" \/>\n<script type=\"application\/ld+json\" class=\"yoast-schema-graph\">{\"@context\":\"https:\/\/schema.org\",\"@graph\":[{\"@type\":\"NewsArticle\",\"@id\":\"https:\/\/www.gaveanews.com\/index.php\/2025\/03\/30\/selecao-brasileira-a-declaracao-de-rodrigo-caetano-sobre-demissao-de-dorival\/#article\",\"isPartOf\":{\"@id\":\"https:\/\/www.gaveanews.com\/index.php\/2025\/03\/30\/selecao-brasileira-a-declaracao-de-rodrigo-caetano-sobre-demissao-de-dorival\/\"},\"author\":{\"name\":\"Geovanna Thomaz\",\"@id\":\"https:\/\/www.gaveanews.com\/#\/schema\/person\/f42654babcd2b2014a1a65af82b081f1\"},\"headline\":\"Sele\u00e7\u00e3o Brasileira: a declara\u00e7\u00e3o de Rodrigo Caetano sobre demiss\u00e3o de Dorival\",\"datePublished\":\"2025-03-30T05:15:00+00:00\",\"mainEntityOfPage\":{\"@id\":\"https:\/\/www.gaveanews.com\/index.php\/2025\/03\/30\/selecao-brasileira-a-declaracao-de-rodrigo-caetano-sobre-demissao-de-dorival\/\"},\"wordCount\":476,\"commentCount\":0,\"image\":{\"@id\":\"https:\/\/www.gaveanews.com\/index.php\/2025\/03\/30\/selecao-brasileira-a-declaracao-de-rodrigo-caetano-sobre-demissao-de-dorival\/#primaryimage\"},\"thumbnailUrl\":\"https:\/\/www.gaveanews.com\/wp-content\/uploads\/2.avif\",\"articleSection\":[\"Brasil\",\"Sele\u00e7\u00f5es\"],\"inLanguage\":\"pt-BR\",\"potentialAction\":[{\"@type\":\"CommentAction\",\"name\":\"Comment\",\"target\":[\"https:\/\/www.gaveanews.com\/index.php\/2025\/03\/30\/selecao-brasileira-a-declaracao-de-rodrigo-caetano-sobre-demissao-de-dorival\/#respond\"]}],\"copyrightYear\":\"2025\",\"copyrightHolder\":{\"@id\":\"https:\/\/www.gaveanews.com\/#organization\"}},{\"@type\":\"WebPage\",\"@id\":\"https:\/\/www.gaveanews.com\/index.php\/2025\/03\/30\/selecao-brasileira-a-declaracao-de-rodrigo-caetano-sobre-demissao-de-dorival\/\",\"url\":\"https:\/\/www.gaveanews.com\/index.php\/2025\/03\/30\/selecao-brasileira-a-declaracao-de-rodrigo-caetano-sobre-demissao-de-dorival\/\",\"name\":\"Sele\u00e7\u00e3o Brasileira: a declara\u00e7\u00e3o de Rodrigo Caetano sobre demiss\u00e3o de Dorival\",\"isPartOf\":{\"@id\":\"https:\/\/www.gaveanews.com\/#website\"},\"primaryImageOfPage\":{\"@id\":\"https:\/\/www.gaveanews.com\/index.php\/2025\/03\/30\/selecao-brasileira-a-declaracao-de-rodrigo-caetano-sobre-demissao-de-dorival\/#primaryimage\"},\"image\":{\"@id\":\"https:\/\/www.gaveanews.com\/index.php\/2025\/03\/30\/selecao-brasileira-a-declaracao-de-rodrigo-caetano-sobre-demissao-de-dorival\/#primaryimage\"},\"thumbnailUrl\":\"https:\/\/www.gaveanews.com\/wp-content\/uploads\/2.avif\",\"datePublished\":\"2025-03-30T05:15:00+00:00\",\"author\":{\"@id\":\"https:\/\/www.gaveanews.com\/#\/schema\/person\/f42654babcd2b2014a1a65af82b081f1\"},\"breadcrumb\":{\"@id\":\"https:\/\/www.gaveanews.com\/index.php\/2025\/03\/30\/selecao-brasileira-a-declaracao-de-rodrigo-caetano-sobre-demissao-de-dorival\/#breadcrumb\"},\"inLanguage\":\"pt-BR\",\"potentialAction\":[{\"@type\":\"ReadAction\",\"target\":[\"https:\/\/www.gaveanews.com\/index.php\/2025\/03\/30\/selecao-brasileira-a-declaracao-de-rodrigo-caetano-sobre-demissao-de-dorival\/\"]}]},{\"@type\":\"ImageObject\",\"inLanguage\":\"pt-BR\",\"@id\":\"https:\/\/www.gaveanews.com\/index.php\/2025\/03\/30\/selecao-brasileira-a-declaracao-de-rodrigo-caetano-sobre-demissao-de-dorival\/#primaryimage\",\"url\":\"https:\/\/www.gaveanews.com\/wp-content\/uploads\/2.avif\",\"contentUrl\":\"https:\/\/www.gaveanews.com\/wp-content\/uploads\/2.avif\",\"width\":984,\"height\":656,\"caption\":\"Dorival J\u00fanior \u2014 Foto: Andr\u00e9 Dur\u00e3o\"},{\"@type\":\"BreadcrumbList\",\"@id\":\"https:\/\/www.gaveanews.com\/index.php\/2025\/03\/30\/selecao-brasileira-a-declaracao-de-rodrigo-caetano-sobre-demissao-de-dorival\/#breadcrumb\",\"itemListElement\":[{\"@type\":\"ListItem\",\"position\":1,\"name\":\"Home\",\"item\":\"https:\/\/www.gaveanews.com\/\"},{\"@type\":\"ListItem\",\"position\":2,\"name\":\"Sele\u00e7\u00e3o Brasileira: a declara\u00e7\u00e3o de Rodrigo Caetano sobre demiss\u00e3o de Dorival\"}]},{\"@type\":\"WebSite\",\"@id\":\"https:\/\/www.gaveanews.com\/#website\",\"url\":\"https:\/\/www.gaveanews.com\/\",\"name\":\"G\u00e1vea News\",\"description\":\"Veja todas as not\u00edcias sobre o Flamengo: Contrata\u00e7\u00f5es, categorias de base, resultados das partidas, tabela de classifica\u00e7\u00e3o, pr\u00f3ximos jogos!\",\"potentialAction\":[{\"@type\":\"SearchAction\",\"target\":{\"@type\":\"EntryPoint\",\"urlTemplate\":\"https:\/\/www.gaveanews.com\/?s={search_term_string}\"},\"query-input\":{\"@type\":\"PropertyValueSpecification\",\"valueRequired\":true,\"valueName\":\"search_term_string\"}}],\"inLanguage\":\"pt-BR\"},{\"@type\":\"Person\",\"@id\":\"https:\/\/www.gaveanews.com\/#\/schema\/person\/f42654babcd2b2014a1a65af82b081f1\",\"name\":\"Geovanna Thomaz\",\"image\":{\"@type\":\"ImageObject\",\"inLanguage\":\"pt-BR\",\"@id\":\"https:\/\/www.gaveanews.com\/#\/schema\/person\/image\/\",\"url\":\"https:\/\/secure.gravatar.com\/avatar\/4092073255489533afb558984b49b64268c47198af8623cc82a925ae9fb7118a?s=96&d=mm&r=g\",\"contentUrl\":\"https:\/\/secure.gravatar.com\/avatar\/4092073255489533afb558984b49b64268c47198af8623cc82a925ae9fb7118a?s=96&d=mm&r=g\",\"caption\":\"Geovanna Thomaz\"}}]}<\/script>\n<!-- \/ Yoast SEO Premium plugin. -->","yoast_head_json":{"title":"Sele\u00e7\u00e3o Brasileira: a declara\u00e7\u00e3o de Rodrigo Caetano sobre demiss\u00e3o de Dorival","robots":{"index":"index","follow":"follow","max-snippet":"max-snippet:-1","max-image-preview":"max-image-preview:large","max-video-preview":"max-video-preview:-1"},"canonical":"https:\/\/www.gaveanews.com\/index.php\/2025\/03\/30\/selecao-brasileira-a-declaracao-de-rodrigo-caetano-sobre-demissao-de-dorival\/","og_locale":"pt_BR","og_type":"article","og_title":"Sele\u00e7\u00e3o Brasileira: a declara\u00e7\u00e3o de Rodrigo Caetano sobre demiss\u00e3o de Dorival","og_description":"Nesta sexta-feira, em entrevista \u00e0 TNT Sports, Rodrigo Caetano, coordenador executivo geral das Sele\u00e7\u00f5es masculinas brasileiras, lamentou a demiss\u00e3o de Dorival J\u00fanior do cargo de treinador da Sele\u00e7\u00e3o Brasileira. Caetano, que tem uma longa rela\u00e7\u00e3o de amizade com o ex-t\u00e9cnico, destacou a qualidade de Dorival como profissional e como pessoa, e afirmou que ele n\u00e3o [&hellip;]","og_url":"https:\/\/www.gaveanews.com\/index.php\/2025\/03\/30\/selecao-brasileira-a-declaracao-de-rodrigo-caetano-sobre-demissao-de-dorival\/","og_site_name":"G\u00e1vea News","article_publisher":"https:\/\/facebook.com\/gaveaNews\/","article_published_time":"2025-03-30T05:15:00+00:00","author":"Geovanna Thomaz","twitter_card":"summary_large_image","twitter_misc":{"Escrito por":"Geovanna Thomaz","Est. tempo de leitura":"3 minutos"},"schema":{"@context":"https:\/\/schema.org","@graph":[{"@type":"NewsArticle","@id":"https:\/\/www.gaveanews.com\/index.php\/2025\/03\/30\/selecao-brasileira-a-declaracao-de-rodrigo-caetano-sobre-demissao-de-dorival\/#article","isPartOf":{"@id":"https:\/\/www.gaveanews.com\/index.php\/2025\/03\/30\/selecao-brasileira-a-declaracao-de-rodrigo-caetano-sobre-demissao-de-dorival\/"},"author":{"name":"Geovanna Thomaz","@id":"https:\/\/www.gaveanews.com\/#\/schema\/person\/f42654babcd2b2014a1a65af82b081f1"},"headline":"Sele\u00e7\u00e3o Brasileira: a declara\u00e7\u00e3o de Rodrigo Caetano sobre demiss\u00e3o de Dorival","datePublished":"2025-03-30T05:15:00+00:00","mainEntityOfPage":{"@id":"https:\/\/www.gaveanews.com\/index.php\/2025\/03\/30\/selecao-brasileira-a-declaracao-de-rodrigo-caetano-sobre-demissao-de-dorival\/"},"wordCount":476,"commentCount":0,"image":{"@id":"https:\/\/www.gaveanews.com\/index.php\/2025\/03\/30\/selecao-brasileira-a-declaracao-de-rodrigo-caetano-sobre-demissao-de-dorival\/#primaryimage"},"thumbnailUrl":"https:\/\/www.gaveanews.com\/wp-content\/uploads\/2.avif","articleSection":["Brasil","Sele\u00e7\u00f5es"],"inLanguage":"pt-BR","potentialAction":[{"@type":"CommentAction","name":"Comment","target":["https:\/\/www.gaveanews.com\/index.php\/2025\/03\/30\/selecao-brasileira-a-declaracao-de-rodrigo-caetano-sobre-demissao-de-dorival\/#respond"]}],"copyrightYear":"2025","copyrightHolder":{"@id":"https:\/\/www.gaveanews.com\/#organization"}},{"@type":"WebPage","@id":"https:\/\/www.gaveanews.com\/index.php\/2025\/03\/30\/selecao-brasileira-a-declaracao-de-rodrigo-caetano-sobre-demissao-de-dorival\/","url":"https:\/\/www.gaveanews.com\/index.php\/2025\/03\/30\/selecao-brasileira-a-declaracao-de-rodrigo-caetano-sobre-demissao-de-dorival\/","name":"Sele\u00e7\u00e3o Brasileira: a declara\u00e7\u00e3o de Rodrigo Caetano sobre demiss\u00e3o de Dorival","isPartOf":{"@id":"https:\/\/www.gaveanews.com\/#website"},"primaryImageOfPage":{"@id":"https:\/\/www.gaveanews.com\/index.php\/2025\/03\/30\/selecao-brasileira-a-declaracao-de-rodrigo-caetano-sobre-demissao-de-dorival\/#primaryimage"},"image":{"@id":"https:\/\/www.gaveanews.com\/index.php\/2025\/03\/30\/selecao-brasileira-a-declaracao-de-rodrigo-caetano-sobre-demissao-de-dorival\/#primaryimage"},"thumbnailUrl":"https:\/\/www.gaveanews.com\/wp-content\/uploads\/2.avif","datePublished":"2025-03-30T05:15:00+00:00","author":{"@id":"https:\/\/www.gaveanews.com\/#\/schema\/person\/f42654babcd2b2014a1a65af82b081f1"},"breadcrumb":{"@id":"https:\/\/www.gaveanews.com\/index.php\/2025\/03\/30\/selecao-brasileira-a-declaracao-de-rodrigo-caetano-sobre-demissao-de-dorival\/#breadcrumb"},"inLanguage":"pt-BR","potentialAction":[{"@type":"ReadAction","target":["https:\/\/www.gaveanews.com\/index.php\/2025\/03\/30\/selecao-brasileira-a-declaracao-de-rodrigo-caetano-sobre-demissao-de-dorival\/"]}]},{"@type":"ImageObject","inLanguage":"pt-BR","@id":"https:\/\/www.gaveanews.com\/index.php\/2025\/03\/30\/selecao-brasileira-a-declaracao-de-rodrigo-caetano-sobre-demissao-de-dorival\/#primaryimage","url":"https:\/\/www.gaveanews.com\/wp-content\/uploads\/2.avif","contentUrl":"https:\/\/www.gaveanews.com\/wp-content\/uploads\/2.avif","width":984,"height":656,"caption":"Dorival J\u00fanior \u2014 Foto: Andr\u00e9 Dur\u00e3o"},{"@type":"BreadcrumbList","@id":"https:\/\/www.gaveanews.com\/index.php\/2025\/03\/30\/selecao-brasileira-a-declaracao-de-rodrigo-caetano-sobre-demissao-de-dorival\/#breadcrumb","itemListElement":[{"@type":"ListItem","position":1,"name":"Home","item":"https:\/\/www.gaveanews.com\/"},{"@type":"ListItem","position":2,"name":"Sele\u00e7\u00e3o Brasileira: a declara\u00e7\u00e3o de Rodrigo Caetano sobre demiss\u00e3o de Dorival"}]},{"@type":"WebSite","@id":"https:\/\/www.gaveanews.com\/#website","url":"https:\/\/www.gaveanews.com\/","name":"G\u00e1vea News","description":"Veja todas as not\u00edcias sobre o Flamengo: Contrata\u00e7\u00f5es, categorias de base, resultados das partidas, tabela de classifica\u00e7\u00e3o, pr\u00f3ximos jogos!","potentialAction":[{"@type":"SearchAction","target":{"@type":"EntryPoint","urlTemplate":"https:\/\/www.gaveanews.com\/?s={search_term_string}"},"query-input":{"@type":"PropertyValueSpecification","valueRequired":true,"valueName":"search_term_string"}}],"inLanguage":"pt-BR"},{"@type":"Person","@id":"https:\/\/www.gaveanews.com\/#\/schema\/person\/f42654babcd2b2014a1a65af82b081f1","name":"Geovanna Thomaz","image":{"@type":"ImageObject","inLanguage":"pt-BR","@id":"https:\/\/www.gaveanews.com\/#\/schema\/person\/image\/","url":"https:\/\/secure.gravatar.com\/avatar\/4092073255489533afb558984b49b64268c47198af8623cc82a925ae9fb7118a?s=96&d=mm&r=g","contentUrl":"https:\/\/secure.gravatar.com\/avatar\/4092073255489533afb558984b49b64268c47198af8623cc82a925ae9fb7118a?s=96&d=mm&r=g","caption":"Geovanna Thomaz"}}]}},"_links":{"self":[{"href":"https:\/\/www.gaveanews.com\/index.php\/wp-json\/wp\/v2\/posts\/246591","targetHints":{"allow":["GET"]}}],"collection":[{"href":"https:\/\/www.gaveanews.com\/index.php\/wp-json\/wp\/v2\/posts"}],"about":[{"href":"https:\/\/www.gaveanews.com\/index.php\/wp-json\/wp\/v2\/types\/post"}],"author":[{"embeddable":true,"href":"https:\/\/www.gaveanews.com\/index.php\/wp-json\/wp\/v2\/users\/17"}],"replies":[{"embeddable":true,"href":"https:\/\/www.gaveanews.com\/index.php\/wp-json\/wp\/v2\/comments?post=246591"}],"version-history":[{"count":1,"href":"https:\/\/www.gaveanews.com\/index.php\/wp-json\/wp\/v2\/posts\/246591\/revisions"}],"predecessor-version":[{"id":246592,"href":"https:\/\/www.gaveanews.com\/index.php\/wp-json\/wp\/v2\/posts\/246591\/revisions\/246592"}],"wp:featuredmedia":[{"embeddable":true,"href":"https:\/\/www.gaveanews.com\/index.php\/wp-json\/wp\/v2\/media\/142254"}],"wp:attachment":[{"href":"https:\/\/www.gaveanews.com\/index.php\/wp-json\/wp\/v2\/media?parent=246591"}],"wp:term":[{"taxonomy":"category","embeddable":true,"href":"https:\/\/www.gaveanews.com\/index.php\/wp-json\/wp\/v2\/categories?post=246591"},{"taxonomy":"post_tag","embeddable":true,"href":"https:\/\/www.gaveanews.com\/index.php\/wp-json\/wp\/v2\/tags?post=246591"}],"curies":[{"name":"wp","href":"https:\/\/api.w.org\/{rel}","templated":true}]}}