{"id":246593,"date":"2025-03-30T02:20:00","date_gmt":"2025-03-30T05:20:00","guid":{"rendered":"https:\/\/www.gaveanews.com\/?p=246593"},"modified":"2025-03-30T00:23:40","modified_gmt":"2025-03-30T03:23:40","slug":"eles-vao-ter-novas-oportunidades-na-titularidade-do-fluminense-entenda","status":"publish","type":"post","link":"https:\/\/www.gaveanews.com\/index.php\/2025\/03\/30\/eles-vao-ter-novas-oportunidades-na-titularidade-do-fluminense-entenda\/","title":{"rendered":"Eles v\u00e3o ter novas oportunidades na titularidade do Fluminense; entenda"},"content":{"rendered":"\n<p>O Fluminense recebeu uma not\u00edcia dif\u00edcil com a les\u00e3o de Ot\u00e1vio, que rompeu o tend\u00e3o de Aquiles da perna direita e precisar\u00e1 passar por cirurgia, desfalcando a equipe por tempo indeterminado. A aus\u00eancia do volante abre uma lacuna significativa no time titular, j\u00e1 que Ot\u00e1vio era pe\u00e7a-chave no esquema de Mano Menezes, especialmente no papel de homem de confian\u00e7a \u00e0 frente da zaga.<\/p>\n\n\n\n<p>Contratado do Fortaleza para a temporada 2025, Ot\u00e1vio foi o primeiro refor\u00e7o do Fluminense e uma das principais aquisi\u00e7\u00f5es para a temporada. O volante, com caracter\u00edsticas de segundo volante, atua na fun\u00e7\u00e3o de marca\u00e7\u00e3o e apoio ao ataque, fun\u00e7\u00e3o similar \u00e0 de Martinelli. Com a sa\u00edda de Ot\u00e1vio, a tend\u00eancia \u00e9 que H\u00e9rcules, que era utilizado mais \u00e0 frente, recuo para exercer o papel de primeiro volante, posi\u00e7\u00e3o que foi experimentada no in\u00edcio da temporada por Mano Menezes, mas que exp\u00f4s a equipe defensivamente devido \u00e0 falta de um meia-armador de of\u00edcio.<\/p>\n\n\n\n<figure class=\"wp-block-image size-full\"><img loading=\"lazy\" decoding=\"async\" width=\"984\" height=\"656\" src=\"http:\/\/www.gaveanews.com\/wp-content\/uploads\/hercules-fortaleza.webp\" alt=\"\" class=\"wp-image-99805\" srcset=\"https:\/\/www.gaveanews.com\/wp-content\/uploads\/hercules-fortaleza.webp 984w, https:\/\/www.gaveanews.com\/wp-content\/uploads\/hercules-fortaleza-300x200.webp 300w, https:\/\/www.gaveanews.com\/wp-content\/uploads\/hercules-fortaleza-768x512.webp 768w, https:\/\/www.gaveanews.com\/wp-content\/uploads\/hercules-fortaleza-630x420.webp 630w, https:\/\/www.gaveanews.com\/wp-content\/uploads\/hercules-fortaleza-640x427.webp 640w, https:\/\/www.gaveanews.com\/wp-content\/uploads\/hercules-fortaleza-681x454.webp 681w, https:\/\/www.gaveanews.com\/wp-content\/uploads\/hercules-fortaleza-100x67.webp 100w\" sizes=\"auto, (max-width: 984px) 100vw, 984px\" \/><figcaption class=\"wp-element-caption\">H\u00e9rcules em a\u00e7\u00e3o pelo Fortaleza (Foto: Thiago Gadelha\/SVM)<\/figcaption><\/figure>\n\n\n\n<p>Outra op\u00e7\u00e3o para a fun\u00e7\u00e3o de primeiro volante \u00e9 o uruguaio Bernal, que, apesar de ser mais alto e ter boa qualidade no passe, apresenta caracter\u00edsticas mais voltadas \u00e0 marca\u00e7\u00e3o. No entanto, h\u00e1 certa preocupa\u00e7\u00e3o com a adapta\u00e7\u00e3o defensiva do jogador, que chegou ao clube em meio de 2024, vindo do Defensor-URU, e ainda se ajusta ao estilo do futebol brasileiro e \u00e0s exig\u00eancias do Fluminense.<\/p>\n\n\n\n<figure class=\"wp-block-image size-large\"><img loading=\"lazy\" decoding=\"async\" width=\"1024\" height=\"640\" src=\"http:\/\/www.gaveanews.com\/wp-content\/uploads\/Facundo-Bernal-vibra-apos-marcar-gol-pelo-Defensor-Sporting-1024x640.webp\" alt=\"\" class=\"wp-image-155608\" srcset=\"https:\/\/www.gaveanews.com\/wp-content\/uploads\/Facundo-Bernal-vibra-apos-marcar-gol-pelo-Defensor-Sporting-1024x640.webp 1024w, https:\/\/www.gaveanews.com\/wp-content\/uploads\/Facundo-Bernal-vibra-apos-marcar-gol-pelo-Defensor-Sporting-300x188.webp 300w, https:\/\/www.gaveanews.com\/wp-content\/uploads\/Facundo-Bernal-vibra-apos-marcar-gol-pelo-Defensor-Sporting-768x480.webp 768w, https:\/\/www.gaveanews.com\/wp-content\/uploads\/Facundo-Bernal-vibra-apos-marcar-gol-pelo-Defensor-Sporting-672x420.webp 672w, https:\/\/www.gaveanews.com\/wp-content\/uploads\/Facundo-Bernal-vibra-apos-marcar-gol-pelo-Defensor-Sporting-640x400.webp 640w, https:\/\/www.gaveanews.com\/wp-content\/uploads\/Facundo-Bernal-vibra-apos-marcar-gol-pelo-Defensor-Sporting-681x426.webp 681w, https:\/\/www.gaveanews.com\/wp-content\/uploads\/Facundo-Bernal-vibra-apos-marcar-gol-pelo-Defensor-Sporting-100x63.webp 100w, https:\/\/www.gaveanews.com\/wp-content\/uploads\/Facundo-Bernal-vibra-apos-marcar-gol-pelo-Defensor-Sporting.webp 1200w\" sizes=\"auto, (max-width: 1024px) 100vw, 1024px\" \/><figcaption class=\"wp-element-caption\">Facundo Bernal vibra ap\u00f3s marcar gol pelo Defensor Sporting (Foto: Divulga\u00e7\u00e3o\/Defensor)<\/figcaption><\/figure>\n\n\n\n<p>A comiss\u00e3o t\u00e9cnica tamb\u00e9m segue com cautela no processo de adapta\u00e7\u00e3o de outros jogadores, como os rec\u00e9m-chegados Joaqu\u00edn Lavega e R\u00faben Lezcano, al\u00e9m de Gabriel Fuentes, que precisou de um tempo maior de adapta\u00e7\u00e3o antes de ganhar a confian\u00e7a de Mano e da torcida. Fuentes, lateral-esquerdo titular, foi um exemplo de como o clube vem trabalhando com paci\u00eancia a integra\u00e7\u00e3o de jogadores sul-americanos ao time.<\/p>\n\n\n\n<p>Com a les\u00e3o de Ot\u00e1vio, outro jovem talento da base, Wallace Davi, de 17 anos, pode ganhar mais oportunidades. Revelado em Xer\u00e9m, o meio-campista teve chances no come\u00e7o do Campeonato Carioca, mas, com o refor\u00e7o do setor, acabou n\u00e3o sendo mais relacionado depois da terceira rodada. Agora, com a aus\u00eancia de Ot\u00e1vio, o jovem pode ter mais oportunidades em viagens e jogos da equipe principal.<\/p>\n\n\n\n<p>A diretoria do Fluminense tamb\u00e9m estuda a possibilidade de ir ao mercado para refor\u00e7ar o setor de volantes, uma vez que o clube ainda tem at\u00e9 o dia 11 de abril para contratar jogadores que tenham atuado em campeonatos estaduais no Brasil. O nome de uma poss\u00edvel reposi\u00e7\u00e3o ainda n\u00e3o foi divulgado, mas a busca por alternativas para manter o equil\u00edbrio do time segue em aberto.<\/p>\n","protected":false},"excerpt":{"rendered":"<p>O Fluminense recebeu uma not\u00edcia dif\u00edcil com a les\u00e3o de Ot\u00e1vio, que rompeu o tend\u00e3o de Aquiles da perna direita e precisar\u00e1 passar por cirurgia, desfalcando a equipe por tempo indeterminado. A aus\u00eancia do volante abre uma lacuna significativa no time titular, j\u00e1 que Ot\u00e1vio era pe\u00e7a-chave no esquema de Mano Menezes, especialmente no papel [&hellip;]<\/p>\n","protected":false},"author":17,"featured_media":152558,"comment_status":"open","ping_status":"closed","sticky":false,"template":"","format":"standard","meta":{"footnotes":""},"categories":[145],"tags":[],"class_list":["post-246593","post","type-post","status-publish","format-standard","has-post-thumbnail","hentry","category-fluminense"],"yoast_head":"<!-- This site is optimized with the Yoast SEO Premium plugin v24.2 (Yoast SEO v26.9) - https:\/\/yoast.com\/product\/yoast-seo-premium-wordpress\/ -->\n<title>Eles v\u00e3o ter novas oportunidades na titularidade do Fluminense; entenda<\/title>\n<meta name=\"robots\" content=\"index, follow, max-snippet:-1, max-image-preview:large, max-video-preview:-1\" \/>\n<link rel=\"canonical\" href=\"https:\/\/www.gaveanews.com\/index.php\/2025\/03\/30\/eles-vao-ter-novas-oportunidades-na-titularidade-do-fluminense-entenda\/\" \/>\n<meta property=\"og:locale\" content=\"pt_BR\" \/>\n<meta property=\"og:type\" content=\"article\" \/>\n<meta property=\"og:title\" content=\"Eles v\u00e3o ter novas oportunidades na titularidade do Fluminense; entenda\" \/>\n<meta property=\"og:description\" content=\"O Fluminense recebeu uma not\u00edcia dif\u00edcil com a les\u00e3o de Ot\u00e1vio, que rompeu o tend\u00e3o de Aquiles da perna direita e precisar\u00e1 passar por cirurgia, desfalcando a equipe por tempo indeterminado. A aus\u00eancia do volante abre uma lacuna significativa no time titular, j\u00e1 que Ot\u00e1vio era pe\u00e7a-chave no esquema de Mano Menezes, especialmente no papel [&hellip;]\" \/>\n<meta property=\"og:url\" content=\"https:\/\/www.gaveanews.com\/index.php\/2025\/03\/30\/eles-vao-ter-novas-oportunidades-na-titularidade-do-fluminense-entenda\/\" \/>\n<meta property=\"og:site_name\" content=\"G\u00e1vea News\" \/>\n<meta property=\"article:publisher\" content=\"https:\/\/facebook.com\/gaveaNews\/\" \/>\n<meta property=\"article:published_time\" content=\"2025-03-30T05:20:00+00:00\" \/>\n<meta property=\"og:image\" content=\"https:\/\/www.gaveanews.com\/wp-content\/uploads\/Bandeira-do-Fluminense.webp\" \/>\n\t<meta property=\"og:image:width\" content=\"1440\" \/>\n\t<meta property=\"og:image:height\" content=\"1080\" \/>\n\t<meta property=\"og:image:type\" content=\"image\/webp\" \/>\n<meta name=\"author\" content=\"Geovanna Thomaz\" \/>\n<meta name=\"twitter:card\" content=\"summary_large_image\" \/>\n<meta name=\"twitter:label1\" content=\"Escrito por\" \/>\n\t<meta name=\"twitter:data1\" content=\"Geovanna Thomaz\" \/>\n\t<meta name=\"twitter:label2\" content=\"Est. tempo de leitura\" \/>\n\t<meta name=\"twitter:data2\" content=\"4 minutos\" \/>\n<script type=\"application\/ld+json\" class=\"yoast-schema-graph\">{\"@context\":\"https:\/\/schema.org\",\"@graph\":[{\"@type\":\"NewsArticle\",\"@id\":\"https:\/\/www.gaveanews.com\/index.php\/2025\/03\/30\/eles-vao-ter-novas-oportunidades-na-titularidade-do-fluminense-entenda\/#article\",\"isPartOf\":{\"@id\":\"https:\/\/www.gaveanews.com\/index.php\/2025\/03\/30\/eles-vao-ter-novas-oportunidades-na-titularidade-do-fluminense-entenda\/\"},\"author\":{\"name\":\"Geovanna Thomaz\",\"@id\":\"https:\/\/www.gaveanews.com\/#\/schema\/person\/f42654babcd2b2014a1a65af82b081f1\"},\"headline\":\"Eles v\u00e3o ter novas oportunidades na titularidade do Fluminense; entenda\",\"datePublished\":\"2025-03-30T05:20:00+00:00\",\"mainEntityOfPage\":{\"@id\":\"https:\/\/www.gaveanews.com\/index.php\/2025\/03\/30\/eles-vao-ter-novas-oportunidades-na-titularidade-do-fluminense-entenda\/\"},\"wordCount\":499,\"commentCount\":0,\"image\":{\"@id\":\"https:\/\/www.gaveanews.com\/index.php\/2025\/03\/30\/eles-vao-ter-novas-oportunidades-na-titularidade-do-fluminense-entenda\/#primaryimage\"},\"thumbnailUrl\":\"https:\/\/www.gaveanews.com\/wp-content\/uploads\/Bandeira-do-Fluminense.webp\",\"articleSection\":[\"Fluminense\"],\"inLanguage\":\"pt-BR\",\"potentialAction\":[{\"@type\":\"CommentAction\",\"name\":\"Comment\",\"target\":[\"https:\/\/www.gaveanews.com\/index.php\/2025\/03\/30\/eles-vao-ter-novas-oportunidades-na-titularidade-do-fluminense-entenda\/#respond\"]}],\"copyrightYear\":\"2025\",\"copyrightHolder\":{\"@id\":\"https:\/\/www.gaveanews.com\/#organization\"}},{\"@type\":\"WebPage\",\"@id\":\"https:\/\/www.gaveanews.com\/index.php\/2025\/03\/30\/eles-vao-ter-novas-oportunidades-na-titularidade-do-fluminense-entenda\/\",\"url\":\"https:\/\/www.gaveanews.com\/index.php\/2025\/03\/30\/eles-vao-ter-novas-oportunidades-na-titularidade-do-fluminense-entenda\/\",\"name\":\"Eles v\u00e3o ter novas oportunidades na titularidade do Fluminense; entenda\",\"isPartOf\":{\"@id\":\"https:\/\/www.gaveanews.com\/#website\"},\"primaryImageOfPage\":{\"@id\":\"https:\/\/www.gaveanews.com\/index.php\/2025\/03\/30\/eles-vao-ter-novas-oportunidades-na-titularidade-do-fluminense-entenda\/#primaryimage\"},\"image\":{\"@id\":\"https:\/\/www.gaveanews.com\/index.php\/2025\/03\/30\/eles-vao-ter-novas-oportunidades-na-titularidade-do-fluminense-entenda\/#primaryimage\"},\"thumbnailUrl\":\"https:\/\/www.gaveanews.com\/wp-content\/uploads\/Bandeira-do-Fluminense.webp\",\"datePublished\":\"2025-03-30T05:20:00+00:00\",\"author\":{\"@id\":\"https:\/\/www.gaveanews.com\/#\/schema\/person\/f42654babcd2b2014a1a65af82b081f1\"},\"breadcrumb\":{\"@id\":\"https:\/\/www.gaveanews.com\/index.php\/2025\/03\/30\/eles-vao-ter-novas-oportunidades-na-titularidade-do-fluminense-entenda\/#breadcrumb\"},\"inLanguage\":\"pt-BR\",\"potentialAction\":[{\"@type\":\"ReadAction\",\"target\":[\"https:\/\/www.gaveanews.com\/index.php\/2025\/03\/30\/eles-vao-ter-novas-oportunidades-na-titularidade-do-fluminense-entenda\/\"]}]},{\"@type\":\"ImageObject\",\"inLanguage\":\"pt-BR\",\"@id\":\"https:\/\/www.gaveanews.com\/index.php\/2025\/03\/30\/eles-vao-ter-novas-oportunidades-na-titularidade-do-fluminense-entenda\/#primaryimage\",\"url\":\"https:\/\/www.gaveanews.com\/wp-content\/uploads\/Bandeira-do-Fluminense.webp\",\"contentUrl\":\"https:\/\/www.gaveanews.com\/wp-content\/uploads\/Bandeira-do-Fluminense.webp\",\"width\":1440,\"height\":1080,\"caption\":\"Bandeira do Fluminense (Foto: Reprodu\u00e7\u00e3o\/Fluminense)\"},{\"@type\":\"BreadcrumbList\",\"@id\":\"https:\/\/www.gaveanews.com\/index.php\/2025\/03\/30\/eles-vao-ter-novas-oportunidades-na-titularidade-do-fluminense-entenda\/#breadcrumb\",\"itemListElement\":[{\"@type\":\"ListItem\",\"position\":1,\"name\":\"Home\",\"item\":\"https:\/\/www.gaveanews.com\/\"},{\"@type\":\"ListItem\",\"position\":2,\"name\":\"Eles v\u00e3o ter novas oportunidades na titularidade do Fluminense; entenda\"}]},{\"@type\":\"WebSite\",\"@id\":\"https:\/\/www.gaveanews.com\/#website\",\"url\":\"https:\/\/www.gaveanews.com\/\",\"name\":\"G\u00e1vea News\",\"description\":\"Veja todas as not\u00edcias sobre o Flamengo: Contrata\u00e7\u00f5es, categorias de base, resultados das partidas, tabela de classifica\u00e7\u00e3o, pr\u00f3ximos jogos!\",\"potentialAction\":[{\"@type\":\"SearchAction\",\"target\":{\"@type\":\"EntryPoint\",\"urlTemplate\":\"https:\/\/www.gaveanews.com\/?s={search_term_string}\"},\"query-input\":{\"@type\":\"PropertyValueSpecification\",\"valueRequired\":true,\"valueName\":\"search_term_string\"}}],\"inLanguage\":\"pt-BR\"},{\"@type\":\"Person\",\"@id\":\"https:\/\/www.gaveanews.com\/#\/schema\/person\/f42654babcd2b2014a1a65af82b081f1\",\"name\":\"Geovanna Thomaz\",\"image\":{\"@type\":\"ImageObject\",\"inLanguage\":\"pt-BR\",\"@id\":\"https:\/\/www.gaveanews.com\/#\/schema\/person\/image\/\",\"url\":\"https:\/\/secure.gravatar.com\/avatar\/4092073255489533afb558984b49b64268c47198af8623cc82a925ae9fb7118a?s=96&d=mm&r=g\",\"contentUrl\":\"https:\/\/secure.gravatar.com\/avatar\/4092073255489533afb558984b49b64268c47198af8623cc82a925ae9fb7118a?s=96&d=mm&r=g\",\"caption\":\"Geovanna Thomaz\"}}]}<\/script>\n<!-- \/ Yoast SEO Premium plugin. -->","yoast_head_json":{"title":"Eles v\u00e3o ter novas oportunidades na titularidade do Fluminense; entenda","robots":{"index":"index","follow":"follow","max-snippet":"max-snippet:-1","max-image-preview":"max-image-preview:large","max-video-preview":"max-video-preview:-1"},"canonical":"https:\/\/www.gaveanews.com\/index.php\/2025\/03\/30\/eles-vao-ter-novas-oportunidades-na-titularidade-do-fluminense-entenda\/","og_locale":"pt_BR","og_type":"article","og_title":"Eles v\u00e3o ter novas oportunidades na titularidade do Fluminense; entenda","og_description":"O Fluminense recebeu uma not\u00edcia dif\u00edcil com a les\u00e3o de Ot\u00e1vio, que rompeu o tend\u00e3o de Aquiles da perna direita e precisar\u00e1 passar por cirurgia, desfalcando a equipe por tempo indeterminado. A aus\u00eancia do volante abre uma lacuna significativa no time titular, j\u00e1 que Ot\u00e1vio era pe\u00e7a-chave no esquema de Mano Menezes, especialmente no papel [&hellip;]","og_url":"https:\/\/www.gaveanews.com\/index.php\/2025\/03\/30\/eles-vao-ter-novas-oportunidades-na-titularidade-do-fluminense-entenda\/","og_site_name":"G\u00e1vea News","article_publisher":"https:\/\/facebook.com\/gaveaNews\/","article_published_time":"2025-03-30T05:20:00+00:00","og_image":[{"width":1440,"height":1080,"url":"https:\/\/www.gaveanews.com\/wp-content\/uploads\/Bandeira-do-Fluminense.webp","type":"image\/webp"}],"author":"Geovanna Thomaz","twitter_card":"summary_large_image","twitter_misc":{"Escrito por":"Geovanna Thomaz","Est. tempo de leitura":"4 minutos"},"schema":{"@context":"https:\/\/schema.org","@graph":[{"@type":"NewsArticle","@id":"https:\/\/www.gaveanews.com\/index.php\/2025\/03\/30\/eles-vao-ter-novas-oportunidades-na-titularidade-do-fluminense-entenda\/#article","isPartOf":{"@id":"https:\/\/www.gaveanews.com\/index.php\/2025\/03\/30\/eles-vao-ter-novas-oportunidades-na-titularidade-do-fluminense-entenda\/"},"author":{"name":"Geovanna Thomaz","@id":"https:\/\/www.gaveanews.com\/#\/schema\/person\/f42654babcd2b2014a1a65af82b081f1"},"headline":"Eles v\u00e3o ter novas oportunidades na titularidade do Fluminense; entenda","datePublished":"2025-03-30T05:20:00+00:00","mainEntityOfPage":{"@id":"https:\/\/www.gaveanews.com\/index.php\/2025\/03\/30\/eles-vao-ter-novas-oportunidades-na-titularidade-do-fluminense-entenda\/"},"wordCount":499,"commentCount":0,"image":{"@id":"https:\/\/www.gaveanews.com\/index.php\/2025\/03\/30\/eles-vao-ter-novas-oportunidades-na-titularidade-do-fluminense-entenda\/#primaryimage"},"thumbnailUrl":"https:\/\/www.gaveanews.com\/wp-content\/uploads\/Bandeira-do-Fluminense.webp","articleSection":["Fluminense"],"inLanguage":"pt-BR","potentialAction":[{"@type":"CommentAction","name":"Comment","target":["https:\/\/www.gaveanews.com\/index.php\/2025\/03\/30\/eles-vao-ter-novas-oportunidades-na-titularidade-do-fluminense-entenda\/#respond"]}],"copyrightYear":"2025","copyrightHolder":{"@id":"https:\/\/www.gaveanews.com\/#organization"}},{"@type":"WebPage","@id":"https:\/\/www.gaveanews.com\/index.php\/2025\/03\/30\/eles-vao-ter-novas-oportunidades-na-titularidade-do-fluminense-entenda\/","url":"https:\/\/www.gaveanews.com\/index.php\/2025\/03\/30\/eles-vao-ter-novas-oportunidades-na-titularidade-do-fluminense-entenda\/","name":"Eles v\u00e3o ter novas oportunidades na titularidade do Fluminense; entenda","isPartOf":{"@id":"https:\/\/www.gaveanews.com\/#website"},"primaryImageOfPage":{"@id":"https:\/\/www.gaveanews.com\/index.php\/2025\/03\/30\/eles-vao-ter-novas-oportunidades-na-titularidade-do-fluminense-entenda\/#primaryimage"},"image":{"@id":"https:\/\/www.gaveanews.com\/index.php\/2025\/03\/30\/eles-vao-ter-novas-oportunidades-na-titularidade-do-fluminense-entenda\/#primaryimage"},"thumbnailUrl":"https:\/\/www.gaveanews.com\/wp-content\/uploads\/Bandeira-do-Fluminense.webp","datePublished":"2025-03-30T05:20:00+00:00","author":{"@id":"https:\/\/www.gaveanews.com\/#\/schema\/person\/f42654babcd2b2014a1a65af82b081f1"},"breadcrumb":{"@id":"https:\/\/www.gaveanews.com\/index.php\/2025\/03\/30\/eles-vao-ter-novas-oportunidades-na-titularidade-do-fluminense-entenda\/#breadcrumb"},"inLanguage":"pt-BR","potentialAction":[{"@type":"ReadAction","target":["https:\/\/www.gaveanews.com\/index.php\/2025\/03\/30\/eles-vao-ter-novas-oportunidades-na-titularidade-do-fluminense-entenda\/"]}]},{"@type":"ImageObject","inLanguage":"pt-BR","@id":"https:\/\/www.gaveanews.com\/index.php\/2025\/03\/30\/eles-vao-ter-novas-oportunidades-na-titularidade-do-fluminense-entenda\/#primaryimage","url":"https:\/\/www.gaveanews.com\/wp-content\/uploads\/Bandeira-do-Fluminense.webp","contentUrl":"https:\/\/www.gaveanews.com\/wp-content\/uploads\/Bandeira-do-Fluminense.webp","width":1440,"height":1080,"caption":"Bandeira do Fluminense (Foto: Reprodu\u00e7\u00e3o\/Fluminense)"},{"@type":"BreadcrumbList","@id":"https:\/\/www.gaveanews.com\/index.php\/2025\/03\/30\/eles-vao-ter-novas-oportunidades-na-titularidade-do-fluminense-entenda\/#breadcrumb","itemListElement":[{"@type":"ListItem","position":1,"name":"Home","item":"https:\/\/www.gaveanews.com\/"},{"@type":"ListItem","position":2,"name":"Eles v\u00e3o ter novas oportunidades na titularidade do Fluminense; entenda"}]},{"@type":"WebSite","@id":"https:\/\/www.gaveanews.com\/#website","url":"https:\/\/www.gaveanews.com\/","name":"G\u00e1vea News","description":"Veja todas as not\u00edcias sobre o Flamengo: Contrata\u00e7\u00f5es, categorias de base, resultados das partidas, tabela de classifica\u00e7\u00e3o, pr\u00f3ximos jogos!","potentialAction":[{"@type":"SearchAction","target":{"@type":"EntryPoint","urlTemplate":"https:\/\/www.gaveanews.com\/?s={search_term_string}"},"query-input":{"@type":"PropertyValueSpecification","valueRequired":true,"valueName":"search_term_string"}}],"inLanguage":"pt-BR"},{"@type":"Person","@id":"https:\/\/www.gaveanews.com\/#\/schema\/person\/f42654babcd2b2014a1a65af82b081f1","name":"Geovanna Thomaz","image":{"@type":"ImageObject","inLanguage":"pt-BR","@id":"https:\/\/www.gaveanews.com\/#\/schema\/person\/image\/","url":"https:\/\/secure.gravatar.com\/avatar\/4092073255489533afb558984b49b64268c47198af8623cc82a925ae9fb7118a?s=96&d=mm&r=g","contentUrl":"https:\/\/secure.gravatar.com\/avatar\/4092073255489533afb558984b49b64268c47198af8623cc82a925ae9fb7118a?s=96&d=mm&r=g","caption":"Geovanna Thomaz"}}]}},"_links":{"self":[{"href":"https:\/\/www.gaveanews.com\/index.php\/wp-json\/wp\/v2\/posts\/246593","targetHints":{"allow":["GET"]}}],"collection":[{"href":"https:\/\/www.gaveanews.com\/index.php\/wp-json\/wp\/v2\/posts"}],"about":[{"href":"https:\/\/www.gaveanews.com\/index.php\/wp-json\/wp\/v2\/types\/post"}],"author":[{"embeddable":true,"href":"https:\/\/www.gaveanews.com\/index.php\/wp-json\/wp\/v2\/users\/17"}],"replies":[{"embeddable":true,"href":"https:\/\/www.gaveanews.com\/index.php\/wp-json\/wp\/v2\/comments?post=246593"}],"version-history":[{"count":1,"href":"https:\/\/www.gaveanews.com\/index.php\/wp-json\/wp\/v2\/posts\/246593\/revisions"}],"predecessor-version":[{"id":246594,"href":"https:\/\/www.gaveanews.com\/index.php\/wp-json\/wp\/v2\/posts\/246593\/revisions\/246594"}],"wp:featuredmedia":[{"embeddable":true,"href":"https:\/\/www.gaveanews.com\/index.php\/wp-json\/wp\/v2\/media\/152558"}],"wp:attachment":[{"href":"https:\/\/www.gaveanews.com\/index.php\/wp-json\/wp\/v2\/media?parent=246593"}],"wp:term":[{"taxonomy":"category","embeddable":true,"href":"https:\/\/www.gaveanews.com\/index.php\/wp-json\/wp\/v2\/categories?post=246593"},{"taxonomy":"post_tag","embeddable":true,"href":"https:\/\/www.gaveanews.com\/index.php\/wp-json\/wp\/v2\/tags?post=246593"}],"curies":[{"name":"wp","href":"https:\/\/api.w.org\/{rel}","templated":true}]}}