{"id":246605,"date":"2025-03-29T23:23:27","date_gmt":"2025-03-30T02:23:27","guid":{"rendered":"https:\/\/www.gaveanews.com\/?p=246605"},"modified":"2025-03-29T23:23:30","modified_gmt":"2025-03-30T02:23:30","slug":"gremio-x-atletico-mg-a-declaracao-de-cuca","status":"publish","type":"post","link":"https:\/\/www.gaveanews.com\/index.php\/2025\/03\/29\/gremio-x-atletico-mg-a-declaracao-de-cuca\/","title":{"rendered":"Gr\u00eamio x Atl\u00e9tico-MG: a declara\u00e7\u00e3o de Cuca"},"content":{"rendered":"\n<p>Apesar da derrota por 2 a 1 para o Gr\u00eamio, neste s\u00e1bado, Cuca exaltou o desempenho do Atl\u00e9tico-MG na partida, embora tenha lamentado a falta de sorte no resultado. O treinador afirmou que o time merecia os tr\u00eas pontos pela produ\u00e7\u00e3o em campo. <\/p>\n\n\n\n<p>&#8220;Apesar da derrota, eu estou muito contente com o que eu vi o Atl\u00e9tico jogar. N\u00e3o estou contente com o resultado, e sim com o desempenho que a gente teve, foi muito volume, foram muitas situa\u00e7\u00f5es. Infelizmente, hoje a bola n\u00e3o entrou. Foi um pecado essa derrota, n\u00f3s merec\u00edamos uma sorte melhor pelo que a gente jogou&#8221;, destacou Cuca.<\/p>\n\n\n\n<p>O t\u00e9cnico tamb\u00e9m comentou sobre a dificuldade de ser superior ao Gr\u00eamio jogando na casa do advers\u00e1rio e se surpreendeu com as nuances do jogo.<\/p>\n\n\n\n<p> &#8220;Confesso que eu nunca vim jogar aqui contra o Gr\u00eamio com uma superioridade t\u00e3o grande como a gente teve hoje, com a posse de bola beirando os 70%, com mais de 20 finaliza\u00e7\u00f5es e com o goleiro do Gr\u00eamio sendo melhor em campo. Ent\u00e3o eu n\u00e3o posso deixar de valorizar o que o Atl\u00e9tico jogou hoje, mesmo com 2 a 0, n\u00e3o se abdicou de atacar, foi sempre equilibrado e teve chances at\u00e9 no \u00faltimo momento de pelo menos empatar o jogo&#8221;, completou o treinador.<\/p>\n\n\n\n<p>Cuca tamb\u00e9m ressaltou que, se o Atl\u00e9tico mantiver o n\u00edvel de jogo apresentado contra o Gr\u00eamio, as vit\u00f3rias vir\u00e3o. Ele espera dar sequ\u00eancia ao bom desempenho na pr\u00f3xima rodada do Campeonato Brasileiro, contra o S\u00e3o Paulo.<\/p>\n\n\n\n<p> &#8220;Se a gente jogar bem assim nos outros jogos, com certeza as vit\u00f3rias v\u00e3o vir. Tomara que a gente d\u00ea sequ\u00eancia a isso j\u00e1 no pr\u00f3ximo jogo em casa com S\u00e3o Paulo tamb\u00e9m&#8221;, disse.<\/p>\n\n\n\n<p>Ap\u00f3s a partida contra o Gr\u00eamio, o Atl\u00e9tico-MG n\u00e3o retorna a Belo Horizonte. O elenco viaja diretamente para o Peru na manh\u00e3 deste domingo, onde enfrentar\u00e1 o Cienciano pela Copa Sul-Americana, na ter\u00e7a-feira, \u00e0s 21h30 (de Bras\u00edlia), no Est\u00e1dio Inca Garcilaso de la Vega.<\/p>\n","protected":false},"excerpt":{"rendered":"<p>Apesar da derrota por 2 a 1 para o Gr\u00eamio, neste s\u00e1bado, Cuca exaltou o desempenho do Atl\u00e9tico-MG na partida, embora tenha lamentado a falta de sorte no resultado. O treinador afirmou que o time merecia os tr\u00eas pontos pela produ\u00e7\u00e3o em campo. &#8220;Apesar da derrota, eu estou muito contente com o que eu vi [&hellip;]<\/p>\n","protected":false},"author":17,"featured_media":68026,"comment_status":"open","ping_status":"closed","sticky":false,"template":"","format":"standard","meta":{"footnotes":""},"categories":[136],"tags":[],"class_list":["post-246605","post","type-post","status-publish","format-standard","has-post-thumbnail","hentry","category-atletico-mg"],"yoast_head":"<!-- This site is optimized with the Yoast SEO Premium plugin v24.2 (Yoast SEO v26.9) - https:\/\/yoast.com\/product\/yoast-seo-premium-wordpress\/ -->\n<title>Gr\u00eamio x Atl\u00e9tico-MG: a declara\u00e7\u00e3o de Cuca<\/title>\n<meta name=\"robots\" content=\"index, follow, max-snippet:-1, max-image-preview:large, max-video-preview:-1\" \/>\n<link rel=\"canonical\" href=\"https:\/\/www.gaveanews.com\/index.php\/2025\/03\/29\/gremio-x-atletico-mg-a-declaracao-de-cuca\/\" \/>\n<meta property=\"og:locale\" content=\"pt_BR\" \/>\n<meta property=\"og:type\" content=\"article\" \/>\n<meta property=\"og:title\" content=\"Gr\u00eamio x Atl\u00e9tico-MG: a declara\u00e7\u00e3o de Cuca\" \/>\n<meta property=\"og:description\" content=\"Apesar da derrota por 2 a 1 para o Gr\u00eamio, neste s\u00e1bado, Cuca exaltou o desempenho do Atl\u00e9tico-MG na partida, embora tenha lamentado a falta de sorte no resultado. O treinador afirmou que o time merecia os tr\u00eas pontos pela produ\u00e7\u00e3o em campo. &#8220;Apesar da derrota, eu estou muito contente com o que eu vi [&hellip;]\" \/>\n<meta property=\"og:url\" content=\"https:\/\/www.gaveanews.com\/index.php\/2025\/03\/29\/gremio-x-atletico-mg-a-declaracao-de-cuca\/\" \/>\n<meta property=\"og:site_name\" content=\"G\u00e1vea News\" \/>\n<meta property=\"article:publisher\" content=\"https:\/\/facebook.com\/gaveaNews\/\" \/>\n<meta property=\"article:published_time\" content=\"2025-03-30T02:23:27+00:00\" \/>\n<meta property=\"article:modified_time\" content=\"2025-03-30T02:23:30+00:00\" \/>\n<meta property=\"og:image\" content=\"http:\/\/www.gaveanews.com\/wp-content\/uploads\/Cuca-tecnico-do-Atletico-MG.webp\" \/>\n\t<meta property=\"og:image:width\" content=\"1024\" \/>\n\t<meta property=\"og:image:height\" content=\"683\" \/>\n\t<meta property=\"og:image:type\" content=\"image\/jpeg\" \/>\n<meta name=\"author\" content=\"Geovanna Thomaz\" \/>\n<meta name=\"twitter:card\" content=\"summary_large_image\" \/>\n<meta name=\"twitter:label1\" content=\"Escrito por\" \/>\n\t<meta name=\"twitter:data1\" content=\"Geovanna Thomaz\" \/>\n\t<meta name=\"twitter:label2\" content=\"Est. tempo de leitura\" \/>\n\t<meta name=\"twitter:data2\" content=\"3 minutos\" \/>\n<script type=\"application\/ld+json\" class=\"yoast-schema-graph\">{\"@context\":\"https:\/\/schema.org\",\"@graph\":[{\"@type\":\"NewsArticle\",\"@id\":\"https:\/\/www.gaveanews.com\/index.php\/2025\/03\/29\/gremio-x-atletico-mg-a-declaracao-de-cuca\/#article\",\"isPartOf\":{\"@id\":\"https:\/\/www.gaveanews.com\/index.php\/2025\/03\/29\/gremio-x-atletico-mg-a-declaracao-de-cuca\/\"},\"author\":{\"name\":\"Geovanna Thomaz\",\"@id\":\"https:\/\/www.gaveanews.com\/#\/schema\/person\/f42654babcd2b2014a1a65af82b081f1\"},\"headline\":\"Gr\u00eamio x Atl\u00e9tico-MG: a declara\u00e7\u00e3o de Cuca\",\"datePublished\":\"2025-03-30T02:23:27+00:00\",\"dateModified\":\"2025-03-30T02:23:30+00:00\",\"mainEntityOfPage\":{\"@id\":\"https:\/\/www.gaveanews.com\/index.php\/2025\/03\/29\/gremio-x-atletico-mg-a-declaracao-de-cuca\/\"},\"wordCount\":375,\"commentCount\":0,\"image\":{\"@id\":\"https:\/\/www.gaveanews.com\/index.php\/2025\/03\/29\/gremio-x-atletico-mg-a-declaracao-de-cuca\/#primaryimage\"},\"thumbnailUrl\":\"https:\/\/www.gaveanews.com\/wp-content\/uploads\/Cuca-tecnico-do-Atletico-MG.webp\",\"articleSection\":[\"Atl\u00e9tico-MG\"],\"inLanguage\":\"pt-BR\",\"potentialAction\":[{\"@type\":\"CommentAction\",\"name\":\"Comment\",\"target\":[\"https:\/\/www.gaveanews.com\/index.php\/2025\/03\/29\/gremio-x-atletico-mg-a-declaracao-de-cuca\/#respond\"]}],\"copyrightYear\":\"2025\",\"copyrightHolder\":{\"@id\":\"https:\/\/www.gaveanews.com\/#organization\"}},{\"@type\":\"WebPage\",\"@id\":\"https:\/\/www.gaveanews.com\/index.php\/2025\/03\/29\/gremio-x-atletico-mg-a-declaracao-de-cuca\/\",\"url\":\"https:\/\/www.gaveanews.com\/index.php\/2025\/03\/29\/gremio-x-atletico-mg-a-declaracao-de-cuca\/\",\"name\":\"Gr\u00eamio x Atl\u00e9tico-MG: a declara\u00e7\u00e3o de Cuca\",\"isPartOf\":{\"@id\":\"https:\/\/www.gaveanews.com\/#website\"},\"primaryImageOfPage\":{\"@id\":\"https:\/\/www.gaveanews.com\/index.php\/2025\/03\/29\/gremio-x-atletico-mg-a-declaracao-de-cuca\/#primaryimage\"},\"image\":{\"@id\":\"https:\/\/www.gaveanews.com\/index.php\/2025\/03\/29\/gremio-x-atletico-mg-a-declaracao-de-cuca\/#primaryimage\"},\"thumbnailUrl\":\"https:\/\/www.gaveanews.com\/wp-content\/uploads\/Cuca-tecnico-do-Atletico-MG.webp\",\"datePublished\":\"2025-03-30T02:23:27+00:00\",\"dateModified\":\"2025-03-30T02:23:30+00:00\",\"author\":{\"@id\":\"https:\/\/www.gaveanews.com\/#\/schema\/person\/f42654babcd2b2014a1a65af82b081f1\"},\"breadcrumb\":{\"@id\":\"https:\/\/www.gaveanews.com\/index.php\/2025\/03\/29\/gremio-x-atletico-mg-a-declaracao-de-cuca\/#breadcrumb\"},\"inLanguage\":\"pt-BR\",\"potentialAction\":[{\"@type\":\"ReadAction\",\"target\":[\"https:\/\/www.gaveanews.com\/index.php\/2025\/03\/29\/gremio-x-atletico-mg-a-declaracao-de-cuca\/\"]}]},{\"@type\":\"ImageObject\",\"inLanguage\":\"pt-BR\",\"@id\":\"https:\/\/www.gaveanews.com\/index.php\/2025\/03\/29\/gremio-x-atletico-mg-a-declaracao-de-cuca\/#primaryimage\",\"url\":\"https:\/\/www.gaveanews.com\/wp-content\/uploads\/Cuca-tecnico-do-Atletico-MG.webp\",\"contentUrl\":\"https:\/\/www.gaveanews.com\/wp-content\/uploads\/Cuca-tecnico-do-Atletico-MG.webp\",\"width\":1024,\"height\":683,\"caption\":\"Cuca como treinador do Atl\u00e9tico-MG (Foto: Bruno Cantini\/Atl\u00e9tico-MG)\"},{\"@type\":\"BreadcrumbList\",\"@id\":\"https:\/\/www.gaveanews.com\/index.php\/2025\/03\/29\/gremio-x-atletico-mg-a-declaracao-de-cuca\/#breadcrumb\",\"itemListElement\":[{\"@type\":\"ListItem\",\"position\":1,\"name\":\"Home\",\"item\":\"https:\/\/www.gaveanews.com\/\"},{\"@type\":\"ListItem\",\"position\":2,\"name\":\"Gr\u00eamio x Atl\u00e9tico-MG: a declara\u00e7\u00e3o de Cuca\"}]},{\"@type\":\"WebSite\",\"@id\":\"https:\/\/www.gaveanews.com\/#website\",\"url\":\"https:\/\/www.gaveanews.com\/\",\"name\":\"G\u00e1vea News\",\"description\":\"Veja todas as not\u00edcias sobre o Flamengo: Contrata\u00e7\u00f5es, categorias de base, resultados das partidas, tabela de classifica\u00e7\u00e3o, pr\u00f3ximos jogos!\",\"potentialAction\":[{\"@type\":\"SearchAction\",\"target\":{\"@type\":\"EntryPoint\",\"urlTemplate\":\"https:\/\/www.gaveanews.com\/?s={search_term_string}\"},\"query-input\":{\"@type\":\"PropertyValueSpecification\",\"valueRequired\":true,\"valueName\":\"search_term_string\"}}],\"inLanguage\":\"pt-BR\"},{\"@type\":\"Person\",\"@id\":\"https:\/\/www.gaveanews.com\/#\/schema\/person\/f42654babcd2b2014a1a65af82b081f1\",\"name\":\"Geovanna Thomaz\",\"image\":{\"@type\":\"ImageObject\",\"inLanguage\":\"pt-BR\",\"@id\":\"https:\/\/www.gaveanews.com\/#\/schema\/person\/image\/\",\"url\":\"https:\/\/secure.gravatar.com\/avatar\/4092073255489533afb558984b49b64268c47198af8623cc82a925ae9fb7118a?s=96&d=mm&r=g\",\"contentUrl\":\"https:\/\/secure.gravatar.com\/avatar\/4092073255489533afb558984b49b64268c47198af8623cc82a925ae9fb7118a?s=96&d=mm&r=g\",\"caption\":\"Geovanna Thomaz\"}}]}<\/script>\n<!-- \/ Yoast SEO Premium plugin. -->","yoast_head_json":{"title":"Gr\u00eamio x Atl\u00e9tico-MG: a declara\u00e7\u00e3o de Cuca","robots":{"index":"index","follow":"follow","max-snippet":"max-snippet:-1","max-image-preview":"max-image-preview:large","max-video-preview":"max-video-preview:-1"},"canonical":"https:\/\/www.gaveanews.com\/index.php\/2025\/03\/29\/gremio-x-atletico-mg-a-declaracao-de-cuca\/","og_locale":"pt_BR","og_type":"article","og_title":"Gr\u00eamio x Atl\u00e9tico-MG: a declara\u00e7\u00e3o de Cuca","og_description":"Apesar da derrota por 2 a 1 para o Gr\u00eamio, neste s\u00e1bado, Cuca exaltou o desempenho do Atl\u00e9tico-MG na partida, embora tenha lamentado a falta de sorte no resultado. O treinador afirmou que o time merecia os tr\u00eas pontos pela produ\u00e7\u00e3o em campo. &#8220;Apesar da derrota, eu estou muito contente com o que eu vi [&hellip;]","og_url":"https:\/\/www.gaveanews.com\/index.php\/2025\/03\/29\/gremio-x-atletico-mg-a-declaracao-de-cuca\/","og_site_name":"G\u00e1vea News","article_publisher":"https:\/\/facebook.com\/gaveaNews\/","article_published_time":"2025-03-30T02:23:27+00:00","article_modified_time":"2025-03-30T02:23:30+00:00","og_image":[{"width":1024,"height":683,"url":"http:\/\/www.gaveanews.com\/wp-content\/uploads\/Cuca-tecnico-do-Atletico-MG.webp","type":"image\/jpeg"}],"author":"Geovanna Thomaz","twitter_card":"summary_large_image","twitter_misc":{"Escrito por":"Geovanna Thomaz","Est. tempo de leitura":"3 minutos"},"schema":{"@context":"https:\/\/schema.org","@graph":[{"@type":"NewsArticle","@id":"https:\/\/www.gaveanews.com\/index.php\/2025\/03\/29\/gremio-x-atletico-mg-a-declaracao-de-cuca\/#article","isPartOf":{"@id":"https:\/\/www.gaveanews.com\/index.php\/2025\/03\/29\/gremio-x-atletico-mg-a-declaracao-de-cuca\/"},"author":{"name":"Geovanna Thomaz","@id":"https:\/\/www.gaveanews.com\/#\/schema\/person\/f42654babcd2b2014a1a65af82b081f1"},"headline":"Gr\u00eamio x Atl\u00e9tico-MG: a declara\u00e7\u00e3o de Cuca","datePublished":"2025-03-30T02:23:27+00:00","dateModified":"2025-03-30T02:23:30+00:00","mainEntityOfPage":{"@id":"https:\/\/www.gaveanews.com\/index.php\/2025\/03\/29\/gremio-x-atletico-mg-a-declaracao-de-cuca\/"},"wordCount":375,"commentCount":0,"image":{"@id":"https:\/\/www.gaveanews.com\/index.php\/2025\/03\/29\/gremio-x-atletico-mg-a-declaracao-de-cuca\/#primaryimage"},"thumbnailUrl":"https:\/\/www.gaveanews.com\/wp-content\/uploads\/Cuca-tecnico-do-Atletico-MG.webp","articleSection":["Atl\u00e9tico-MG"],"inLanguage":"pt-BR","potentialAction":[{"@type":"CommentAction","name":"Comment","target":["https:\/\/www.gaveanews.com\/index.php\/2025\/03\/29\/gremio-x-atletico-mg-a-declaracao-de-cuca\/#respond"]}],"copyrightYear":"2025","copyrightHolder":{"@id":"https:\/\/www.gaveanews.com\/#organization"}},{"@type":"WebPage","@id":"https:\/\/www.gaveanews.com\/index.php\/2025\/03\/29\/gremio-x-atletico-mg-a-declaracao-de-cuca\/","url":"https:\/\/www.gaveanews.com\/index.php\/2025\/03\/29\/gremio-x-atletico-mg-a-declaracao-de-cuca\/","name":"Gr\u00eamio x Atl\u00e9tico-MG: a declara\u00e7\u00e3o de Cuca","isPartOf":{"@id":"https:\/\/www.gaveanews.com\/#website"},"primaryImageOfPage":{"@id":"https:\/\/www.gaveanews.com\/index.php\/2025\/03\/29\/gremio-x-atletico-mg-a-declaracao-de-cuca\/#primaryimage"},"image":{"@id":"https:\/\/www.gaveanews.com\/index.php\/2025\/03\/29\/gremio-x-atletico-mg-a-declaracao-de-cuca\/#primaryimage"},"thumbnailUrl":"https:\/\/www.gaveanews.com\/wp-content\/uploads\/Cuca-tecnico-do-Atletico-MG.webp","datePublished":"2025-03-30T02:23:27+00:00","dateModified":"2025-03-30T02:23:30+00:00","author":{"@id":"https:\/\/www.gaveanews.com\/#\/schema\/person\/f42654babcd2b2014a1a65af82b081f1"},"breadcrumb":{"@id":"https:\/\/www.gaveanews.com\/index.php\/2025\/03\/29\/gremio-x-atletico-mg-a-declaracao-de-cuca\/#breadcrumb"},"inLanguage":"pt-BR","potentialAction":[{"@type":"ReadAction","target":["https:\/\/www.gaveanews.com\/index.php\/2025\/03\/29\/gremio-x-atletico-mg-a-declaracao-de-cuca\/"]}]},{"@type":"ImageObject","inLanguage":"pt-BR","@id":"https:\/\/www.gaveanews.com\/index.php\/2025\/03\/29\/gremio-x-atletico-mg-a-declaracao-de-cuca\/#primaryimage","url":"https:\/\/www.gaveanews.com\/wp-content\/uploads\/Cuca-tecnico-do-Atletico-MG.webp","contentUrl":"https:\/\/www.gaveanews.com\/wp-content\/uploads\/Cuca-tecnico-do-Atletico-MG.webp","width":1024,"height":683,"caption":"Cuca como treinador do Atl\u00e9tico-MG (Foto: Bruno Cantini\/Atl\u00e9tico-MG)"},{"@type":"BreadcrumbList","@id":"https:\/\/www.gaveanews.com\/index.php\/2025\/03\/29\/gremio-x-atletico-mg-a-declaracao-de-cuca\/#breadcrumb","itemListElement":[{"@type":"ListItem","position":1,"name":"Home","item":"https:\/\/www.gaveanews.com\/"},{"@type":"ListItem","position":2,"name":"Gr\u00eamio x Atl\u00e9tico-MG: a declara\u00e7\u00e3o de Cuca"}]},{"@type":"WebSite","@id":"https:\/\/www.gaveanews.com\/#website","url":"https:\/\/www.gaveanews.com\/","name":"G\u00e1vea News","description":"Veja todas as not\u00edcias sobre o Flamengo: Contrata\u00e7\u00f5es, categorias de base, resultados das partidas, tabela de classifica\u00e7\u00e3o, pr\u00f3ximos jogos!","potentialAction":[{"@type":"SearchAction","target":{"@type":"EntryPoint","urlTemplate":"https:\/\/www.gaveanews.com\/?s={search_term_string}"},"query-input":{"@type":"PropertyValueSpecification","valueRequired":true,"valueName":"search_term_string"}}],"inLanguage":"pt-BR"},{"@type":"Person","@id":"https:\/\/www.gaveanews.com\/#\/schema\/person\/f42654babcd2b2014a1a65af82b081f1","name":"Geovanna Thomaz","image":{"@type":"ImageObject","inLanguage":"pt-BR","@id":"https:\/\/www.gaveanews.com\/#\/schema\/person\/image\/","url":"https:\/\/secure.gravatar.com\/avatar\/4092073255489533afb558984b49b64268c47198af8623cc82a925ae9fb7118a?s=96&d=mm&r=g","contentUrl":"https:\/\/secure.gravatar.com\/avatar\/4092073255489533afb558984b49b64268c47198af8623cc82a925ae9fb7118a?s=96&d=mm&r=g","caption":"Geovanna Thomaz"}}]}},"_links":{"self":[{"href":"https:\/\/www.gaveanews.com\/index.php\/wp-json\/wp\/v2\/posts\/246605","targetHints":{"allow":["GET"]}}],"collection":[{"href":"https:\/\/www.gaveanews.com\/index.php\/wp-json\/wp\/v2\/posts"}],"about":[{"href":"https:\/\/www.gaveanews.com\/index.php\/wp-json\/wp\/v2\/types\/post"}],"author":[{"embeddable":true,"href":"https:\/\/www.gaveanews.com\/index.php\/wp-json\/wp\/v2\/users\/17"}],"replies":[{"embeddable":true,"href":"https:\/\/www.gaveanews.com\/index.php\/wp-json\/wp\/v2\/comments?post=246605"}],"version-history":[{"count":1,"href":"https:\/\/www.gaveanews.com\/index.php\/wp-json\/wp\/v2\/posts\/246605\/revisions"}],"predecessor-version":[{"id":246607,"href":"https:\/\/www.gaveanews.com\/index.php\/wp-json\/wp\/v2\/posts\/246605\/revisions\/246607"}],"wp:featuredmedia":[{"embeddable":true,"href":"https:\/\/www.gaveanews.com\/index.php\/wp-json\/wp\/v2\/media\/68026"}],"wp:attachment":[{"href":"https:\/\/www.gaveanews.com\/index.php\/wp-json\/wp\/v2\/media?parent=246605"}],"wp:term":[{"taxonomy":"category","embeddable":true,"href":"https:\/\/www.gaveanews.com\/index.php\/wp-json\/wp\/v2\/categories?post=246605"},{"taxonomy":"post_tag","embeddable":true,"href":"https:\/\/www.gaveanews.com\/index.php\/wp-json\/wp\/v2\/tags?post=246605"}],"curies":[{"name":"wp","href":"https:\/\/api.w.org\/{rel}","templated":true}]}}