{"id":246608,"date":"2025-03-29T23:49:10","date_gmt":"2025-03-30T02:49:10","guid":{"rendered":"https:\/\/www.gaveanews.com\/?p=246608"},"modified":"2025-03-29T23:49:14","modified_gmt":"2025-03-30T02:49:14","slug":"flamengo-x-internacional-a-declaracao-de-wallace-yan","status":"publish","type":"post","link":"https:\/\/www.gaveanews.com\/index.php\/2025\/03\/29\/flamengo-x-internacional-a-declaracao-de-wallace-yan\/","title":{"rendered":"Flamengo x Internacional: a declara\u00e7\u00e3o de Wallace Yan"},"content":{"rendered":"\n<p>Flamengo e Internacional se enfrentaram neste s\u00e1bado (29), no Maracan\u00e3, para disputar a primeira rodada do Campeonato Brasileiro. A partida, que foi bastante disputada, terminou empatada em 1 a 1, com grandes chances desperdi\u00e7adas por ambos os times.<\/p>\n\n\n\n<p>Ao final do confronto, Wallace Yan, atacante do Flamengo, analisou a partida. O jogador contou o que o t\u00e9cnico Filipe Lu\u00eds pediu para que ele fizesse, comentou as chances perdidas, mas indicou ter entrado confiante. <\/p>\n\n\n\n<p>&#8220;Filipe pediu pra eu entrar e dar mais velocidade, aproveitar. Tive duas oportunidades, mas vou trabalhar pra da pr\u00f3xima sair bem. Entrei motivado, Filipe me d\u00e1 confian\u00e7a e pra todos que jogam. Entrei tranquilo e certo do que tinha que fazer&#8221;, disse. <\/p>\n\n\n\n<p>O Flamengo empatou o jogo no segundo tempo, com L\u00e9o Pereira. Ap\u00f3s bate e rebate na \u00e1rea, a bola sobrou para o zagueiro, que mandou para o fundo do gol. O Meng\u00e3o ainda teve boas chances com Juninho, Gonzalo Plata e Wallace Yan, mas n\u00e3o consegiu ampliar o marcador.<\/p>\n\n\n\n<p>Apesar de n\u00e3o ter garantido o triunfo, o Flamengo fez um bom jogo contra o Internacional e iniciou com expectativas o Brasileir\u00e3o. O Rubro-Negro volta a campo pelo Brasileir\u00e3o pr\u00f3ximo domingo, 6 de abril, para enfrentar o Vit\u00f3ria, no Barrad\u00e3o. As equipes medem for\u00e7as \u00e0s 18h30 (de Bras\u00edlia).<\/p>\n\n\n\n<p>O Internacional, por sua vez, vai encarar o Cruzeiro, no mesmo dia e hor\u00e1rio, no Est\u00e1dio do Beira Rio.<\/p>\n\n\n\n<p>Antes disso, as equipes disputam a primeira rodada da fase de grupos da Libertadores. O Mengo enfrenta o Deportivo T\u00e1chira, no dia 3, \u00e0s 21h30, enquanto o Inter encara o Bahia, no mesmo dia, \u00e0s 19h. <\/p>\n\n\n\n<p><\/p>\n\n\n\n<p>No segundo tempo, com gol de L\u00e9o Pereira, o Flamengo empatou o jogo. Ap\u00f3s bate e rebate na \u00e1rea, a bola sobrou para o zagueiro, que mandou para o fundo do gol. O Meng\u00e3o ainda teve boas chances com Juninho, Gonzalo Plata e Wallace Yan, mas n\u00e3o consegiu ampliar o marcador.<\/p>\n\n\n\n<p>Apesar de n\u00e3o ter garantido o triunfo, o Flamengo fez um bom jogo contra o Internacional e iniciou com expectativas o Brasileir\u00e3o. O Rubro-Negro volta a campo pelo Brasileir\u00e3o pr\u00f3ximo domingo, 6 de abril, para enfrentar o Vit\u00f3ria, no Barrad\u00e3o. As equipes medem for\u00e7as \u00e0s 18h30 (de Bras\u00edlia).<\/p>\n\n\n\n<p>O Internacional, por sua vez, vai encarar o Cruzeiro, no mesmo dia e hor\u00e1rio, no Est\u00e1dio do Beira Rio.<\/p>\n\n\n\n<p>Antes disso, as equipes disputam a primeira rodada da fase de grupos da Libertadores. O Mengo enfrenta o Deportivo T\u00e1chira, no dia 3, \u00e0s 21h30, enquanto o Inter encara o Bahia, no mesmo dia, \u00e0s 19h. <\/p>\n","protected":false},"excerpt":{"rendered":"<p>Flamengo e Internacional se enfrentaram neste s\u00e1bado (29), no Maracan\u00e3, para disputar a primeira rodada do Campeonato Brasileiro. A partida, que foi bastante disputada, terminou empatada em 1 a 1, com grandes chances desperdi\u00e7adas por ambos os times. Ao final do confronto, Wallace Yan, atacante do Flamengo, analisou a partida. O jogador contou o que [&hellip;]<\/p>\n","protected":false},"author":18,"featured_media":220937,"comment_status":"open","ping_status":"closed","sticky":false,"template":"","format":"standard","meta":{"footnotes":""},"categories":[1],"tags":[],"class_list":["post-246608","post","type-post","status-publish","format-standard","has-post-thumbnail","hentry","category-flamengo"],"yoast_head":"<!-- This site is optimized with the Yoast SEO Premium plugin v24.2 (Yoast SEO v26.9) - https:\/\/yoast.com\/product\/yoast-seo-premium-wordpress\/ -->\n<title>Flamengo x Internacional: a declara\u00e7\u00e3o de Wallace Yan<\/title>\n<meta name=\"robots\" content=\"index, follow, max-snippet:-1, max-image-preview:large, max-video-preview:-1\" \/>\n<link rel=\"canonical\" href=\"https:\/\/www.gaveanews.com\/index.php\/2025\/03\/29\/flamengo-x-internacional-a-declaracao-de-wallace-yan\/\" \/>\n<meta property=\"og:locale\" content=\"pt_BR\" \/>\n<meta property=\"og:type\" content=\"article\" \/>\n<meta property=\"og:title\" content=\"Flamengo x Internacional: a declara\u00e7\u00e3o de Wallace Yan\" \/>\n<meta property=\"og:description\" content=\"Flamengo e Internacional se enfrentaram neste s\u00e1bado (29), no Maracan\u00e3, para disputar a primeira rodada do Campeonato Brasileiro. A partida, que foi bastante disputada, terminou empatada em 1 a 1, com grandes chances desperdi\u00e7adas por ambos os times. Ao final do confronto, Wallace Yan, atacante do Flamengo, analisou a partida. O jogador contou o que [&hellip;]\" \/>\n<meta property=\"og:url\" content=\"https:\/\/www.gaveanews.com\/index.php\/2025\/03\/29\/flamengo-x-internacional-a-declaracao-de-wallace-yan\/\" \/>\n<meta property=\"og:site_name\" content=\"G\u00e1vea News\" \/>\n<meta property=\"article:publisher\" content=\"https:\/\/facebook.com\/gaveaNews\/\" \/>\n<meta property=\"article:published_time\" content=\"2025-03-30T02:49:10+00:00\" \/>\n<meta property=\"article:modified_time\" content=\"2025-03-30T02:49:14+00:00\" \/>\n<meta property=\"og:image\" content=\"http:\/\/www.gaveanews.com\/wp-content\/uploads\/Wallace-Yan-pelo-Flamengo.webp\" \/>\n\t<meta property=\"og:image:width\" content=\"546\" \/>\n\t<meta property=\"og:image:height\" content=\"384\" \/>\n\t<meta property=\"og:image:type\" content=\"image\/jpeg\" \/>\n<meta name=\"author\" content=\"Paula Silva\" \/>\n<meta name=\"twitter:card\" content=\"summary_large_image\" \/>\n<meta name=\"twitter:label1\" content=\"Escrito por\" \/>\n\t<meta name=\"twitter:data1\" content=\"Paula Silva\" \/>\n\t<meta name=\"twitter:label2\" content=\"Est. tempo de leitura\" \/>\n\t<meta name=\"twitter:data2\" content=\"3 minutos\" \/>\n<script type=\"application\/ld+json\" class=\"yoast-schema-graph\">{\"@context\":\"https:\/\/schema.org\",\"@graph\":[{\"@type\":\"NewsArticle\",\"@id\":\"https:\/\/www.gaveanews.com\/index.php\/2025\/03\/29\/flamengo-x-internacional-a-declaracao-de-wallace-yan\/#article\",\"isPartOf\":{\"@id\":\"https:\/\/www.gaveanews.com\/index.php\/2025\/03\/29\/flamengo-x-internacional-a-declaracao-de-wallace-yan\/\"},\"author\":{\"name\":\"Paula Silva\",\"@id\":\"https:\/\/www.gaveanews.com\/#\/schema\/person\/daf63eec72e1164eb13dc35096c2b8da\"},\"headline\":\"Flamengo x Internacional: a declara\u00e7\u00e3o de Wallace Yan\",\"datePublished\":\"2025-03-30T02:49:10+00:00\",\"dateModified\":\"2025-03-30T02:49:14+00:00\",\"mainEntityOfPage\":{\"@id\":\"https:\/\/www.gaveanews.com\/index.php\/2025\/03\/29\/flamengo-x-internacional-a-declaracao-de-wallace-yan\/\"},\"wordCount\":459,\"commentCount\":0,\"image\":{\"@id\":\"https:\/\/www.gaveanews.com\/index.php\/2025\/03\/29\/flamengo-x-internacional-a-declaracao-de-wallace-yan\/#primaryimage\"},\"thumbnailUrl\":\"https:\/\/www.gaveanews.com\/wp-content\/uploads\/Wallace-Yan-pelo-Flamengo.webp\",\"articleSection\":[\"Flamengo\"],\"inLanguage\":\"pt-BR\",\"potentialAction\":[{\"@type\":\"CommentAction\",\"name\":\"Comment\",\"target\":[\"https:\/\/www.gaveanews.com\/index.php\/2025\/03\/29\/flamengo-x-internacional-a-declaracao-de-wallace-yan\/#respond\"]}],\"copyrightYear\":\"2025\",\"copyrightHolder\":{\"@id\":\"https:\/\/www.gaveanews.com\/#organization\"}},{\"@type\":\"WebPage\",\"@id\":\"https:\/\/www.gaveanews.com\/index.php\/2025\/03\/29\/flamengo-x-internacional-a-declaracao-de-wallace-yan\/\",\"url\":\"https:\/\/www.gaveanews.com\/index.php\/2025\/03\/29\/flamengo-x-internacional-a-declaracao-de-wallace-yan\/\",\"name\":\"Flamengo x Internacional: a declara\u00e7\u00e3o de Wallace Yan\",\"isPartOf\":{\"@id\":\"https:\/\/www.gaveanews.com\/#website\"},\"primaryImageOfPage\":{\"@id\":\"https:\/\/www.gaveanews.com\/index.php\/2025\/03\/29\/flamengo-x-internacional-a-declaracao-de-wallace-yan\/#primaryimage\"},\"image\":{\"@id\":\"https:\/\/www.gaveanews.com\/index.php\/2025\/03\/29\/flamengo-x-internacional-a-declaracao-de-wallace-yan\/#primaryimage\"},\"thumbnailUrl\":\"https:\/\/www.gaveanews.com\/wp-content\/uploads\/Wallace-Yan-pelo-Flamengo.webp\",\"datePublished\":\"2025-03-30T02:49:10+00:00\",\"dateModified\":\"2025-03-30T02:49:14+00:00\",\"author\":{\"@id\":\"https:\/\/www.gaveanews.com\/#\/schema\/person\/daf63eec72e1164eb13dc35096c2b8da\"},\"breadcrumb\":{\"@id\":\"https:\/\/www.gaveanews.com\/index.php\/2025\/03\/29\/flamengo-x-internacional-a-declaracao-de-wallace-yan\/#breadcrumb\"},\"inLanguage\":\"pt-BR\",\"potentialAction\":[{\"@type\":\"ReadAction\",\"target\":[\"https:\/\/www.gaveanews.com\/index.php\/2025\/03\/29\/flamengo-x-internacional-a-declaracao-de-wallace-yan\/\"]}]},{\"@type\":\"ImageObject\",\"inLanguage\":\"pt-BR\",\"@id\":\"https:\/\/www.gaveanews.com\/index.php\/2025\/03\/29\/flamengo-x-internacional-a-declaracao-de-wallace-yan\/#primaryimage\",\"url\":\"https:\/\/www.gaveanews.com\/wp-content\/uploads\/Wallace-Yan-pelo-Flamengo.webp\",\"contentUrl\":\"https:\/\/www.gaveanews.com\/wp-content\/uploads\/Wallace-Yan-pelo-Flamengo.webp\",\"width\":546,\"height\":384,\"caption\":\"Wallace Yan pelo Flamengo (Foto: Reprodu\u00e7\u00e3o\/Instagram)\"},{\"@type\":\"BreadcrumbList\",\"@id\":\"https:\/\/www.gaveanews.com\/index.php\/2025\/03\/29\/flamengo-x-internacional-a-declaracao-de-wallace-yan\/#breadcrumb\",\"itemListElement\":[{\"@type\":\"ListItem\",\"position\":1,\"name\":\"Home\",\"item\":\"https:\/\/www.gaveanews.com\/\"},{\"@type\":\"ListItem\",\"position\":2,\"name\":\"Flamengo x Internacional: a declara\u00e7\u00e3o de Wallace Yan\"}]},{\"@type\":\"WebSite\",\"@id\":\"https:\/\/www.gaveanews.com\/#website\",\"url\":\"https:\/\/www.gaveanews.com\/\",\"name\":\"G\u00e1vea News\",\"description\":\"Veja todas as not\u00edcias sobre o Flamengo: Contrata\u00e7\u00f5es, categorias de base, resultados das partidas, tabela de classifica\u00e7\u00e3o, pr\u00f3ximos jogos!\",\"potentialAction\":[{\"@type\":\"SearchAction\",\"target\":{\"@type\":\"EntryPoint\",\"urlTemplate\":\"https:\/\/www.gaveanews.com\/?s={search_term_string}\"},\"query-input\":{\"@type\":\"PropertyValueSpecification\",\"valueRequired\":true,\"valueName\":\"search_term_string\"}}],\"inLanguage\":\"pt-BR\"},{\"@type\":\"Person\",\"@id\":\"https:\/\/www.gaveanews.com\/#\/schema\/person\/daf63eec72e1164eb13dc35096c2b8da\",\"name\":\"Paula Silva\",\"image\":{\"@type\":\"ImageObject\",\"inLanguage\":\"pt-BR\",\"@id\":\"https:\/\/www.gaveanews.com\/#\/schema\/person\/image\/\",\"url\":\"https:\/\/secure.gravatar.com\/avatar\/eda381c845527cc5d64c13b901833cda29d97500ba040d3e6461f76f51d163bb?s=96&d=mm&r=g\",\"contentUrl\":\"https:\/\/secure.gravatar.com\/avatar\/eda381c845527cc5d64c13b901833cda29d97500ba040d3e6461f76f51d163bb?s=96&d=mm&r=g\",\"caption\":\"Paula Silva\"}}]}<\/script>\n<!-- \/ Yoast SEO Premium plugin. -->","yoast_head_json":{"title":"Flamengo x Internacional: a declara\u00e7\u00e3o de Wallace Yan","robots":{"index":"index","follow":"follow","max-snippet":"max-snippet:-1","max-image-preview":"max-image-preview:large","max-video-preview":"max-video-preview:-1"},"canonical":"https:\/\/www.gaveanews.com\/index.php\/2025\/03\/29\/flamengo-x-internacional-a-declaracao-de-wallace-yan\/","og_locale":"pt_BR","og_type":"article","og_title":"Flamengo x Internacional: a declara\u00e7\u00e3o de Wallace Yan","og_description":"Flamengo e Internacional se enfrentaram neste s\u00e1bado (29), no Maracan\u00e3, para disputar a primeira rodada do Campeonato Brasileiro. A partida, que foi bastante disputada, terminou empatada em 1 a 1, com grandes chances desperdi\u00e7adas por ambos os times. Ao final do confronto, Wallace Yan, atacante do Flamengo, analisou a partida. O jogador contou o que [&hellip;]","og_url":"https:\/\/www.gaveanews.com\/index.php\/2025\/03\/29\/flamengo-x-internacional-a-declaracao-de-wallace-yan\/","og_site_name":"G\u00e1vea News","article_publisher":"https:\/\/facebook.com\/gaveaNews\/","article_published_time":"2025-03-30T02:49:10+00:00","article_modified_time":"2025-03-30T02:49:14+00:00","og_image":[{"width":546,"height":384,"url":"http:\/\/www.gaveanews.com\/wp-content\/uploads\/Wallace-Yan-pelo-Flamengo.webp","type":"image\/jpeg"}],"author":"Paula Silva","twitter_card":"summary_large_image","twitter_misc":{"Escrito por":"Paula Silva","Est. tempo de leitura":"3 minutos"},"schema":{"@context":"https:\/\/schema.org","@graph":[{"@type":"NewsArticle","@id":"https:\/\/www.gaveanews.com\/index.php\/2025\/03\/29\/flamengo-x-internacional-a-declaracao-de-wallace-yan\/#article","isPartOf":{"@id":"https:\/\/www.gaveanews.com\/index.php\/2025\/03\/29\/flamengo-x-internacional-a-declaracao-de-wallace-yan\/"},"author":{"name":"Paula Silva","@id":"https:\/\/www.gaveanews.com\/#\/schema\/person\/daf63eec72e1164eb13dc35096c2b8da"},"headline":"Flamengo x Internacional: a declara\u00e7\u00e3o de Wallace Yan","datePublished":"2025-03-30T02:49:10+00:00","dateModified":"2025-03-30T02:49:14+00:00","mainEntityOfPage":{"@id":"https:\/\/www.gaveanews.com\/index.php\/2025\/03\/29\/flamengo-x-internacional-a-declaracao-de-wallace-yan\/"},"wordCount":459,"commentCount":0,"image":{"@id":"https:\/\/www.gaveanews.com\/index.php\/2025\/03\/29\/flamengo-x-internacional-a-declaracao-de-wallace-yan\/#primaryimage"},"thumbnailUrl":"https:\/\/www.gaveanews.com\/wp-content\/uploads\/Wallace-Yan-pelo-Flamengo.webp","articleSection":["Flamengo"],"inLanguage":"pt-BR","potentialAction":[{"@type":"CommentAction","name":"Comment","target":["https:\/\/www.gaveanews.com\/index.php\/2025\/03\/29\/flamengo-x-internacional-a-declaracao-de-wallace-yan\/#respond"]}],"copyrightYear":"2025","copyrightHolder":{"@id":"https:\/\/www.gaveanews.com\/#organization"}},{"@type":"WebPage","@id":"https:\/\/www.gaveanews.com\/index.php\/2025\/03\/29\/flamengo-x-internacional-a-declaracao-de-wallace-yan\/","url":"https:\/\/www.gaveanews.com\/index.php\/2025\/03\/29\/flamengo-x-internacional-a-declaracao-de-wallace-yan\/","name":"Flamengo x Internacional: a declara\u00e7\u00e3o de Wallace Yan","isPartOf":{"@id":"https:\/\/www.gaveanews.com\/#website"},"primaryImageOfPage":{"@id":"https:\/\/www.gaveanews.com\/index.php\/2025\/03\/29\/flamengo-x-internacional-a-declaracao-de-wallace-yan\/#primaryimage"},"image":{"@id":"https:\/\/www.gaveanews.com\/index.php\/2025\/03\/29\/flamengo-x-internacional-a-declaracao-de-wallace-yan\/#primaryimage"},"thumbnailUrl":"https:\/\/www.gaveanews.com\/wp-content\/uploads\/Wallace-Yan-pelo-Flamengo.webp","datePublished":"2025-03-30T02:49:10+00:00","dateModified":"2025-03-30T02:49:14+00:00","author":{"@id":"https:\/\/www.gaveanews.com\/#\/schema\/person\/daf63eec72e1164eb13dc35096c2b8da"},"breadcrumb":{"@id":"https:\/\/www.gaveanews.com\/index.php\/2025\/03\/29\/flamengo-x-internacional-a-declaracao-de-wallace-yan\/#breadcrumb"},"inLanguage":"pt-BR","potentialAction":[{"@type":"ReadAction","target":["https:\/\/www.gaveanews.com\/index.php\/2025\/03\/29\/flamengo-x-internacional-a-declaracao-de-wallace-yan\/"]}]},{"@type":"ImageObject","inLanguage":"pt-BR","@id":"https:\/\/www.gaveanews.com\/index.php\/2025\/03\/29\/flamengo-x-internacional-a-declaracao-de-wallace-yan\/#primaryimage","url":"https:\/\/www.gaveanews.com\/wp-content\/uploads\/Wallace-Yan-pelo-Flamengo.webp","contentUrl":"https:\/\/www.gaveanews.com\/wp-content\/uploads\/Wallace-Yan-pelo-Flamengo.webp","width":546,"height":384,"caption":"Wallace Yan pelo Flamengo (Foto: Reprodu\u00e7\u00e3o\/Instagram)"},{"@type":"BreadcrumbList","@id":"https:\/\/www.gaveanews.com\/index.php\/2025\/03\/29\/flamengo-x-internacional-a-declaracao-de-wallace-yan\/#breadcrumb","itemListElement":[{"@type":"ListItem","position":1,"name":"Home","item":"https:\/\/www.gaveanews.com\/"},{"@type":"ListItem","position":2,"name":"Flamengo x Internacional: a declara\u00e7\u00e3o de Wallace Yan"}]},{"@type":"WebSite","@id":"https:\/\/www.gaveanews.com\/#website","url":"https:\/\/www.gaveanews.com\/","name":"G\u00e1vea News","description":"Veja todas as not\u00edcias sobre o Flamengo: Contrata\u00e7\u00f5es, categorias de base, resultados das partidas, tabela de classifica\u00e7\u00e3o, pr\u00f3ximos jogos!","potentialAction":[{"@type":"SearchAction","target":{"@type":"EntryPoint","urlTemplate":"https:\/\/www.gaveanews.com\/?s={search_term_string}"},"query-input":{"@type":"PropertyValueSpecification","valueRequired":true,"valueName":"search_term_string"}}],"inLanguage":"pt-BR"},{"@type":"Person","@id":"https:\/\/www.gaveanews.com\/#\/schema\/person\/daf63eec72e1164eb13dc35096c2b8da","name":"Paula Silva","image":{"@type":"ImageObject","inLanguage":"pt-BR","@id":"https:\/\/www.gaveanews.com\/#\/schema\/person\/image\/","url":"https:\/\/secure.gravatar.com\/avatar\/eda381c845527cc5d64c13b901833cda29d97500ba040d3e6461f76f51d163bb?s=96&d=mm&r=g","contentUrl":"https:\/\/secure.gravatar.com\/avatar\/eda381c845527cc5d64c13b901833cda29d97500ba040d3e6461f76f51d163bb?s=96&d=mm&r=g","caption":"Paula Silva"}}]}},"_links":{"self":[{"href":"https:\/\/www.gaveanews.com\/index.php\/wp-json\/wp\/v2\/posts\/246608","targetHints":{"allow":["GET"]}}],"collection":[{"href":"https:\/\/www.gaveanews.com\/index.php\/wp-json\/wp\/v2\/posts"}],"about":[{"href":"https:\/\/www.gaveanews.com\/index.php\/wp-json\/wp\/v2\/types\/post"}],"author":[{"embeddable":true,"href":"https:\/\/www.gaveanews.com\/index.php\/wp-json\/wp\/v2\/users\/18"}],"replies":[{"embeddable":true,"href":"https:\/\/www.gaveanews.com\/index.php\/wp-json\/wp\/v2\/comments?post=246608"}],"version-history":[{"count":1,"href":"https:\/\/www.gaveanews.com\/index.php\/wp-json\/wp\/v2\/posts\/246608\/revisions"}],"predecessor-version":[{"id":246613,"href":"https:\/\/www.gaveanews.com\/index.php\/wp-json\/wp\/v2\/posts\/246608\/revisions\/246613"}],"wp:featuredmedia":[{"embeddable":true,"href":"https:\/\/www.gaveanews.com\/index.php\/wp-json\/wp\/v2\/media\/220937"}],"wp:attachment":[{"href":"https:\/\/www.gaveanews.com\/index.php\/wp-json\/wp\/v2\/media?parent=246608"}],"wp:term":[{"taxonomy":"category","embeddable":true,"href":"https:\/\/www.gaveanews.com\/index.php\/wp-json\/wp\/v2\/categories?post=246608"},{"taxonomy":"post_tag","embeddable":true,"href":"https:\/\/www.gaveanews.com\/index.php\/wp-json\/wp\/v2\/tags?post=246608"}],"curies":[{"name":"wp","href":"https:\/\/api.w.org\/{rel}","templated":true}]}}