{"id":246609,"date":"2025-03-29T23:29:08","date_gmt":"2025-03-30T02:29:08","guid":{"rendered":"https:\/\/www.gaveanews.com\/?p=246609"},"modified":"2025-03-29T23:29:10","modified_gmt":"2025-03-30T02:29:10","slug":"gremio-x-atletico-mg-a-declaracao-de-quinteros","status":"publish","type":"post","link":"https:\/\/www.gaveanews.com\/index.php\/2025\/03\/29\/gremio-x-atletico-mg-a-declaracao-de-quinteros\/","title":{"rendered":"Gr\u00eamio x Atl\u00e9tico-MG: a declara\u00e7\u00e3o de Quinteros"},"content":{"rendered":"\n<p>Apesar da vit\u00f3ria por 2 a 1 sobre o Atl\u00e9tico-MG neste s\u00e1bado, Gustavo Quinteros reconheceu que o Gr\u00eamio apresentou problemas, especialmente nos primeiros 20 minutos de jogo. O treinador admitiu que n\u00e3o est\u00e1 totalmente satisfeito com o desempenho da equipe, mas ressaltou a import\u00e2ncia da efic\u00e1cia ofensiva.<\/p>\n\n\n\n<p>Quinteros optou por Edenilson ao lado de Villasanti e Camilo no meio-campo, deixando Cristaldo e Monsalve no banco. A dupla, inclusive, n\u00e3o entrou em campo no segundo tempo. O t\u00e9cnico mencionou que ainda busca uma forma\u00e7\u00e3o que ofere\u00e7a maior solidez defensiva, embora prefira um time que crie mais oportunidades de gol.<\/p>\n\n\n\n<p> &#8220;Quase todos os jogos anteriores do Gauch\u00e3o jogou ou Franco ou Monsalve. O time n\u00e3o encontrou esse funcionamento que quer\u00edamos. O Gre-Nal jogamos com Edenilson e Villasanti, o time melhorou na solidez. E hoje tentamos fazer o mesmo, mas n\u00e3o foi igual. N\u00e3o tivemos esse volume de jogo que buscamos. Eu como treinador ainda n\u00e3o estou contente com o jogo da equipe. Preciso que a equipe jogue melhor&#8221;, analisou o t\u00e9cnico.<\/p>\n\n\n\n<p>O goleiro Tiago Volpi foi um dos destaques da partida, com grandes defesas, incluindo algumas cara a cara com os atacantes advers\u00e1rios. Quinteros admitiu que o Gr\u00eamio n\u00e3o teve um bom come\u00e7o de jogo e explicou os ajustes feitos durante a partida.<\/p>\n\n\n\n<p> &#8220;Depois de 20 minutos, come\u00e7amos a nos organizar melhor, colocamos os dois volantes como dupla para tratar de contrapor os extremos por dentro. Melhoramos um pouco e ganhamos o jogo porque tivemos efic\u00e1cia. Tivemos talvez menos situa\u00e7\u00f5es que o rival, mas tivemos efic\u00e1cia na defini\u00e7\u00e3o. Isso \u00e9 algo que \u00e9 importante&#8221;, comentou.<\/p>\n\n\n\n<p>O treinador tamb\u00e9m destacou que, embora o time n\u00e3o tenha jogado como desejado, a vit\u00f3ria contra um grande rival \u00e9 um ponto positivo. &#8220;Como tamb\u00e9m \u00e9 ganhar um jogo como hoje contra um rival grande, ainda que sem jogar como queremos. Temos que melhorar bastante&#8221;, afirmou.<\/p>\n\n\n\n<p>O Gr\u00eamio agora se prepara para seu pr\u00f3ximo jogo, na quarta-feira, contra o Sportivo Luque\u00f1o, pela Copa Sul-Americana, e depois volta a disputar o Campeonato Brasileiro no s\u00e1bado, contra o Cear\u00e1, no Castel\u00e3o.<\/p>\n","protected":false},"excerpt":{"rendered":"<p>Apesar da vit\u00f3ria por 2 a 1 sobre o Atl\u00e9tico-MG neste s\u00e1bado, Gustavo Quinteros reconheceu que o Gr\u00eamio apresentou problemas, especialmente nos primeiros 20 minutos de jogo. O treinador admitiu que n\u00e3o est\u00e1 totalmente satisfeito com o desempenho da equipe, mas ressaltou a import\u00e2ncia da efic\u00e1cia ofensiva. Quinteros optou por Edenilson ao lado de Villasanti [&hellip;]<\/p>\n","protected":false},"author":17,"featured_media":244439,"comment_status":"open","ping_status":"closed","sticky":false,"template":"","format":"standard","meta":{"footnotes":""},"categories":[147],"tags":[],"class_list":["post-246609","post","type-post","status-publish","format-standard","has-post-thumbnail","hentry","category-gremio"],"yoast_head":"<!-- This site is optimized with the Yoast SEO Premium plugin v24.2 (Yoast SEO v26.9) - https:\/\/yoast.com\/product\/yoast-seo-premium-wordpress\/ -->\n<title>Gr\u00eamio x Atl\u00e9tico-MG: a declara\u00e7\u00e3o de Quinteros<\/title>\n<meta name=\"robots\" content=\"index, follow, max-snippet:-1, max-image-preview:large, max-video-preview:-1\" \/>\n<link rel=\"canonical\" href=\"https:\/\/www.gaveanews.com\/index.php\/2025\/03\/29\/gremio-x-atletico-mg-a-declaracao-de-quinteros\/\" \/>\n<meta property=\"og:locale\" content=\"pt_BR\" \/>\n<meta property=\"og:type\" content=\"article\" \/>\n<meta property=\"og:title\" content=\"Gr\u00eamio x Atl\u00e9tico-MG: a declara\u00e7\u00e3o de Quinteros\" \/>\n<meta property=\"og:description\" content=\"Apesar da vit\u00f3ria por 2 a 1 sobre o Atl\u00e9tico-MG neste s\u00e1bado, Gustavo Quinteros reconheceu que o Gr\u00eamio apresentou problemas, especialmente nos primeiros 20 minutos de jogo. O treinador admitiu que n\u00e3o est\u00e1 totalmente satisfeito com o desempenho da equipe, mas ressaltou a import\u00e2ncia da efic\u00e1cia ofensiva. Quinteros optou por Edenilson ao lado de Villasanti [&hellip;]\" \/>\n<meta property=\"og:url\" content=\"https:\/\/www.gaveanews.com\/index.php\/2025\/03\/29\/gremio-x-atletico-mg-a-declaracao-de-quinteros\/\" \/>\n<meta property=\"og:site_name\" content=\"G\u00e1vea News\" \/>\n<meta property=\"article:publisher\" content=\"https:\/\/facebook.com\/gaveaNews\/\" \/>\n<meta property=\"article:published_time\" content=\"2025-03-30T02:29:08+00:00\" \/>\n<meta property=\"article:modified_time\" content=\"2025-03-30T02:29:10+00:00\" \/>\n<meta property=\"og:image\" content=\"http:\/\/www.gaveanews.com\/wp-content\/uploads\/Gustavo-Quinteros-em-acao-pelo-Gremio.webp\" \/>\n\t<meta property=\"og:image:width\" content=\"900\" \/>\n\t<meta property=\"og:image:height\" content=\"600\" \/>\n\t<meta property=\"og:image:type\" content=\"image\/jpeg\" \/>\n<meta name=\"author\" content=\"Geovanna Thomaz\" \/>\n<meta name=\"twitter:card\" content=\"summary_large_image\" \/>\n<meta name=\"twitter:label1\" content=\"Escrito por\" \/>\n\t<meta name=\"twitter:data1\" content=\"Geovanna Thomaz\" \/>\n\t<meta name=\"twitter:label2\" content=\"Est. tempo de leitura\" \/>\n\t<meta name=\"twitter:data2\" content=\"3 minutos\" \/>\n<script type=\"application\/ld+json\" class=\"yoast-schema-graph\">{\"@context\":\"https:\/\/schema.org\",\"@graph\":[{\"@type\":\"NewsArticle\",\"@id\":\"https:\/\/www.gaveanews.com\/index.php\/2025\/03\/29\/gremio-x-atletico-mg-a-declaracao-de-quinteros\/#article\",\"isPartOf\":{\"@id\":\"https:\/\/www.gaveanews.com\/index.php\/2025\/03\/29\/gremio-x-atletico-mg-a-declaracao-de-quinteros\/\"},\"author\":{\"name\":\"Geovanna Thomaz\",\"@id\":\"https:\/\/www.gaveanews.com\/#\/schema\/person\/f42654babcd2b2014a1a65af82b081f1\"},\"headline\":\"Gr\u00eamio x Atl\u00e9tico-MG: a declara\u00e7\u00e3o de Quinteros\",\"datePublished\":\"2025-03-30T02:29:08+00:00\",\"dateModified\":\"2025-03-30T02:29:10+00:00\",\"mainEntityOfPage\":{\"@id\":\"https:\/\/www.gaveanews.com\/index.php\/2025\/03\/29\/gremio-x-atletico-mg-a-declaracao-de-quinteros\/\"},\"wordCount\":380,\"commentCount\":0,\"image\":{\"@id\":\"https:\/\/www.gaveanews.com\/index.php\/2025\/03\/29\/gremio-x-atletico-mg-a-declaracao-de-quinteros\/#primaryimage\"},\"thumbnailUrl\":\"https:\/\/www.gaveanews.com\/wp-content\/uploads\/Gustavo-Quinteros-em-acao-pelo-Gremio.webp\",\"articleSection\":[\"Gr\u00eamio\"],\"inLanguage\":\"pt-BR\",\"potentialAction\":[{\"@type\":\"CommentAction\",\"name\":\"Comment\",\"target\":[\"https:\/\/www.gaveanews.com\/index.php\/2025\/03\/29\/gremio-x-atletico-mg-a-declaracao-de-quinteros\/#respond\"]}],\"copyrightYear\":\"2025\",\"copyrightHolder\":{\"@id\":\"https:\/\/www.gaveanews.com\/#organization\"}},{\"@type\":\"WebPage\",\"@id\":\"https:\/\/www.gaveanews.com\/index.php\/2025\/03\/29\/gremio-x-atletico-mg-a-declaracao-de-quinteros\/\",\"url\":\"https:\/\/www.gaveanews.com\/index.php\/2025\/03\/29\/gremio-x-atletico-mg-a-declaracao-de-quinteros\/\",\"name\":\"Gr\u00eamio x Atl\u00e9tico-MG: a declara\u00e7\u00e3o de Quinteros\",\"isPartOf\":{\"@id\":\"https:\/\/www.gaveanews.com\/#website\"},\"primaryImageOfPage\":{\"@id\":\"https:\/\/www.gaveanews.com\/index.php\/2025\/03\/29\/gremio-x-atletico-mg-a-declaracao-de-quinteros\/#primaryimage\"},\"image\":{\"@id\":\"https:\/\/www.gaveanews.com\/index.php\/2025\/03\/29\/gremio-x-atletico-mg-a-declaracao-de-quinteros\/#primaryimage\"},\"thumbnailUrl\":\"https:\/\/www.gaveanews.com\/wp-content\/uploads\/Gustavo-Quinteros-em-acao-pelo-Gremio.webp\",\"datePublished\":\"2025-03-30T02:29:08+00:00\",\"dateModified\":\"2025-03-30T02:29:10+00:00\",\"author\":{\"@id\":\"https:\/\/www.gaveanews.com\/#\/schema\/person\/f42654babcd2b2014a1a65af82b081f1\"},\"breadcrumb\":{\"@id\":\"https:\/\/www.gaveanews.com\/index.php\/2025\/03\/29\/gremio-x-atletico-mg-a-declaracao-de-quinteros\/#breadcrumb\"},\"inLanguage\":\"pt-BR\",\"potentialAction\":[{\"@type\":\"ReadAction\",\"target\":[\"https:\/\/www.gaveanews.com\/index.php\/2025\/03\/29\/gremio-x-atletico-mg-a-declaracao-de-quinteros\/\"]}]},{\"@type\":\"ImageObject\",\"inLanguage\":\"pt-BR\",\"@id\":\"https:\/\/www.gaveanews.com\/index.php\/2025\/03\/29\/gremio-x-atletico-mg-a-declaracao-de-quinteros\/#primaryimage\",\"url\":\"https:\/\/www.gaveanews.com\/wp-content\/uploads\/Gustavo-Quinteros-em-acao-pelo-Gremio.webp\",\"contentUrl\":\"https:\/\/www.gaveanews.com\/wp-content\/uploads\/Gustavo-Quinteros-em-acao-pelo-Gremio.webp\",\"width\":900,\"height\":600,\"caption\":\"Gustavo Quinteros em a\u00e7\u00e3o pelo Gr\u00eamio (Foto: Lucas Uebel\/Gr\u00eamio FBPA)\"},{\"@type\":\"BreadcrumbList\",\"@id\":\"https:\/\/www.gaveanews.com\/index.php\/2025\/03\/29\/gremio-x-atletico-mg-a-declaracao-de-quinteros\/#breadcrumb\",\"itemListElement\":[{\"@type\":\"ListItem\",\"position\":1,\"name\":\"Home\",\"item\":\"https:\/\/www.gaveanews.com\/\"},{\"@type\":\"ListItem\",\"position\":2,\"name\":\"Gr\u00eamio x Atl\u00e9tico-MG: a declara\u00e7\u00e3o de Quinteros\"}]},{\"@type\":\"WebSite\",\"@id\":\"https:\/\/www.gaveanews.com\/#website\",\"url\":\"https:\/\/www.gaveanews.com\/\",\"name\":\"G\u00e1vea News\",\"description\":\"Veja todas as not\u00edcias sobre o Flamengo: Contrata\u00e7\u00f5es, categorias de base, resultados das partidas, tabela de classifica\u00e7\u00e3o, pr\u00f3ximos jogos!\",\"potentialAction\":[{\"@type\":\"SearchAction\",\"target\":{\"@type\":\"EntryPoint\",\"urlTemplate\":\"https:\/\/www.gaveanews.com\/?s={search_term_string}\"},\"query-input\":{\"@type\":\"PropertyValueSpecification\",\"valueRequired\":true,\"valueName\":\"search_term_string\"}}],\"inLanguage\":\"pt-BR\"},{\"@type\":\"Person\",\"@id\":\"https:\/\/www.gaveanews.com\/#\/schema\/person\/f42654babcd2b2014a1a65af82b081f1\",\"name\":\"Geovanna Thomaz\",\"image\":{\"@type\":\"ImageObject\",\"inLanguage\":\"pt-BR\",\"@id\":\"https:\/\/www.gaveanews.com\/#\/schema\/person\/image\/\",\"url\":\"https:\/\/secure.gravatar.com\/avatar\/4092073255489533afb558984b49b64268c47198af8623cc82a925ae9fb7118a?s=96&d=mm&r=g\",\"contentUrl\":\"https:\/\/secure.gravatar.com\/avatar\/4092073255489533afb558984b49b64268c47198af8623cc82a925ae9fb7118a?s=96&d=mm&r=g\",\"caption\":\"Geovanna Thomaz\"}}]}<\/script>\n<!-- \/ Yoast SEO Premium plugin. -->","yoast_head_json":{"title":"Gr\u00eamio x Atl\u00e9tico-MG: a declara\u00e7\u00e3o de Quinteros","robots":{"index":"index","follow":"follow","max-snippet":"max-snippet:-1","max-image-preview":"max-image-preview:large","max-video-preview":"max-video-preview:-1"},"canonical":"https:\/\/www.gaveanews.com\/index.php\/2025\/03\/29\/gremio-x-atletico-mg-a-declaracao-de-quinteros\/","og_locale":"pt_BR","og_type":"article","og_title":"Gr\u00eamio x Atl\u00e9tico-MG: a declara\u00e7\u00e3o de Quinteros","og_description":"Apesar da vit\u00f3ria por 2 a 1 sobre o Atl\u00e9tico-MG neste s\u00e1bado, Gustavo Quinteros reconheceu que o Gr\u00eamio apresentou problemas, especialmente nos primeiros 20 minutos de jogo. O treinador admitiu que n\u00e3o est\u00e1 totalmente satisfeito com o desempenho da equipe, mas ressaltou a import\u00e2ncia da efic\u00e1cia ofensiva. Quinteros optou por Edenilson ao lado de Villasanti [&hellip;]","og_url":"https:\/\/www.gaveanews.com\/index.php\/2025\/03\/29\/gremio-x-atletico-mg-a-declaracao-de-quinteros\/","og_site_name":"G\u00e1vea News","article_publisher":"https:\/\/facebook.com\/gaveaNews\/","article_published_time":"2025-03-30T02:29:08+00:00","article_modified_time":"2025-03-30T02:29:10+00:00","og_image":[{"width":900,"height":600,"url":"http:\/\/www.gaveanews.com\/wp-content\/uploads\/Gustavo-Quinteros-em-acao-pelo-Gremio.webp","type":"image\/jpeg"}],"author":"Geovanna Thomaz","twitter_card":"summary_large_image","twitter_misc":{"Escrito por":"Geovanna Thomaz","Est. tempo de leitura":"3 minutos"},"schema":{"@context":"https:\/\/schema.org","@graph":[{"@type":"NewsArticle","@id":"https:\/\/www.gaveanews.com\/index.php\/2025\/03\/29\/gremio-x-atletico-mg-a-declaracao-de-quinteros\/#article","isPartOf":{"@id":"https:\/\/www.gaveanews.com\/index.php\/2025\/03\/29\/gremio-x-atletico-mg-a-declaracao-de-quinteros\/"},"author":{"name":"Geovanna Thomaz","@id":"https:\/\/www.gaveanews.com\/#\/schema\/person\/f42654babcd2b2014a1a65af82b081f1"},"headline":"Gr\u00eamio x Atl\u00e9tico-MG: a declara\u00e7\u00e3o de Quinteros","datePublished":"2025-03-30T02:29:08+00:00","dateModified":"2025-03-30T02:29:10+00:00","mainEntityOfPage":{"@id":"https:\/\/www.gaveanews.com\/index.php\/2025\/03\/29\/gremio-x-atletico-mg-a-declaracao-de-quinteros\/"},"wordCount":380,"commentCount":0,"image":{"@id":"https:\/\/www.gaveanews.com\/index.php\/2025\/03\/29\/gremio-x-atletico-mg-a-declaracao-de-quinteros\/#primaryimage"},"thumbnailUrl":"https:\/\/www.gaveanews.com\/wp-content\/uploads\/Gustavo-Quinteros-em-acao-pelo-Gremio.webp","articleSection":["Gr\u00eamio"],"inLanguage":"pt-BR","potentialAction":[{"@type":"CommentAction","name":"Comment","target":["https:\/\/www.gaveanews.com\/index.php\/2025\/03\/29\/gremio-x-atletico-mg-a-declaracao-de-quinteros\/#respond"]}],"copyrightYear":"2025","copyrightHolder":{"@id":"https:\/\/www.gaveanews.com\/#organization"}},{"@type":"WebPage","@id":"https:\/\/www.gaveanews.com\/index.php\/2025\/03\/29\/gremio-x-atletico-mg-a-declaracao-de-quinteros\/","url":"https:\/\/www.gaveanews.com\/index.php\/2025\/03\/29\/gremio-x-atletico-mg-a-declaracao-de-quinteros\/","name":"Gr\u00eamio x Atl\u00e9tico-MG: a declara\u00e7\u00e3o de Quinteros","isPartOf":{"@id":"https:\/\/www.gaveanews.com\/#website"},"primaryImageOfPage":{"@id":"https:\/\/www.gaveanews.com\/index.php\/2025\/03\/29\/gremio-x-atletico-mg-a-declaracao-de-quinteros\/#primaryimage"},"image":{"@id":"https:\/\/www.gaveanews.com\/index.php\/2025\/03\/29\/gremio-x-atletico-mg-a-declaracao-de-quinteros\/#primaryimage"},"thumbnailUrl":"https:\/\/www.gaveanews.com\/wp-content\/uploads\/Gustavo-Quinteros-em-acao-pelo-Gremio.webp","datePublished":"2025-03-30T02:29:08+00:00","dateModified":"2025-03-30T02:29:10+00:00","author":{"@id":"https:\/\/www.gaveanews.com\/#\/schema\/person\/f42654babcd2b2014a1a65af82b081f1"},"breadcrumb":{"@id":"https:\/\/www.gaveanews.com\/index.php\/2025\/03\/29\/gremio-x-atletico-mg-a-declaracao-de-quinteros\/#breadcrumb"},"inLanguage":"pt-BR","potentialAction":[{"@type":"ReadAction","target":["https:\/\/www.gaveanews.com\/index.php\/2025\/03\/29\/gremio-x-atletico-mg-a-declaracao-de-quinteros\/"]}]},{"@type":"ImageObject","inLanguage":"pt-BR","@id":"https:\/\/www.gaveanews.com\/index.php\/2025\/03\/29\/gremio-x-atletico-mg-a-declaracao-de-quinteros\/#primaryimage","url":"https:\/\/www.gaveanews.com\/wp-content\/uploads\/Gustavo-Quinteros-em-acao-pelo-Gremio.webp","contentUrl":"https:\/\/www.gaveanews.com\/wp-content\/uploads\/Gustavo-Quinteros-em-acao-pelo-Gremio.webp","width":900,"height":600,"caption":"Gustavo Quinteros em a\u00e7\u00e3o pelo Gr\u00eamio (Foto: Lucas Uebel\/Gr\u00eamio FBPA)"},{"@type":"BreadcrumbList","@id":"https:\/\/www.gaveanews.com\/index.php\/2025\/03\/29\/gremio-x-atletico-mg-a-declaracao-de-quinteros\/#breadcrumb","itemListElement":[{"@type":"ListItem","position":1,"name":"Home","item":"https:\/\/www.gaveanews.com\/"},{"@type":"ListItem","position":2,"name":"Gr\u00eamio x Atl\u00e9tico-MG: a declara\u00e7\u00e3o de Quinteros"}]},{"@type":"WebSite","@id":"https:\/\/www.gaveanews.com\/#website","url":"https:\/\/www.gaveanews.com\/","name":"G\u00e1vea News","description":"Veja todas as not\u00edcias sobre o Flamengo: Contrata\u00e7\u00f5es, categorias de base, resultados das partidas, tabela de classifica\u00e7\u00e3o, pr\u00f3ximos jogos!","potentialAction":[{"@type":"SearchAction","target":{"@type":"EntryPoint","urlTemplate":"https:\/\/www.gaveanews.com\/?s={search_term_string}"},"query-input":{"@type":"PropertyValueSpecification","valueRequired":true,"valueName":"search_term_string"}}],"inLanguage":"pt-BR"},{"@type":"Person","@id":"https:\/\/www.gaveanews.com\/#\/schema\/person\/f42654babcd2b2014a1a65af82b081f1","name":"Geovanna Thomaz","image":{"@type":"ImageObject","inLanguage":"pt-BR","@id":"https:\/\/www.gaveanews.com\/#\/schema\/person\/image\/","url":"https:\/\/secure.gravatar.com\/avatar\/4092073255489533afb558984b49b64268c47198af8623cc82a925ae9fb7118a?s=96&d=mm&r=g","contentUrl":"https:\/\/secure.gravatar.com\/avatar\/4092073255489533afb558984b49b64268c47198af8623cc82a925ae9fb7118a?s=96&d=mm&r=g","caption":"Geovanna Thomaz"}}]}},"_links":{"self":[{"href":"https:\/\/www.gaveanews.com\/index.php\/wp-json\/wp\/v2\/posts\/246609","targetHints":{"allow":["GET"]}}],"collection":[{"href":"https:\/\/www.gaveanews.com\/index.php\/wp-json\/wp\/v2\/posts"}],"about":[{"href":"https:\/\/www.gaveanews.com\/index.php\/wp-json\/wp\/v2\/types\/post"}],"author":[{"embeddable":true,"href":"https:\/\/www.gaveanews.com\/index.php\/wp-json\/wp\/v2\/users\/17"}],"replies":[{"embeddable":true,"href":"https:\/\/www.gaveanews.com\/index.php\/wp-json\/wp\/v2\/comments?post=246609"}],"version-history":[{"count":1,"href":"https:\/\/www.gaveanews.com\/index.php\/wp-json\/wp\/v2\/posts\/246609\/revisions"}],"predecessor-version":[{"id":246610,"href":"https:\/\/www.gaveanews.com\/index.php\/wp-json\/wp\/v2\/posts\/246609\/revisions\/246610"}],"wp:featuredmedia":[{"embeddable":true,"href":"https:\/\/www.gaveanews.com\/index.php\/wp-json\/wp\/v2\/media\/244439"}],"wp:attachment":[{"href":"https:\/\/www.gaveanews.com\/index.php\/wp-json\/wp\/v2\/media?parent=246609"}],"wp:term":[{"taxonomy":"category","embeddable":true,"href":"https:\/\/www.gaveanews.com\/index.php\/wp-json\/wp\/v2\/categories?post=246609"},{"taxonomy":"post_tag","embeddable":true,"href":"https:\/\/www.gaveanews.com\/index.php\/wp-json\/wp\/v2\/tags?post=246609"}],"curies":[{"name":"wp","href":"https:\/\/api.w.org\/{rel}","templated":true}]}}