{"id":246618,"date":"2025-03-29T23:55:54","date_gmt":"2025-03-30T02:55:54","guid":{"rendered":"https:\/\/www.gaveanews.com\/?p=246618"},"modified":"2025-03-29T23:55:58","modified_gmt":"2025-03-30T02:55:58","slug":"flamengo-e-internacional-empatam-na-estreia-do-brasileirao","status":"publish","type":"post","link":"https:\/\/www.gaveanews.com\/index.php\/2025\/03\/29\/flamengo-e-internacional-empatam-na-estreia-do-brasileirao\/","title":{"rendered":"Flamengo e Internacional empatam na estreia do Brasileir\u00e3o"},"content":{"rendered":"\n<p>Na abertura do Campeonato Brasileiro 2025, Flamengo e Internacional empataram por 1 a 1 no Maracan\u00e3, em duelo disputado na noite de s\u00e1bado (29 de mar\u00e7o), \u00e0s 21h (hor\u00e1rio de Bras\u00edlia). A partida foi marcada por abordagens t\u00e1ticas distintas dos treinadores Filipe Lu\u00eds e Roger Machado, com cada equipe dominando um tempo.<\/p>\n\n\n\n<p>O Internacional abriu o placar aos 34 minutos da primeira etapa, quando Bruno Henrique aproveitou cruzamento preciso de Bernabei e finalizou com categoria. O time colorado demonstrou forte compacta\u00e7\u00e3o defensiva e soube explorar os contra-ataques, estrat\u00e9gia que funcionou at\u00e9 o intervalo.<\/p>\n\n\n\n<p>Entretanto, o Flamengo voltou melhor para o segundo tempo. Filipe Lu\u00eds ajustou o posicionamento de Alex Sandro, que passou a atuar mais por dentro, criando superioridade no setor esquerdo. Como resultado, o Rubro-Negro chegou ao empate logo aos 9 minutos, com L\u00e9o Pereira aproveitando sobra ap\u00f3s cobran\u00e7a de escanteio para mandar para as redes.<\/p>\n\n\n\n<p>Mesmo com o dom\u00ednio na etapa complementar, o Flamengo n\u00e3o conseguiu converter as oportunidades em vantagem no placar. Juninho, rec\u00e9m-contratado e estreante na equipe carioca, teve chances claras para marcar, mas desperdi\u00e7ou ambas. &#8220;N\u00e3o deveria ter falhado&#8221;, lamentou o atacante ap\u00f3s o jogo.<\/p>\n\n\n\n<p>A partida tamb\u00e9m ficou marcada por um fato curioso. O goleiro Rochet, titular do Internacional, precisou ser substitu\u00eddo no intervalo ap\u00f3s sofrer uma les\u00e3o na m\u00e3o causada por uma alian\u00e7a.<\/p>\n\n\n\n<p>Apesar da intensidade na segunda etapa, o empate prevaleceu, com ambos os treinadores sendo elogiados pelo desempenho estrat\u00e9gico. \u201cFoi um jogo decidido nos detalhes. Cada um dominou um tempo\u201d, avaliou um dos analistas presentes no est\u00e1dio.<\/p>\n\n\n\n<p>O Maracan\u00e3 n\u00e3o esteve com sua capacidade total, pois o anel superior do Setor Leste foi fechado. Ainda assim, a torcida rubro-negra fez uma bela recep\u00e7\u00e3o, com destaque para a presen\u00e7a marcante de estrangeiros nas arquibancadas.<\/p>\n\n\n\n<p><strong>FICHA T\u00c9CNICA<\/strong><br><strong>Flamengo 1 x 1 Internacional<\/strong><br><strong>Campeonato Brasileiro \u2013 Primeira rodada<\/strong><br><strong>Data e hor\u00e1rio<\/strong>: s\u00e1bado (29 de mar\u00e7o), \u00e0s 21h (hor\u00e1rio de Bras\u00edlia)<br><strong>Local<\/strong>: Est\u00e1dio do Maracan\u00e3, Rio de Janeiro<br><strong>Gols<\/strong>: Bruno Henrique (INT, 34&#8242; do 1\u00baT); L\u00e9o Pereira (FLA, 9&#8242; do 2\u00baT)<br><strong>Cart\u00f5es amarelos<\/strong>: Vitinho, Juninho e Alan Patrick (INT); De La Cruz e Pulgar (FLA)<\/p>\n\n\n\n<p><strong>Flamengo<\/strong>: Rossi; Wesley, L\u00e9o Ortiz, L\u00e9o Pereira e Alex Sandro; Pulgar, De La Cruz e Luiz Ara\u00fajo (Gonzalo Plata); Bruno Henrique (Wallace Yan), Michael (Cebolinha) e Juninho. T\u00e9cnico: Filipe Lu\u00eds.<br><strong>Internacional<\/strong>: Rochet (Anthoni); Aguirre, Vit\u00e3o, Juninho e Bernabei; Fernando, Vitinho (Carbonero), Bruno Henrique (Ronaldo) e Wesley (Thiago Maia); Alan Patrick e Borr\u00e9. T\u00e9cnico: Roger Machado.<\/p>\n","protected":false},"excerpt":{"rendered":"<p>Na abertura do Campeonato Brasileiro 2025, Flamengo e Internacional empataram por 1 a 1 no Maracan\u00e3, em duelo disputado na noite de s\u00e1bado (29 de mar\u00e7o), \u00e0s 21h (hor\u00e1rio de Bras\u00edlia). A partida foi marcada por abordagens t\u00e1ticas distintas dos treinadores Filipe Lu\u00eds e Roger Machado, com cada equipe dominando um tempo. O Internacional abriu [&hellip;]<\/p>\n","protected":false},"author":18,"featured_media":246619,"comment_status":"open","ping_status":"closed","sticky":false,"template":"","format":"standard","meta":{"footnotes":""},"categories":[1,148],"tags":[],"class_list":["post-246618","post","type-post","status-publish","format-standard","has-post-thumbnail","hentry","category-flamengo","category-internacional"],"yoast_head":"<!-- This site is optimized with the Yoast SEO Premium plugin v24.2 (Yoast SEO v26.9) - https:\/\/yoast.com\/product\/yoast-seo-premium-wordpress\/ -->\n<title>Flamengo e Internacional empatam na estreia do Brasileir\u00e3o<\/title>\n<meta name=\"robots\" content=\"index, follow, max-snippet:-1, max-image-preview:large, max-video-preview:-1\" \/>\n<link rel=\"canonical\" href=\"https:\/\/www.gaveanews.com\/index.php\/2025\/03\/29\/flamengo-e-internacional-empatam-na-estreia-do-brasileirao\/\" \/>\n<meta property=\"og:locale\" content=\"pt_BR\" \/>\n<meta property=\"og:type\" content=\"article\" \/>\n<meta property=\"og:title\" content=\"Flamengo e Internacional empatam na estreia do Brasileir\u00e3o\" \/>\n<meta property=\"og:description\" content=\"Na abertura do Campeonato Brasileiro 2025, Flamengo e Internacional empataram por 1 a 1 no Maracan\u00e3, em duelo disputado na noite de s\u00e1bado (29 de mar\u00e7o), \u00e0s 21h (hor\u00e1rio de Bras\u00edlia). A partida foi marcada por abordagens t\u00e1ticas distintas dos treinadores Filipe Lu\u00eds e Roger Machado, com cada equipe dominando um tempo. O Internacional abriu [&hellip;]\" \/>\n<meta property=\"og:url\" content=\"https:\/\/www.gaveanews.com\/index.php\/2025\/03\/29\/flamengo-e-internacional-empatam-na-estreia-do-brasileirao\/\" \/>\n<meta property=\"og:site_name\" content=\"G\u00e1vea News\" \/>\n<meta property=\"article:publisher\" content=\"https:\/\/facebook.com\/gaveaNews\/\" \/>\n<meta property=\"article:published_time\" content=\"2025-03-30T02:55:54+00:00\" \/>\n<meta property=\"article:modified_time\" content=\"2025-03-30T02:55:58+00:00\" \/>\n<meta property=\"og:image\" content=\"http:\/\/www.gaveanews.com\/wp-content\/uploads\/Flamengo-x-Internacional-pelo-Brasileirao-2025.webp\" \/>\n\t<meta property=\"og:image:width\" content=\"850\" \/>\n\t<meta property=\"og:image:height\" content=\"516\" \/>\n\t<meta property=\"og:image:type\" content=\"image\/jpeg\" \/>\n<meta name=\"author\" content=\"Paula Silva\" \/>\n<meta name=\"twitter:card\" content=\"summary_large_image\" \/>\n<meta name=\"twitter:label1\" content=\"Escrito por\" \/>\n\t<meta name=\"twitter:data1\" content=\"Paula Silva\" \/>\n\t<meta name=\"twitter:label2\" content=\"Est. tempo de leitura\" \/>\n\t<meta name=\"twitter:data2\" content=\"3 minutos\" \/>\n<script type=\"application\/ld+json\" class=\"yoast-schema-graph\">{\"@context\":\"https:\/\/schema.org\",\"@graph\":[{\"@type\":\"NewsArticle\",\"@id\":\"https:\/\/www.gaveanews.com\/index.php\/2025\/03\/29\/flamengo-e-internacional-empatam-na-estreia-do-brasileirao\/#article\",\"isPartOf\":{\"@id\":\"https:\/\/www.gaveanews.com\/index.php\/2025\/03\/29\/flamengo-e-internacional-empatam-na-estreia-do-brasileirao\/\"},\"author\":{\"name\":\"Paula Silva\",\"@id\":\"https:\/\/www.gaveanews.com\/#\/schema\/person\/daf63eec72e1164eb13dc35096c2b8da\"},\"headline\":\"Flamengo e Internacional empatam na estreia do Brasileir\u00e3o\",\"datePublished\":\"2025-03-30T02:55:54+00:00\",\"dateModified\":\"2025-03-30T02:55:58+00:00\",\"mainEntityOfPage\":{\"@id\":\"https:\/\/www.gaveanews.com\/index.php\/2025\/03\/29\/flamengo-e-internacional-empatam-na-estreia-do-brasileirao\/\"},\"wordCount\":447,\"commentCount\":0,\"image\":{\"@id\":\"https:\/\/www.gaveanews.com\/index.php\/2025\/03\/29\/flamengo-e-internacional-empatam-na-estreia-do-brasileirao\/#primaryimage\"},\"thumbnailUrl\":\"https:\/\/www.gaveanews.com\/wp-content\/uploads\/Flamengo-x-Internacional-pelo-Brasileirao-2025.webp\",\"articleSection\":[\"Flamengo\",\"Internacional\"],\"inLanguage\":\"pt-BR\",\"potentialAction\":[{\"@type\":\"CommentAction\",\"name\":\"Comment\",\"target\":[\"https:\/\/www.gaveanews.com\/index.php\/2025\/03\/29\/flamengo-e-internacional-empatam-na-estreia-do-brasileirao\/#respond\"]}],\"copyrightYear\":\"2025\",\"copyrightHolder\":{\"@id\":\"https:\/\/www.gaveanews.com\/#organization\"}},{\"@type\":\"WebPage\",\"@id\":\"https:\/\/www.gaveanews.com\/index.php\/2025\/03\/29\/flamengo-e-internacional-empatam-na-estreia-do-brasileirao\/\",\"url\":\"https:\/\/www.gaveanews.com\/index.php\/2025\/03\/29\/flamengo-e-internacional-empatam-na-estreia-do-brasileirao\/\",\"name\":\"Flamengo e Internacional empatam na estreia do Brasileir\u00e3o\",\"isPartOf\":{\"@id\":\"https:\/\/www.gaveanews.com\/#website\"},\"primaryImageOfPage\":{\"@id\":\"https:\/\/www.gaveanews.com\/index.php\/2025\/03\/29\/flamengo-e-internacional-empatam-na-estreia-do-brasileirao\/#primaryimage\"},\"image\":{\"@id\":\"https:\/\/www.gaveanews.com\/index.php\/2025\/03\/29\/flamengo-e-internacional-empatam-na-estreia-do-brasileirao\/#primaryimage\"},\"thumbnailUrl\":\"https:\/\/www.gaveanews.com\/wp-content\/uploads\/Flamengo-x-Internacional-pelo-Brasileirao-2025.webp\",\"datePublished\":\"2025-03-30T02:55:54+00:00\",\"dateModified\":\"2025-03-30T02:55:58+00:00\",\"author\":{\"@id\":\"https:\/\/www.gaveanews.com\/#\/schema\/person\/daf63eec72e1164eb13dc35096c2b8da\"},\"breadcrumb\":{\"@id\":\"https:\/\/www.gaveanews.com\/index.php\/2025\/03\/29\/flamengo-e-internacional-empatam-na-estreia-do-brasileirao\/#breadcrumb\"},\"inLanguage\":\"pt-BR\",\"potentialAction\":[{\"@type\":\"ReadAction\",\"target\":[\"https:\/\/www.gaveanews.com\/index.php\/2025\/03\/29\/flamengo-e-internacional-empatam-na-estreia-do-brasileirao\/\"]}]},{\"@type\":\"ImageObject\",\"inLanguage\":\"pt-BR\",\"@id\":\"https:\/\/www.gaveanews.com\/index.php\/2025\/03\/29\/flamengo-e-internacional-empatam-na-estreia-do-brasileirao\/#primaryimage\",\"url\":\"https:\/\/www.gaveanews.com\/wp-content\/uploads\/Flamengo-x-Internacional-pelo-Brasileirao-2025.webp\",\"contentUrl\":\"https:\/\/www.gaveanews.com\/wp-content\/uploads\/Flamengo-x-Internacional-pelo-Brasileirao-2025.webp\",\"width\":850,\"height\":516,\"caption\":\"Flamengo x Internacional pelo Brasileir\u00e3o 2025 (Foto: Gilvan de Souza\/Flamengo)\"},{\"@type\":\"BreadcrumbList\",\"@id\":\"https:\/\/www.gaveanews.com\/index.php\/2025\/03\/29\/flamengo-e-internacional-empatam-na-estreia-do-brasileirao\/#breadcrumb\",\"itemListElement\":[{\"@type\":\"ListItem\",\"position\":1,\"name\":\"Home\",\"item\":\"https:\/\/www.gaveanews.com\/\"},{\"@type\":\"ListItem\",\"position\":2,\"name\":\"Flamengo e Internacional empatam na estreia do Brasileir\u00e3o\"}]},{\"@type\":\"WebSite\",\"@id\":\"https:\/\/www.gaveanews.com\/#website\",\"url\":\"https:\/\/www.gaveanews.com\/\",\"name\":\"G\u00e1vea News\",\"description\":\"Veja todas as not\u00edcias sobre o Flamengo: Contrata\u00e7\u00f5es, categorias de base, resultados das partidas, tabela de classifica\u00e7\u00e3o, pr\u00f3ximos jogos!\",\"potentialAction\":[{\"@type\":\"SearchAction\",\"target\":{\"@type\":\"EntryPoint\",\"urlTemplate\":\"https:\/\/www.gaveanews.com\/?s={search_term_string}\"},\"query-input\":{\"@type\":\"PropertyValueSpecification\",\"valueRequired\":true,\"valueName\":\"search_term_string\"}}],\"inLanguage\":\"pt-BR\"},{\"@type\":\"Person\",\"@id\":\"https:\/\/www.gaveanews.com\/#\/schema\/person\/daf63eec72e1164eb13dc35096c2b8da\",\"name\":\"Paula Silva\",\"image\":{\"@type\":\"ImageObject\",\"inLanguage\":\"pt-BR\",\"@id\":\"https:\/\/www.gaveanews.com\/#\/schema\/person\/image\/\",\"url\":\"https:\/\/secure.gravatar.com\/avatar\/eda381c845527cc5d64c13b901833cda29d97500ba040d3e6461f76f51d163bb?s=96&d=mm&r=g\",\"contentUrl\":\"https:\/\/secure.gravatar.com\/avatar\/eda381c845527cc5d64c13b901833cda29d97500ba040d3e6461f76f51d163bb?s=96&d=mm&r=g\",\"caption\":\"Paula Silva\"}}]}<\/script>\n<!-- \/ Yoast SEO Premium plugin. -->","yoast_head_json":{"title":"Flamengo e Internacional empatam na estreia do Brasileir\u00e3o","robots":{"index":"index","follow":"follow","max-snippet":"max-snippet:-1","max-image-preview":"max-image-preview:large","max-video-preview":"max-video-preview:-1"},"canonical":"https:\/\/www.gaveanews.com\/index.php\/2025\/03\/29\/flamengo-e-internacional-empatam-na-estreia-do-brasileirao\/","og_locale":"pt_BR","og_type":"article","og_title":"Flamengo e Internacional empatam na estreia do Brasileir\u00e3o","og_description":"Na abertura do Campeonato Brasileiro 2025, Flamengo e Internacional empataram por 1 a 1 no Maracan\u00e3, em duelo disputado na noite de s\u00e1bado (29 de mar\u00e7o), \u00e0s 21h (hor\u00e1rio de Bras\u00edlia). A partida foi marcada por abordagens t\u00e1ticas distintas dos treinadores Filipe Lu\u00eds e Roger Machado, com cada equipe dominando um tempo. O Internacional abriu [&hellip;]","og_url":"https:\/\/www.gaveanews.com\/index.php\/2025\/03\/29\/flamengo-e-internacional-empatam-na-estreia-do-brasileirao\/","og_site_name":"G\u00e1vea News","article_publisher":"https:\/\/facebook.com\/gaveaNews\/","article_published_time":"2025-03-30T02:55:54+00:00","article_modified_time":"2025-03-30T02:55:58+00:00","og_image":[{"width":850,"height":516,"url":"http:\/\/www.gaveanews.com\/wp-content\/uploads\/Flamengo-x-Internacional-pelo-Brasileirao-2025.webp","type":"image\/jpeg"}],"author":"Paula Silva","twitter_card":"summary_large_image","twitter_misc":{"Escrito por":"Paula Silva","Est. tempo de leitura":"3 minutos"},"schema":{"@context":"https:\/\/schema.org","@graph":[{"@type":"NewsArticle","@id":"https:\/\/www.gaveanews.com\/index.php\/2025\/03\/29\/flamengo-e-internacional-empatam-na-estreia-do-brasileirao\/#article","isPartOf":{"@id":"https:\/\/www.gaveanews.com\/index.php\/2025\/03\/29\/flamengo-e-internacional-empatam-na-estreia-do-brasileirao\/"},"author":{"name":"Paula Silva","@id":"https:\/\/www.gaveanews.com\/#\/schema\/person\/daf63eec72e1164eb13dc35096c2b8da"},"headline":"Flamengo e Internacional empatam na estreia do Brasileir\u00e3o","datePublished":"2025-03-30T02:55:54+00:00","dateModified":"2025-03-30T02:55:58+00:00","mainEntityOfPage":{"@id":"https:\/\/www.gaveanews.com\/index.php\/2025\/03\/29\/flamengo-e-internacional-empatam-na-estreia-do-brasileirao\/"},"wordCount":447,"commentCount":0,"image":{"@id":"https:\/\/www.gaveanews.com\/index.php\/2025\/03\/29\/flamengo-e-internacional-empatam-na-estreia-do-brasileirao\/#primaryimage"},"thumbnailUrl":"https:\/\/www.gaveanews.com\/wp-content\/uploads\/Flamengo-x-Internacional-pelo-Brasileirao-2025.webp","articleSection":["Flamengo","Internacional"],"inLanguage":"pt-BR","potentialAction":[{"@type":"CommentAction","name":"Comment","target":["https:\/\/www.gaveanews.com\/index.php\/2025\/03\/29\/flamengo-e-internacional-empatam-na-estreia-do-brasileirao\/#respond"]}],"copyrightYear":"2025","copyrightHolder":{"@id":"https:\/\/www.gaveanews.com\/#organization"}},{"@type":"WebPage","@id":"https:\/\/www.gaveanews.com\/index.php\/2025\/03\/29\/flamengo-e-internacional-empatam-na-estreia-do-brasileirao\/","url":"https:\/\/www.gaveanews.com\/index.php\/2025\/03\/29\/flamengo-e-internacional-empatam-na-estreia-do-brasileirao\/","name":"Flamengo e Internacional empatam na estreia do Brasileir\u00e3o","isPartOf":{"@id":"https:\/\/www.gaveanews.com\/#website"},"primaryImageOfPage":{"@id":"https:\/\/www.gaveanews.com\/index.php\/2025\/03\/29\/flamengo-e-internacional-empatam-na-estreia-do-brasileirao\/#primaryimage"},"image":{"@id":"https:\/\/www.gaveanews.com\/index.php\/2025\/03\/29\/flamengo-e-internacional-empatam-na-estreia-do-brasileirao\/#primaryimage"},"thumbnailUrl":"https:\/\/www.gaveanews.com\/wp-content\/uploads\/Flamengo-x-Internacional-pelo-Brasileirao-2025.webp","datePublished":"2025-03-30T02:55:54+00:00","dateModified":"2025-03-30T02:55:58+00:00","author":{"@id":"https:\/\/www.gaveanews.com\/#\/schema\/person\/daf63eec72e1164eb13dc35096c2b8da"},"breadcrumb":{"@id":"https:\/\/www.gaveanews.com\/index.php\/2025\/03\/29\/flamengo-e-internacional-empatam-na-estreia-do-brasileirao\/#breadcrumb"},"inLanguage":"pt-BR","potentialAction":[{"@type":"ReadAction","target":["https:\/\/www.gaveanews.com\/index.php\/2025\/03\/29\/flamengo-e-internacional-empatam-na-estreia-do-brasileirao\/"]}]},{"@type":"ImageObject","inLanguage":"pt-BR","@id":"https:\/\/www.gaveanews.com\/index.php\/2025\/03\/29\/flamengo-e-internacional-empatam-na-estreia-do-brasileirao\/#primaryimage","url":"https:\/\/www.gaveanews.com\/wp-content\/uploads\/Flamengo-x-Internacional-pelo-Brasileirao-2025.webp","contentUrl":"https:\/\/www.gaveanews.com\/wp-content\/uploads\/Flamengo-x-Internacional-pelo-Brasileirao-2025.webp","width":850,"height":516,"caption":"Flamengo x Internacional pelo Brasileir\u00e3o 2025 (Foto: Gilvan de Souza\/Flamengo)"},{"@type":"BreadcrumbList","@id":"https:\/\/www.gaveanews.com\/index.php\/2025\/03\/29\/flamengo-e-internacional-empatam-na-estreia-do-brasileirao\/#breadcrumb","itemListElement":[{"@type":"ListItem","position":1,"name":"Home","item":"https:\/\/www.gaveanews.com\/"},{"@type":"ListItem","position":2,"name":"Flamengo e Internacional empatam na estreia do Brasileir\u00e3o"}]},{"@type":"WebSite","@id":"https:\/\/www.gaveanews.com\/#website","url":"https:\/\/www.gaveanews.com\/","name":"G\u00e1vea News","description":"Veja todas as not\u00edcias sobre o Flamengo: Contrata\u00e7\u00f5es, categorias de base, resultados das partidas, tabela de classifica\u00e7\u00e3o, pr\u00f3ximos jogos!","potentialAction":[{"@type":"SearchAction","target":{"@type":"EntryPoint","urlTemplate":"https:\/\/www.gaveanews.com\/?s={search_term_string}"},"query-input":{"@type":"PropertyValueSpecification","valueRequired":true,"valueName":"search_term_string"}}],"inLanguage":"pt-BR"},{"@type":"Person","@id":"https:\/\/www.gaveanews.com\/#\/schema\/person\/daf63eec72e1164eb13dc35096c2b8da","name":"Paula Silva","image":{"@type":"ImageObject","inLanguage":"pt-BR","@id":"https:\/\/www.gaveanews.com\/#\/schema\/person\/image\/","url":"https:\/\/secure.gravatar.com\/avatar\/eda381c845527cc5d64c13b901833cda29d97500ba040d3e6461f76f51d163bb?s=96&d=mm&r=g","contentUrl":"https:\/\/secure.gravatar.com\/avatar\/eda381c845527cc5d64c13b901833cda29d97500ba040d3e6461f76f51d163bb?s=96&d=mm&r=g","caption":"Paula Silva"}}]}},"_links":{"self":[{"href":"https:\/\/www.gaveanews.com\/index.php\/wp-json\/wp\/v2\/posts\/246618","targetHints":{"allow":["GET"]}}],"collection":[{"href":"https:\/\/www.gaveanews.com\/index.php\/wp-json\/wp\/v2\/posts"}],"about":[{"href":"https:\/\/www.gaveanews.com\/index.php\/wp-json\/wp\/v2\/types\/post"}],"author":[{"embeddable":true,"href":"https:\/\/www.gaveanews.com\/index.php\/wp-json\/wp\/v2\/users\/18"}],"replies":[{"embeddable":true,"href":"https:\/\/www.gaveanews.com\/index.php\/wp-json\/wp\/v2\/comments?post=246618"}],"version-history":[{"count":1,"href":"https:\/\/www.gaveanews.com\/index.php\/wp-json\/wp\/v2\/posts\/246618\/revisions"}],"predecessor-version":[{"id":246620,"href":"https:\/\/www.gaveanews.com\/index.php\/wp-json\/wp\/v2\/posts\/246618\/revisions\/246620"}],"wp:featuredmedia":[{"embeddable":true,"href":"https:\/\/www.gaveanews.com\/index.php\/wp-json\/wp\/v2\/media\/246619"}],"wp:attachment":[{"href":"https:\/\/www.gaveanews.com\/index.php\/wp-json\/wp\/v2\/media?parent=246618"}],"wp:term":[{"taxonomy":"category","embeddable":true,"href":"https:\/\/www.gaveanews.com\/index.php\/wp-json\/wp\/v2\/categories?post=246618"},{"taxonomy":"post_tag","embeddable":true,"href":"https:\/\/www.gaveanews.com\/index.php\/wp-json\/wp\/v2\/tags?post=246618"}],"curies":[{"name":"wp","href":"https:\/\/api.w.org\/{rel}","templated":true}]}}