{"id":246622,"date":"2025-03-30T00:05:35","date_gmt":"2025-03-30T03:05:35","guid":{"rendered":"https:\/\/www.gaveanews.com\/?p=246622"},"modified":"2025-03-30T00:07:22","modified_gmt":"2025-03-30T03:07:22","slug":"flamengo-filipe-luis-atualiza-situacao-de-pedro","status":"publish","type":"post","link":"https:\/\/www.gaveanews.com\/index.php\/2025\/03\/30\/flamengo-filipe-luis-atualiza-situacao-de-pedro\/","title":{"rendered":"Flamengo: Filipe Lu\u00eds comenta prazo para retorno de Pedro"},"content":{"rendered":"\n<p>O atacante Pedro est\u00e1 cada vez mais pr\u00f3ximo de retornar aos gramados pelo Flamengo. Ap\u00f3s o empate em 1 a 1 com o Internacional no Maracan\u00e3, no s\u00e1bado (29 de mar\u00e7o), Filipe Lu\u00eds revelou, em entrevista coletiva, que a expectativa \u00e9 contar com o camisa 9 ainda no m\u00eas de abril. \u201cContamos com o Pedro em abril. Se nada acontecer fora do previsto\u201d, afirmou o t\u00e9cnico.<\/p>\n\n\n\n<p>Pedro passou por uma cirurgia no joelho esquerdo ap\u00f3s sofrer uma ruptura no ligamento cruzado anterior, ocorrida em setembro do ano passado, enquanto estava \u00e0 disposi\u00e7\u00e3o da sele\u00e7\u00e3o brasileira. O lance foi sem contato com outro jogador, o que torna o epis\u00f3dio ainda mais marcante. Desde ent\u00e3o, o atacante iniciou sua recupera\u00e7\u00e3o no Ninho do Urubu e agora vive a fase final do tratamento.<\/p>\n\n\n\n<p>Apesar do longo tempo afastado, o desempenho de Pedro em 2024 foi not\u00e1vel. Mesmo sem entrar em campo desde o in\u00edcio de setembro, ele alcan\u00e7ou a melhor m\u00e9dia de gols da carreira profissional: 32 gols em 45 partidas, uma marca de 0,7 por jogo. Em termos absolutos, no entanto, seu melhor ano segue sendo 2023, com 35 gols em 61 jogos.<\/p>\n\n\n\n<p>Enquanto aguarda a volta do centroavante, o Flamengo se prepara para compromissos importantes. A equipe enfrenta o Deportivo T\u00e1chira na quinta-feira (03 de abril), \u00e0s 21h30 (hor\u00e1rio de Bras\u00edlia), pela Libertadores, na Venezuela. Posteriormente, no domingo (06 de abril), o time encara o Vit\u00f3ria, \u00e0s 18h30 (hor\u00e1rio de Bras\u00edlia), em Salvador, pelo Campeonato Brasileiro.<\/p>\n\n\n\n<p>A presen\u00e7a de Pedro representa uma esperan\u00e7a ofensiva para Filipe Lu\u00eds. O treinador, que recentemente assumiu o comando rubro-negro, observa com cautela o progresso do jogador. O retorno gradativo poder\u00e1 refor\u00e7ar o elenco em uma fase determinante da temporada.<\/p>\n\n\n\n<p>Por ora, a comiss\u00e3o t\u00e9cnica segue atenta \u00e0 evolu\u00e7\u00e3o do atacante, adotando uma postura cuidadosa. Afinal, garantir o retorno completo e seguro de Pedro \u00e9 essencial para os pr\u00f3ximos desafios do clube.<\/p>\n","protected":false},"excerpt":{"rendered":"<p>O atacante Pedro est\u00e1 cada vez mais pr\u00f3ximo de retornar aos gramados pelo Flamengo. Ap\u00f3s o empate em 1 a 1 com o Internacional no Maracan\u00e3, no s\u00e1bado (29 de mar\u00e7o), Filipe Lu\u00eds revelou, em entrevista coletiva, que a expectativa \u00e9 contar com o camisa 9 ainda no m\u00eas de abril. \u201cContamos com o Pedro [&hellip;]<\/p>\n","protected":false},"author":18,"featured_media":171213,"comment_status":"open","ping_status":"closed","sticky":false,"template":"","format":"standard","meta":{"footnotes":""},"categories":[1],"tags":[],"class_list":["post-246622","post","type-post","status-publish","format-standard","has-post-thumbnail","hentry","category-flamengo"],"yoast_head":"<!-- This site is optimized with the Yoast SEO Premium plugin v24.2 (Yoast SEO v26.9) - https:\/\/yoast.com\/product\/yoast-seo-premium-wordpress\/ -->\n<title>Flamengo: Filipe Lu\u00eds comenta prazo para retorno de Pedro<\/title>\n<meta name=\"robots\" content=\"index, follow, max-snippet:-1, max-image-preview:large, max-video-preview:-1\" \/>\n<link rel=\"canonical\" href=\"https:\/\/www.gaveanews.com\/index.php\/2025\/03\/30\/flamengo-filipe-luis-atualiza-situacao-de-pedro\/\" \/>\n<meta property=\"og:locale\" content=\"pt_BR\" \/>\n<meta property=\"og:type\" content=\"article\" \/>\n<meta property=\"og:title\" content=\"Flamengo: Filipe Lu\u00eds comenta prazo para retorno de Pedro\" \/>\n<meta property=\"og:description\" content=\"O atacante Pedro est\u00e1 cada vez mais pr\u00f3ximo de retornar aos gramados pelo Flamengo. Ap\u00f3s o empate em 1 a 1 com o Internacional no Maracan\u00e3, no s\u00e1bado (29 de mar\u00e7o), Filipe Lu\u00eds revelou, em entrevista coletiva, que a expectativa \u00e9 contar com o camisa 9 ainda no m\u00eas de abril. \u201cContamos com o Pedro [&hellip;]\" \/>\n<meta property=\"og:url\" content=\"https:\/\/www.gaveanews.com\/index.php\/2025\/03\/30\/flamengo-filipe-luis-atualiza-situacao-de-pedro\/\" \/>\n<meta property=\"og:site_name\" content=\"G\u00e1vea News\" \/>\n<meta property=\"article:publisher\" content=\"https:\/\/facebook.com\/gaveaNews\/\" \/>\n<meta property=\"article:published_time\" content=\"2025-03-30T03:05:35+00:00\" \/>\n<meta property=\"article:modified_time\" content=\"2025-03-30T03:07:22+00:00\" \/>\n<meta property=\"og:image\" content=\"http:\/\/www.gaveanews.com\/wp-content\/uploads\/Filipe-Luis-como-tecnico-do-Flamengo-em-2024.webp\" \/>\n\t<meta property=\"og:image:width\" content=\"1065\" \/>\n\t<meta property=\"og:image:height\" content=\"710\" \/>\n\t<meta property=\"og:image:type\" content=\"image\/webp\" \/>\n<meta name=\"author\" content=\"Paula Silva\" \/>\n<meta name=\"twitter:card\" content=\"summary_large_image\" \/>\n<meta name=\"twitter:label1\" content=\"Escrito por\" \/>\n\t<meta name=\"twitter:data1\" content=\"Paula Silva\" \/>\n\t<meta name=\"twitter:label2\" content=\"Est. tempo de leitura\" \/>\n\t<meta name=\"twitter:data2\" content=\"2 minutos\" \/>\n<script type=\"application\/ld+json\" class=\"yoast-schema-graph\">{\"@context\":\"https:\/\/schema.org\",\"@graph\":[{\"@type\":\"NewsArticle\",\"@id\":\"https:\/\/www.gaveanews.com\/index.php\/2025\/03\/30\/flamengo-filipe-luis-atualiza-situacao-de-pedro\/#article\",\"isPartOf\":{\"@id\":\"https:\/\/www.gaveanews.com\/index.php\/2025\/03\/30\/flamengo-filipe-luis-atualiza-situacao-de-pedro\/\"},\"author\":{\"name\":\"Paula Silva\",\"@id\":\"https:\/\/www.gaveanews.com\/#\/schema\/person\/daf63eec72e1164eb13dc35096c2b8da\"},\"headline\":\"Flamengo: Filipe Lu\u00eds comenta prazo para retorno de Pedro\",\"datePublished\":\"2025-03-30T03:05:35+00:00\",\"dateModified\":\"2025-03-30T03:07:22+00:00\",\"mainEntityOfPage\":{\"@id\":\"https:\/\/www.gaveanews.com\/index.php\/2025\/03\/30\/flamengo-filipe-luis-atualiza-situacao-de-pedro\/\"},\"wordCount\":340,\"commentCount\":0,\"image\":{\"@id\":\"https:\/\/www.gaveanews.com\/index.php\/2025\/03\/30\/flamengo-filipe-luis-atualiza-situacao-de-pedro\/#primaryimage\"},\"thumbnailUrl\":\"https:\/\/www.gaveanews.com\/wp-content\/uploads\/Filipe-Luis-como-tecnico-do-Flamengo-em-2024.webp\",\"articleSection\":[\"Flamengo\"],\"inLanguage\":\"pt-BR\",\"potentialAction\":[{\"@type\":\"CommentAction\",\"name\":\"Comment\",\"target\":[\"https:\/\/www.gaveanews.com\/index.php\/2025\/03\/30\/flamengo-filipe-luis-atualiza-situacao-de-pedro\/#respond\"]}],\"copyrightYear\":\"2025\",\"copyrightHolder\":{\"@id\":\"https:\/\/www.gaveanews.com\/#organization\"}},{\"@type\":\"WebPage\",\"@id\":\"https:\/\/www.gaveanews.com\/index.php\/2025\/03\/30\/flamengo-filipe-luis-atualiza-situacao-de-pedro\/\",\"url\":\"https:\/\/www.gaveanews.com\/index.php\/2025\/03\/30\/flamengo-filipe-luis-atualiza-situacao-de-pedro\/\",\"name\":\"Flamengo: Filipe Lu\u00eds comenta prazo para retorno de Pedro\",\"isPartOf\":{\"@id\":\"https:\/\/www.gaveanews.com\/#website\"},\"primaryImageOfPage\":{\"@id\":\"https:\/\/www.gaveanews.com\/index.php\/2025\/03\/30\/flamengo-filipe-luis-atualiza-situacao-de-pedro\/#primaryimage\"},\"image\":{\"@id\":\"https:\/\/www.gaveanews.com\/index.php\/2025\/03\/30\/flamengo-filipe-luis-atualiza-situacao-de-pedro\/#primaryimage\"},\"thumbnailUrl\":\"https:\/\/www.gaveanews.com\/wp-content\/uploads\/Filipe-Luis-como-tecnico-do-Flamengo-em-2024.webp\",\"datePublished\":\"2025-03-30T03:05:35+00:00\",\"dateModified\":\"2025-03-30T03:07:22+00:00\",\"author\":{\"@id\":\"https:\/\/www.gaveanews.com\/#\/schema\/person\/daf63eec72e1164eb13dc35096c2b8da\"},\"breadcrumb\":{\"@id\":\"https:\/\/www.gaveanews.com\/index.php\/2025\/03\/30\/flamengo-filipe-luis-atualiza-situacao-de-pedro\/#breadcrumb\"},\"inLanguage\":\"pt-BR\",\"potentialAction\":[{\"@type\":\"ReadAction\",\"target\":[\"https:\/\/www.gaveanews.com\/index.php\/2025\/03\/30\/flamengo-filipe-luis-atualiza-situacao-de-pedro\/\"]}]},{\"@type\":\"ImageObject\",\"inLanguage\":\"pt-BR\",\"@id\":\"https:\/\/www.gaveanews.com\/index.php\/2025\/03\/30\/flamengo-filipe-luis-atualiza-situacao-de-pedro\/#primaryimage\",\"url\":\"https:\/\/www.gaveanews.com\/wp-content\/uploads\/Filipe-Luis-como-tecnico-do-Flamengo-em-2024.webp\",\"contentUrl\":\"https:\/\/www.gaveanews.com\/wp-content\/uploads\/Filipe-Luis-como-tecnico-do-Flamengo-em-2024.webp\",\"width\":1065,\"height\":710,\"caption\":\"Filipe Lu\u00eds como t\u00e9cnico do Flamengo em (Foto: Gilvan de Souza e Marcelo Cortes \/ CRF)\"},{\"@type\":\"BreadcrumbList\",\"@id\":\"https:\/\/www.gaveanews.com\/index.php\/2025\/03\/30\/flamengo-filipe-luis-atualiza-situacao-de-pedro\/#breadcrumb\",\"itemListElement\":[{\"@type\":\"ListItem\",\"position\":1,\"name\":\"Home\",\"item\":\"https:\/\/www.gaveanews.com\/\"},{\"@type\":\"ListItem\",\"position\":2,\"name\":\"Flamengo: Filipe Lu\u00eds comenta prazo para retorno de Pedro\"}]},{\"@type\":\"WebSite\",\"@id\":\"https:\/\/www.gaveanews.com\/#website\",\"url\":\"https:\/\/www.gaveanews.com\/\",\"name\":\"G\u00e1vea News\",\"description\":\"Veja todas as not\u00edcias sobre o Flamengo: Contrata\u00e7\u00f5es, categorias de base, resultados das partidas, tabela de classifica\u00e7\u00e3o, pr\u00f3ximos jogos!\",\"potentialAction\":[{\"@type\":\"SearchAction\",\"target\":{\"@type\":\"EntryPoint\",\"urlTemplate\":\"https:\/\/www.gaveanews.com\/?s={search_term_string}\"},\"query-input\":{\"@type\":\"PropertyValueSpecification\",\"valueRequired\":true,\"valueName\":\"search_term_string\"}}],\"inLanguage\":\"pt-BR\"},{\"@type\":\"Person\",\"@id\":\"https:\/\/www.gaveanews.com\/#\/schema\/person\/daf63eec72e1164eb13dc35096c2b8da\",\"name\":\"Paula Silva\",\"image\":{\"@type\":\"ImageObject\",\"inLanguage\":\"pt-BR\",\"@id\":\"https:\/\/www.gaveanews.com\/#\/schema\/person\/image\/\",\"url\":\"https:\/\/secure.gravatar.com\/avatar\/eda381c845527cc5d64c13b901833cda29d97500ba040d3e6461f76f51d163bb?s=96&d=mm&r=g\",\"contentUrl\":\"https:\/\/secure.gravatar.com\/avatar\/eda381c845527cc5d64c13b901833cda29d97500ba040d3e6461f76f51d163bb?s=96&d=mm&r=g\",\"caption\":\"Paula Silva\"}}]}<\/script>\n<!-- \/ Yoast SEO Premium plugin. -->","yoast_head_json":{"title":"Flamengo: Filipe Lu\u00eds comenta prazo para retorno de Pedro","robots":{"index":"index","follow":"follow","max-snippet":"max-snippet:-1","max-image-preview":"max-image-preview:large","max-video-preview":"max-video-preview:-1"},"canonical":"https:\/\/www.gaveanews.com\/index.php\/2025\/03\/30\/flamengo-filipe-luis-atualiza-situacao-de-pedro\/","og_locale":"pt_BR","og_type":"article","og_title":"Flamengo: Filipe Lu\u00eds comenta prazo para retorno de Pedro","og_description":"O atacante Pedro est\u00e1 cada vez mais pr\u00f3ximo de retornar aos gramados pelo Flamengo. Ap\u00f3s o empate em 1 a 1 com o Internacional no Maracan\u00e3, no s\u00e1bado (29 de mar\u00e7o), Filipe Lu\u00eds revelou, em entrevista coletiva, que a expectativa \u00e9 contar com o camisa 9 ainda no m\u00eas de abril. \u201cContamos com o Pedro [&hellip;]","og_url":"https:\/\/www.gaveanews.com\/index.php\/2025\/03\/30\/flamengo-filipe-luis-atualiza-situacao-de-pedro\/","og_site_name":"G\u00e1vea News","article_publisher":"https:\/\/facebook.com\/gaveaNews\/","article_published_time":"2025-03-30T03:05:35+00:00","article_modified_time":"2025-03-30T03:07:22+00:00","og_image":[{"width":1065,"height":710,"url":"http:\/\/www.gaveanews.com\/wp-content\/uploads\/Filipe-Luis-como-tecnico-do-Flamengo-em-2024.webp","type":"image\/webp"}],"author":"Paula Silva","twitter_card":"summary_large_image","twitter_misc":{"Escrito por":"Paula Silva","Est. tempo de leitura":"2 minutos"},"schema":{"@context":"https:\/\/schema.org","@graph":[{"@type":"NewsArticle","@id":"https:\/\/www.gaveanews.com\/index.php\/2025\/03\/30\/flamengo-filipe-luis-atualiza-situacao-de-pedro\/#article","isPartOf":{"@id":"https:\/\/www.gaveanews.com\/index.php\/2025\/03\/30\/flamengo-filipe-luis-atualiza-situacao-de-pedro\/"},"author":{"name":"Paula Silva","@id":"https:\/\/www.gaveanews.com\/#\/schema\/person\/daf63eec72e1164eb13dc35096c2b8da"},"headline":"Flamengo: Filipe Lu\u00eds comenta prazo para retorno de Pedro","datePublished":"2025-03-30T03:05:35+00:00","dateModified":"2025-03-30T03:07:22+00:00","mainEntityOfPage":{"@id":"https:\/\/www.gaveanews.com\/index.php\/2025\/03\/30\/flamengo-filipe-luis-atualiza-situacao-de-pedro\/"},"wordCount":340,"commentCount":0,"image":{"@id":"https:\/\/www.gaveanews.com\/index.php\/2025\/03\/30\/flamengo-filipe-luis-atualiza-situacao-de-pedro\/#primaryimage"},"thumbnailUrl":"https:\/\/www.gaveanews.com\/wp-content\/uploads\/Filipe-Luis-como-tecnico-do-Flamengo-em-2024.webp","articleSection":["Flamengo"],"inLanguage":"pt-BR","potentialAction":[{"@type":"CommentAction","name":"Comment","target":["https:\/\/www.gaveanews.com\/index.php\/2025\/03\/30\/flamengo-filipe-luis-atualiza-situacao-de-pedro\/#respond"]}],"copyrightYear":"2025","copyrightHolder":{"@id":"https:\/\/www.gaveanews.com\/#organization"}},{"@type":"WebPage","@id":"https:\/\/www.gaveanews.com\/index.php\/2025\/03\/30\/flamengo-filipe-luis-atualiza-situacao-de-pedro\/","url":"https:\/\/www.gaveanews.com\/index.php\/2025\/03\/30\/flamengo-filipe-luis-atualiza-situacao-de-pedro\/","name":"Flamengo: Filipe Lu\u00eds comenta prazo para retorno de Pedro","isPartOf":{"@id":"https:\/\/www.gaveanews.com\/#website"},"primaryImageOfPage":{"@id":"https:\/\/www.gaveanews.com\/index.php\/2025\/03\/30\/flamengo-filipe-luis-atualiza-situacao-de-pedro\/#primaryimage"},"image":{"@id":"https:\/\/www.gaveanews.com\/index.php\/2025\/03\/30\/flamengo-filipe-luis-atualiza-situacao-de-pedro\/#primaryimage"},"thumbnailUrl":"https:\/\/www.gaveanews.com\/wp-content\/uploads\/Filipe-Luis-como-tecnico-do-Flamengo-em-2024.webp","datePublished":"2025-03-30T03:05:35+00:00","dateModified":"2025-03-30T03:07:22+00:00","author":{"@id":"https:\/\/www.gaveanews.com\/#\/schema\/person\/daf63eec72e1164eb13dc35096c2b8da"},"breadcrumb":{"@id":"https:\/\/www.gaveanews.com\/index.php\/2025\/03\/30\/flamengo-filipe-luis-atualiza-situacao-de-pedro\/#breadcrumb"},"inLanguage":"pt-BR","potentialAction":[{"@type":"ReadAction","target":["https:\/\/www.gaveanews.com\/index.php\/2025\/03\/30\/flamengo-filipe-luis-atualiza-situacao-de-pedro\/"]}]},{"@type":"ImageObject","inLanguage":"pt-BR","@id":"https:\/\/www.gaveanews.com\/index.php\/2025\/03\/30\/flamengo-filipe-luis-atualiza-situacao-de-pedro\/#primaryimage","url":"https:\/\/www.gaveanews.com\/wp-content\/uploads\/Filipe-Luis-como-tecnico-do-Flamengo-em-2024.webp","contentUrl":"https:\/\/www.gaveanews.com\/wp-content\/uploads\/Filipe-Luis-como-tecnico-do-Flamengo-em-2024.webp","width":1065,"height":710,"caption":"Filipe Lu\u00eds como t\u00e9cnico do Flamengo em (Foto: Gilvan de Souza e Marcelo Cortes \/ CRF)"},{"@type":"BreadcrumbList","@id":"https:\/\/www.gaveanews.com\/index.php\/2025\/03\/30\/flamengo-filipe-luis-atualiza-situacao-de-pedro\/#breadcrumb","itemListElement":[{"@type":"ListItem","position":1,"name":"Home","item":"https:\/\/www.gaveanews.com\/"},{"@type":"ListItem","position":2,"name":"Flamengo: Filipe Lu\u00eds comenta prazo para retorno de Pedro"}]},{"@type":"WebSite","@id":"https:\/\/www.gaveanews.com\/#website","url":"https:\/\/www.gaveanews.com\/","name":"G\u00e1vea News","description":"Veja todas as not\u00edcias sobre o Flamengo: Contrata\u00e7\u00f5es, categorias de base, resultados das partidas, tabela de classifica\u00e7\u00e3o, pr\u00f3ximos jogos!","potentialAction":[{"@type":"SearchAction","target":{"@type":"EntryPoint","urlTemplate":"https:\/\/www.gaveanews.com\/?s={search_term_string}"},"query-input":{"@type":"PropertyValueSpecification","valueRequired":true,"valueName":"search_term_string"}}],"inLanguage":"pt-BR"},{"@type":"Person","@id":"https:\/\/www.gaveanews.com\/#\/schema\/person\/daf63eec72e1164eb13dc35096c2b8da","name":"Paula Silva","image":{"@type":"ImageObject","inLanguage":"pt-BR","@id":"https:\/\/www.gaveanews.com\/#\/schema\/person\/image\/","url":"https:\/\/secure.gravatar.com\/avatar\/eda381c845527cc5d64c13b901833cda29d97500ba040d3e6461f76f51d163bb?s=96&d=mm&r=g","contentUrl":"https:\/\/secure.gravatar.com\/avatar\/eda381c845527cc5d64c13b901833cda29d97500ba040d3e6461f76f51d163bb?s=96&d=mm&r=g","caption":"Paula Silva"}}]}},"_links":{"self":[{"href":"https:\/\/www.gaveanews.com\/index.php\/wp-json\/wp\/v2\/posts\/246622","targetHints":{"allow":["GET"]}}],"collection":[{"href":"https:\/\/www.gaveanews.com\/index.php\/wp-json\/wp\/v2\/posts"}],"about":[{"href":"https:\/\/www.gaveanews.com\/index.php\/wp-json\/wp\/v2\/types\/post"}],"author":[{"embeddable":true,"href":"https:\/\/www.gaveanews.com\/index.php\/wp-json\/wp\/v2\/users\/18"}],"replies":[{"embeddable":true,"href":"https:\/\/www.gaveanews.com\/index.php\/wp-json\/wp\/v2\/comments?post=246622"}],"version-history":[{"count":2,"href":"https:\/\/www.gaveanews.com\/index.php\/wp-json\/wp\/v2\/posts\/246622\/revisions"}],"predecessor-version":[{"id":246625,"href":"https:\/\/www.gaveanews.com\/index.php\/wp-json\/wp\/v2\/posts\/246622\/revisions\/246625"}],"wp:featuredmedia":[{"embeddable":true,"href":"https:\/\/www.gaveanews.com\/index.php\/wp-json\/wp\/v2\/media\/171213"}],"wp:attachment":[{"href":"https:\/\/www.gaveanews.com\/index.php\/wp-json\/wp\/v2\/media?parent=246622"}],"wp:term":[{"taxonomy":"category","embeddable":true,"href":"https:\/\/www.gaveanews.com\/index.php\/wp-json\/wp\/v2\/categories?post=246622"},{"taxonomy":"post_tag","embeddable":true,"href":"https:\/\/www.gaveanews.com\/index.php\/wp-json\/wp\/v2\/tags?post=246622"}],"curies":[{"name":"wp","href":"https:\/\/api.w.org\/{rel}","templated":true}]}}