{"id":246629,"date":"2025-03-30T08:48:35","date_gmt":"2025-03-30T11:48:35","guid":{"rendered":"https:\/\/www.gaveanews.com\/?p=246629"},"modified":"2025-03-30T08:48:41","modified_gmt":"2025-03-30T11:48:41","slug":"caiu-primeiro-tecnico-da-serie-a-do-brasileirao-e-demitido","status":"publish","type":"post","link":"https:\/\/www.gaveanews.com\/index.php\/2025\/03\/30\/caiu-primeiro-tecnico-da-serie-a-do-brasileirao-e-demitido\/","title":{"rendered":"CAIU! Primeiro t\u00e9cnico da S\u00e9rie A do Brasileir\u00e3o \u00e9 demitido"},"content":{"rendered":"\n<h2 class=\"wp-block-heading\" id=\"h-clube-foi-derrotado-na-estreia-da-competicao\">Clube foi derrotado na estreia da competi\u00e7\u00e3o<\/h2>\n\n\n\n<p>Com gols de Lucero e Tinga, o Fortaleza bateu o Fluminense por 2 a 0 no \u00faltimo s\u00e1bado (29) e estreou com o p\u00e9 direito no Brasileir\u00e3o 2025. Ap\u00f3s a derrota, a diretoria do Tricolor carioca optou por demitir o t\u00e9cnico Mano Menezes do cargo. Agora, o interino Marc\u00e3o ir\u00e1 assumir a equipe na estreia da Copa Sul-Americana, que acontece nesta ter\u00e7a-feira (1).<\/p>\n\n\n\n<p>Al\u00e9m de Mano Menezes, os auxiliares Sidnei Lobo e Thiago Kosloski e o preparador f\u00edsico Fl\u00e1vio Oliveira tamb\u00e9m deixam o clube carioca. Veja abaixo a nota oficial divulgada pelo Fluminense. <\/p>\n\n\n\n<p>&#8220;O\u00a0Fluminense\u00a0FC informa que Mano Menezes n\u00e3o est\u00e1 mais \u00e0 frente do comando t\u00e9cnico da equipe. Tamb\u00e9m deixam o clube os auxiliares Sidnei Lobo e Thiago Kosloski e o preparador f\u00edsico Fl\u00e1vio Oliveira. O clube agradece aos profissionais por toda a dedica\u00e7\u00e3o empenhada ao longo do trabalho e deseja sucesso na sequ\u00eancia de suas carreiras<em>.<\/em><\/p>\n\n\n\n<p>O auxiliar-t\u00e9cnico permanente Marc\u00e3o assume de forma interina e vai dirigir o time na partida contra o Once Caldas, na pr\u00f3xima ter\u00e7a-feira (01\/03), na Col\u00f4mbia, pela primeira rodada da Conmebol Sul-Americana&#8221;<\/p>\n\n\n\n<figure class=\"wp-block-image size-full\"><img loading=\"lazy\" decoding=\"async\" width=\"911\" height=\"623\" src=\"http:\/\/www.gaveanews.com\/wp-content\/uploads\/Mano-Menezes-pelo-Fluminense.webp\" alt=\"\" class=\"wp-image-225314\"\/><figcaption class=\"wp-element-caption\">Mano Menezes pelo Fluminense (Foto: Lucas Mer\u00e7on\/Fluminense)<\/figcaption><\/figure>\n\n\n\n<p>Mano Menezes chegou para comandar o Fluminense no dia 1 de julho do ano passado, ap\u00f3s a demiss\u00e3o de Fernando Diniz. O treinador ajudou a equipe a escapar do rebaixamento do Brasileir\u00e3o e classificou o time para a disputa da Sul-Americana deste ano. No total, foram 46 partidas \u00e0 frente do Tricolor das laranjeiras, com 21 vit\u00f3rias, 13 empates e 17 derrotas. <\/p>\n\n\n\n<p>Apesar de ter se classificado para a final do Campeonato Carioca de 2025, o Fluminense acabou com o vice-campeonato, j\u00e1 que foi superado pelo Flamengo. Al\u00e9m disso, o treinador estava sob press\u00e3o por desempenhos ruins da equipe neste in\u00edcio de temporada. <\/p>\n\n\n\n<p>Agora, a diretoria do Fluminense ir\u00e1 ao mercado em busca de um novo treinador para o comando t\u00e9cnico da equipe em 2025. <\/p>\n","protected":false},"excerpt":{"rendered":"<p>Clube foi derrotado na estreia da competi\u00e7\u00e3o Com gols de Lucero e Tinga, o Fortaleza bateu o Fluminense por 2 a 0 no \u00faltimo s\u00e1bado (29) e estreou com o p\u00e9 direito no Brasileir\u00e3o 2025. Ap\u00f3s a derrota, a diretoria do Tricolor carioca optou por demitir o t\u00e9cnico Mano Menezes do cargo. Agora, o interino [&hellip;]<\/p>\n","protected":false},"author":21,"featured_media":110475,"comment_status":"open","ping_status":"closed","sticky":false,"template":"","format":"standard","meta":{"footnotes":""},"categories":[145],"tags":[],"class_list":["post-246629","post","type-post","status-publish","format-standard","has-post-thumbnail","hentry","category-fluminense"],"yoast_head":"<!-- This site is optimized with the Yoast SEO Premium plugin v24.2 (Yoast SEO v26.9) - https:\/\/yoast.com\/product\/yoast-seo-premium-wordpress\/ -->\n<title>CAIU! Primeiro t\u00e9cnico da S\u00e9rie A do Brasileir\u00e3o \u00e9 demitido<\/title>\n<meta name=\"robots\" content=\"index, follow, max-snippet:-1, max-image-preview:large, max-video-preview:-1\" \/>\n<link rel=\"canonical\" href=\"https:\/\/www.gaveanews.com\/index.php\/2025\/03\/30\/caiu-primeiro-tecnico-da-serie-a-do-brasileirao-e-demitido\/\" \/>\n<meta property=\"og:locale\" content=\"pt_BR\" \/>\n<meta property=\"og:type\" content=\"article\" \/>\n<meta property=\"og:title\" content=\"CAIU! Primeiro t\u00e9cnico da S\u00e9rie A do Brasileir\u00e3o \u00e9 demitido\" \/>\n<meta property=\"og:description\" content=\"Clube foi derrotado na estreia da competi\u00e7\u00e3o Com gols de Lucero e Tinga, o Fortaleza bateu o Fluminense por 2 a 0 no \u00faltimo s\u00e1bado (29) e estreou com o p\u00e9 direito no Brasileir\u00e3o 2025. Ap\u00f3s a derrota, a diretoria do Tricolor carioca optou por demitir o t\u00e9cnico Mano Menezes do cargo. Agora, o interino [&hellip;]\" \/>\n<meta property=\"og:url\" content=\"https:\/\/www.gaveanews.com\/index.php\/2025\/03\/30\/caiu-primeiro-tecnico-da-serie-a-do-brasileirao-e-demitido\/\" \/>\n<meta property=\"og:site_name\" content=\"G\u00e1vea News\" \/>\n<meta property=\"article:publisher\" content=\"https:\/\/facebook.com\/gaveaNews\/\" \/>\n<meta property=\"article:published_time\" content=\"2025-03-30T11:48:35+00:00\" \/>\n<meta property=\"article:modified_time\" content=\"2025-03-30T11:48:41+00:00\" \/>\n<meta property=\"og:image\" content=\"http:\/\/www.gaveanews.com\/wp-content\/uploads\/trofeu-brasileirao.webp\" \/>\n\t<meta property=\"og:image:width\" content=\"984\" \/>\n\t<meta property=\"og:image:height\" content=\"656\" \/>\n\t<meta property=\"og:image:type\" content=\"image\/webp\" \/>\n<meta name=\"author\" content=\"Andr\u00e9 Serra\" \/>\n<meta name=\"twitter:card\" content=\"summary_large_image\" \/>\n<meta name=\"twitter:label1\" content=\"Escrito por\" \/>\n\t<meta name=\"twitter:data1\" content=\"Andr\u00e9 Serra\" \/>\n\t<meta name=\"twitter:label2\" content=\"Est. tempo de leitura\" \/>\n\t<meta name=\"twitter:data2\" content=\"3 minutos\" \/>\n<script type=\"application\/ld+json\" class=\"yoast-schema-graph\">{\"@context\":\"https:\/\/schema.org\",\"@graph\":[{\"@type\":\"NewsArticle\",\"@id\":\"https:\/\/www.gaveanews.com\/index.php\/2025\/03\/30\/caiu-primeiro-tecnico-da-serie-a-do-brasileirao-e-demitido\/#article\",\"isPartOf\":{\"@id\":\"https:\/\/www.gaveanews.com\/index.php\/2025\/03\/30\/caiu-primeiro-tecnico-da-serie-a-do-brasileirao-e-demitido\/\"},\"author\":{\"name\":\"Andr\u00e9 Serra\",\"@id\":\"https:\/\/www.gaveanews.com\/#\/schema\/person\/0277a79a1289c451c281ec0411d84f0c\"},\"headline\":\"CAIU! Primeiro t\u00e9cnico da S\u00e9rie A do Brasileir\u00e3o \u00e9 demitido\",\"datePublished\":\"2025-03-30T11:48:35+00:00\",\"dateModified\":\"2025-03-30T11:48:41+00:00\",\"mainEntityOfPage\":{\"@id\":\"https:\/\/www.gaveanews.com\/index.php\/2025\/03\/30\/caiu-primeiro-tecnico-da-serie-a-do-brasileirao-e-demitido\/\"},\"wordCount\":349,\"commentCount\":0,\"image\":{\"@id\":\"https:\/\/www.gaveanews.com\/index.php\/2025\/03\/30\/caiu-primeiro-tecnico-da-serie-a-do-brasileirao-e-demitido\/#primaryimage\"},\"thumbnailUrl\":\"https:\/\/www.gaveanews.com\/wp-content\/uploads\/trofeu-brasileirao.webp\",\"articleSection\":[\"Fluminense\"],\"inLanguage\":\"pt-BR\",\"potentialAction\":[{\"@type\":\"CommentAction\",\"name\":\"Comment\",\"target\":[\"https:\/\/www.gaveanews.com\/index.php\/2025\/03\/30\/caiu-primeiro-tecnico-da-serie-a-do-brasileirao-e-demitido\/#respond\"]}],\"copyrightYear\":\"2025\",\"copyrightHolder\":{\"@id\":\"https:\/\/www.gaveanews.com\/#organization\"}},{\"@type\":\"WebPage\",\"@id\":\"https:\/\/www.gaveanews.com\/index.php\/2025\/03\/30\/caiu-primeiro-tecnico-da-serie-a-do-brasileirao-e-demitido\/\",\"url\":\"https:\/\/www.gaveanews.com\/index.php\/2025\/03\/30\/caiu-primeiro-tecnico-da-serie-a-do-brasileirao-e-demitido\/\",\"name\":\"CAIU! Primeiro t\u00e9cnico da S\u00e9rie A do Brasileir\u00e3o \u00e9 demitido\",\"isPartOf\":{\"@id\":\"https:\/\/www.gaveanews.com\/#website\"},\"primaryImageOfPage\":{\"@id\":\"https:\/\/www.gaveanews.com\/index.php\/2025\/03\/30\/caiu-primeiro-tecnico-da-serie-a-do-brasileirao-e-demitido\/#primaryimage\"},\"image\":{\"@id\":\"https:\/\/www.gaveanews.com\/index.php\/2025\/03\/30\/caiu-primeiro-tecnico-da-serie-a-do-brasileirao-e-demitido\/#primaryimage\"},\"thumbnailUrl\":\"https:\/\/www.gaveanews.com\/wp-content\/uploads\/trofeu-brasileirao.webp\",\"datePublished\":\"2025-03-30T11:48:35+00:00\",\"dateModified\":\"2025-03-30T11:48:41+00:00\",\"author\":{\"@id\":\"https:\/\/www.gaveanews.com\/#\/schema\/person\/0277a79a1289c451c281ec0411d84f0c\"},\"breadcrumb\":{\"@id\":\"https:\/\/www.gaveanews.com\/index.php\/2025\/03\/30\/caiu-primeiro-tecnico-da-serie-a-do-brasileirao-e-demitido\/#breadcrumb\"},\"inLanguage\":\"pt-BR\",\"potentialAction\":[{\"@type\":\"ReadAction\",\"target\":[\"https:\/\/www.gaveanews.com\/index.php\/2025\/03\/30\/caiu-primeiro-tecnico-da-serie-a-do-brasileirao-e-demitido\/\"]}]},{\"@type\":\"ImageObject\",\"inLanguage\":\"pt-BR\",\"@id\":\"https:\/\/www.gaveanews.com\/index.php\/2025\/03\/30\/caiu-primeiro-tecnico-da-serie-a-do-brasileirao-e-demitido\/#primaryimage\",\"url\":\"https:\/\/www.gaveanews.com\/wp-content\/uploads\/trofeu-brasileirao.webp\",\"contentUrl\":\"https:\/\/www.gaveanews.com\/wp-content\/uploads\/trofeu-brasileirao.webp\",\"width\":984,\"height\":656,\"caption\":\"Trof\u00e9u do Brasileir\u00e3o (Foto: Lucas Figueiredo\/ CBF)\"},{\"@type\":\"BreadcrumbList\",\"@id\":\"https:\/\/www.gaveanews.com\/index.php\/2025\/03\/30\/caiu-primeiro-tecnico-da-serie-a-do-brasileirao-e-demitido\/#breadcrumb\",\"itemListElement\":[{\"@type\":\"ListItem\",\"position\":1,\"name\":\"Home\",\"item\":\"https:\/\/www.gaveanews.com\/\"},{\"@type\":\"ListItem\",\"position\":2,\"name\":\"CAIU! Primeiro t\u00e9cnico da S\u00e9rie A do Brasileir\u00e3o \u00e9 demitido\"}]},{\"@type\":\"WebSite\",\"@id\":\"https:\/\/www.gaveanews.com\/#website\",\"url\":\"https:\/\/www.gaveanews.com\/\",\"name\":\"G\u00e1vea News\",\"description\":\"Veja todas as not\u00edcias sobre o Flamengo: Contrata\u00e7\u00f5es, categorias de base, resultados das partidas, tabela de classifica\u00e7\u00e3o, pr\u00f3ximos jogos!\",\"potentialAction\":[{\"@type\":\"SearchAction\",\"target\":{\"@type\":\"EntryPoint\",\"urlTemplate\":\"https:\/\/www.gaveanews.com\/?s={search_term_string}\"},\"query-input\":{\"@type\":\"PropertyValueSpecification\",\"valueRequired\":true,\"valueName\":\"search_term_string\"}}],\"inLanguage\":\"pt-BR\"},{\"@type\":\"Person\",\"@id\":\"https:\/\/www.gaveanews.com\/#\/schema\/person\/0277a79a1289c451c281ec0411d84f0c\",\"name\":\"Andr\u00e9 Serra\",\"image\":{\"@type\":\"ImageObject\",\"inLanguage\":\"pt-BR\",\"@id\":\"https:\/\/www.gaveanews.com\/#\/schema\/person\/image\/\",\"url\":\"https:\/\/secure.gravatar.com\/avatar\/d7231369fe48db93292b3e88eb2162dbd9a34a47a8437d9ef3bcaca2a86a83d7?s=96&d=mm&r=g\",\"contentUrl\":\"https:\/\/secure.gravatar.com\/avatar\/d7231369fe48db93292b3e88eb2162dbd9a34a47a8437d9ef3bcaca2a86a83d7?s=96&d=mm&r=g\",\"caption\":\"Andr\u00e9 Serra\"}}]}<\/script>\n<!-- \/ Yoast SEO Premium plugin. -->","yoast_head_json":{"title":"CAIU! Primeiro t\u00e9cnico da S\u00e9rie A do Brasileir\u00e3o \u00e9 demitido","robots":{"index":"index","follow":"follow","max-snippet":"max-snippet:-1","max-image-preview":"max-image-preview:large","max-video-preview":"max-video-preview:-1"},"canonical":"https:\/\/www.gaveanews.com\/index.php\/2025\/03\/30\/caiu-primeiro-tecnico-da-serie-a-do-brasileirao-e-demitido\/","og_locale":"pt_BR","og_type":"article","og_title":"CAIU! Primeiro t\u00e9cnico da S\u00e9rie A do Brasileir\u00e3o \u00e9 demitido","og_description":"Clube foi derrotado na estreia da competi\u00e7\u00e3o Com gols de Lucero e Tinga, o Fortaleza bateu o Fluminense por 2 a 0 no \u00faltimo s\u00e1bado (29) e estreou com o p\u00e9 direito no Brasileir\u00e3o 2025. Ap\u00f3s a derrota, a diretoria do Tricolor carioca optou por demitir o t\u00e9cnico Mano Menezes do cargo. Agora, o interino [&hellip;]","og_url":"https:\/\/www.gaveanews.com\/index.php\/2025\/03\/30\/caiu-primeiro-tecnico-da-serie-a-do-brasileirao-e-demitido\/","og_site_name":"G\u00e1vea News","article_publisher":"https:\/\/facebook.com\/gaveaNews\/","article_published_time":"2025-03-30T11:48:35+00:00","article_modified_time":"2025-03-30T11:48:41+00:00","og_image":[{"width":984,"height":656,"url":"http:\/\/www.gaveanews.com\/wp-content\/uploads\/trofeu-brasileirao.webp","type":"image\/webp"}],"author":"Andr\u00e9 Serra","twitter_card":"summary_large_image","twitter_misc":{"Escrito por":"Andr\u00e9 Serra","Est. tempo de leitura":"3 minutos"},"schema":{"@context":"https:\/\/schema.org","@graph":[{"@type":"NewsArticle","@id":"https:\/\/www.gaveanews.com\/index.php\/2025\/03\/30\/caiu-primeiro-tecnico-da-serie-a-do-brasileirao-e-demitido\/#article","isPartOf":{"@id":"https:\/\/www.gaveanews.com\/index.php\/2025\/03\/30\/caiu-primeiro-tecnico-da-serie-a-do-brasileirao-e-demitido\/"},"author":{"name":"Andr\u00e9 Serra","@id":"https:\/\/www.gaveanews.com\/#\/schema\/person\/0277a79a1289c451c281ec0411d84f0c"},"headline":"CAIU! Primeiro t\u00e9cnico da S\u00e9rie A do Brasileir\u00e3o \u00e9 demitido","datePublished":"2025-03-30T11:48:35+00:00","dateModified":"2025-03-30T11:48:41+00:00","mainEntityOfPage":{"@id":"https:\/\/www.gaveanews.com\/index.php\/2025\/03\/30\/caiu-primeiro-tecnico-da-serie-a-do-brasileirao-e-demitido\/"},"wordCount":349,"commentCount":0,"image":{"@id":"https:\/\/www.gaveanews.com\/index.php\/2025\/03\/30\/caiu-primeiro-tecnico-da-serie-a-do-brasileirao-e-demitido\/#primaryimage"},"thumbnailUrl":"https:\/\/www.gaveanews.com\/wp-content\/uploads\/trofeu-brasileirao.webp","articleSection":["Fluminense"],"inLanguage":"pt-BR","potentialAction":[{"@type":"CommentAction","name":"Comment","target":["https:\/\/www.gaveanews.com\/index.php\/2025\/03\/30\/caiu-primeiro-tecnico-da-serie-a-do-brasileirao-e-demitido\/#respond"]}],"copyrightYear":"2025","copyrightHolder":{"@id":"https:\/\/www.gaveanews.com\/#organization"}},{"@type":"WebPage","@id":"https:\/\/www.gaveanews.com\/index.php\/2025\/03\/30\/caiu-primeiro-tecnico-da-serie-a-do-brasileirao-e-demitido\/","url":"https:\/\/www.gaveanews.com\/index.php\/2025\/03\/30\/caiu-primeiro-tecnico-da-serie-a-do-brasileirao-e-demitido\/","name":"CAIU! Primeiro t\u00e9cnico da S\u00e9rie A do Brasileir\u00e3o \u00e9 demitido","isPartOf":{"@id":"https:\/\/www.gaveanews.com\/#website"},"primaryImageOfPage":{"@id":"https:\/\/www.gaveanews.com\/index.php\/2025\/03\/30\/caiu-primeiro-tecnico-da-serie-a-do-brasileirao-e-demitido\/#primaryimage"},"image":{"@id":"https:\/\/www.gaveanews.com\/index.php\/2025\/03\/30\/caiu-primeiro-tecnico-da-serie-a-do-brasileirao-e-demitido\/#primaryimage"},"thumbnailUrl":"https:\/\/www.gaveanews.com\/wp-content\/uploads\/trofeu-brasileirao.webp","datePublished":"2025-03-30T11:48:35+00:00","dateModified":"2025-03-30T11:48:41+00:00","author":{"@id":"https:\/\/www.gaveanews.com\/#\/schema\/person\/0277a79a1289c451c281ec0411d84f0c"},"breadcrumb":{"@id":"https:\/\/www.gaveanews.com\/index.php\/2025\/03\/30\/caiu-primeiro-tecnico-da-serie-a-do-brasileirao-e-demitido\/#breadcrumb"},"inLanguage":"pt-BR","potentialAction":[{"@type":"ReadAction","target":["https:\/\/www.gaveanews.com\/index.php\/2025\/03\/30\/caiu-primeiro-tecnico-da-serie-a-do-brasileirao-e-demitido\/"]}]},{"@type":"ImageObject","inLanguage":"pt-BR","@id":"https:\/\/www.gaveanews.com\/index.php\/2025\/03\/30\/caiu-primeiro-tecnico-da-serie-a-do-brasileirao-e-demitido\/#primaryimage","url":"https:\/\/www.gaveanews.com\/wp-content\/uploads\/trofeu-brasileirao.webp","contentUrl":"https:\/\/www.gaveanews.com\/wp-content\/uploads\/trofeu-brasileirao.webp","width":984,"height":656,"caption":"Trof\u00e9u do Brasileir\u00e3o (Foto: Lucas Figueiredo\/ CBF)"},{"@type":"BreadcrumbList","@id":"https:\/\/www.gaveanews.com\/index.php\/2025\/03\/30\/caiu-primeiro-tecnico-da-serie-a-do-brasileirao-e-demitido\/#breadcrumb","itemListElement":[{"@type":"ListItem","position":1,"name":"Home","item":"https:\/\/www.gaveanews.com\/"},{"@type":"ListItem","position":2,"name":"CAIU! Primeiro t\u00e9cnico da S\u00e9rie A do Brasileir\u00e3o \u00e9 demitido"}]},{"@type":"WebSite","@id":"https:\/\/www.gaveanews.com\/#website","url":"https:\/\/www.gaveanews.com\/","name":"G\u00e1vea News","description":"Veja todas as not\u00edcias sobre o Flamengo: Contrata\u00e7\u00f5es, categorias de base, resultados das partidas, tabela de classifica\u00e7\u00e3o, pr\u00f3ximos jogos!","potentialAction":[{"@type":"SearchAction","target":{"@type":"EntryPoint","urlTemplate":"https:\/\/www.gaveanews.com\/?s={search_term_string}"},"query-input":{"@type":"PropertyValueSpecification","valueRequired":true,"valueName":"search_term_string"}}],"inLanguage":"pt-BR"},{"@type":"Person","@id":"https:\/\/www.gaveanews.com\/#\/schema\/person\/0277a79a1289c451c281ec0411d84f0c","name":"Andr\u00e9 Serra","image":{"@type":"ImageObject","inLanguage":"pt-BR","@id":"https:\/\/www.gaveanews.com\/#\/schema\/person\/image\/","url":"https:\/\/secure.gravatar.com\/avatar\/d7231369fe48db93292b3e88eb2162dbd9a34a47a8437d9ef3bcaca2a86a83d7?s=96&d=mm&r=g","contentUrl":"https:\/\/secure.gravatar.com\/avatar\/d7231369fe48db93292b3e88eb2162dbd9a34a47a8437d9ef3bcaca2a86a83d7?s=96&d=mm&r=g","caption":"Andr\u00e9 Serra"}}]}},"_links":{"self":[{"href":"https:\/\/www.gaveanews.com\/index.php\/wp-json\/wp\/v2\/posts\/246629","targetHints":{"allow":["GET"]}}],"collection":[{"href":"https:\/\/www.gaveanews.com\/index.php\/wp-json\/wp\/v2\/posts"}],"about":[{"href":"https:\/\/www.gaveanews.com\/index.php\/wp-json\/wp\/v2\/types\/post"}],"author":[{"embeddable":true,"href":"https:\/\/www.gaveanews.com\/index.php\/wp-json\/wp\/v2\/users\/21"}],"replies":[{"embeddable":true,"href":"https:\/\/www.gaveanews.com\/index.php\/wp-json\/wp\/v2\/comments?post=246629"}],"version-history":[{"count":1,"href":"https:\/\/www.gaveanews.com\/index.php\/wp-json\/wp\/v2\/posts\/246629\/revisions"}],"predecessor-version":[{"id":246630,"href":"https:\/\/www.gaveanews.com\/index.php\/wp-json\/wp\/v2\/posts\/246629\/revisions\/246630"}],"wp:featuredmedia":[{"embeddable":true,"href":"https:\/\/www.gaveanews.com\/index.php\/wp-json\/wp\/v2\/media\/110475"}],"wp:attachment":[{"href":"https:\/\/www.gaveanews.com\/index.php\/wp-json\/wp\/v2\/media?parent=246629"}],"wp:term":[{"taxonomy":"category","embeddable":true,"href":"https:\/\/www.gaveanews.com\/index.php\/wp-json\/wp\/v2\/categories?post=246629"},{"taxonomy":"post_tag","embeddable":true,"href":"https:\/\/www.gaveanews.com\/index.php\/wp-json\/wp\/v2\/tags?post=246629"}],"curies":[{"name":"wp","href":"https:\/\/api.w.org\/{rel}","templated":true}]}}