{"id":246632,"date":"2025-03-30T13:35:24","date_gmt":"2025-03-30T16:35:24","guid":{"rendered":"https:\/\/www.gaveanews.com\/?p=246632"},"modified":"2025-03-30T13:29:12","modified_gmt":"2025-03-30T16:29:12","slug":"sao-paulo-x-sport-a-declaracao-de-pepa","status":"publish","type":"post","link":"https:\/\/www.gaveanews.com\/index.php\/2025\/03\/30\/sao-paulo-x-sport-a-declaracao-de-pepa\/","title":{"rendered":"S\u00e3o Paulo x Sport: a declara\u00e7\u00e3o de Pepa"},"content":{"rendered":"\n<h2 class=\"wp-block-heading\" id=\"h-inegociavel-o-espirito-de-entrega-disse-o-treinador\">&#8220;Inegoci\u00e1vel o esp\u00edrito de entrega&#8221;, disse o treinador<\/h2>\n\n\n\n<p>No \u00faltimo s\u00e1bado (29), o Sport visitou o S\u00e3o Paulo no Morumbi e arrancou um empate por 0 a 0, assim somando seu primeiro ponto no Brasileir\u00e3o de 2025. O t\u00e9cnico Pepa valorizou o ponto somado e a entrega do time na partida. <\/p>\n\n\n\n<p>Pepa valorizou o ponto somado e tamb\u00e9m o fato da defesa n\u00e3o ter sido vazada. Para isso, Calleri &#8220;deu uma ajudinha&#8221;, j\u00e1 que o argentino perdeu um p\u00eanalti logo aos 2 minutos do primeiro tempo. &#8220;Se n\u00f3s n\u00e3o compet\u00edssemos neste n\u00edvel aqui, t\u00ednhamos sido derrotados&#8221;, iniciou o treinador.<\/p>\n\n\n\n<p>&#8220;Temos que real\u00e7ar acima de tudo a organiza\u00e7\u00e3o defensiva, o rigor, o esp\u00edrito de sacrif\u00edcio. \u00c9 uma estreia, o que n\u00e3o \u00e9 f\u00e1cil, contra uma grande equipe, num est\u00e1dio com um apoio tremendo. Sentimos que temos margem para crescer. Agora, o que \u00e9 inegoci\u00e1vel \u00e9 este esp\u00edrito de entrega, esp\u00edrito de sacrif\u00edcio, organiza\u00e7\u00e3o&#8221;, completou. <\/p>\n\n\n\n<p>O p\u00eanalti perdido por Jonathan Calleri foi mencionado pelo treinador na entrevista coletiva ap\u00f3s o jogo. Para ele, a situa\u00e7\u00e3o foi um &#8220;divisor de \u00e1guas&#8221; na partida. Al\u00e9m disso, Pepa valorizou que a equipe continuou com a mesma estrat\u00e9gia. <\/p>\n\n\n\n<p>&#8220;Um p\u00eanalti no primeiro minuto podia ter colocado muita coisa em termos emocionais, mas pelo contr\u00e1rio. A equipa soube sofrer e quando conseguiu ter bola tamb\u00e9m n\u00e3o teve problemas em jogar. No segundo tempo a equipe at\u00e9 se abriu mais, tentou ter mais bola, e com isso permitiu algumas transi\u00e7\u00f5es. O S\u00e3o Paulo tamb\u00e9m tem jogadores muito fortes tecnicamente e acabou por criar algumas oportunidades .\u00a0E n\u00f3s agarramos com tudo ao jogo, sem fazer cera, e acima de tudo dando a vida por cada mil\u00edmetro, por cada cent\u00edmetro, por cada bola. Essa tem que ser essa a nossa imagem na S\u00e9rie A&#8221;, finalizou Pepa. <\/p>\n\n\n\n<p>Nesta quarta-feira (2), o Sport enfrenta o Reto pelo jogo de volta da final do Campeonato Pernambucano. Na ida, o Le\u00e3o venceu por 3 a 2 e precisa de apenas um empate para se sagrar campe\u00e3o estadual. <\/p>\n","protected":false},"excerpt":{"rendered":"<p>&#8220;Inegoci\u00e1vel o esp\u00edrito de entrega&#8221;, disse o treinador No \u00faltimo s\u00e1bado (29), o Sport visitou o S\u00e3o Paulo no Morumbi e arrancou um empate por 0 a 0, assim somando seu primeiro ponto no Brasileir\u00e3o de 2025. O t\u00e9cnico Pepa valorizou o ponto somado e a entrega do time na partida. Pepa valorizou o ponto [&hellip;]<\/p>\n","protected":false},"author":21,"featured_media":163344,"comment_status":"open","ping_status":"closed","sticky":false,"template":"","format":"standard","meta":{"footnotes":""},"categories":[151,154],"tags":[],"class_list":["post-246632","post","type-post","status-publish","format-standard","has-post-thumbnail","hentry","category-sao-paulo","category-sport"],"yoast_head":"<!-- This site is optimized with the Yoast SEO Premium plugin v24.2 (Yoast SEO v26.9) - https:\/\/yoast.com\/product\/yoast-seo-premium-wordpress\/ -->\n<title>S\u00e3o Paulo x Sport: a declara\u00e7\u00e3o de Pepa<\/title>\n<meta name=\"robots\" content=\"index, follow, max-snippet:-1, max-image-preview:large, max-video-preview:-1\" \/>\n<link rel=\"canonical\" href=\"https:\/\/www.gaveanews.com\/index.php\/2025\/03\/30\/sao-paulo-x-sport-a-declaracao-de-pepa\/\" \/>\n<meta property=\"og:locale\" content=\"pt_BR\" \/>\n<meta property=\"og:type\" content=\"article\" \/>\n<meta property=\"og:title\" content=\"S\u00e3o Paulo x Sport: a declara\u00e7\u00e3o de Pepa\" \/>\n<meta property=\"og:description\" content=\"&#8220;Inegoci\u00e1vel o esp\u00edrito de entrega&#8221;, disse o treinador No \u00faltimo s\u00e1bado (29), o Sport visitou o S\u00e3o Paulo no Morumbi e arrancou um empate por 0 a 0, assim somando seu primeiro ponto no Brasileir\u00e3o de 2025. O t\u00e9cnico Pepa valorizou o ponto somado e a entrega do time na partida. Pepa valorizou o ponto [&hellip;]\" \/>\n<meta property=\"og:url\" content=\"https:\/\/www.gaveanews.com\/index.php\/2025\/03\/30\/sao-paulo-x-sport-a-declaracao-de-pepa\/\" \/>\n<meta property=\"og:site_name\" content=\"G\u00e1vea News\" \/>\n<meta property=\"article:publisher\" content=\"https:\/\/facebook.com\/gaveaNews\/\" \/>\n<meta property=\"article:published_time\" content=\"2025-03-30T16:35:24+00:00\" \/>\n<meta property=\"og:image\" content=\"https:\/\/www.gaveanews.com\/wp-content\/uploads\/Pepa-treinador-de-futebol.webp\" \/>\n\t<meta property=\"og:image:width\" content=\"1038\" \/>\n\t<meta property=\"og:image:height\" content=\"779\" \/>\n\t<meta property=\"og:image:type\" content=\"image\/webp\" \/>\n<meta name=\"author\" content=\"Andr\u00e9 Serra\" \/>\n<meta name=\"twitter:card\" content=\"summary_large_image\" \/>\n<meta name=\"twitter:label1\" content=\"Escrito por\" \/>\n\t<meta name=\"twitter:data1\" content=\"Andr\u00e9 Serra\" \/>\n\t<meta name=\"twitter:label2\" content=\"Est. tempo de leitura\" \/>\n\t<meta name=\"twitter:data2\" content=\"3 minutos\" \/>\n<script type=\"application\/ld+json\" class=\"yoast-schema-graph\">{\"@context\":\"https:\/\/schema.org\",\"@graph\":[{\"@type\":\"NewsArticle\",\"@id\":\"https:\/\/www.gaveanews.com\/index.php\/2025\/03\/30\/sao-paulo-x-sport-a-declaracao-de-pepa\/#article\",\"isPartOf\":{\"@id\":\"https:\/\/www.gaveanews.com\/index.php\/2025\/03\/30\/sao-paulo-x-sport-a-declaracao-de-pepa\/\"},\"author\":{\"name\":\"Andr\u00e9 Serra\",\"@id\":\"https:\/\/www.gaveanews.com\/#\/schema\/person\/0277a79a1289c451c281ec0411d84f0c\"},\"headline\":\"S\u00e3o Paulo x Sport: a declara\u00e7\u00e3o de Pepa\",\"datePublished\":\"2025-03-30T16:35:24+00:00\",\"mainEntityOfPage\":{\"@id\":\"https:\/\/www.gaveanews.com\/index.php\/2025\/03\/30\/sao-paulo-x-sport-a-declaracao-de-pepa\/\"},\"wordCount\":375,\"commentCount\":0,\"image\":{\"@id\":\"https:\/\/www.gaveanews.com\/index.php\/2025\/03\/30\/sao-paulo-x-sport-a-declaracao-de-pepa\/#primaryimage\"},\"thumbnailUrl\":\"https:\/\/www.gaveanews.com\/wp-content\/uploads\/Pepa-treinador-de-futebol.webp\",\"articleSection\":[\"S\u00e3o Paulo\",\"Sport\"],\"inLanguage\":\"pt-BR\",\"potentialAction\":[{\"@type\":\"CommentAction\",\"name\":\"Comment\",\"target\":[\"https:\/\/www.gaveanews.com\/index.php\/2025\/03\/30\/sao-paulo-x-sport-a-declaracao-de-pepa\/#respond\"]}],\"copyrightYear\":\"2025\",\"copyrightHolder\":{\"@id\":\"https:\/\/www.gaveanews.com\/#organization\"}},{\"@type\":\"WebPage\",\"@id\":\"https:\/\/www.gaveanews.com\/index.php\/2025\/03\/30\/sao-paulo-x-sport-a-declaracao-de-pepa\/\",\"url\":\"https:\/\/www.gaveanews.com\/index.php\/2025\/03\/30\/sao-paulo-x-sport-a-declaracao-de-pepa\/\",\"name\":\"S\u00e3o Paulo x Sport: a declara\u00e7\u00e3o de Pepa\",\"isPartOf\":{\"@id\":\"https:\/\/www.gaveanews.com\/#website\"},\"primaryImageOfPage\":{\"@id\":\"https:\/\/www.gaveanews.com\/index.php\/2025\/03\/30\/sao-paulo-x-sport-a-declaracao-de-pepa\/#primaryimage\"},\"image\":{\"@id\":\"https:\/\/www.gaveanews.com\/index.php\/2025\/03\/30\/sao-paulo-x-sport-a-declaracao-de-pepa\/#primaryimage\"},\"thumbnailUrl\":\"https:\/\/www.gaveanews.com\/wp-content\/uploads\/Pepa-treinador-de-futebol.webp\",\"datePublished\":\"2025-03-30T16:35:24+00:00\",\"author\":{\"@id\":\"https:\/\/www.gaveanews.com\/#\/schema\/person\/0277a79a1289c451c281ec0411d84f0c\"},\"breadcrumb\":{\"@id\":\"https:\/\/www.gaveanews.com\/index.php\/2025\/03\/30\/sao-paulo-x-sport-a-declaracao-de-pepa\/#breadcrumb\"},\"inLanguage\":\"pt-BR\",\"potentialAction\":[{\"@type\":\"ReadAction\",\"target\":[\"https:\/\/www.gaveanews.com\/index.php\/2025\/03\/30\/sao-paulo-x-sport-a-declaracao-de-pepa\/\"]}]},{\"@type\":\"ImageObject\",\"inLanguage\":\"pt-BR\",\"@id\":\"https:\/\/www.gaveanews.com\/index.php\/2025\/03\/30\/sao-paulo-x-sport-a-declaracao-de-pepa\/#primaryimage\",\"url\":\"https:\/\/www.gaveanews.com\/wp-content\/uploads\/Pepa-treinador-de-futebol.webp\",\"contentUrl\":\"https:\/\/www.gaveanews.com\/wp-content\/uploads\/Pepa-treinador-de-futebol.webp\",\"width\":1038,\"height\":779,\"caption\":\"Pepa, treinador de futebol (Foto: Reprodu\u00e7\u00e3o\/Instagram)\"},{\"@type\":\"BreadcrumbList\",\"@id\":\"https:\/\/www.gaveanews.com\/index.php\/2025\/03\/30\/sao-paulo-x-sport-a-declaracao-de-pepa\/#breadcrumb\",\"itemListElement\":[{\"@type\":\"ListItem\",\"position\":1,\"name\":\"Home\",\"item\":\"https:\/\/www.gaveanews.com\/\"},{\"@type\":\"ListItem\",\"position\":2,\"name\":\"S\u00e3o Paulo x Sport: a declara\u00e7\u00e3o de Pepa\"}]},{\"@type\":\"WebSite\",\"@id\":\"https:\/\/www.gaveanews.com\/#website\",\"url\":\"https:\/\/www.gaveanews.com\/\",\"name\":\"G\u00e1vea News\",\"description\":\"Veja todas as not\u00edcias sobre o Flamengo: Contrata\u00e7\u00f5es, categorias de base, resultados das partidas, tabela de classifica\u00e7\u00e3o, pr\u00f3ximos jogos!\",\"potentialAction\":[{\"@type\":\"SearchAction\",\"target\":{\"@type\":\"EntryPoint\",\"urlTemplate\":\"https:\/\/www.gaveanews.com\/?s={search_term_string}\"},\"query-input\":{\"@type\":\"PropertyValueSpecification\",\"valueRequired\":true,\"valueName\":\"search_term_string\"}}],\"inLanguage\":\"pt-BR\"},{\"@type\":\"Person\",\"@id\":\"https:\/\/www.gaveanews.com\/#\/schema\/person\/0277a79a1289c451c281ec0411d84f0c\",\"name\":\"Andr\u00e9 Serra\",\"image\":{\"@type\":\"ImageObject\",\"inLanguage\":\"pt-BR\",\"@id\":\"https:\/\/www.gaveanews.com\/#\/schema\/person\/image\/\",\"url\":\"https:\/\/secure.gravatar.com\/avatar\/d7231369fe48db93292b3e88eb2162dbd9a34a47a8437d9ef3bcaca2a86a83d7?s=96&d=mm&r=g\",\"contentUrl\":\"https:\/\/secure.gravatar.com\/avatar\/d7231369fe48db93292b3e88eb2162dbd9a34a47a8437d9ef3bcaca2a86a83d7?s=96&d=mm&r=g\",\"caption\":\"Andr\u00e9 Serra\"}}]}<\/script>\n<!-- \/ Yoast SEO Premium plugin. -->","yoast_head_json":{"title":"S\u00e3o Paulo x Sport: a declara\u00e7\u00e3o de Pepa","robots":{"index":"index","follow":"follow","max-snippet":"max-snippet:-1","max-image-preview":"max-image-preview:large","max-video-preview":"max-video-preview:-1"},"canonical":"https:\/\/www.gaveanews.com\/index.php\/2025\/03\/30\/sao-paulo-x-sport-a-declaracao-de-pepa\/","og_locale":"pt_BR","og_type":"article","og_title":"S\u00e3o Paulo x Sport: a declara\u00e7\u00e3o de Pepa","og_description":"&#8220;Inegoci\u00e1vel o esp\u00edrito de entrega&#8221;, disse o treinador No \u00faltimo s\u00e1bado (29), o Sport visitou o S\u00e3o Paulo no Morumbi e arrancou um empate por 0 a 0, assim somando seu primeiro ponto no Brasileir\u00e3o de 2025. O t\u00e9cnico Pepa valorizou o ponto somado e a entrega do time na partida. Pepa valorizou o ponto [&hellip;]","og_url":"https:\/\/www.gaveanews.com\/index.php\/2025\/03\/30\/sao-paulo-x-sport-a-declaracao-de-pepa\/","og_site_name":"G\u00e1vea News","article_publisher":"https:\/\/facebook.com\/gaveaNews\/","article_published_time":"2025-03-30T16:35:24+00:00","og_image":[{"width":1038,"height":779,"url":"https:\/\/www.gaveanews.com\/wp-content\/uploads\/Pepa-treinador-de-futebol.webp","type":"image\/webp"}],"author":"Andr\u00e9 Serra","twitter_card":"summary_large_image","twitter_misc":{"Escrito por":"Andr\u00e9 Serra","Est. tempo de leitura":"3 minutos"},"schema":{"@context":"https:\/\/schema.org","@graph":[{"@type":"NewsArticle","@id":"https:\/\/www.gaveanews.com\/index.php\/2025\/03\/30\/sao-paulo-x-sport-a-declaracao-de-pepa\/#article","isPartOf":{"@id":"https:\/\/www.gaveanews.com\/index.php\/2025\/03\/30\/sao-paulo-x-sport-a-declaracao-de-pepa\/"},"author":{"name":"Andr\u00e9 Serra","@id":"https:\/\/www.gaveanews.com\/#\/schema\/person\/0277a79a1289c451c281ec0411d84f0c"},"headline":"S\u00e3o Paulo x Sport: a declara\u00e7\u00e3o de Pepa","datePublished":"2025-03-30T16:35:24+00:00","mainEntityOfPage":{"@id":"https:\/\/www.gaveanews.com\/index.php\/2025\/03\/30\/sao-paulo-x-sport-a-declaracao-de-pepa\/"},"wordCount":375,"commentCount":0,"image":{"@id":"https:\/\/www.gaveanews.com\/index.php\/2025\/03\/30\/sao-paulo-x-sport-a-declaracao-de-pepa\/#primaryimage"},"thumbnailUrl":"https:\/\/www.gaveanews.com\/wp-content\/uploads\/Pepa-treinador-de-futebol.webp","articleSection":["S\u00e3o Paulo","Sport"],"inLanguage":"pt-BR","potentialAction":[{"@type":"CommentAction","name":"Comment","target":["https:\/\/www.gaveanews.com\/index.php\/2025\/03\/30\/sao-paulo-x-sport-a-declaracao-de-pepa\/#respond"]}],"copyrightYear":"2025","copyrightHolder":{"@id":"https:\/\/www.gaveanews.com\/#organization"}},{"@type":"WebPage","@id":"https:\/\/www.gaveanews.com\/index.php\/2025\/03\/30\/sao-paulo-x-sport-a-declaracao-de-pepa\/","url":"https:\/\/www.gaveanews.com\/index.php\/2025\/03\/30\/sao-paulo-x-sport-a-declaracao-de-pepa\/","name":"S\u00e3o Paulo x Sport: a declara\u00e7\u00e3o de Pepa","isPartOf":{"@id":"https:\/\/www.gaveanews.com\/#website"},"primaryImageOfPage":{"@id":"https:\/\/www.gaveanews.com\/index.php\/2025\/03\/30\/sao-paulo-x-sport-a-declaracao-de-pepa\/#primaryimage"},"image":{"@id":"https:\/\/www.gaveanews.com\/index.php\/2025\/03\/30\/sao-paulo-x-sport-a-declaracao-de-pepa\/#primaryimage"},"thumbnailUrl":"https:\/\/www.gaveanews.com\/wp-content\/uploads\/Pepa-treinador-de-futebol.webp","datePublished":"2025-03-30T16:35:24+00:00","author":{"@id":"https:\/\/www.gaveanews.com\/#\/schema\/person\/0277a79a1289c451c281ec0411d84f0c"},"breadcrumb":{"@id":"https:\/\/www.gaveanews.com\/index.php\/2025\/03\/30\/sao-paulo-x-sport-a-declaracao-de-pepa\/#breadcrumb"},"inLanguage":"pt-BR","potentialAction":[{"@type":"ReadAction","target":["https:\/\/www.gaveanews.com\/index.php\/2025\/03\/30\/sao-paulo-x-sport-a-declaracao-de-pepa\/"]}]},{"@type":"ImageObject","inLanguage":"pt-BR","@id":"https:\/\/www.gaveanews.com\/index.php\/2025\/03\/30\/sao-paulo-x-sport-a-declaracao-de-pepa\/#primaryimage","url":"https:\/\/www.gaveanews.com\/wp-content\/uploads\/Pepa-treinador-de-futebol.webp","contentUrl":"https:\/\/www.gaveanews.com\/wp-content\/uploads\/Pepa-treinador-de-futebol.webp","width":1038,"height":779,"caption":"Pepa, treinador de futebol (Foto: Reprodu\u00e7\u00e3o\/Instagram)"},{"@type":"BreadcrumbList","@id":"https:\/\/www.gaveanews.com\/index.php\/2025\/03\/30\/sao-paulo-x-sport-a-declaracao-de-pepa\/#breadcrumb","itemListElement":[{"@type":"ListItem","position":1,"name":"Home","item":"https:\/\/www.gaveanews.com\/"},{"@type":"ListItem","position":2,"name":"S\u00e3o Paulo x Sport: a declara\u00e7\u00e3o de Pepa"}]},{"@type":"WebSite","@id":"https:\/\/www.gaveanews.com\/#website","url":"https:\/\/www.gaveanews.com\/","name":"G\u00e1vea News","description":"Veja todas as not\u00edcias sobre o Flamengo: Contrata\u00e7\u00f5es, categorias de base, resultados das partidas, tabela de classifica\u00e7\u00e3o, pr\u00f3ximos jogos!","potentialAction":[{"@type":"SearchAction","target":{"@type":"EntryPoint","urlTemplate":"https:\/\/www.gaveanews.com\/?s={search_term_string}"},"query-input":{"@type":"PropertyValueSpecification","valueRequired":true,"valueName":"search_term_string"}}],"inLanguage":"pt-BR"},{"@type":"Person","@id":"https:\/\/www.gaveanews.com\/#\/schema\/person\/0277a79a1289c451c281ec0411d84f0c","name":"Andr\u00e9 Serra","image":{"@type":"ImageObject","inLanguage":"pt-BR","@id":"https:\/\/www.gaveanews.com\/#\/schema\/person\/image\/","url":"https:\/\/secure.gravatar.com\/avatar\/d7231369fe48db93292b3e88eb2162dbd9a34a47a8437d9ef3bcaca2a86a83d7?s=96&d=mm&r=g","contentUrl":"https:\/\/secure.gravatar.com\/avatar\/d7231369fe48db93292b3e88eb2162dbd9a34a47a8437d9ef3bcaca2a86a83d7?s=96&d=mm&r=g","caption":"Andr\u00e9 Serra"}}]}},"_links":{"self":[{"href":"https:\/\/www.gaveanews.com\/index.php\/wp-json\/wp\/v2\/posts\/246632","targetHints":{"allow":["GET"]}}],"collection":[{"href":"https:\/\/www.gaveanews.com\/index.php\/wp-json\/wp\/v2\/posts"}],"about":[{"href":"https:\/\/www.gaveanews.com\/index.php\/wp-json\/wp\/v2\/types\/post"}],"author":[{"embeddable":true,"href":"https:\/\/www.gaveanews.com\/index.php\/wp-json\/wp\/v2\/users\/21"}],"replies":[{"embeddable":true,"href":"https:\/\/www.gaveanews.com\/index.php\/wp-json\/wp\/v2\/comments?post=246632"}],"version-history":[{"count":1,"href":"https:\/\/www.gaveanews.com\/index.php\/wp-json\/wp\/v2\/posts\/246632\/revisions"}],"predecessor-version":[{"id":246635,"href":"https:\/\/www.gaveanews.com\/index.php\/wp-json\/wp\/v2\/posts\/246632\/revisions\/246635"}],"wp:featuredmedia":[{"embeddable":true,"href":"https:\/\/www.gaveanews.com\/index.php\/wp-json\/wp\/v2\/media\/163344"}],"wp:attachment":[{"href":"https:\/\/www.gaveanews.com\/index.php\/wp-json\/wp\/v2\/media?parent=246632"}],"wp:term":[{"taxonomy":"category","embeddable":true,"href":"https:\/\/www.gaveanews.com\/index.php\/wp-json\/wp\/v2\/categories?post=246632"},{"taxonomy":"post_tag","embeddable":true,"href":"https:\/\/www.gaveanews.com\/index.php\/wp-json\/wp\/v2\/tags?post=246632"}],"curies":[{"name":"wp","href":"https:\/\/api.w.org\/{rel}","templated":true}]}}