{"id":246634,"date":"2025-03-30T13:55:28","date_gmt":"2025-03-30T16:55:28","guid":{"rendered":"https:\/\/www.gaveanews.com\/?p=246634"},"modified":"2025-03-30T13:30:11","modified_gmt":"2025-03-30T16:30:11","slug":"a-declaracao-de-filipe-luis-do-flamengo-sobre-o-internacional-dificil","status":"publish","type":"post","link":"https:\/\/www.gaveanews.com\/index.php\/2025\/03\/30\/a-declaracao-de-filipe-luis-do-flamengo-sobre-o-internacional-dificil\/","title":{"rendered":"A declara\u00e7\u00e3o de Filipe Lu\u00eds, do Flamengo, sobre o Internacional: &#8220;Dif\u00edcil&#8221;"},"content":{"rendered":"\n<p>Postulantes ao t\u00edtulo do Brasileir\u00e3o 2025, Flamengo e Internacional se enfrentaram na estreia do campeonato e ficaram somente no empate em 1&#215;1. A partida foi realizada no Maracan\u00e3 e deixou um sentimento de frustra\u00e7\u00e3o ao torcedor rubro-negro devido \u00e0s grandes chances desperdi\u00e7adas.<\/p>\n\n\n\n<p>Ap\u00f3s a partida, o t\u00e9cnico Filipe Lu\u00eds exaltou a qualidade do Internacional, mas tamb\u00e9m apontou uma mudan\u00e7a t\u00e1tica feita pelo time de Roger Machado. O treinador do Flamengo se mostrou satisfeito com a atua\u00e7\u00e3o do time apesar do resultado n\u00e3o ter sido o esperado.<\/p>\n\n\n\n<p>&#8220;O Internacional n\u00e3o joga com linha de 5 e hoje jogaram. A gente se readaptou r\u00e1pido. O Inter fez isso ano passado aqui. \u00c9 um escolha do treinador advers\u00e1rio e nos adaptamos r\u00e1pido e bem. Dominamos. N\u00e3o analiso o resultado e sim o que vi em campo. Infelizmente n\u00e3o conseguimos o resultado&#8221;, disse Filipe Lu\u00eds.<\/p>\n\n\n\n<p>&#8220;E o Internacional \u00e9 um grande advers\u00e1rio, que n\u00e3o veio para empatar, mas sim para vencer. A gente conseguiu colocar o Inter em bloco baixo e tirar a bola deles. \u00c9 m\u00e9rito nosso. Hoje criamos chances de gol&#8230; \u00c9 muito dif\u00edcil de pressionar o Inter. S\u00e3o poucos times que conseguem tirar a bola do Internacional&#8221;, completou.<\/p>\n\n\n\n<p>O Flamengo agora tem uma estreia pela frente. Dessa vez pela Libertadores. Na quinta-feira, o Rubro-Negro encara o Deportivo T\u00e1chira, da Venezuela, fora de casa. A partida est\u00e1 marcada para 21h30 (de Bras\u00edlia). Al\u00e9m dos venezuelanos, o Central C\u00f3rdoba, da Argentina, e a LDU, do Equador, tamb\u00e9m est\u00e3o no grupo.<\/p>\n\n\n\n<p>&#8220;Amanh\u00e3 eu come\u00e7o a estudar o T\u00e1chira. Ainda nem sei como eles jogam ou nome dos jogadores. Vou pensar nisso amanh\u00e3 de manh\u00e3&#8221;, disse Filipe Lu\u00eds.<\/p>\n\n\n\n<p>J\u00e1 no Brasileir\u00e3o o pr\u00f3ximo desafio tamb\u00e9m \u00e9 fora de casa. No pr\u00f3ximo domingo (6), o Flamengo visita o Vit\u00f3ria, no Barrad\u00e3o, \u00e0s 18h30 (de Bras\u00edlia). O Le\u00e3o estreou fora de casa contra o Juventude e foi derrotado por 2&#215;0.<\/p>\n","protected":false},"excerpt":{"rendered":"<p>Postulantes ao t\u00edtulo do Brasileir\u00e3o 2025, Flamengo e Internacional se enfrentaram na estreia do campeonato e ficaram somente no empate em 1&#215;1. A partida foi realizada no Maracan\u00e3 e deixou um sentimento de frustra\u00e7\u00e3o ao torcedor rubro-negro devido \u00e0s grandes chances desperdi\u00e7adas. Ap\u00f3s a partida, o t\u00e9cnico Filipe Lu\u00eds exaltou a qualidade do Internacional, mas [&hellip;]<\/p>\n","protected":false},"author":32,"featured_media":170548,"comment_status":"open","ping_status":"closed","sticky":false,"template":"","format":"standard","meta":{"footnotes":""},"categories":[1],"tags":[],"class_list":["post-246634","post","type-post","status-publish","format-standard","has-post-thumbnail","hentry","category-flamengo"],"yoast_head":"<!-- This site is optimized with the Yoast SEO Premium plugin v24.2 (Yoast SEO v26.9) - https:\/\/yoast.com\/product\/yoast-seo-premium-wordpress\/ -->\n<title>A declara\u00e7\u00e3o de Filipe Lu\u00eds, do Flamengo, sobre o Internacional: &quot;Dif\u00edcil&quot;<\/title>\n<meta name=\"robots\" content=\"index, follow, max-snippet:-1, max-image-preview:large, max-video-preview:-1\" \/>\n<link rel=\"canonical\" href=\"https:\/\/www.gaveanews.com\/index.php\/2025\/03\/30\/a-declaracao-de-filipe-luis-do-flamengo-sobre-o-internacional-dificil\/\" \/>\n<meta property=\"og:locale\" content=\"pt_BR\" \/>\n<meta property=\"og:type\" content=\"article\" \/>\n<meta property=\"og:title\" content=\"A declara\u00e7\u00e3o de Filipe Lu\u00eds, do Flamengo, sobre o Internacional: &quot;Dif\u00edcil&quot;\" \/>\n<meta property=\"og:description\" content=\"Postulantes ao t\u00edtulo do Brasileir\u00e3o 2025, Flamengo e Internacional se enfrentaram na estreia do campeonato e ficaram somente no empate em 1&#215;1. A partida foi realizada no Maracan\u00e3 e deixou um sentimento de frustra\u00e7\u00e3o ao torcedor rubro-negro devido \u00e0s grandes chances desperdi\u00e7adas. Ap\u00f3s a partida, o t\u00e9cnico Filipe Lu\u00eds exaltou a qualidade do Internacional, mas [&hellip;]\" \/>\n<meta property=\"og:url\" content=\"https:\/\/www.gaveanews.com\/index.php\/2025\/03\/30\/a-declaracao-de-filipe-luis-do-flamengo-sobre-o-internacional-dificil\/\" \/>\n<meta property=\"og:site_name\" content=\"G\u00e1vea News\" \/>\n<meta property=\"article:publisher\" content=\"https:\/\/facebook.com\/gaveaNews\/\" \/>\n<meta property=\"article:published_time\" content=\"2025-03-30T16:55:28+00:00\" \/>\n<meta property=\"og:image\" content=\"https:\/\/www.gaveanews.com\/wp-content\/uploads\/Filipe-Luis-como-tecnico-do-Flamengo.webp\" \/>\n\t<meta property=\"og:image:width\" content=\"800\" \/>\n\t<meta property=\"og:image:height\" content=\"534\" \/>\n\t<meta property=\"og:image:type\" content=\"image\/webp\" \/>\n<meta name=\"author\" content=\"Matheus Leal\" \/>\n<meta name=\"twitter:card\" content=\"summary_large_image\" \/>\n<meta name=\"twitter:label1\" content=\"Escrito por\" \/>\n\t<meta name=\"twitter:data1\" content=\"Matheus Leal\" \/>\n\t<meta name=\"twitter:label2\" content=\"Est. tempo de leitura\" \/>\n\t<meta name=\"twitter:data2\" content=\"2 minutos\" \/>\n<script type=\"application\/ld+json\" class=\"yoast-schema-graph\">{\"@context\":\"https:\/\/schema.org\",\"@graph\":[{\"@type\":\"NewsArticle\",\"@id\":\"https:\/\/www.gaveanews.com\/index.php\/2025\/03\/30\/a-declaracao-de-filipe-luis-do-flamengo-sobre-o-internacional-dificil\/#article\",\"isPartOf\":{\"@id\":\"https:\/\/www.gaveanews.com\/index.php\/2025\/03\/30\/a-declaracao-de-filipe-luis-do-flamengo-sobre-o-internacional-dificil\/\"},\"author\":{\"name\":\"Matheus Leal\",\"@id\":\"https:\/\/www.gaveanews.com\/#\/schema\/person\/49ac99b6823a2b8d5087a6ce3aaaa128\"},\"headline\":\"A declara\u00e7\u00e3o de Filipe Lu\u00eds, do Flamengo, sobre o Internacional: &#8220;Dif\u00edcil&#8221;\",\"datePublished\":\"2025-03-30T16:55:28+00:00\",\"mainEntityOfPage\":{\"@id\":\"https:\/\/www.gaveanews.com\/index.php\/2025\/03\/30\/a-declaracao-de-filipe-luis-do-flamengo-sobre-o-internacional-dificil\/\"},\"wordCount\":360,\"commentCount\":0,\"image\":{\"@id\":\"https:\/\/www.gaveanews.com\/index.php\/2025\/03\/30\/a-declaracao-de-filipe-luis-do-flamengo-sobre-o-internacional-dificil\/#primaryimage\"},\"thumbnailUrl\":\"https:\/\/www.gaveanews.com\/wp-content\/uploads\/Filipe-Luis-como-tecnico-do-Flamengo.webp\",\"articleSection\":[\"Flamengo\"],\"inLanguage\":\"pt-BR\",\"potentialAction\":[{\"@type\":\"CommentAction\",\"name\":\"Comment\",\"target\":[\"https:\/\/www.gaveanews.com\/index.php\/2025\/03\/30\/a-declaracao-de-filipe-luis-do-flamengo-sobre-o-internacional-dificil\/#respond\"]}],\"copyrightYear\":\"2025\",\"copyrightHolder\":{\"@id\":\"https:\/\/www.gaveanews.com\/#organization\"}},{\"@type\":\"WebPage\",\"@id\":\"https:\/\/www.gaveanews.com\/index.php\/2025\/03\/30\/a-declaracao-de-filipe-luis-do-flamengo-sobre-o-internacional-dificil\/\",\"url\":\"https:\/\/www.gaveanews.com\/index.php\/2025\/03\/30\/a-declaracao-de-filipe-luis-do-flamengo-sobre-o-internacional-dificil\/\",\"name\":\"A declara\u00e7\u00e3o de Filipe Lu\u00eds, do Flamengo, sobre o Internacional: \\\"Dif\u00edcil\\\"\",\"isPartOf\":{\"@id\":\"https:\/\/www.gaveanews.com\/#website\"},\"primaryImageOfPage\":{\"@id\":\"https:\/\/www.gaveanews.com\/index.php\/2025\/03\/30\/a-declaracao-de-filipe-luis-do-flamengo-sobre-o-internacional-dificil\/#primaryimage\"},\"image\":{\"@id\":\"https:\/\/www.gaveanews.com\/index.php\/2025\/03\/30\/a-declaracao-de-filipe-luis-do-flamengo-sobre-o-internacional-dificil\/#primaryimage\"},\"thumbnailUrl\":\"https:\/\/www.gaveanews.com\/wp-content\/uploads\/Filipe-Luis-como-tecnico-do-Flamengo.webp\",\"datePublished\":\"2025-03-30T16:55:28+00:00\",\"author\":{\"@id\":\"https:\/\/www.gaveanews.com\/#\/schema\/person\/49ac99b6823a2b8d5087a6ce3aaaa128\"},\"breadcrumb\":{\"@id\":\"https:\/\/www.gaveanews.com\/index.php\/2025\/03\/30\/a-declaracao-de-filipe-luis-do-flamengo-sobre-o-internacional-dificil\/#breadcrumb\"},\"inLanguage\":\"pt-BR\",\"potentialAction\":[{\"@type\":\"ReadAction\",\"target\":[\"https:\/\/www.gaveanews.com\/index.php\/2025\/03\/30\/a-declaracao-de-filipe-luis-do-flamengo-sobre-o-internacional-dificil\/\"]}]},{\"@type\":\"ImageObject\",\"inLanguage\":\"pt-BR\",\"@id\":\"https:\/\/www.gaveanews.com\/index.php\/2025\/03\/30\/a-declaracao-de-filipe-luis-do-flamengo-sobre-o-internacional-dificil\/#primaryimage\",\"url\":\"https:\/\/www.gaveanews.com\/wp-content\/uploads\/Filipe-Luis-como-tecnico-do-Flamengo.webp\",\"contentUrl\":\"https:\/\/www.gaveanews.com\/wp-content\/uploads\/Filipe-Luis-como-tecnico-do-Flamengo.webp\",\"width\":800,\"height\":534,\"caption\":\"Filipe Lu\u00eds como t\u00e9cnico do Flamengo (Foto: Marcelo Cortez\/Flamengo)\"},{\"@type\":\"BreadcrumbList\",\"@id\":\"https:\/\/www.gaveanews.com\/index.php\/2025\/03\/30\/a-declaracao-de-filipe-luis-do-flamengo-sobre-o-internacional-dificil\/#breadcrumb\",\"itemListElement\":[{\"@type\":\"ListItem\",\"position\":1,\"name\":\"Home\",\"item\":\"https:\/\/www.gaveanews.com\/\"},{\"@type\":\"ListItem\",\"position\":2,\"name\":\"A declara\u00e7\u00e3o de Filipe Lu\u00eds, do Flamengo, sobre o Internacional: &#8220;Dif\u00edcil&#8221;\"}]},{\"@type\":\"WebSite\",\"@id\":\"https:\/\/www.gaveanews.com\/#website\",\"url\":\"https:\/\/www.gaveanews.com\/\",\"name\":\"G\u00e1vea News\",\"description\":\"Veja todas as not\u00edcias sobre o Flamengo: Contrata\u00e7\u00f5es, categorias de base, resultados das partidas, tabela de classifica\u00e7\u00e3o, pr\u00f3ximos jogos!\",\"potentialAction\":[{\"@type\":\"SearchAction\",\"target\":{\"@type\":\"EntryPoint\",\"urlTemplate\":\"https:\/\/www.gaveanews.com\/?s={search_term_string}\"},\"query-input\":{\"@type\":\"PropertyValueSpecification\",\"valueRequired\":true,\"valueName\":\"search_term_string\"}}],\"inLanguage\":\"pt-BR\"},{\"@type\":\"Person\",\"@id\":\"https:\/\/www.gaveanews.com\/#\/schema\/person\/49ac99b6823a2b8d5087a6ce3aaaa128\",\"name\":\"Matheus Leal\",\"image\":{\"@type\":\"ImageObject\",\"inLanguage\":\"pt-BR\",\"@id\":\"https:\/\/www.gaveanews.com\/#\/schema\/person\/image\/\",\"url\":\"https:\/\/secure.gravatar.com\/avatar\/21c52300d1234416f9c886f6dadd7452d8b035ac505314a51e4f56731e90c481?s=96&d=mm&r=g\",\"contentUrl\":\"https:\/\/secure.gravatar.com\/avatar\/21c52300d1234416f9c886f6dadd7452d8b035ac505314a51e4f56731e90c481?s=96&d=mm&r=g\",\"caption\":\"Matheus Leal\"}}]}<\/script>\n<!-- \/ Yoast SEO Premium plugin. -->","yoast_head_json":{"title":"A declara\u00e7\u00e3o de Filipe Lu\u00eds, do Flamengo, sobre o Internacional: \"Dif\u00edcil\"","robots":{"index":"index","follow":"follow","max-snippet":"max-snippet:-1","max-image-preview":"max-image-preview:large","max-video-preview":"max-video-preview:-1"},"canonical":"https:\/\/www.gaveanews.com\/index.php\/2025\/03\/30\/a-declaracao-de-filipe-luis-do-flamengo-sobre-o-internacional-dificil\/","og_locale":"pt_BR","og_type":"article","og_title":"A declara\u00e7\u00e3o de Filipe Lu\u00eds, do Flamengo, sobre o Internacional: \"Dif\u00edcil\"","og_description":"Postulantes ao t\u00edtulo do Brasileir\u00e3o 2025, Flamengo e Internacional se enfrentaram na estreia do campeonato e ficaram somente no empate em 1&#215;1. A partida foi realizada no Maracan\u00e3 e deixou um sentimento de frustra\u00e7\u00e3o ao torcedor rubro-negro devido \u00e0s grandes chances desperdi\u00e7adas. Ap\u00f3s a partida, o t\u00e9cnico Filipe Lu\u00eds exaltou a qualidade do Internacional, mas [&hellip;]","og_url":"https:\/\/www.gaveanews.com\/index.php\/2025\/03\/30\/a-declaracao-de-filipe-luis-do-flamengo-sobre-o-internacional-dificil\/","og_site_name":"G\u00e1vea News","article_publisher":"https:\/\/facebook.com\/gaveaNews\/","article_published_time":"2025-03-30T16:55:28+00:00","og_image":[{"width":800,"height":534,"url":"https:\/\/www.gaveanews.com\/wp-content\/uploads\/Filipe-Luis-como-tecnico-do-Flamengo.webp","type":"image\/webp"}],"author":"Matheus Leal","twitter_card":"summary_large_image","twitter_misc":{"Escrito por":"Matheus Leal","Est. tempo de leitura":"2 minutos"},"schema":{"@context":"https:\/\/schema.org","@graph":[{"@type":"NewsArticle","@id":"https:\/\/www.gaveanews.com\/index.php\/2025\/03\/30\/a-declaracao-de-filipe-luis-do-flamengo-sobre-o-internacional-dificil\/#article","isPartOf":{"@id":"https:\/\/www.gaveanews.com\/index.php\/2025\/03\/30\/a-declaracao-de-filipe-luis-do-flamengo-sobre-o-internacional-dificil\/"},"author":{"name":"Matheus Leal","@id":"https:\/\/www.gaveanews.com\/#\/schema\/person\/49ac99b6823a2b8d5087a6ce3aaaa128"},"headline":"A declara\u00e7\u00e3o de Filipe Lu\u00eds, do Flamengo, sobre o Internacional: &#8220;Dif\u00edcil&#8221;","datePublished":"2025-03-30T16:55:28+00:00","mainEntityOfPage":{"@id":"https:\/\/www.gaveanews.com\/index.php\/2025\/03\/30\/a-declaracao-de-filipe-luis-do-flamengo-sobre-o-internacional-dificil\/"},"wordCount":360,"commentCount":0,"image":{"@id":"https:\/\/www.gaveanews.com\/index.php\/2025\/03\/30\/a-declaracao-de-filipe-luis-do-flamengo-sobre-o-internacional-dificil\/#primaryimage"},"thumbnailUrl":"https:\/\/www.gaveanews.com\/wp-content\/uploads\/Filipe-Luis-como-tecnico-do-Flamengo.webp","articleSection":["Flamengo"],"inLanguage":"pt-BR","potentialAction":[{"@type":"CommentAction","name":"Comment","target":["https:\/\/www.gaveanews.com\/index.php\/2025\/03\/30\/a-declaracao-de-filipe-luis-do-flamengo-sobre-o-internacional-dificil\/#respond"]}],"copyrightYear":"2025","copyrightHolder":{"@id":"https:\/\/www.gaveanews.com\/#organization"}},{"@type":"WebPage","@id":"https:\/\/www.gaveanews.com\/index.php\/2025\/03\/30\/a-declaracao-de-filipe-luis-do-flamengo-sobre-o-internacional-dificil\/","url":"https:\/\/www.gaveanews.com\/index.php\/2025\/03\/30\/a-declaracao-de-filipe-luis-do-flamengo-sobre-o-internacional-dificil\/","name":"A declara\u00e7\u00e3o de Filipe Lu\u00eds, do Flamengo, sobre o Internacional: \"Dif\u00edcil\"","isPartOf":{"@id":"https:\/\/www.gaveanews.com\/#website"},"primaryImageOfPage":{"@id":"https:\/\/www.gaveanews.com\/index.php\/2025\/03\/30\/a-declaracao-de-filipe-luis-do-flamengo-sobre-o-internacional-dificil\/#primaryimage"},"image":{"@id":"https:\/\/www.gaveanews.com\/index.php\/2025\/03\/30\/a-declaracao-de-filipe-luis-do-flamengo-sobre-o-internacional-dificil\/#primaryimage"},"thumbnailUrl":"https:\/\/www.gaveanews.com\/wp-content\/uploads\/Filipe-Luis-como-tecnico-do-Flamengo.webp","datePublished":"2025-03-30T16:55:28+00:00","author":{"@id":"https:\/\/www.gaveanews.com\/#\/schema\/person\/49ac99b6823a2b8d5087a6ce3aaaa128"},"breadcrumb":{"@id":"https:\/\/www.gaveanews.com\/index.php\/2025\/03\/30\/a-declaracao-de-filipe-luis-do-flamengo-sobre-o-internacional-dificil\/#breadcrumb"},"inLanguage":"pt-BR","potentialAction":[{"@type":"ReadAction","target":["https:\/\/www.gaveanews.com\/index.php\/2025\/03\/30\/a-declaracao-de-filipe-luis-do-flamengo-sobre-o-internacional-dificil\/"]}]},{"@type":"ImageObject","inLanguage":"pt-BR","@id":"https:\/\/www.gaveanews.com\/index.php\/2025\/03\/30\/a-declaracao-de-filipe-luis-do-flamengo-sobre-o-internacional-dificil\/#primaryimage","url":"https:\/\/www.gaveanews.com\/wp-content\/uploads\/Filipe-Luis-como-tecnico-do-Flamengo.webp","contentUrl":"https:\/\/www.gaveanews.com\/wp-content\/uploads\/Filipe-Luis-como-tecnico-do-Flamengo.webp","width":800,"height":534,"caption":"Filipe Lu\u00eds como t\u00e9cnico do Flamengo (Foto: Marcelo Cortez\/Flamengo)"},{"@type":"BreadcrumbList","@id":"https:\/\/www.gaveanews.com\/index.php\/2025\/03\/30\/a-declaracao-de-filipe-luis-do-flamengo-sobre-o-internacional-dificil\/#breadcrumb","itemListElement":[{"@type":"ListItem","position":1,"name":"Home","item":"https:\/\/www.gaveanews.com\/"},{"@type":"ListItem","position":2,"name":"A declara\u00e7\u00e3o de Filipe Lu\u00eds, do Flamengo, sobre o Internacional: &#8220;Dif\u00edcil&#8221;"}]},{"@type":"WebSite","@id":"https:\/\/www.gaveanews.com\/#website","url":"https:\/\/www.gaveanews.com\/","name":"G\u00e1vea News","description":"Veja todas as not\u00edcias sobre o Flamengo: Contrata\u00e7\u00f5es, categorias de base, resultados das partidas, tabela de classifica\u00e7\u00e3o, pr\u00f3ximos jogos!","potentialAction":[{"@type":"SearchAction","target":{"@type":"EntryPoint","urlTemplate":"https:\/\/www.gaveanews.com\/?s={search_term_string}"},"query-input":{"@type":"PropertyValueSpecification","valueRequired":true,"valueName":"search_term_string"}}],"inLanguage":"pt-BR"},{"@type":"Person","@id":"https:\/\/www.gaveanews.com\/#\/schema\/person\/49ac99b6823a2b8d5087a6ce3aaaa128","name":"Matheus Leal","image":{"@type":"ImageObject","inLanguage":"pt-BR","@id":"https:\/\/www.gaveanews.com\/#\/schema\/person\/image\/","url":"https:\/\/secure.gravatar.com\/avatar\/21c52300d1234416f9c886f6dadd7452d8b035ac505314a51e4f56731e90c481?s=96&d=mm&r=g","contentUrl":"https:\/\/secure.gravatar.com\/avatar\/21c52300d1234416f9c886f6dadd7452d8b035ac505314a51e4f56731e90c481?s=96&d=mm&r=g","caption":"Matheus Leal"}}]}},"_links":{"self":[{"href":"https:\/\/www.gaveanews.com\/index.php\/wp-json\/wp\/v2\/posts\/246634","targetHints":{"allow":["GET"]}}],"collection":[{"href":"https:\/\/www.gaveanews.com\/index.php\/wp-json\/wp\/v2\/posts"}],"about":[{"href":"https:\/\/www.gaveanews.com\/index.php\/wp-json\/wp\/v2\/types\/post"}],"author":[{"embeddable":true,"href":"https:\/\/www.gaveanews.com\/index.php\/wp-json\/wp\/v2\/users\/32"}],"replies":[{"embeddable":true,"href":"https:\/\/www.gaveanews.com\/index.php\/wp-json\/wp\/v2\/comments?post=246634"}],"version-history":[{"count":1,"href":"https:\/\/www.gaveanews.com\/index.php\/wp-json\/wp\/v2\/posts\/246634\/revisions"}],"predecessor-version":[{"id":246637,"href":"https:\/\/www.gaveanews.com\/index.php\/wp-json\/wp\/v2\/posts\/246634\/revisions\/246637"}],"wp:featuredmedia":[{"embeddable":true,"href":"https:\/\/www.gaveanews.com\/index.php\/wp-json\/wp\/v2\/media\/170548"}],"wp:attachment":[{"href":"https:\/\/www.gaveanews.com\/index.php\/wp-json\/wp\/v2\/media?parent=246634"}],"wp:term":[{"taxonomy":"category","embeddable":true,"href":"https:\/\/www.gaveanews.com\/index.php\/wp-json\/wp\/v2\/categories?post=246634"},{"taxonomy":"post_tag","embeddable":true,"href":"https:\/\/www.gaveanews.com\/index.php\/wp-json\/wp\/v2\/tags?post=246634"}],"curies":[{"name":"wp","href":"https:\/\/api.w.org\/{rel}","templated":true}]}}