{"id":246636,"date":"2025-03-30T13:40:20","date_gmt":"2025-03-30T16:40:20","guid":{"rendered":"https:\/\/www.gaveanews.com\/?p=246636"},"modified":"2025-03-30T13:29:17","modified_gmt":"2025-03-30T16:29:17","slug":"fortaleza-x-fluminense-a-declaracao-de-vojvoda","status":"publish","type":"post","link":"https:\/\/www.gaveanews.com\/index.php\/2025\/03\/30\/fortaleza-x-fluminense-a-declaracao-de-vojvoda\/","title":{"rendered":"Fortaleza x Fluminense: a declara\u00e7\u00e3o de Vojvoda"},"content":{"rendered":"\n<h2 class=\"wp-block-heading\" id=\"h-leao-do-pici-bateu-o-tricolor-carioca-na-estreia-do-brasileirao\">Le\u00e3o do Pici bateu o Tricolor carioca na estreia do Brasileir\u00e3o<\/h2>\n\n\n\n<p>Lucero e Tinga marcaram e o Fortaleza venceu o Fluminense por 2 a 0 na Arena Castel\u00e3o, na noite do \u00faltimo s\u00e1bado (29). Na entrevista coletiva, o t\u00e9cnico Juan Pablo Vojvoda explicou a estrat\u00e9gia da partida. O treinador escalou um trio de meio-campistas (Pol Fern\u00e1ndez, Lucas Sasha e Emmanuel Mart\u00ednez), tendo Pikachu, Marinho e Lucero avan\u00e7ados, o que surpreendeu Mano Menezes no confronto.  <\/p>\n\n\n\n<p>&#8220;A estrat\u00e9gia era de ter for\u00e7a no meio e fortalecer o sistema defensivo, para defender bem. Procurei jogadores nos quais observei bons rendimentos, porque futebol \u00e9 rendimento. Talvez o Mano n\u00e3o pensasse em Pikachu e Marinho, mas observei que Pikachu correspondeu no \u00faltimo jogo e Marinho est\u00e1 em boa fase&#8221;, explicou o treinador. <\/p>\n\n\n\n<p>A vit\u00f3ria do Fortaleza foi importante por dois motivos: a equipe estreia com p\u00e9 direito no Brasileir\u00e3o e tamb\u00e9m encerra a sequ\u00eancia negativa de quatro jogos sem perder, sendo duas partidas pela Copa do Nordeste e a perda do t\u00edtulo do Campeonato Cearense para o rival Cear\u00e1. Na entrevista, Vojvoda falou sobre a virada de chave da equipe. <\/p>\n\n\n\n<p>&#8220;Eles [jogadores] sabem da import\u00e2ncia do Brasileir\u00e3o, estavam com foco na partida. Mas foi apenas uma rodada. Vamos continuar com esse trabalho, de que cada partida do Brasileir\u00e3o vai ser muito dif\u00edcil. Vi um time com uma agressividade, com e sem a bola. Gostei do time. Falamos disso desde segunda-feira, desde os treinos&#8221;, comentou, continuando:<\/p>\n\n\n\n<p>&#8220;Precis\u00e1vamos dessa vit\u00f3ria contra o Fluminense. Encontramos um advers\u00e1rio que vai brigar por posi\u00e7\u00f5es importantes no Brasileir\u00e3o. Time entrou ligado no primeiro tempo, fez uma grande primeira parte, fez gols. Precis\u00e1vamos demonstrar a n\u00f3s mesmos que somos um time que responde, que quando tem que lutar, se apresenta e d\u00e1 a cara. Fico com o funcionamento e com a atitude&#8221;, acrescentou. <\/p>\n\n\n\n<p>Agora, o Fortaleza se prepara para a estreia na Copa Libertadores, que ir\u00e1 acontecer nesta ter\u00e7a-feira (2) contra o Racing, da Argentina, na Arena Castel\u00e3o. Na entrevista, Vojvoda comentou sobre o grupo do Le\u00e3o do Pici e afirmou que &#8220;todas as partidas s\u00e3o complicadas&#8221;. <\/p>\n\n\n\n<p>&#8220;Cada partida, dentro de casa, cobra uma import\u00e2ncia fundamental, mas tamb\u00e9m temos que ir fora de casa. Este caminho que percorremos, de 2022 at\u00e9 agora, serviu de experi\u00eancia. Fortaleza \u00e9 favorito? N\u00e3o sei se favorito. \u00c9 Copa Libertadores. S\u00e3o times muito complicados e tenho o maior respeito por cada um deles&#8221;, finalizou Juan Pablo Vojvoda. <\/p>\n","protected":false},"excerpt":{"rendered":"<p>Le\u00e3o do Pici bateu o Tricolor carioca na estreia do Brasileir\u00e3o Lucero e Tinga marcaram e o Fortaleza venceu o Fluminense por 2 a 0 na Arena Castel\u00e3o, na noite do \u00faltimo s\u00e1bado (29). Na entrevista coletiva, o t\u00e9cnico Juan Pablo Vojvoda explicou a estrat\u00e9gia da partida. O treinador escalou um trio de meio-campistas (Pol [&hellip;]<\/p>\n","protected":false},"author":21,"featured_media":72672,"comment_status":"open","ping_status":"closed","sticky":false,"template":"","format":"standard","meta":{"footnotes":""},"categories":[145,146],"tags":[],"class_list":["post-246636","post","type-post","status-publish","format-standard","has-post-thumbnail","hentry","category-fluminense","category-fortaleza"],"yoast_head":"<!-- This site is optimized with the Yoast SEO Premium plugin v24.2 (Yoast SEO v26.9) - https:\/\/yoast.com\/product\/yoast-seo-premium-wordpress\/ -->\n<title>Fortaleza x Fluminense: a declara\u00e7\u00e3o de Vojvoda<\/title>\n<meta name=\"robots\" content=\"index, follow, max-snippet:-1, max-image-preview:large, max-video-preview:-1\" \/>\n<link rel=\"canonical\" href=\"https:\/\/www.gaveanews.com\/index.php\/2025\/03\/30\/fortaleza-x-fluminense-a-declaracao-de-vojvoda\/\" \/>\n<meta property=\"og:locale\" content=\"pt_BR\" \/>\n<meta property=\"og:type\" content=\"article\" \/>\n<meta property=\"og:title\" content=\"Fortaleza x Fluminense: a declara\u00e7\u00e3o de Vojvoda\" \/>\n<meta property=\"og:description\" content=\"Le\u00e3o do Pici bateu o Tricolor carioca na estreia do Brasileir\u00e3o Lucero e Tinga marcaram e o Fortaleza venceu o Fluminense por 2 a 0 na Arena Castel\u00e3o, na noite do \u00faltimo s\u00e1bado (29). Na entrevista coletiva, o t\u00e9cnico Juan Pablo Vojvoda explicou a estrat\u00e9gia da partida. O treinador escalou um trio de meio-campistas (Pol [&hellip;]\" \/>\n<meta property=\"og:url\" content=\"https:\/\/www.gaveanews.com\/index.php\/2025\/03\/30\/fortaleza-x-fluminense-a-declaracao-de-vojvoda\/\" \/>\n<meta property=\"og:site_name\" content=\"G\u00e1vea News\" \/>\n<meta property=\"article:publisher\" content=\"https:\/\/facebook.com\/gaveaNews\/\" \/>\n<meta property=\"article:published_time\" content=\"2025-03-30T16:40:20+00:00\" \/>\n<meta property=\"og:image\" content=\"https:\/\/www.gaveanews.com\/wp-content\/uploads\/Vojvoda-durante-um-treino-do-Fortaleza.webp\" \/>\n\t<meta property=\"og:image:width\" content=\"1280\" \/>\n\t<meta property=\"og:image:height\" content=\"720\" \/>\n\t<meta property=\"og:image:type\" content=\"image\/jpeg\" \/>\n<meta name=\"author\" content=\"Andr\u00e9 Serra\" \/>\n<meta name=\"twitter:card\" content=\"summary_large_image\" \/>\n<meta name=\"twitter:label1\" content=\"Escrito por\" \/>\n\t<meta name=\"twitter:data1\" content=\"Andr\u00e9 Serra\" \/>\n\t<meta name=\"twitter:label2\" content=\"Est. tempo de leitura\" \/>\n\t<meta name=\"twitter:data2\" content=\"3 minutos\" \/>\n<script type=\"application\/ld+json\" class=\"yoast-schema-graph\">{\"@context\":\"https:\/\/schema.org\",\"@graph\":[{\"@type\":\"NewsArticle\",\"@id\":\"https:\/\/www.gaveanews.com\/index.php\/2025\/03\/30\/fortaleza-x-fluminense-a-declaracao-de-vojvoda\/#article\",\"isPartOf\":{\"@id\":\"https:\/\/www.gaveanews.com\/index.php\/2025\/03\/30\/fortaleza-x-fluminense-a-declaracao-de-vojvoda\/\"},\"author\":{\"name\":\"Andr\u00e9 Serra\",\"@id\":\"https:\/\/www.gaveanews.com\/#\/schema\/person\/0277a79a1289c451c281ec0411d84f0c\"},\"headline\":\"Fortaleza x Fluminense: a declara\u00e7\u00e3o de Vojvoda\",\"datePublished\":\"2025-03-30T16:40:20+00:00\",\"mainEntityOfPage\":{\"@id\":\"https:\/\/www.gaveanews.com\/index.php\/2025\/03\/30\/fortaleza-x-fluminense-a-declaracao-de-vojvoda\/\"},\"wordCount\":437,\"commentCount\":0,\"image\":{\"@id\":\"https:\/\/www.gaveanews.com\/index.php\/2025\/03\/30\/fortaleza-x-fluminense-a-declaracao-de-vojvoda\/#primaryimage\"},\"thumbnailUrl\":\"https:\/\/www.gaveanews.com\/wp-content\/uploads\/Vojvoda-durante-um-treino-do-Fortaleza.webp\",\"articleSection\":[\"Fluminense\",\"Fortaleza\"],\"inLanguage\":\"pt-BR\",\"potentialAction\":[{\"@type\":\"CommentAction\",\"name\":\"Comment\",\"target\":[\"https:\/\/www.gaveanews.com\/index.php\/2025\/03\/30\/fortaleza-x-fluminense-a-declaracao-de-vojvoda\/#respond\"]}],\"copyrightYear\":\"2025\",\"copyrightHolder\":{\"@id\":\"https:\/\/www.gaveanews.com\/#organization\"}},{\"@type\":\"WebPage\",\"@id\":\"https:\/\/www.gaveanews.com\/index.php\/2025\/03\/30\/fortaleza-x-fluminense-a-declaracao-de-vojvoda\/\",\"url\":\"https:\/\/www.gaveanews.com\/index.php\/2025\/03\/30\/fortaleza-x-fluminense-a-declaracao-de-vojvoda\/\",\"name\":\"Fortaleza x Fluminense: a declara\u00e7\u00e3o de Vojvoda\",\"isPartOf\":{\"@id\":\"https:\/\/www.gaveanews.com\/#website\"},\"primaryImageOfPage\":{\"@id\":\"https:\/\/www.gaveanews.com\/index.php\/2025\/03\/30\/fortaleza-x-fluminense-a-declaracao-de-vojvoda\/#primaryimage\"},\"image\":{\"@id\":\"https:\/\/www.gaveanews.com\/index.php\/2025\/03\/30\/fortaleza-x-fluminense-a-declaracao-de-vojvoda\/#primaryimage\"},\"thumbnailUrl\":\"https:\/\/www.gaveanews.com\/wp-content\/uploads\/Vojvoda-durante-um-treino-do-Fortaleza.webp\",\"datePublished\":\"2025-03-30T16:40:20+00:00\",\"author\":{\"@id\":\"https:\/\/www.gaveanews.com\/#\/schema\/person\/0277a79a1289c451c281ec0411d84f0c\"},\"breadcrumb\":{\"@id\":\"https:\/\/www.gaveanews.com\/index.php\/2025\/03\/30\/fortaleza-x-fluminense-a-declaracao-de-vojvoda\/#breadcrumb\"},\"inLanguage\":\"pt-BR\",\"potentialAction\":[{\"@type\":\"ReadAction\",\"target\":[\"https:\/\/www.gaveanews.com\/index.php\/2025\/03\/30\/fortaleza-x-fluminense-a-declaracao-de-vojvoda\/\"]}]},{\"@type\":\"ImageObject\",\"inLanguage\":\"pt-BR\",\"@id\":\"https:\/\/www.gaveanews.com\/index.php\/2025\/03\/30\/fortaleza-x-fluminense-a-declaracao-de-vojvoda\/#primaryimage\",\"url\":\"https:\/\/www.gaveanews.com\/wp-content\/uploads\/Vojvoda-durante-um-treino-do-Fortaleza.webp\",\"contentUrl\":\"https:\/\/www.gaveanews.com\/wp-content\/uploads\/Vojvoda-durante-um-treino-do-Fortaleza.webp\",\"width\":1280,\"height\":720,\"caption\":\"Vojvoda durante um treino do Fortaleza (Foto: Leonardo Moreira\/Fortaleza)\"},{\"@type\":\"BreadcrumbList\",\"@id\":\"https:\/\/www.gaveanews.com\/index.php\/2025\/03\/30\/fortaleza-x-fluminense-a-declaracao-de-vojvoda\/#breadcrumb\",\"itemListElement\":[{\"@type\":\"ListItem\",\"position\":1,\"name\":\"Home\",\"item\":\"https:\/\/www.gaveanews.com\/\"},{\"@type\":\"ListItem\",\"position\":2,\"name\":\"Fortaleza x Fluminense: a declara\u00e7\u00e3o de Vojvoda\"}]},{\"@type\":\"WebSite\",\"@id\":\"https:\/\/www.gaveanews.com\/#website\",\"url\":\"https:\/\/www.gaveanews.com\/\",\"name\":\"G\u00e1vea News\",\"description\":\"Veja todas as not\u00edcias sobre o Flamengo: Contrata\u00e7\u00f5es, categorias de base, resultados das partidas, tabela de classifica\u00e7\u00e3o, pr\u00f3ximos jogos!\",\"potentialAction\":[{\"@type\":\"SearchAction\",\"target\":{\"@type\":\"EntryPoint\",\"urlTemplate\":\"https:\/\/www.gaveanews.com\/?s={search_term_string}\"},\"query-input\":{\"@type\":\"PropertyValueSpecification\",\"valueRequired\":true,\"valueName\":\"search_term_string\"}}],\"inLanguage\":\"pt-BR\"},{\"@type\":\"Person\",\"@id\":\"https:\/\/www.gaveanews.com\/#\/schema\/person\/0277a79a1289c451c281ec0411d84f0c\",\"name\":\"Andr\u00e9 Serra\",\"image\":{\"@type\":\"ImageObject\",\"inLanguage\":\"pt-BR\",\"@id\":\"https:\/\/www.gaveanews.com\/#\/schema\/person\/image\/\",\"url\":\"https:\/\/secure.gravatar.com\/avatar\/d7231369fe48db93292b3e88eb2162dbd9a34a47a8437d9ef3bcaca2a86a83d7?s=96&d=mm&r=g\",\"contentUrl\":\"https:\/\/secure.gravatar.com\/avatar\/d7231369fe48db93292b3e88eb2162dbd9a34a47a8437d9ef3bcaca2a86a83d7?s=96&d=mm&r=g\",\"caption\":\"Andr\u00e9 Serra\"}}]}<\/script>\n<!-- \/ Yoast SEO Premium plugin. -->","yoast_head_json":{"title":"Fortaleza x Fluminense: a declara\u00e7\u00e3o de Vojvoda","robots":{"index":"index","follow":"follow","max-snippet":"max-snippet:-1","max-image-preview":"max-image-preview:large","max-video-preview":"max-video-preview:-1"},"canonical":"https:\/\/www.gaveanews.com\/index.php\/2025\/03\/30\/fortaleza-x-fluminense-a-declaracao-de-vojvoda\/","og_locale":"pt_BR","og_type":"article","og_title":"Fortaleza x Fluminense: a declara\u00e7\u00e3o de Vojvoda","og_description":"Le\u00e3o do Pici bateu o Tricolor carioca na estreia do Brasileir\u00e3o Lucero e Tinga marcaram e o Fortaleza venceu o Fluminense por 2 a 0 na Arena Castel\u00e3o, na noite do \u00faltimo s\u00e1bado (29). Na entrevista coletiva, o t\u00e9cnico Juan Pablo Vojvoda explicou a estrat\u00e9gia da partida. O treinador escalou um trio de meio-campistas (Pol [&hellip;]","og_url":"https:\/\/www.gaveanews.com\/index.php\/2025\/03\/30\/fortaleza-x-fluminense-a-declaracao-de-vojvoda\/","og_site_name":"G\u00e1vea News","article_publisher":"https:\/\/facebook.com\/gaveaNews\/","article_published_time":"2025-03-30T16:40:20+00:00","og_image":[{"width":1280,"height":720,"url":"https:\/\/www.gaveanews.com\/wp-content\/uploads\/Vojvoda-durante-um-treino-do-Fortaleza.webp","type":"image\/jpeg"}],"author":"Andr\u00e9 Serra","twitter_card":"summary_large_image","twitter_misc":{"Escrito por":"Andr\u00e9 Serra","Est. tempo de leitura":"3 minutos"},"schema":{"@context":"https:\/\/schema.org","@graph":[{"@type":"NewsArticle","@id":"https:\/\/www.gaveanews.com\/index.php\/2025\/03\/30\/fortaleza-x-fluminense-a-declaracao-de-vojvoda\/#article","isPartOf":{"@id":"https:\/\/www.gaveanews.com\/index.php\/2025\/03\/30\/fortaleza-x-fluminense-a-declaracao-de-vojvoda\/"},"author":{"name":"Andr\u00e9 Serra","@id":"https:\/\/www.gaveanews.com\/#\/schema\/person\/0277a79a1289c451c281ec0411d84f0c"},"headline":"Fortaleza x Fluminense: a declara\u00e7\u00e3o de Vojvoda","datePublished":"2025-03-30T16:40:20+00:00","mainEntityOfPage":{"@id":"https:\/\/www.gaveanews.com\/index.php\/2025\/03\/30\/fortaleza-x-fluminense-a-declaracao-de-vojvoda\/"},"wordCount":437,"commentCount":0,"image":{"@id":"https:\/\/www.gaveanews.com\/index.php\/2025\/03\/30\/fortaleza-x-fluminense-a-declaracao-de-vojvoda\/#primaryimage"},"thumbnailUrl":"https:\/\/www.gaveanews.com\/wp-content\/uploads\/Vojvoda-durante-um-treino-do-Fortaleza.webp","articleSection":["Fluminense","Fortaleza"],"inLanguage":"pt-BR","potentialAction":[{"@type":"CommentAction","name":"Comment","target":["https:\/\/www.gaveanews.com\/index.php\/2025\/03\/30\/fortaleza-x-fluminense-a-declaracao-de-vojvoda\/#respond"]}],"copyrightYear":"2025","copyrightHolder":{"@id":"https:\/\/www.gaveanews.com\/#organization"}},{"@type":"WebPage","@id":"https:\/\/www.gaveanews.com\/index.php\/2025\/03\/30\/fortaleza-x-fluminense-a-declaracao-de-vojvoda\/","url":"https:\/\/www.gaveanews.com\/index.php\/2025\/03\/30\/fortaleza-x-fluminense-a-declaracao-de-vojvoda\/","name":"Fortaleza x Fluminense: a declara\u00e7\u00e3o de Vojvoda","isPartOf":{"@id":"https:\/\/www.gaveanews.com\/#website"},"primaryImageOfPage":{"@id":"https:\/\/www.gaveanews.com\/index.php\/2025\/03\/30\/fortaleza-x-fluminense-a-declaracao-de-vojvoda\/#primaryimage"},"image":{"@id":"https:\/\/www.gaveanews.com\/index.php\/2025\/03\/30\/fortaleza-x-fluminense-a-declaracao-de-vojvoda\/#primaryimage"},"thumbnailUrl":"https:\/\/www.gaveanews.com\/wp-content\/uploads\/Vojvoda-durante-um-treino-do-Fortaleza.webp","datePublished":"2025-03-30T16:40:20+00:00","author":{"@id":"https:\/\/www.gaveanews.com\/#\/schema\/person\/0277a79a1289c451c281ec0411d84f0c"},"breadcrumb":{"@id":"https:\/\/www.gaveanews.com\/index.php\/2025\/03\/30\/fortaleza-x-fluminense-a-declaracao-de-vojvoda\/#breadcrumb"},"inLanguage":"pt-BR","potentialAction":[{"@type":"ReadAction","target":["https:\/\/www.gaveanews.com\/index.php\/2025\/03\/30\/fortaleza-x-fluminense-a-declaracao-de-vojvoda\/"]}]},{"@type":"ImageObject","inLanguage":"pt-BR","@id":"https:\/\/www.gaveanews.com\/index.php\/2025\/03\/30\/fortaleza-x-fluminense-a-declaracao-de-vojvoda\/#primaryimage","url":"https:\/\/www.gaveanews.com\/wp-content\/uploads\/Vojvoda-durante-um-treino-do-Fortaleza.webp","contentUrl":"https:\/\/www.gaveanews.com\/wp-content\/uploads\/Vojvoda-durante-um-treino-do-Fortaleza.webp","width":1280,"height":720,"caption":"Vojvoda durante um treino do Fortaleza (Foto: Leonardo Moreira\/Fortaleza)"},{"@type":"BreadcrumbList","@id":"https:\/\/www.gaveanews.com\/index.php\/2025\/03\/30\/fortaleza-x-fluminense-a-declaracao-de-vojvoda\/#breadcrumb","itemListElement":[{"@type":"ListItem","position":1,"name":"Home","item":"https:\/\/www.gaveanews.com\/"},{"@type":"ListItem","position":2,"name":"Fortaleza x Fluminense: a declara\u00e7\u00e3o de Vojvoda"}]},{"@type":"WebSite","@id":"https:\/\/www.gaveanews.com\/#website","url":"https:\/\/www.gaveanews.com\/","name":"G\u00e1vea News","description":"Veja todas as not\u00edcias sobre o Flamengo: Contrata\u00e7\u00f5es, categorias de base, resultados das partidas, tabela de classifica\u00e7\u00e3o, pr\u00f3ximos jogos!","potentialAction":[{"@type":"SearchAction","target":{"@type":"EntryPoint","urlTemplate":"https:\/\/www.gaveanews.com\/?s={search_term_string}"},"query-input":{"@type":"PropertyValueSpecification","valueRequired":true,"valueName":"search_term_string"}}],"inLanguage":"pt-BR"},{"@type":"Person","@id":"https:\/\/www.gaveanews.com\/#\/schema\/person\/0277a79a1289c451c281ec0411d84f0c","name":"Andr\u00e9 Serra","image":{"@type":"ImageObject","inLanguage":"pt-BR","@id":"https:\/\/www.gaveanews.com\/#\/schema\/person\/image\/","url":"https:\/\/secure.gravatar.com\/avatar\/d7231369fe48db93292b3e88eb2162dbd9a34a47a8437d9ef3bcaca2a86a83d7?s=96&d=mm&r=g","contentUrl":"https:\/\/secure.gravatar.com\/avatar\/d7231369fe48db93292b3e88eb2162dbd9a34a47a8437d9ef3bcaca2a86a83d7?s=96&d=mm&r=g","caption":"Andr\u00e9 Serra"}}]}},"_links":{"self":[{"href":"https:\/\/www.gaveanews.com\/index.php\/wp-json\/wp\/v2\/posts\/246636","targetHints":{"allow":["GET"]}}],"collection":[{"href":"https:\/\/www.gaveanews.com\/index.php\/wp-json\/wp\/v2\/posts"}],"about":[{"href":"https:\/\/www.gaveanews.com\/index.php\/wp-json\/wp\/v2\/types\/post"}],"author":[{"embeddable":true,"href":"https:\/\/www.gaveanews.com\/index.php\/wp-json\/wp\/v2\/users\/21"}],"replies":[{"embeddable":true,"href":"https:\/\/www.gaveanews.com\/index.php\/wp-json\/wp\/v2\/comments?post=246636"}],"version-history":[{"count":1,"href":"https:\/\/www.gaveanews.com\/index.php\/wp-json\/wp\/v2\/posts\/246636\/revisions"}],"predecessor-version":[{"id":246639,"href":"https:\/\/www.gaveanews.com\/index.php\/wp-json\/wp\/v2\/posts\/246636\/revisions\/246639"}],"wp:featuredmedia":[{"embeddable":true,"href":"https:\/\/www.gaveanews.com\/index.php\/wp-json\/wp\/v2\/media\/72672"}],"wp:attachment":[{"href":"https:\/\/www.gaveanews.com\/index.php\/wp-json\/wp\/v2\/media?parent=246636"}],"wp:term":[{"taxonomy":"category","embeddable":true,"href":"https:\/\/www.gaveanews.com\/index.php\/wp-json\/wp\/v2\/categories?post=246636"},{"taxonomy":"post_tag","embeddable":true,"href":"https:\/\/www.gaveanews.com\/index.php\/wp-json\/wp\/v2\/tags?post=246636"}],"curies":[{"name":"wp","href":"https:\/\/api.w.org\/{rel}","templated":true}]}}