{"id":246640,"date":"2025-03-30T13:50:42","date_gmt":"2025-03-30T16:50:42","guid":{"rendered":"https:\/\/www.gaveanews.com\/?p=246640"},"modified":"2025-03-30T13:29:29","modified_gmt":"2025-03-30T16:29:29","slug":"a-declaracao-de-fabio-carille-do-vasco-direcionada-ao-santos","status":"publish","type":"post","link":"https:\/\/www.gaveanews.com\/index.php\/2025\/03\/30\/a-declaracao-de-fabio-carille-do-vasco-direcionada-ao-santos\/","title":{"rendered":"A declara\u00e7\u00e3o de F\u00e1bio Carille, do Vasco, direcionada ao Santos"},"content":{"rendered":"\n<h2 class=\"wp-block-heading\" id=\"h-tenho-culpa-disso\">&#8220;Tenho culpa disso&#8221;<\/h2>\n\n\n\n<p>F\u00e1bio Carille foi o treinador do Santos na S\u00e9rie B de 2024 e ajudou a equipe a conquistar o acesso e o t\u00edtulo. Por\u00e9m, Carille era bastante questionado pelos desempenhos do time e por escala\u00e7\u00f5es, al\u00e9m de uma pol\u00eamica que envolveu o Corinthians, assim terminando o ano demitido do clube. <\/p>\n\n\n\n<p>Em 2025, Carille assumiu o comando do Vasco e neste domingo (30) reencontrar\u00e1 o Santos pela primeira vez desde que deixou o clube alvinegro praiano. Carille concedeu uma entrevista exclusiva ao ge e disse que n\u00e3o se sente injusti\u00e7ado de ter sido demitido do Santos e fez um mea-culpa sobre o desgaste que teve com a torcida do Peixe.<\/p>\n\n\n\n<p>F\u00e1bio Carille reconheceu que n\u00e3o ter se posicionado sobre o interesse do Corinthians, em julho do ano passado, enquanto ainda estava no Santos, n\u00e3o foi uma boa estrat\u00e9gia. Ele afirmou que a indefini\u00e7\u00e3o sobre o clube rival prejudicou sua passagem pela Vila Belmiro, especialmente na rela\u00e7\u00e3o com a torcida santista.<\/p>\n\n\n\n<p>&#8220;N\u00e3o houve injusti\u00e7a nenhuma. O que houve, e eu sou muito claro em falar isso, as coisas estavam muito bem at\u00e9 o Corinthians ir atr\u00e1s de mim. N\u00e3o me posicionei sobre isso. N\u00e3o tinha proposta oficial. A minha preocupa\u00e7\u00e3o junto ao empres\u00e1rio era &#8220;eu agrade\u00e7o ao Corinthians sobre o interesse, digo que vou seguir no Santos, e a\u00ed o Corinthians solta uma nota me desmentindo?&#8221;, iniciou o treinador, que completou: <\/p>\n\n\n\n<p>&#8220;Eu ainda me passaria por mentiroso. Preferi deixar quieto e seguir. Depois disso, mudou comigo. Mas mudou muito mesmo. Tamb\u00e9m tenho um pouquinho de culpa disso. N\u00e3o que eu falei achando que quisesse alguma pol\u00eamica, mas essa estrat\u00e9gia n\u00e3o foi muito bem. Poderia ter terminado de outra forma. Mas oi se estendendo, n\u00e3o tinha proposta oficial nenhuma, n\u00e3o me posicionei, e a torcida foi ficando contra de uma forma muito pesada. A diretoria sempre entendeu isso. Se n\u00e3o tivesse entendido, teriam me tirado antes. Mas fui at\u00e9 o fim do ano&#8221;, finalizou F\u00e1bio Carille. <\/p>\n\n\n\n<p>Vasco e Santos se enfrentam neste domingo (30) em S\u00e3o Janu\u00e1rio. A bola rola \u00e0s 18h30 (hor\u00e1rio de Bras\u00edlia) e a partida ter\u00e1 transmiss\u00e3o do Premiere, da Caz\u00e9 TV e da Record.<\/p>\n","protected":false},"excerpt":{"rendered":"<p>&#8220;Tenho culpa disso&#8221; F\u00e1bio Carille foi o treinador do Santos na S\u00e9rie B de 2024 e ajudou a equipe a conquistar o acesso e o t\u00edtulo. Por\u00e9m, Carille era bastante questionado pelos desempenhos do time e por escala\u00e7\u00f5es, al\u00e9m de uma pol\u00eamica que envolveu o Corinthians, assim terminando o ano demitido do clube. Em 2025, [&hellip;]<\/p>\n","protected":false},"author":21,"featured_media":220356,"comment_status":"open","ping_status":"closed","sticky":false,"template":"","format":"standard","meta":{"footnotes":""},"categories":[139,152],"tags":[],"class_list":["post-246640","post","type-post","status-publish","format-standard","has-post-thumbnail","hentry","category-santos","category-vasco"],"yoast_head":"<!-- This site is optimized with the Yoast SEO Premium plugin v24.2 (Yoast SEO v26.9) - https:\/\/yoast.com\/product\/yoast-seo-premium-wordpress\/ -->\n<title>A declara\u00e7\u00e3o de F\u00e1bio Carille, do Vasco, direcionada ao Santos<\/title>\n<meta name=\"robots\" content=\"index, follow, max-snippet:-1, max-image-preview:large, max-video-preview:-1\" \/>\n<link rel=\"canonical\" href=\"https:\/\/www.gaveanews.com\/index.php\/2025\/03\/30\/a-declaracao-de-fabio-carille-do-vasco-direcionada-ao-santos\/\" \/>\n<meta property=\"og:locale\" content=\"pt_BR\" \/>\n<meta property=\"og:type\" content=\"article\" \/>\n<meta property=\"og:title\" content=\"A declara\u00e7\u00e3o de F\u00e1bio Carille, do Vasco, direcionada ao Santos\" \/>\n<meta property=\"og:description\" content=\"&#8220;Tenho culpa disso&#8221; F\u00e1bio Carille foi o treinador do Santos na S\u00e9rie B de 2024 e ajudou a equipe a conquistar o acesso e o t\u00edtulo. Por\u00e9m, Carille era bastante questionado pelos desempenhos do time e por escala\u00e7\u00f5es, al\u00e9m de uma pol\u00eamica que envolveu o Corinthians, assim terminando o ano demitido do clube. Em 2025, [&hellip;]\" \/>\n<meta property=\"og:url\" content=\"https:\/\/www.gaveanews.com\/index.php\/2025\/03\/30\/a-declaracao-de-fabio-carille-do-vasco-direcionada-ao-santos\/\" \/>\n<meta property=\"og:site_name\" content=\"G\u00e1vea News\" \/>\n<meta property=\"article:publisher\" content=\"https:\/\/facebook.com\/gaveaNews\/\" \/>\n<meta property=\"article:published_time\" content=\"2025-03-30T16:50:42+00:00\" \/>\n<meta property=\"og:image\" content=\"https:\/\/www.gaveanews.com\/wp-content\/uploads\/Carille-apresentado-pelo-Vasco.webp\" \/>\n\t<meta property=\"og:image:width\" content=\"1501\" \/>\n\t<meta property=\"og:image:height\" content=\"1000\" \/>\n\t<meta property=\"og:image:type\" content=\"image\/jpeg\" \/>\n<meta name=\"author\" content=\"Andr\u00e9 Serra\" \/>\n<meta name=\"twitter:card\" content=\"summary_large_image\" \/>\n<meta name=\"twitter:label1\" content=\"Escrito por\" \/>\n\t<meta name=\"twitter:data1\" content=\"Andr\u00e9 Serra\" \/>\n\t<meta name=\"twitter:label2\" content=\"Est. tempo de leitura\" \/>\n\t<meta name=\"twitter:data2\" content=\"3 minutos\" \/>\n<script type=\"application\/ld+json\" class=\"yoast-schema-graph\">{\"@context\":\"https:\/\/schema.org\",\"@graph\":[{\"@type\":\"NewsArticle\",\"@id\":\"https:\/\/www.gaveanews.com\/index.php\/2025\/03\/30\/a-declaracao-de-fabio-carille-do-vasco-direcionada-ao-santos\/#article\",\"isPartOf\":{\"@id\":\"https:\/\/www.gaveanews.com\/index.php\/2025\/03\/30\/a-declaracao-de-fabio-carille-do-vasco-direcionada-ao-santos\/\"},\"author\":{\"name\":\"Andr\u00e9 Serra\",\"@id\":\"https:\/\/www.gaveanews.com\/#\/schema\/person\/0277a79a1289c451c281ec0411d84f0c\"},\"headline\":\"A declara\u00e7\u00e3o de F\u00e1bio Carille, do Vasco, direcionada ao Santos\",\"datePublished\":\"2025-03-30T16:50:42+00:00\",\"mainEntityOfPage\":{\"@id\":\"https:\/\/www.gaveanews.com\/index.php\/2025\/03\/30\/a-declaracao-de-fabio-carille-do-vasco-direcionada-ao-santos\/\"},\"wordCount\":403,\"commentCount\":0,\"image\":{\"@id\":\"https:\/\/www.gaveanews.com\/index.php\/2025\/03\/30\/a-declaracao-de-fabio-carille-do-vasco-direcionada-ao-santos\/#primaryimage\"},\"thumbnailUrl\":\"https:\/\/www.gaveanews.com\/wp-content\/uploads\/Carille-apresentado-pelo-Vasco.webp\",\"articleSection\":[\"Santos\",\"Vasco\"],\"inLanguage\":\"pt-BR\",\"potentialAction\":[{\"@type\":\"CommentAction\",\"name\":\"Comment\",\"target\":[\"https:\/\/www.gaveanews.com\/index.php\/2025\/03\/30\/a-declaracao-de-fabio-carille-do-vasco-direcionada-ao-santos\/#respond\"]}],\"copyrightYear\":\"2025\",\"copyrightHolder\":{\"@id\":\"https:\/\/www.gaveanews.com\/#organization\"}},{\"@type\":\"WebPage\",\"@id\":\"https:\/\/www.gaveanews.com\/index.php\/2025\/03\/30\/a-declaracao-de-fabio-carille-do-vasco-direcionada-ao-santos\/\",\"url\":\"https:\/\/www.gaveanews.com\/index.php\/2025\/03\/30\/a-declaracao-de-fabio-carille-do-vasco-direcionada-ao-santos\/\",\"name\":\"A declara\u00e7\u00e3o de F\u00e1bio Carille, do Vasco, direcionada ao Santos\",\"isPartOf\":{\"@id\":\"https:\/\/www.gaveanews.com\/#website\"},\"primaryImageOfPage\":{\"@id\":\"https:\/\/www.gaveanews.com\/index.php\/2025\/03\/30\/a-declaracao-de-fabio-carille-do-vasco-direcionada-ao-santos\/#primaryimage\"},\"image\":{\"@id\":\"https:\/\/www.gaveanews.com\/index.php\/2025\/03\/30\/a-declaracao-de-fabio-carille-do-vasco-direcionada-ao-santos\/#primaryimage\"},\"thumbnailUrl\":\"https:\/\/www.gaveanews.com\/wp-content\/uploads\/Carille-apresentado-pelo-Vasco.webp\",\"datePublished\":\"2025-03-30T16:50:42+00:00\",\"author\":{\"@id\":\"https:\/\/www.gaveanews.com\/#\/schema\/person\/0277a79a1289c451c281ec0411d84f0c\"},\"breadcrumb\":{\"@id\":\"https:\/\/www.gaveanews.com\/index.php\/2025\/03\/30\/a-declaracao-de-fabio-carille-do-vasco-direcionada-ao-santos\/#breadcrumb\"},\"inLanguage\":\"pt-BR\",\"potentialAction\":[{\"@type\":\"ReadAction\",\"target\":[\"https:\/\/www.gaveanews.com\/index.php\/2025\/03\/30\/a-declaracao-de-fabio-carille-do-vasco-direcionada-ao-santos\/\"]}]},{\"@type\":\"ImageObject\",\"inLanguage\":\"pt-BR\",\"@id\":\"https:\/\/www.gaveanews.com\/index.php\/2025\/03\/30\/a-declaracao-de-fabio-carille-do-vasco-direcionada-ao-santos\/#primaryimage\",\"url\":\"https:\/\/www.gaveanews.com\/wp-content\/uploads\/Carille-apresentado-pelo-Vasco.webp\",\"contentUrl\":\"https:\/\/www.gaveanews.com\/wp-content\/uploads\/Carille-apresentado-pelo-Vasco.webp\",\"width\":1501,\"height\":1000,\"caption\":\"Carille apresentado pelo Vasco (Foto: Divulga\u00e7\u00e3o)\"},{\"@type\":\"BreadcrumbList\",\"@id\":\"https:\/\/www.gaveanews.com\/index.php\/2025\/03\/30\/a-declaracao-de-fabio-carille-do-vasco-direcionada-ao-santos\/#breadcrumb\",\"itemListElement\":[{\"@type\":\"ListItem\",\"position\":1,\"name\":\"Home\",\"item\":\"https:\/\/www.gaveanews.com\/\"},{\"@type\":\"ListItem\",\"position\":2,\"name\":\"A declara\u00e7\u00e3o de F\u00e1bio Carille, do Vasco, direcionada ao Santos\"}]},{\"@type\":\"WebSite\",\"@id\":\"https:\/\/www.gaveanews.com\/#website\",\"url\":\"https:\/\/www.gaveanews.com\/\",\"name\":\"G\u00e1vea News\",\"description\":\"Veja todas as not\u00edcias sobre o Flamengo: Contrata\u00e7\u00f5es, categorias de base, resultados das partidas, tabela de classifica\u00e7\u00e3o, pr\u00f3ximos jogos!\",\"potentialAction\":[{\"@type\":\"SearchAction\",\"target\":{\"@type\":\"EntryPoint\",\"urlTemplate\":\"https:\/\/www.gaveanews.com\/?s={search_term_string}\"},\"query-input\":{\"@type\":\"PropertyValueSpecification\",\"valueRequired\":true,\"valueName\":\"search_term_string\"}}],\"inLanguage\":\"pt-BR\"},{\"@type\":\"Person\",\"@id\":\"https:\/\/www.gaveanews.com\/#\/schema\/person\/0277a79a1289c451c281ec0411d84f0c\",\"name\":\"Andr\u00e9 Serra\",\"image\":{\"@type\":\"ImageObject\",\"inLanguage\":\"pt-BR\",\"@id\":\"https:\/\/www.gaveanews.com\/#\/schema\/person\/image\/\",\"url\":\"https:\/\/secure.gravatar.com\/avatar\/d7231369fe48db93292b3e88eb2162dbd9a34a47a8437d9ef3bcaca2a86a83d7?s=96&d=mm&r=g\",\"contentUrl\":\"https:\/\/secure.gravatar.com\/avatar\/d7231369fe48db93292b3e88eb2162dbd9a34a47a8437d9ef3bcaca2a86a83d7?s=96&d=mm&r=g\",\"caption\":\"Andr\u00e9 Serra\"}}]}<\/script>\n<!-- \/ Yoast SEO Premium plugin. -->","yoast_head_json":{"title":"A declara\u00e7\u00e3o de F\u00e1bio Carille, do Vasco, direcionada ao Santos","robots":{"index":"index","follow":"follow","max-snippet":"max-snippet:-1","max-image-preview":"max-image-preview:large","max-video-preview":"max-video-preview:-1"},"canonical":"https:\/\/www.gaveanews.com\/index.php\/2025\/03\/30\/a-declaracao-de-fabio-carille-do-vasco-direcionada-ao-santos\/","og_locale":"pt_BR","og_type":"article","og_title":"A declara\u00e7\u00e3o de F\u00e1bio Carille, do Vasco, direcionada ao Santos","og_description":"&#8220;Tenho culpa disso&#8221; F\u00e1bio Carille foi o treinador do Santos na S\u00e9rie B de 2024 e ajudou a equipe a conquistar o acesso e o t\u00edtulo. Por\u00e9m, Carille era bastante questionado pelos desempenhos do time e por escala\u00e7\u00f5es, al\u00e9m de uma pol\u00eamica que envolveu o Corinthians, assim terminando o ano demitido do clube. Em 2025, [&hellip;]","og_url":"https:\/\/www.gaveanews.com\/index.php\/2025\/03\/30\/a-declaracao-de-fabio-carille-do-vasco-direcionada-ao-santos\/","og_site_name":"G\u00e1vea News","article_publisher":"https:\/\/facebook.com\/gaveaNews\/","article_published_time":"2025-03-30T16:50:42+00:00","og_image":[{"width":1501,"height":1000,"url":"https:\/\/www.gaveanews.com\/wp-content\/uploads\/Carille-apresentado-pelo-Vasco.webp","type":"image\/jpeg"}],"author":"Andr\u00e9 Serra","twitter_card":"summary_large_image","twitter_misc":{"Escrito por":"Andr\u00e9 Serra","Est. tempo de leitura":"3 minutos"},"schema":{"@context":"https:\/\/schema.org","@graph":[{"@type":"NewsArticle","@id":"https:\/\/www.gaveanews.com\/index.php\/2025\/03\/30\/a-declaracao-de-fabio-carille-do-vasco-direcionada-ao-santos\/#article","isPartOf":{"@id":"https:\/\/www.gaveanews.com\/index.php\/2025\/03\/30\/a-declaracao-de-fabio-carille-do-vasco-direcionada-ao-santos\/"},"author":{"name":"Andr\u00e9 Serra","@id":"https:\/\/www.gaveanews.com\/#\/schema\/person\/0277a79a1289c451c281ec0411d84f0c"},"headline":"A declara\u00e7\u00e3o de F\u00e1bio Carille, do Vasco, direcionada ao Santos","datePublished":"2025-03-30T16:50:42+00:00","mainEntityOfPage":{"@id":"https:\/\/www.gaveanews.com\/index.php\/2025\/03\/30\/a-declaracao-de-fabio-carille-do-vasco-direcionada-ao-santos\/"},"wordCount":403,"commentCount":0,"image":{"@id":"https:\/\/www.gaveanews.com\/index.php\/2025\/03\/30\/a-declaracao-de-fabio-carille-do-vasco-direcionada-ao-santos\/#primaryimage"},"thumbnailUrl":"https:\/\/www.gaveanews.com\/wp-content\/uploads\/Carille-apresentado-pelo-Vasco.webp","articleSection":["Santos","Vasco"],"inLanguage":"pt-BR","potentialAction":[{"@type":"CommentAction","name":"Comment","target":["https:\/\/www.gaveanews.com\/index.php\/2025\/03\/30\/a-declaracao-de-fabio-carille-do-vasco-direcionada-ao-santos\/#respond"]}],"copyrightYear":"2025","copyrightHolder":{"@id":"https:\/\/www.gaveanews.com\/#organization"}},{"@type":"WebPage","@id":"https:\/\/www.gaveanews.com\/index.php\/2025\/03\/30\/a-declaracao-de-fabio-carille-do-vasco-direcionada-ao-santos\/","url":"https:\/\/www.gaveanews.com\/index.php\/2025\/03\/30\/a-declaracao-de-fabio-carille-do-vasco-direcionada-ao-santos\/","name":"A declara\u00e7\u00e3o de F\u00e1bio Carille, do Vasco, direcionada ao Santos","isPartOf":{"@id":"https:\/\/www.gaveanews.com\/#website"},"primaryImageOfPage":{"@id":"https:\/\/www.gaveanews.com\/index.php\/2025\/03\/30\/a-declaracao-de-fabio-carille-do-vasco-direcionada-ao-santos\/#primaryimage"},"image":{"@id":"https:\/\/www.gaveanews.com\/index.php\/2025\/03\/30\/a-declaracao-de-fabio-carille-do-vasco-direcionada-ao-santos\/#primaryimage"},"thumbnailUrl":"https:\/\/www.gaveanews.com\/wp-content\/uploads\/Carille-apresentado-pelo-Vasco.webp","datePublished":"2025-03-30T16:50:42+00:00","author":{"@id":"https:\/\/www.gaveanews.com\/#\/schema\/person\/0277a79a1289c451c281ec0411d84f0c"},"breadcrumb":{"@id":"https:\/\/www.gaveanews.com\/index.php\/2025\/03\/30\/a-declaracao-de-fabio-carille-do-vasco-direcionada-ao-santos\/#breadcrumb"},"inLanguage":"pt-BR","potentialAction":[{"@type":"ReadAction","target":["https:\/\/www.gaveanews.com\/index.php\/2025\/03\/30\/a-declaracao-de-fabio-carille-do-vasco-direcionada-ao-santos\/"]}]},{"@type":"ImageObject","inLanguage":"pt-BR","@id":"https:\/\/www.gaveanews.com\/index.php\/2025\/03\/30\/a-declaracao-de-fabio-carille-do-vasco-direcionada-ao-santos\/#primaryimage","url":"https:\/\/www.gaveanews.com\/wp-content\/uploads\/Carille-apresentado-pelo-Vasco.webp","contentUrl":"https:\/\/www.gaveanews.com\/wp-content\/uploads\/Carille-apresentado-pelo-Vasco.webp","width":1501,"height":1000,"caption":"Carille apresentado pelo Vasco (Foto: Divulga\u00e7\u00e3o)"},{"@type":"BreadcrumbList","@id":"https:\/\/www.gaveanews.com\/index.php\/2025\/03\/30\/a-declaracao-de-fabio-carille-do-vasco-direcionada-ao-santos\/#breadcrumb","itemListElement":[{"@type":"ListItem","position":1,"name":"Home","item":"https:\/\/www.gaveanews.com\/"},{"@type":"ListItem","position":2,"name":"A declara\u00e7\u00e3o de F\u00e1bio Carille, do Vasco, direcionada ao Santos"}]},{"@type":"WebSite","@id":"https:\/\/www.gaveanews.com\/#website","url":"https:\/\/www.gaveanews.com\/","name":"G\u00e1vea News","description":"Veja todas as not\u00edcias sobre o Flamengo: Contrata\u00e7\u00f5es, categorias de base, resultados das partidas, tabela de classifica\u00e7\u00e3o, pr\u00f3ximos jogos!","potentialAction":[{"@type":"SearchAction","target":{"@type":"EntryPoint","urlTemplate":"https:\/\/www.gaveanews.com\/?s={search_term_string}"},"query-input":{"@type":"PropertyValueSpecification","valueRequired":true,"valueName":"search_term_string"}}],"inLanguage":"pt-BR"},{"@type":"Person","@id":"https:\/\/www.gaveanews.com\/#\/schema\/person\/0277a79a1289c451c281ec0411d84f0c","name":"Andr\u00e9 Serra","image":{"@type":"ImageObject","inLanguage":"pt-BR","@id":"https:\/\/www.gaveanews.com\/#\/schema\/person\/image\/","url":"https:\/\/secure.gravatar.com\/avatar\/d7231369fe48db93292b3e88eb2162dbd9a34a47a8437d9ef3bcaca2a86a83d7?s=96&d=mm&r=g","contentUrl":"https:\/\/secure.gravatar.com\/avatar\/d7231369fe48db93292b3e88eb2162dbd9a34a47a8437d9ef3bcaca2a86a83d7?s=96&d=mm&r=g","caption":"Andr\u00e9 Serra"}}]}},"_links":{"self":[{"href":"https:\/\/www.gaveanews.com\/index.php\/wp-json\/wp\/v2\/posts\/246640","targetHints":{"allow":["GET"]}}],"collection":[{"href":"https:\/\/www.gaveanews.com\/index.php\/wp-json\/wp\/v2\/posts"}],"about":[{"href":"https:\/\/www.gaveanews.com\/index.php\/wp-json\/wp\/v2\/types\/post"}],"author":[{"embeddable":true,"href":"https:\/\/www.gaveanews.com\/index.php\/wp-json\/wp\/v2\/users\/21"}],"replies":[{"embeddable":true,"href":"https:\/\/www.gaveanews.com\/index.php\/wp-json\/wp\/v2\/comments?post=246640"}],"version-history":[{"count":1,"href":"https:\/\/www.gaveanews.com\/index.php\/wp-json\/wp\/v2\/posts\/246640\/revisions"}],"predecessor-version":[{"id":246642,"href":"https:\/\/www.gaveanews.com\/index.php\/wp-json\/wp\/v2\/posts\/246640\/revisions\/246642"}],"wp:featuredmedia":[{"embeddable":true,"href":"https:\/\/www.gaveanews.com\/index.php\/wp-json\/wp\/v2\/media\/220356"}],"wp:attachment":[{"href":"https:\/\/www.gaveanews.com\/index.php\/wp-json\/wp\/v2\/media?parent=246640"}],"wp:term":[{"taxonomy":"category","embeddable":true,"href":"https:\/\/www.gaveanews.com\/index.php\/wp-json\/wp\/v2\/categories?post=246640"},{"taxonomy":"post_tag","embeddable":true,"href":"https:\/\/www.gaveanews.com\/index.php\/wp-json\/wp\/v2\/tags?post=246640"}],"curies":[{"name":"wp","href":"https:\/\/api.w.org\/{rel}","templated":true}]}}