{"id":246643,"date":"2025-03-30T15:00:55","date_gmt":"2025-03-30T18:00:55","guid":{"rendered":"https:\/\/www.gaveanews.com\/?p=246643"},"modified":"2025-03-30T14:56:59","modified_gmt":"2025-03-30T17:56:59","slug":"gremio-x-atletico-mg-a-declaracao-de-quinteros-direcionada-a-volpi","status":"publish","type":"post","link":"https:\/\/www.gaveanews.com\/index.php\/2025\/03\/30\/gremio-x-atletico-mg-a-declaracao-de-quinteros-direcionada-a-volpi\/","title":{"rendered":"Gr\u00eamio x Atl\u00e9tico-MG: a declara\u00e7\u00e3o de Quinteros direcionada a Volpi"},"content":{"rendered":"\n<p>Apesar da vit\u00f3ria sobre o Atl\u00e9tico na estreia do Campeonato Brasileiro neste s\u00e1bado (29), o t\u00e9cnico Gustavo Quinteros manifestou insatisfa\u00e7\u00e3o com a exibi\u00e7\u00e3o do Gr\u00eamio. Al\u00e9m disso, o comandante fez quest\u00e3o de enaltecer a performance do goleiro Tiago Volpi, considerando-o fundamental para o resultado positivo.<\/p>\n\n\n\n<p>Quinteros atribuiu diretamente o triunfo \u00e0 atua\u00e7\u00e3o do arqueiro. &#8220;Gra\u00e7as a atua\u00e7\u00e3o do Volpi tivemos a vit\u00f3ria&#8221;, afirmou o treinador, que tamb\u00e9m apontou fragilidades defensivas em determinados momentos da partida. Ele destacou que a equipe n\u00e3o apresentou o volume de jogo esperado.<\/p>\n\n\n\n<p>O t\u00e9cnico gremista complementou sua an\u00e1lise sobre o desempenho, refor\u00e7ando o descontentamento. Ele indicou que o time n\u00e3o alcan\u00e7ou o padr\u00e3o de jogo que busca implementar e, portanto, projeta melhorias para o pr\u00f3ximo confronto.<\/p>\n\n\n\n<h2 class=\"wp-block-heading\" id=\"h-volpi-decisivo-e-eficacia-ofensiva\">Volpi decisivo e efic\u00e1cia ofensiva<\/h2>\n\n\n\n<p>Posteriormente, Quinteros explicou que um fator determinante levou o time ga\u00facho \u00e0 vit\u00f3ria: a efic\u00e1cia nas finaliza\u00e7\u00f5es. Segundo ele, o Gr\u00eamio soube converter melhor suas chances em gol.<\/p>\n\n\n\n<p>Assim, aproveitar as oportunidades criadas surge como um ponto fundamental, conforme detalhou o treinador. Ele enfatizou que a equipe continuar\u00e1 trabalhando para evoluir em todos os aspectos do jogo.<\/p>\n\n\n\n<p>Embora tenha reiterado a insatisfa\u00e7\u00e3o com a performance geral, Quinteros valorizou a capacidade do time de ser decisivo no ataque, o que garantiu os tr\u00eas pontos na competi\u00e7\u00e3o.<\/p>\n\n\n\n<figure class=\"wp-block-image size-full is-resized\"><img loading=\"lazy\" decoding=\"async\" width=\"711\" height=\"533\" src=\"http:\/\/www.gaveanews.com\/wp-content\/uploads\/Thiago-Volpi-Gremio.webp\" alt=\"\" class=\"wp-image-236374\" style=\"width:840px;height:auto\"\/><figcaption class=\"wp-element-caption\">Thiago Volpi pelo Gr\u00eamio (Foto: Lucas Uebel\/Gr\u00eamio)<\/figcaption><\/figure>\n\n\n\n<h2 class=\"wp-block-heading\" id=\"h-ajustes-no-meio-campo-e-busca-por-solidez\">Ajustes no meio-Campo e busca por solidez<\/h2>\n\n\n\n<p>No que diz respeito \u00e0 escala\u00e7\u00e3o, o comandante optou por Edenilson no meio-campo, atuando ao lado de Villasanti e Camilo. Essa escolha resultou na perman\u00eancia dos meias Cristaldo e Monsalve no banco de reservas durante todo o confronto.<\/p>\n\n\n\n<p>Quinteros justificou a forma\u00e7\u00e3o t\u00e1tica pela busca por maior solidez defensiva. Contudo, ele admitiu sua prefer\u00eancia pessoal por uma equipe que consiga criar um volume maior de situa\u00e7\u00f5es de gol. O t\u00e9cnico relembrou que, em partidas anteriores do Gauch\u00e3o com Franco ou Monsalve, o time n\u00e3o encontrou o funcionamento ideal, mas a dupla Edenilson e Villasanti trouxe melhorias nesse sentido no cl\u00e1ssico Gre-Nal.<\/p>\n\n\n\n<p>Entretanto, ele observou que, apesar da tentativa de replicar a f\u00f3rmula, o desempenho contra o Atl\u00e9tico n\u00e3o foi o mesmo, faltando o volume de jogo desejado. Quinteros declarou que, embora ainda n\u00e3o esteja contente com o futebol apresentado, considera positivo vencer enquanto se trabalha para melhorar.<\/p>\n\n\n\n<p>Por fim, a agenda do Gr\u00eamio segue com compromissos importantes. Primeiramente, a equipe viaja para Assun\u00e7\u00e3o, no Paraguai, onde enfrenta o Sportivo Luque\u00f1o na quarta-feira (2), \u00e0s 21h30 (de Bras\u00edlia), pela competi\u00e7\u00e3o continental. Em seguida, o foco retorna ao Brasileir\u00e3o, com o duelo contra o Cear\u00e1 no s\u00e1bado (5), no Castel\u00e3o, em Fortaleza.<\/p>\n","protected":false},"excerpt":{"rendered":"<p>Apesar da vit\u00f3ria sobre o Atl\u00e9tico na estreia do Campeonato Brasileiro neste s\u00e1bado (29), o t\u00e9cnico Gustavo Quinteros manifestou insatisfa\u00e7\u00e3o com a exibi\u00e7\u00e3o do Gr\u00eamio. Al\u00e9m disso, o comandante fez quest\u00e3o de enaltecer a performance do goleiro Tiago Volpi, considerando-o fundamental para o resultado positivo. Quinteros atribuiu diretamente o triunfo \u00e0 atua\u00e7\u00e3o do arqueiro. &#8220;Gra\u00e7as [&hellip;]<\/p>\n","protected":false},"author":28,"featured_media":244439,"comment_status":"open","ping_status":"closed","sticky":false,"template":"","format":"standard","meta":{"footnotes":""},"categories":[147],"tags":[],"class_list":["post-246643","post","type-post","status-publish","format-standard","has-post-thumbnail","hentry","category-gremio"],"yoast_head":"<!-- This site is optimized with the Yoast SEO Premium plugin v24.2 (Yoast SEO v26.9) - https:\/\/yoast.com\/product\/yoast-seo-premium-wordpress\/ -->\n<title>Gr\u00eamio x Atl\u00e9tico-MG: a declara\u00e7\u00e3o de Quinteros direcionada a Volpi<\/title>\n<meta name=\"robots\" content=\"index, follow, max-snippet:-1, max-image-preview:large, max-video-preview:-1\" \/>\n<link rel=\"canonical\" href=\"https:\/\/www.gaveanews.com\/index.php\/2025\/03\/30\/gremio-x-atletico-mg-a-declaracao-de-quinteros-direcionada-a-volpi\/\" \/>\n<meta property=\"og:locale\" content=\"pt_BR\" \/>\n<meta property=\"og:type\" content=\"article\" \/>\n<meta property=\"og:title\" content=\"Gr\u00eamio x Atl\u00e9tico-MG: a declara\u00e7\u00e3o de Quinteros direcionada a Volpi\" \/>\n<meta property=\"og:description\" content=\"Apesar da vit\u00f3ria sobre o Atl\u00e9tico na estreia do Campeonato Brasileiro neste s\u00e1bado (29), o t\u00e9cnico Gustavo Quinteros manifestou insatisfa\u00e7\u00e3o com a exibi\u00e7\u00e3o do Gr\u00eamio. Al\u00e9m disso, o comandante fez quest\u00e3o de enaltecer a performance do goleiro Tiago Volpi, considerando-o fundamental para o resultado positivo. Quinteros atribuiu diretamente o triunfo \u00e0 atua\u00e7\u00e3o do arqueiro. &#8220;Gra\u00e7as [&hellip;]\" \/>\n<meta property=\"og:url\" content=\"https:\/\/www.gaveanews.com\/index.php\/2025\/03\/30\/gremio-x-atletico-mg-a-declaracao-de-quinteros-direcionada-a-volpi\/\" \/>\n<meta property=\"og:site_name\" content=\"G\u00e1vea News\" \/>\n<meta property=\"article:publisher\" content=\"https:\/\/facebook.com\/gaveaNews\/\" \/>\n<meta property=\"article:published_time\" content=\"2025-03-30T18:00:55+00:00\" \/>\n<meta property=\"og:image\" content=\"https:\/\/www.gaveanews.com\/wp-content\/uploads\/Gustavo-Quinteros-em-acao-pelo-Gremio.webp\" \/>\n\t<meta property=\"og:image:width\" content=\"900\" \/>\n\t<meta property=\"og:image:height\" content=\"600\" \/>\n\t<meta property=\"og:image:type\" content=\"image\/jpeg\" \/>\n<meta name=\"author\" content=\"Hudson Pereira\" \/>\n<meta name=\"twitter:card\" content=\"summary_large_image\" \/>\n<meta name=\"twitter:label1\" content=\"Escrito por\" \/>\n\t<meta name=\"twitter:data1\" content=\"Hudson Pereira\" \/>\n\t<meta name=\"twitter:label2\" content=\"Est. tempo de leitura\" \/>\n\t<meta name=\"twitter:data2\" content=\"3 minutos\" \/>\n<script type=\"application\/ld+json\" class=\"yoast-schema-graph\">{\"@context\":\"https:\/\/schema.org\",\"@graph\":[{\"@type\":\"NewsArticle\",\"@id\":\"https:\/\/www.gaveanews.com\/index.php\/2025\/03\/30\/gremio-x-atletico-mg-a-declaracao-de-quinteros-direcionada-a-volpi\/#article\",\"isPartOf\":{\"@id\":\"https:\/\/www.gaveanews.com\/index.php\/2025\/03\/30\/gremio-x-atletico-mg-a-declaracao-de-quinteros-direcionada-a-volpi\/\"},\"author\":{\"name\":\"Hudson Pereira\",\"@id\":\"https:\/\/www.gaveanews.com\/#\/schema\/person\/bd08f00534b403119b92741a6d469ef0\"},\"headline\":\"Gr\u00eamio x Atl\u00e9tico-MG: a declara\u00e7\u00e3o de Quinteros direcionada a Volpi\",\"datePublished\":\"2025-03-30T18:00:55+00:00\",\"mainEntityOfPage\":{\"@id\":\"https:\/\/www.gaveanews.com\/index.php\/2025\/03\/30\/gremio-x-atletico-mg-a-declaracao-de-quinteros-direcionada-a-volpi\/\"},\"wordCount\":488,\"commentCount\":0,\"image\":{\"@id\":\"https:\/\/www.gaveanews.com\/index.php\/2025\/03\/30\/gremio-x-atletico-mg-a-declaracao-de-quinteros-direcionada-a-volpi\/#primaryimage\"},\"thumbnailUrl\":\"https:\/\/www.gaveanews.com\/wp-content\/uploads\/Gustavo-Quinteros-em-acao-pelo-Gremio.webp\",\"articleSection\":[\"Gr\u00eamio\"],\"inLanguage\":\"pt-BR\",\"potentialAction\":[{\"@type\":\"CommentAction\",\"name\":\"Comment\",\"target\":[\"https:\/\/www.gaveanews.com\/index.php\/2025\/03\/30\/gremio-x-atletico-mg-a-declaracao-de-quinteros-direcionada-a-volpi\/#respond\"]}],\"copyrightYear\":\"2025\",\"copyrightHolder\":{\"@id\":\"https:\/\/www.gaveanews.com\/#organization\"}},{\"@type\":\"WebPage\",\"@id\":\"https:\/\/www.gaveanews.com\/index.php\/2025\/03\/30\/gremio-x-atletico-mg-a-declaracao-de-quinteros-direcionada-a-volpi\/\",\"url\":\"https:\/\/www.gaveanews.com\/index.php\/2025\/03\/30\/gremio-x-atletico-mg-a-declaracao-de-quinteros-direcionada-a-volpi\/\",\"name\":\"Gr\u00eamio x Atl\u00e9tico-MG: a declara\u00e7\u00e3o de Quinteros direcionada a Volpi\",\"isPartOf\":{\"@id\":\"https:\/\/www.gaveanews.com\/#website\"},\"primaryImageOfPage\":{\"@id\":\"https:\/\/www.gaveanews.com\/index.php\/2025\/03\/30\/gremio-x-atletico-mg-a-declaracao-de-quinteros-direcionada-a-volpi\/#primaryimage\"},\"image\":{\"@id\":\"https:\/\/www.gaveanews.com\/index.php\/2025\/03\/30\/gremio-x-atletico-mg-a-declaracao-de-quinteros-direcionada-a-volpi\/#primaryimage\"},\"thumbnailUrl\":\"https:\/\/www.gaveanews.com\/wp-content\/uploads\/Gustavo-Quinteros-em-acao-pelo-Gremio.webp\",\"datePublished\":\"2025-03-30T18:00:55+00:00\",\"author\":{\"@id\":\"https:\/\/www.gaveanews.com\/#\/schema\/person\/bd08f00534b403119b92741a6d469ef0\"},\"breadcrumb\":{\"@id\":\"https:\/\/www.gaveanews.com\/index.php\/2025\/03\/30\/gremio-x-atletico-mg-a-declaracao-de-quinteros-direcionada-a-volpi\/#breadcrumb\"},\"inLanguage\":\"pt-BR\",\"potentialAction\":[{\"@type\":\"ReadAction\",\"target\":[\"https:\/\/www.gaveanews.com\/index.php\/2025\/03\/30\/gremio-x-atletico-mg-a-declaracao-de-quinteros-direcionada-a-volpi\/\"]}]},{\"@type\":\"ImageObject\",\"inLanguage\":\"pt-BR\",\"@id\":\"https:\/\/www.gaveanews.com\/index.php\/2025\/03\/30\/gremio-x-atletico-mg-a-declaracao-de-quinteros-direcionada-a-volpi\/#primaryimage\",\"url\":\"https:\/\/www.gaveanews.com\/wp-content\/uploads\/Gustavo-Quinteros-em-acao-pelo-Gremio.webp\",\"contentUrl\":\"https:\/\/www.gaveanews.com\/wp-content\/uploads\/Gustavo-Quinteros-em-acao-pelo-Gremio.webp\",\"width\":900,\"height\":600,\"caption\":\"Gustavo Quinteros em a\u00e7\u00e3o pelo Gr\u00eamio (Foto: Lucas Uebel\/Gr\u00eamio FBPA)\"},{\"@type\":\"BreadcrumbList\",\"@id\":\"https:\/\/www.gaveanews.com\/index.php\/2025\/03\/30\/gremio-x-atletico-mg-a-declaracao-de-quinteros-direcionada-a-volpi\/#breadcrumb\",\"itemListElement\":[{\"@type\":\"ListItem\",\"position\":1,\"name\":\"Home\",\"item\":\"https:\/\/www.gaveanews.com\/\"},{\"@type\":\"ListItem\",\"position\":2,\"name\":\"Gr\u00eamio x Atl\u00e9tico-MG: a declara\u00e7\u00e3o de Quinteros direcionada a Volpi\"}]},{\"@type\":\"WebSite\",\"@id\":\"https:\/\/www.gaveanews.com\/#website\",\"url\":\"https:\/\/www.gaveanews.com\/\",\"name\":\"G\u00e1vea News\",\"description\":\"Veja todas as not\u00edcias sobre o Flamengo: Contrata\u00e7\u00f5es, categorias de base, resultados das partidas, tabela de classifica\u00e7\u00e3o, pr\u00f3ximos jogos!\",\"potentialAction\":[{\"@type\":\"SearchAction\",\"target\":{\"@type\":\"EntryPoint\",\"urlTemplate\":\"https:\/\/www.gaveanews.com\/?s={search_term_string}\"},\"query-input\":{\"@type\":\"PropertyValueSpecification\",\"valueRequired\":true,\"valueName\":\"search_term_string\"}}],\"inLanguage\":\"pt-BR\"},{\"@type\":\"Person\",\"@id\":\"https:\/\/www.gaveanews.com\/#\/schema\/person\/bd08f00534b403119b92741a6d469ef0\",\"name\":\"Hudson Pereira\",\"image\":{\"@type\":\"ImageObject\",\"inLanguage\":\"pt-BR\",\"@id\":\"https:\/\/www.gaveanews.com\/#\/schema\/person\/image\/\",\"url\":\"https:\/\/secure.gravatar.com\/avatar\/ecc491b489e454e510efffc9b23c1052ce5fb4f2e05555768ba65819cd55f03e?s=96&d=mm&r=g\",\"contentUrl\":\"https:\/\/secure.gravatar.com\/avatar\/ecc491b489e454e510efffc9b23c1052ce5fb4f2e05555768ba65819cd55f03e?s=96&d=mm&r=g\",\"caption\":\"Hudson Pereira\"}}]}<\/script>\n<!-- \/ Yoast SEO Premium plugin. -->","yoast_head_json":{"title":"Gr\u00eamio x Atl\u00e9tico-MG: a declara\u00e7\u00e3o de Quinteros direcionada a Volpi","robots":{"index":"index","follow":"follow","max-snippet":"max-snippet:-1","max-image-preview":"max-image-preview:large","max-video-preview":"max-video-preview:-1"},"canonical":"https:\/\/www.gaveanews.com\/index.php\/2025\/03\/30\/gremio-x-atletico-mg-a-declaracao-de-quinteros-direcionada-a-volpi\/","og_locale":"pt_BR","og_type":"article","og_title":"Gr\u00eamio x Atl\u00e9tico-MG: a declara\u00e7\u00e3o de Quinteros direcionada a Volpi","og_description":"Apesar da vit\u00f3ria sobre o Atl\u00e9tico na estreia do Campeonato Brasileiro neste s\u00e1bado (29), o t\u00e9cnico Gustavo Quinteros manifestou insatisfa\u00e7\u00e3o com a exibi\u00e7\u00e3o do Gr\u00eamio. Al\u00e9m disso, o comandante fez quest\u00e3o de enaltecer a performance do goleiro Tiago Volpi, considerando-o fundamental para o resultado positivo. Quinteros atribuiu diretamente o triunfo \u00e0 atua\u00e7\u00e3o do arqueiro. &#8220;Gra\u00e7as [&hellip;]","og_url":"https:\/\/www.gaveanews.com\/index.php\/2025\/03\/30\/gremio-x-atletico-mg-a-declaracao-de-quinteros-direcionada-a-volpi\/","og_site_name":"G\u00e1vea News","article_publisher":"https:\/\/facebook.com\/gaveaNews\/","article_published_time":"2025-03-30T18:00:55+00:00","og_image":[{"width":900,"height":600,"url":"https:\/\/www.gaveanews.com\/wp-content\/uploads\/Gustavo-Quinteros-em-acao-pelo-Gremio.webp","type":"image\/jpeg"}],"author":"Hudson Pereira","twitter_card":"summary_large_image","twitter_misc":{"Escrito por":"Hudson Pereira","Est. tempo de leitura":"3 minutos"},"schema":{"@context":"https:\/\/schema.org","@graph":[{"@type":"NewsArticle","@id":"https:\/\/www.gaveanews.com\/index.php\/2025\/03\/30\/gremio-x-atletico-mg-a-declaracao-de-quinteros-direcionada-a-volpi\/#article","isPartOf":{"@id":"https:\/\/www.gaveanews.com\/index.php\/2025\/03\/30\/gremio-x-atletico-mg-a-declaracao-de-quinteros-direcionada-a-volpi\/"},"author":{"name":"Hudson Pereira","@id":"https:\/\/www.gaveanews.com\/#\/schema\/person\/bd08f00534b403119b92741a6d469ef0"},"headline":"Gr\u00eamio x Atl\u00e9tico-MG: a declara\u00e7\u00e3o de Quinteros direcionada a Volpi","datePublished":"2025-03-30T18:00:55+00:00","mainEntityOfPage":{"@id":"https:\/\/www.gaveanews.com\/index.php\/2025\/03\/30\/gremio-x-atletico-mg-a-declaracao-de-quinteros-direcionada-a-volpi\/"},"wordCount":488,"commentCount":0,"image":{"@id":"https:\/\/www.gaveanews.com\/index.php\/2025\/03\/30\/gremio-x-atletico-mg-a-declaracao-de-quinteros-direcionada-a-volpi\/#primaryimage"},"thumbnailUrl":"https:\/\/www.gaveanews.com\/wp-content\/uploads\/Gustavo-Quinteros-em-acao-pelo-Gremio.webp","articleSection":["Gr\u00eamio"],"inLanguage":"pt-BR","potentialAction":[{"@type":"CommentAction","name":"Comment","target":["https:\/\/www.gaveanews.com\/index.php\/2025\/03\/30\/gremio-x-atletico-mg-a-declaracao-de-quinteros-direcionada-a-volpi\/#respond"]}],"copyrightYear":"2025","copyrightHolder":{"@id":"https:\/\/www.gaveanews.com\/#organization"}},{"@type":"WebPage","@id":"https:\/\/www.gaveanews.com\/index.php\/2025\/03\/30\/gremio-x-atletico-mg-a-declaracao-de-quinteros-direcionada-a-volpi\/","url":"https:\/\/www.gaveanews.com\/index.php\/2025\/03\/30\/gremio-x-atletico-mg-a-declaracao-de-quinteros-direcionada-a-volpi\/","name":"Gr\u00eamio x Atl\u00e9tico-MG: a declara\u00e7\u00e3o de Quinteros direcionada a Volpi","isPartOf":{"@id":"https:\/\/www.gaveanews.com\/#website"},"primaryImageOfPage":{"@id":"https:\/\/www.gaveanews.com\/index.php\/2025\/03\/30\/gremio-x-atletico-mg-a-declaracao-de-quinteros-direcionada-a-volpi\/#primaryimage"},"image":{"@id":"https:\/\/www.gaveanews.com\/index.php\/2025\/03\/30\/gremio-x-atletico-mg-a-declaracao-de-quinteros-direcionada-a-volpi\/#primaryimage"},"thumbnailUrl":"https:\/\/www.gaveanews.com\/wp-content\/uploads\/Gustavo-Quinteros-em-acao-pelo-Gremio.webp","datePublished":"2025-03-30T18:00:55+00:00","author":{"@id":"https:\/\/www.gaveanews.com\/#\/schema\/person\/bd08f00534b403119b92741a6d469ef0"},"breadcrumb":{"@id":"https:\/\/www.gaveanews.com\/index.php\/2025\/03\/30\/gremio-x-atletico-mg-a-declaracao-de-quinteros-direcionada-a-volpi\/#breadcrumb"},"inLanguage":"pt-BR","potentialAction":[{"@type":"ReadAction","target":["https:\/\/www.gaveanews.com\/index.php\/2025\/03\/30\/gremio-x-atletico-mg-a-declaracao-de-quinteros-direcionada-a-volpi\/"]}]},{"@type":"ImageObject","inLanguage":"pt-BR","@id":"https:\/\/www.gaveanews.com\/index.php\/2025\/03\/30\/gremio-x-atletico-mg-a-declaracao-de-quinteros-direcionada-a-volpi\/#primaryimage","url":"https:\/\/www.gaveanews.com\/wp-content\/uploads\/Gustavo-Quinteros-em-acao-pelo-Gremio.webp","contentUrl":"https:\/\/www.gaveanews.com\/wp-content\/uploads\/Gustavo-Quinteros-em-acao-pelo-Gremio.webp","width":900,"height":600,"caption":"Gustavo Quinteros em a\u00e7\u00e3o pelo Gr\u00eamio (Foto: Lucas Uebel\/Gr\u00eamio FBPA)"},{"@type":"BreadcrumbList","@id":"https:\/\/www.gaveanews.com\/index.php\/2025\/03\/30\/gremio-x-atletico-mg-a-declaracao-de-quinteros-direcionada-a-volpi\/#breadcrumb","itemListElement":[{"@type":"ListItem","position":1,"name":"Home","item":"https:\/\/www.gaveanews.com\/"},{"@type":"ListItem","position":2,"name":"Gr\u00eamio x Atl\u00e9tico-MG: a declara\u00e7\u00e3o de Quinteros direcionada a Volpi"}]},{"@type":"WebSite","@id":"https:\/\/www.gaveanews.com\/#website","url":"https:\/\/www.gaveanews.com\/","name":"G\u00e1vea News","description":"Veja todas as not\u00edcias sobre o Flamengo: Contrata\u00e7\u00f5es, categorias de base, resultados das partidas, tabela de classifica\u00e7\u00e3o, pr\u00f3ximos jogos!","potentialAction":[{"@type":"SearchAction","target":{"@type":"EntryPoint","urlTemplate":"https:\/\/www.gaveanews.com\/?s={search_term_string}"},"query-input":{"@type":"PropertyValueSpecification","valueRequired":true,"valueName":"search_term_string"}}],"inLanguage":"pt-BR"},{"@type":"Person","@id":"https:\/\/www.gaveanews.com\/#\/schema\/person\/bd08f00534b403119b92741a6d469ef0","name":"Hudson Pereira","image":{"@type":"ImageObject","inLanguage":"pt-BR","@id":"https:\/\/www.gaveanews.com\/#\/schema\/person\/image\/","url":"https:\/\/secure.gravatar.com\/avatar\/ecc491b489e454e510efffc9b23c1052ce5fb4f2e05555768ba65819cd55f03e?s=96&d=mm&r=g","contentUrl":"https:\/\/secure.gravatar.com\/avatar\/ecc491b489e454e510efffc9b23c1052ce5fb4f2e05555768ba65819cd55f03e?s=96&d=mm&r=g","caption":"Hudson Pereira"}}]}},"_links":{"self":[{"href":"https:\/\/www.gaveanews.com\/index.php\/wp-json\/wp\/v2\/posts\/246643","targetHints":{"allow":["GET"]}}],"collection":[{"href":"https:\/\/www.gaveanews.com\/index.php\/wp-json\/wp\/v2\/posts"}],"about":[{"href":"https:\/\/www.gaveanews.com\/index.php\/wp-json\/wp\/v2\/types\/post"}],"author":[{"embeddable":true,"href":"https:\/\/www.gaveanews.com\/index.php\/wp-json\/wp\/v2\/users\/28"}],"replies":[{"embeddable":true,"href":"https:\/\/www.gaveanews.com\/index.php\/wp-json\/wp\/v2\/comments?post=246643"}],"version-history":[{"count":1,"href":"https:\/\/www.gaveanews.com\/index.php\/wp-json\/wp\/v2\/posts\/246643\/revisions"}],"predecessor-version":[{"id":246644,"href":"https:\/\/www.gaveanews.com\/index.php\/wp-json\/wp\/v2\/posts\/246643\/revisions\/246644"}],"wp:featuredmedia":[{"embeddable":true,"href":"https:\/\/www.gaveanews.com\/index.php\/wp-json\/wp\/v2\/media\/244439"}],"wp:attachment":[{"href":"https:\/\/www.gaveanews.com\/index.php\/wp-json\/wp\/v2\/media?parent=246643"}],"wp:term":[{"taxonomy":"category","embeddable":true,"href":"https:\/\/www.gaveanews.com\/index.php\/wp-json\/wp\/v2\/categories?post=246643"},{"taxonomy":"post_tag","embeddable":true,"href":"https:\/\/www.gaveanews.com\/index.php\/wp-json\/wp\/v2\/tags?post=246643"}],"curies":[{"name":"wp","href":"https:\/\/api.w.org\/{rel}","templated":true}]}}