{"id":246645,"date":"2025-03-30T15:05:31","date_gmt":"2025-03-30T18:05:31","guid":{"rendered":"https:\/\/www.gaveanews.com\/?p=246645"},"modified":"2025-03-30T14:57:05","modified_gmt":"2025-03-30T17:57:05","slug":"cuca-detona-arbitragem-de-gremio-x-atletico-mg-o-claus-me-falou","status":"publish","type":"post","link":"https:\/\/www.gaveanews.com\/index.php\/2025\/03\/30\/cuca-detona-arbitragem-de-gremio-x-atletico-mg-o-claus-me-falou\/","title":{"rendered":"Cuca detona arbitragem de Gr\u00eamio x Atl\u00e9tico-MG: &#8220;O Claus me falou\u2026&#8221;"},"content":{"rendered":"\n<p>O t\u00e9cnico Cuca manifestou sua insatisfa\u00e7\u00e3o com a arbitragem ap\u00f3s a partida entre Gr\u00eamio e Atl\u00e9tico, v\u00e1lida pela estreia no Campeonato Brasileiro. O comandante atleticano contestou especificamente a valida\u00e7\u00e3o do primeiro gol da equipe ga\u00facha, pois considerou irregular o lance que o originou. Ele defendeu que o tento de Arezo necessitava anula\u00e7\u00e3o.<\/p>\n\n\n\n<p>Posteriormente, Cuca compartilhou detalhes de um di\u00e1logo que manteve com o \u00e1rbitro Raphael Claus sobre a jogada pol\u00eamica. Durante a conversa, o treinador exp\u00f4s seu ponto de vista contr\u00e1rio \u00e0 decis\u00e3o do juiz.<\/p>\n\n\n\n<p>Segundo Cuca, Claus justificou a decis\u00e3o afirmando que a aus\u00eancia de contato f\u00edsico direto impedia a marca\u00e7\u00e3o de falta. Contudo, o t\u00e9cnico rebateu o argumento, usando sua experi\u00eancia como ex-jogador: &#8220;O Claus me falou que se n\u00e3o h\u00e1 contato, n\u00e3o \u00e9 falta. Joguei futebol por muitos anos e sei que, quando vou cabecear uma bola que vem uma chuteira em minha dire\u00e7\u00e3o, eu vou tirar a cabe\u00e7a. Isso \u00e9 autom\u00e1tico do ser humano&#8221;.<\/p>\n\n\n\n<figure class=\"wp-block-image size-full is-resized\"><img loading=\"lazy\" decoding=\"async\" width=\"795\" height=\"448\" src=\"http:\/\/www.gaveanews.com\/wp-content\/uploads\/Raphael-Claus.webp\" alt=\"\" class=\"wp-image-140116\" style=\"width:840px;height:auto\" srcset=\"https:\/\/www.gaveanews.com\/wp-content\/uploads\/Raphael-Claus.webp 795w, https:\/\/www.gaveanews.com\/wp-content\/uploads\/Raphael-Claus-300x169.webp 300w, https:\/\/www.gaveanews.com\/wp-content\/uploads\/Raphael-Claus-768x433.webp 768w, https:\/\/www.gaveanews.com\/wp-content\/uploads\/Raphael-Claus-745x420.webp 745w, https:\/\/www.gaveanews.com\/wp-content\/uploads\/Raphael-Claus-640x361.webp 640w, https:\/\/www.gaveanews.com\/wp-content\/uploads\/Raphael-Claus-681x384.webp 681w, https:\/\/www.gaveanews.com\/wp-content\/uploads\/Raphael-Claus-100x56.webp 100w\" sizes=\"auto, (max-width: 795px) 100vw, 795px\" \/><figcaption class=\"wp-element-caption\">Raphael Claus (Foto: Cesar Greco\/Palmeiras)<\/figcaption><\/figure>\n\n\n\n<h2 class=\"wp-block-heading\" id=\"h-detalhes-da-controversia-e-repercussao\">Detalhes da controv\u00e9rsia e repercuss\u00e3o<\/h2>\n\n\n\n<p>A jogada em quest\u00e3o ocorreu aos 39 minutos do primeiro tempo. Naquele momento, o lateral-esquerdo gremista, Lucas Esteves, elevou a perna para dominar a bola, enquanto o lateral-direito do Atl\u00e9tico, Natanael, tentava afastar o perigo com a cabe\u00e7a.<\/p>\n\n\n\n<p>Na sequ\u00eancia do lance, o atacante Matias Arezo finalizou um cruzamento, abrindo o placar para o Gr\u00eamio, que eventualmente venceu por 2 a 1. Em virtude da valida\u00e7\u00e3o do gol, a equipe atleticana protestou intensamente. Cuca acredita que essa decis\u00e3o arbitral mudou o rumo da partida, pois permitiu ao Gr\u00eamio ganhar confian\u00e7a e explorar os erros do Atl\u00e9tico. &#8220;O p\u00e9 alto no Natanael \u00e9 muito claro&#8221;, refor\u00e7ou o treinador.<\/p>\n\n\n\n<p>Corroborando a vis\u00e3o de Cuca, a comentarista de arbitragem Renata Ruel, da ESPN, tamb\u00e9m avaliou o lance como irregular. A ex-\u00e1rbitra classificou a jogada como &#8220;jogo perigoso&#8221;, uma infra\u00e7\u00e3o segundo as regras. <\/p>\n\n\n\n<p>Ruel explicou que, mesmo sem contato, a a\u00e7\u00e3o configura perigo e deveria resultar em tiro livre indireto, argumentando que o VAR deveria ter sugerido a revis\u00e3o para anular o gol. A partida teve Raphael Claus (SP) como \u00e1rbitro principal, auxiliado por Danilo Ricardo Simon Manis (SP) e Evandro de Melo Lima (SP), com Daiane Muniz (SP) no comando do VAR.<\/p>\n\n\n\n<h2 class=\"wp-block-heading\" id=\"h-analise-pos-jogo-do-treinador\">An\u00e1lise p\u00f3s-jogo do treinador<\/h2>\n\n\n\n<p>Ao analisar o desempenho de sua equipe, Cuca dividiu o jogo em fases distintas. Ele destacou que, nos primeiros 25 minutos, o Atl\u00e9tico criou diversas chances claras de gol, com jogadas de velocidade pelos flancos, mas parou em boas defesas do goleiro Volpi. O t\u00e9cnico lamentou as oportunidades perdidas que poderiam ter dado outro rumo ao confronto.<\/p>\n\n\n\n<p>Ap\u00f3s esse per\u00edodo inicial, o Gr\u00eamio conseguiu equilibrar o jogo, especialmente depois da marca\u00e7\u00e3o do primeiro gol. Cuca tamb\u00e9m admitiu uma falha na sa\u00edda de bola da defesa atleticana, a qual originou o segundo gol advers\u00e1rio, reconhecendo que o setor defensivo n\u00e3o esteve t\u00e3o seguro quanto em outras partidas.<\/p>\n\n\n\n<p>Apesar do resultado negativo, Cuca fez quest\u00e3o de separar a derrota do desempenho apresentado. Ele enfatizou a superioridade estat\u00edstica do Atl\u00e9tico, com quase 70% de posse de bola e mais de 20 finaliza\u00e7\u00f5es, al\u00e9m de considerar o goleiro gremista o melhor jogador em campo. O treinador concluiu expressando otimismo, pois acredita que, mantendo esse n\u00edvel de atua\u00e7\u00e3o, as vit\u00f3rias ser\u00e3o uma consequ\u00eancia natural nos pr\u00f3ximos jogos.<\/p>\n","protected":false},"excerpt":{"rendered":"<p>O t\u00e9cnico Cuca manifestou sua insatisfa\u00e7\u00e3o com a arbitragem ap\u00f3s a partida entre Gr\u00eamio e Atl\u00e9tico, v\u00e1lida pela estreia no Campeonato Brasileiro. O comandante atleticano contestou especificamente a valida\u00e7\u00e3o do primeiro gol da equipe ga\u00facha, pois considerou irregular o lance que o originou. Ele defendeu que o tento de Arezo necessitava anula\u00e7\u00e3o. Posteriormente, Cuca compartilhou [&hellip;]<\/p>\n","protected":false},"author":28,"featured_media":68026,"comment_status":"open","ping_status":"closed","sticky":false,"template":"","format":"standard","meta":{"footnotes":""},"categories":[136],"tags":[],"class_list":["post-246645","post","type-post","status-publish","format-standard","has-post-thumbnail","hentry","category-atletico-mg"],"yoast_head":"<!-- This site is optimized with the Yoast SEO Premium plugin v24.2 (Yoast SEO v26.9) - https:\/\/yoast.com\/product\/yoast-seo-premium-wordpress\/ -->\n<title>Cuca detona arbitragem de Gr\u00eamio x Atl\u00e9tico-MG: &quot;O Claus me falou\u2026&quot;<\/title>\n<meta name=\"robots\" content=\"index, follow, max-snippet:-1, max-image-preview:large, max-video-preview:-1\" \/>\n<link rel=\"canonical\" href=\"https:\/\/www.gaveanews.com\/index.php\/2025\/03\/30\/cuca-detona-arbitragem-de-gremio-x-atletico-mg-o-claus-me-falou\/\" \/>\n<meta property=\"og:locale\" content=\"pt_BR\" \/>\n<meta property=\"og:type\" content=\"article\" \/>\n<meta property=\"og:title\" content=\"Cuca detona arbitragem de Gr\u00eamio x Atl\u00e9tico-MG: &quot;O Claus me falou\u2026&quot;\" \/>\n<meta property=\"og:description\" content=\"O t\u00e9cnico Cuca manifestou sua insatisfa\u00e7\u00e3o com a arbitragem ap\u00f3s a partida entre Gr\u00eamio e Atl\u00e9tico, v\u00e1lida pela estreia no Campeonato Brasileiro. O comandante atleticano contestou especificamente a valida\u00e7\u00e3o do primeiro gol da equipe ga\u00facha, pois considerou irregular o lance que o originou. Ele defendeu que o tento de Arezo necessitava anula\u00e7\u00e3o. Posteriormente, Cuca compartilhou [&hellip;]\" \/>\n<meta property=\"og:url\" content=\"https:\/\/www.gaveanews.com\/index.php\/2025\/03\/30\/cuca-detona-arbitragem-de-gremio-x-atletico-mg-o-claus-me-falou\/\" \/>\n<meta property=\"og:site_name\" content=\"G\u00e1vea News\" \/>\n<meta property=\"article:publisher\" content=\"https:\/\/facebook.com\/gaveaNews\/\" \/>\n<meta property=\"article:published_time\" content=\"2025-03-30T18:05:31+00:00\" \/>\n<meta property=\"og:image\" content=\"https:\/\/www.gaveanews.com\/wp-content\/uploads\/Cuca-tecnico-do-Atletico-MG.webp\" \/>\n\t<meta property=\"og:image:width\" content=\"1024\" \/>\n\t<meta property=\"og:image:height\" content=\"683\" \/>\n\t<meta property=\"og:image:type\" content=\"image\/jpeg\" \/>\n<meta name=\"author\" content=\"Hudson Pereira\" \/>\n<meta name=\"twitter:card\" content=\"summary_large_image\" \/>\n<meta name=\"twitter:label1\" content=\"Escrito por\" \/>\n\t<meta name=\"twitter:data1\" content=\"Hudson Pereira\" \/>\n\t<meta name=\"twitter:label2\" content=\"Est. tempo de leitura\" \/>\n\t<meta name=\"twitter:data2\" content=\"4 minutos\" \/>\n<script type=\"application\/ld+json\" class=\"yoast-schema-graph\">{\"@context\":\"https:\/\/schema.org\",\"@graph\":[{\"@type\":\"NewsArticle\",\"@id\":\"https:\/\/www.gaveanews.com\/index.php\/2025\/03\/30\/cuca-detona-arbitragem-de-gremio-x-atletico-mg-o-claus-me-falou\/#article\",\"isPartOf\":{\"@id\":\"https:\/\/www.gaveanews.com\/index.php\/2025\/03\/30\/cuca-detona-arbitragem-de-gremio-x-atletico-mg-o-claus-me-falou\/\"},\"author\":{\"name\":\"Hudson Pereira\",\"@id\":\"https:\/\/www.gaveanews.com\/#\/schema\/person\/bd08f00534b403119b92741a6d469ef0\"},\"headline\":\"Cuca detona arbitragem de Gr\u00eamio x Atl\u00e9tico-MG: &#8220;O Claus me falou\u2026&#8221;\",\"datePublished\":\"2025-03-30T18:05:31+00:00\",\"mainEntityOfPage\":{\"@id\":\"https:\/\/www.gaveanews.com\/index.php\/2025\/03\/30\/cuca-detona-arbitragem-de-gremio-x-atletico-mg-o-claus-me-falou\/\"},\"wordCount\":615,\"commentCount\":0,\"image\":{\"@id\":\"https:\/\/www.gaveanews.com\/index.php\/2025\/03\/30\/cuca-detona-arbitragem-de-gremio-x-atletico-mg-o-claus-me-falou\/#primaryimage\"},\"thumbnailUrl\":\"https:\/\/www.gaveanews.com\/wp-content\/uploads\/Cuca-tecnico-do-Atletico-MG.webp\",\"articleSection\":[\"Atl\u00e9tico-MG\"],\"inLanguage\":\"pt-BR\",\"potentialAction\":[{\"@type\":\"CommentAction\",\"name\":\"Comment\",\"target\":[\"https:\/\/www.gaveanews.com\/index.php\/2025\/03\/30\/cuca-detona-arbitragem-de-gremio-x-atletico-mg-o-claus-me-falou\/#respond\"]}],\"copyrightYear\":\"2025\",\"copyrightHolder\":{\"@id\":\"https:\/\/www.gaveanews.com\/#organization\"}},{\"@type\":\"WebPage\",\"@id\":\"https:\/\/www.gaveanews.com\/index.php\/2025\/03\/30\/cuca-detona-arbitragem-de-gremio-x-atletico-mg-o-claus-me-falou\/\",\"url\":\"https:\/\/www.gaveanews.com\/index.php\/2025\/03\/30\/cuca-detona-arbitragem-de-gremio-x-atletico-mg-o-claus-me-falou\/\",\"name\":\"Cuca detona arbitragem de Gr\u00eamio x Atl\u00e9tico-MG: \\\"O Claus me falou\u2026\\\"\",\"isPartOf\":{\"@id\":\"https:\/\/www.gaveanews.com\/#website\"},\"primaryImageOfPage\":{\"@id\":\"https:\/\/www.gaveanews.com\/index.php\/2025\/03\/30\/cuca-detona-arbitragem-de-gremio-x-atletico-mg-o-claus-me-falou\/#primaryimage\"},\"image\":{\"@id\":\"https:\/\/www.gaveanews.com\/index.php\/2025\/03\/30\/cuca-detona-arbitragem-de-gremio-x-atletico-mg-o-claus-me-falou\/#primaryimage\"},\"thumbnailUrl\":\"https:\/\/www.gaveanews.com\/wp-content\/uploads\/Cuca-tecnico-do-Atletico-MG.webp\",\"datePublished\":\"2025-03-30T18:05:31+00:00\",\"author\":{\"@id\":\"https:\/\/www.gaveanews.com\/#\/schema\/person\/bd08f00534b403119b92741a6d469ef0\"},\"breadcrumb\":{\"@id\":\"https:\/\/www.gaveanews.com\/index.php\/2025\/03\/30\/cuca-detona-arbitragem-de-gremio-x-atletico-mg-o-claus-me-falou\/#breadcrumb\"},\"inLanguage\":\"pt-BR\",\"potentialAction\":[{\"@type\":\"ReadAction\",\"target\":[\"https:\/\/www.gaveanews.com\/index.php\/2025\/03\/30\/cuca-detona-arbitragem-de-gremio-x-atletico-mg-o-claus-me-falou\/\"]}]},{\"@type\":\"ImageObject\",\"inLanguage\":\"pt-BR\",\"@id\":\"https:\/\/www.gaveanews.com\/index.php\/2025\/03\/30\/cuca-detona-arbitragem-de-gremio-x-atletico-mg-o-claus-me-falou\/#primaryimage\",\"url\":\"https:\/\/www.gaveanews.com\/wp-content\/uploads\/Cuca-tecnico-do-Atletico-MG.webp\",\"contentUrl\":\"https:\/\/www.gaveanews.com\/wp-content\/uploads\/Cuca-tecnico-do-Atletico-MG.webp\",\"width\":1024,\"height\":683,\"caption\":\"Cuca como treinador do Atl\u00e9tico-MG (Foto: Bruno Cantini\/Atl\u00e9tico-MG)\"},{\"@type\":\"BreadcrumbList\",\"@id\":\"https:\/\/www.gaveanews.com\/index.php\/2025\/03\/30\/cuca-detona-arbitragem-de-gremio-x-atletico-mg-o-claus-me-falou\/#breadcrumb\",\"itemListElement\":[{\"@type\":\"ListItem\",\"position\":1,\"name\":\"Home\",\"item\":\"https:\/\/www.gaveanews.com\/\"},{\"@type\":\"ListItem\",\"position\":2,\"name\":\"Cuca detona arbitragem de Gr\u00eamio x Atl\u00e9tico-MG: &#8220;O Claus me falou\u2026&#8221;\"}]},{\"@type\":\"WebSite\",\"@id\":\"https:\/\/www.gaveanews.com\/#website\",\"url\":\"https:\/\/www.gaveanews.com\/\",\"name\":\"G\u00e1vea News\",\"description\":\"Veja todas as not\u00edcias sobre o Flamengo: Contrata\u00e7\u00f5es, categorias de base, resultados das partidas, tabela de classifica\u00e7\u00e3o, pr\u00f3ximos jogos!\",\"potentialAction\":[{\"@type\":\"SearchAction\",\"target\":{\"@type\":\"EntryPoint\",\"urlTemplate\":\"https:\/\/www.gaveanews.com\/?s={search_term_string}\"},\"query-input\":{\"@type\":\"PropertyValueSpecification\",\"valueRequired\":true,\"valueName\":\"search_term_string\"}}],\"inLanguage\":\"pt-BR\"},{\"@type\":\"Person\",\"@id\":\"https:\/\/www.gaveanews.com\/#\/schema\/person\/bd08f00534b403119b92741a6d469ef0\",\"name\":\"Hudson Pereira\",\"image\":{\"@type\":\"ImageObject\",\"inLanguage\":\"pt-BR\",\"@id\":\"https:\/\/www.gaveanews.com\/#\/schema\/person\/image\/\",\"url\":\"https:\/\/secure.gravatar.com\/avatar\/ecc491b489e454e510efffc9b23c1052ce5fb4f2e05555768ba65819cd55f03e?s=96&d=mm&r=g\",\"contentUrl\":\"https:\/\/secure.gravatar.com\/avatar\/ecc491b489e454e510efffc9b23c1052ce5fb4f2e05555768ba65819cd55f03e?s=96&d=mm&r=g\",\"caption\":\"Hudson Pereira\"}}]}<\/script>\n<!-- \/ Yoast SEO Premium plugin. -->","yoast_head_json":{"title":"Cuca detona arbitragem de Gr\u00eamio x Atl\u00e9tico-MG: \"O Claus me falou\u2026\"","robots":{"index":"index","follow":"follow","max-snippet":"max-snippet:-1","max-image-preview":"max-image-preview:large","max-video-preview":"max-video-preview:-1"},"canonical":"https:\/\/www.gaveanews.com\/index.php\/2025\/03\/30\/cuca-detona-arbitragem-de-gremio-x-atletico-mg-o-claus-me-falou\/","og_locale":"pt_BR","og_type":"article","og_title":"Cuca detona arbitragem de Gr\u00eamio x Atl\u00e9tico-MG: \"O Claus me falou\u2026\"","og_description":"O t\u00e9cnico Cuca manifestou sua insatisfa\u00e7\u00e3o com a arbitragem ap\u00f3s a partida entre Gr\u00eamio e Atl\u00e9tico, v\u00e1lida pela estreia no Campeonato Brasileiro. O comandante atleticano contestou especificamente a valida\u00e7\u00e3o do primeiro gol da equipe ga\u00facha, pois considerou irregular o lance que o originou. Ele defendeu que o tento de Arezo necessitava anula\u00e7\u00e3o. Posteriormente, Cuca compartilhou [&hellip;]","og_url":"https:\/\/www.gaveanews.com\/index.php\/2025\/03\/30\/cuca-detona-arbitragem-de-gremio-x-atletico-mg-o-claus-me-falou\/","og_site_name":"G\u00e1vea News","article_publisher":"https:\/\/facebook.com\/gaveaNews\/","article_published_time":"2025-03-30T18:05:31+00:00","og_image":[{"width":1024,"height":683,"url":"https:\/\/www.gaveanews.com\/wp-content\/uploads\/Cuca-tecnico-do-Atletico-MG.webp","type":"image\/jpeg"}],"author":"Hudson Pereira","twitter_card":"summary_large_image","twitter_misc":{"Escrito por":"Hudson Pereira","Est. tempo de leitura":"4 minutos"},"schema":{"@context":"https:\/\/schema.org","@graph":[{"@type":"NewsArticle","@id":"https:\/\/www.gaveanews.com\/index.php\/2025\/03\/30\/cuca-detona-arbitragem-de-gremio-x-atletico-mg-o-claus-me-falou\/#article","isPartOf":{"@id":"https:\/\/www.gaveanews.com\/index.php\/2025\/03\/30\/cuca-detona-arbitragem-de-gremio-x-atletico-mg-o-claus-me-falou\/"},"author":{"name":"Hudson Pereira","@id":"https:\/\/www.gaveanews.com\/#\/schema\/person\/bd08f00534b403119b92741a6d469ef0"},"headline":"Cuca detona arbitragem de Gr\u00eamio x Atl\u00e9tico-MG: &#8220;O Claus me falou\u2026&#8221;","datePublished":"2025-03-30T18:05:31+00:00","mainEntityOfPage":{"@id":"https:\/\/www.gaveanews.com\/index.php\/2025\/03\/30\/cuca-detona-arbitragem-de-gremio-x-atletico-mg-o-claus-me-falou\/"},"wordCount":615,"commentCount":0,"image":{"@id":"https:\/\/www.gaveanews.com\/index.php\/2025\/03\/30\/cuca-detona-arbitragem-de-gremio-x-atletico-mg-o-claus-me-falou\/#primaryimage"},"thumbnailUrl":"https:\/\/www.gaveanews.com\/wp-content\/uploads\/Cuca-tecnico-do-Atletico-MG.webp","articleSection":["Atl\u00e9tico-MG"],"inLanguage":"pt-BR","potentialAction":[{"@type":"CommentAction","name":"Comment","target":["https:\/\/www.gaveanews.com\/index.php\/2025\/03\/30\/cuca-detona-arbitragem-de-gremio-x-atletico-mg-o-claus-me-falou\/#respond"]}],"copyrightYear":"2025","copyrightHolder":{"@id":"https:\/\/www.gaveanews.com\/#organization"}},{"@type":"WebPage","@id":"https:\/\/www.gaveanews.com\/index.php\/2025\/03\/30\/cuca-detona-arbitragem-de-gremio-x-atletico-mg-o-claus-me-falou\/","url":"https:\/\/www.gaveanews.com\/index.php\/2025\/03\/30\/cuca-detona-arbitragem-de-gremio-x-atletico-mg-o-claus-me-falou\/","name":"Cuca detona arbitragem de Gr\u00eamio x Atl\u00e9tico-MG: \"O Claus me falou\u2026\"","isPartOf":{"@id":"https:\/\/www.gaveanews.com\/#website"},"primaryImageOfPage":{"@id":"https:\/\/www.gaveanews.com\/index.php\/2025\/03\/30\/cuca-detona-arbitragem-de-gremio-x-atletico-mg-o-claus-me-falou\/#primaryimage"},"image":{"@id":"https:\/\/www.gaveanews.com\/index.php\/2025\/03\/30\/cuca-detona-arbitragem-de-gremio-x-atletico-mg-o-claus-me-falou\/#primaryimage"},"thumbnailUrl":"https:\/\/www.gaveanews.com\/wp-content\/uploads\/Cuca-tecnico-do-Atletico-MG.webp","datePublished":"2025-03-30T18:05:31+00:00","author":{"@id":"https:\/\/www.gaveanews.com\/#\/schema\/person\/bd08f00534b403119b92741a6d469ef0"},"breadcrumb":{"@id":"https:\/\/www.gaveanews.com\/index.php\/2025\/03\/30\/cuca-detona-arbitragem-de-gremio-x-atletico-mg-o-claus-me-falou\/#breadcrumb"},"inLanguage":"pt-BR","potentialAction":[{"@type":"ReadAction","target":["https:\/\/www.gaveanews.com\/index.php\/2025\/03\/30\/cuca-detona-arbitragem-de-gremio-x-atletico-mg-o-claus-me-falou\/"]}]},{"@type":"ImageObject","inLanguage":"pt-BR","@id":"https:\/\/www.gaveanews.com\/index.php\/2025\/03\/30\/cuca-detona-arbitragem-de-gremio-x-atletico-mg-o-claus-me-falou\/#primaryimage","url":"https:\/\/www.gaveanews.com\/wp-content\/uploads\/Cuca-tecnico-do-Atletico-MG.webp","contentUrl":"https:\/\/www.gaveanews.com\/wp-content\/uploads\/Cuca-tecnico-do-Atletico-MG.webp","width":1024,"height":683,"caption":"Cuca como treinador do Atl\u00e9tico-MG (Foto: Bruno Cantini\/Atl\u00e9tico-MG)"},{"@type":"BreadcrumbList","@id":"https:\/\/www.gaveanews.com\/index.php\/2025\/03\/30\/cuca-detona-arbitragem-de-gremio-x-atletico-mg-o-claus-me-falou\/#breadcrumb","itemListElement":[{"@type":"ListItem","position":1,"name":"Home","item":"https:\/\/www.gaveanews.com\/"},{"@type":"ListItem","position":2,"name":"Cuca detona arbitragem de Gr\u00eamio x Atl\u00e9tico-MG: &#8220;O Claus me falou\u2026&#8221;"}]},{"@type":"WebSite","@id":"https:\/\/www.gaveanews.com\/#website","url":"https:\/\/www.gaveanews.com\/","name":"G\u00e1vea News","description":"Veja todas as not\u00edcias sobre o Flamengo: Contrata\u00e7\u00f5es, categorias de base, resultados das partidas, tabela de classifica\u00e7\u00e3o, pr\u00f3ximos jogos!","potentialAction":[{"@type":"SearchAction","target":{"@type":"EntryPoint","urlTemplate":"https:\/\/www.gaveanews.com\/?s={search_term_string}"},"query-input":{"@type":"PropertyValueSpecification","valueRequired":true,"valueName":"search_term_string"}}],"inLanguage":"pt-BR"},{"@type":"Person","@id":"https:\/\/www.gaveanews.com\/#\/schema\/person\/bd08f00534b403119b92741a6d469ef0","name":"Hudson Pereira","image":{"@type":"ImageObject","inLanguage":"pt-BR","@id":"https:\/\/www.gaveanews.com\/#\/schema\/person\/image\/","url":"https:\/\/secure.gravatar.com\/avatar\/ecc491b489e454e510efffc9b23c1052ce5fb4f2e05555768ba65819cd55f03e?s=96&d=mm&r=g","contentUrl":"https:\/\/secure.gravatar.com\/avatar\/ecc491b489e454e510efffc9b23c1052ce5fb4f2e05555768ba65819cd55f03e?s=96&d=mm&r=g","caption":"Hudson Pereira"}}]}},"_links":{"self":[{"href":"https:\/\/www.gaveanews.com\/index.php\/wp-json\/wp\/v2\/posts\/246645","targetHints":{"allow":["GET"]}}],"collection":[{"href":"https:\/\/www.gaveanews.com\/index.php\/wp-json\/wp\/v2\/posts"}],"about":[{"href":"https:\/\/www.gaveanews.com\/index.php\/wp-json\/wp\/v2\/types\/post"}],"author":[{"embeddable":true,"href":"https:\/\/www.gaveanews.com\/index.php\/wp-json\/wp\/v2\/users\/28"}],"replies":[{"embeddable":true,"href":"https:\/\/www.gaveanews.com\/index.php\/wp-json\/wp\/v2\/comments?post=246645"}],"version-history":[{"count":1,"href":"https:\/\/www.gaveanews.com\/index.php\/wp-json\/wp\/v2\/posts\/246645\/revisions"}],"predecessor-version":[{"id":246646,"href":"https:\/\/www.gaveanews.com\/index.php\/wp-json\/wp\/v2\/posts\/246645\/revisions\/246646"}],"wp:featuredmedia":[{"embeddable":true,"href":"https:\/\/www.gaveanews.com\/index.php\/wp-json\/wp\/v2\/media\/68026"}],"wp:attachment":[{"href":"https:\/\/www.gaveanews.com\/index.php\/wp-json\/wp\/v2\/media?parent=246645"}],"wp:term":[{"taxonomy":"category","embeddable":true,"href":"https:\/\/www.gaveanews.com\/index.php\/wp-json\/wp\/v2\/categories?post=246645"},{"taxonomy":"post_tag","embeddable":true,"href":"https:\/\/www.gaveanews.com\/index.php\/wp-json\/wp\/v2\/tags?post=246645"}],"curies":[{"name":"wp","href":"https:\/\/api.w.org\/{rel}","templated":true}]}}