{"id":246647,"date":"2025-03-30T16:40:14","date_gmt":"2025-03-30T19:40:14","guid":{"rendered":"https:\/\/www.gaveanews.com\/?p=246647"},"modified":"2025-03-30T16:37:40","modified_gmt":"2025-03-30T19:37:40","slug":"a-declaracao-de-zubeldia-direcionada-a-calleri-2","status":"publish","type":"post","link":"https:\/\/www.gaveanews.com\/index.php\/2025\/03\/30\/a-declaracao-de-zubeldia-direcionada-a-calleri-2\/","title":{"rendered":"A declara\u00e7\u00e3o de Zubeld\u00eda direcionada a Calleri"},"content":{"rendered":"\n<p>O t\u00e9cnico Luis Zubeld\u00eda concedeu entrevista coletiva no Morumbis ap\u00f3s o S\u00e3o Paulo empatar sem gols com o Sport, na abertura do Campeonato Brasileiro. Durante a conversa com a imprensa, o treinador argentino demonstrou insatisfa\u00e7\u00e3o com o resultado, ademais lamentou a aus\u00eancia de Oscar e comentou as vaias da torcida, bem como a fase de Calleri.<\/p>\n\n\n\n<p>Zubeld\u00eda iniciou sua an\u00e1lise reconhecendo que o empate ficou aqu\u00e9m das expectativas do clube para a estreia na competi\u00e7\u00e3o nacional. Ele considerou o placar insuficiente diante do objetivo de iniciar o campeonato com uma vit\u00f3ria em casa.<\/p>\n\n\n\n<p>Al\u00e9m disso, o comandante apontou o p\u00eanalti perdido por Calleri logo nos minutos iniciais da partida como um momento que influenciou o andamento do jogo. Contudo, o t\u00e9cnico destacou principalmente o impacto do desfalque de Oscar no desempenho geral da equipe tricolor.<\/p>\n\n\n\n<figure class=\"wp-block-image size-large\"><img loading=\"lazy\" decoding=\"async\" width=\"822\" height=\"1024\" src=\"http:\/\/www.gaveanews.com\/wp-content\/uploads\/Jonathan-Calleri-em-acao-pelo-Sao-Paulo-822x1024.webp\" alt=\"\" class=\"wp-image-148324\" srcset=\"https:\/\/www.gaveanews.com\/wp-content\/uploads\/Jonathan-Calleri-em-acao-pelo-Sao-Paulo-822x1024.webp 822w, https:\/\/www.gaveanews.com\/wp-content\/uploads\/Jonathan-Calleri-em-acao-pelo-Sao-Paulo-241x300.webp 241w, https:\/\/www.gaveanews.com\/wp-content\/uploads\/Jonathan-Calleri-em-acao-pelo-Sao-Paulo-768x957.webp 768w, https:\/\/www.gaveanews.com\/wp-content\/uploads\/Jonathan-Calleri-em-acao-pelo-Sao-Paulo-337x420.webp 337w, https:\/\/www.gaveanews.com\/wp-content\/uploads\/Jonathan-Calleri-em-acao-pelo-Sao-Paulo-674x840.webp 674w, https:\/\/www.gaveanews.com\/wp-content\/uploads\/Jonathan-Calleri-em-acao-pelo-Sao-Paulo-640x798.webp 640w, https:\/\/www.gaveanews.com\/wp-content\/uploads\/Jonathan-Calleri-em-acao-pelo-Sao-Paulo-681x849.webp 681w, https:\/\/www.gaveanews.com\/wp-content\/uploads\/Jonathan-Calleri-em-acao-pelo-Sao-Paulo-100x125.webp 100w, https:\/\/www.gaveanews.com\/wp-content\/uploads\/Jonathan-Calleri-em-acao-pelo-Sao-Paulo.webp 1080w\" sizes=\"auto, (max-width: 822px) 100vw, 822px\" \/><figcaption class=\"wp-element-caption\">Jonathan Calleri em a\u00e7\u00e3o pelo S\u00e3o Paulo (Foto: Reprodu\u00e7\u00e3o\/Instagram)<\/figcaption><\/figure>\n\n\n\n<h2 class=\"wp-block-heading\" id=\"h-analise-do-desempenho-e-ausencias\">An\u00e1lise do desempenho e aus\u00eancias<\/h2>\n\n\n\n<p>O treinador explicou que a comiss\u00e3o t\u00e9cnica planejou a organiza\u00e7\u00e3o t\u00e1tica utilizada na partida desde a \u00faltima quarta-feira. No entanto, a confirma\u00e7\u00e3o da indisponibilidade de Oscar, que n\u00e3o se recuperou a tempo, somada \u00e0 aus\u00eancia j\u00e1 conhecida de Lucas, for\u00e7ou ajustes de \u00faltima hora nos planos.<\/p>\n\n\n\n<p>Diante desse cen\u00e1rio, Zubeld\u00eda optou por n\u00e3o correr riscos desnecess\u00e1rios, priorizando, portanto, o equil\u00edbrio defensivo da equipe no primeiro momento. &#8220;Quando vimos que Oscar n\u00e3o poderia jogar, n\u00e3o corremos riscos e pensamos em primeiro estar equilibrados&#8221;, avaliou o t\u00e9cnico sobre a estrat\u00e9gia inicial.<\/p>\n\n\n\n<p>Posteriormente, ao longo da partida, especialmente no segundo tempo, a equipe buscou implementar mudan\u00e7as t\u00e1ticas. Segundo Zubeld\u00eda, o time apresentou maior verticalidade e atitude na segunda etapa, tentando ser mais incisivo com dribles, cruzamentos e finaliza\u00e7\u00f5es, embora sem sucesso para balan\u00e7ar as redes. &#8220;A segunda parte me gostou mais&#8230; no segundo fomos melhores, mas faltou o gol&#8221;, ponderou.<\/p>\n\n\n\n<h2 class=\"wp-block-heading\" id=\"h-a-declaracao-sobre-calleri\">A declara\u00e7\u00e3o sobre Calleri<\/h2>\n\n\n\n<p>Questionado sobre o atacante Calleri, que desperdi\u00e7ou a cobran\u00e7a de p\u00eanalti, Zubeld\u00eda revelou uma conversa no intervalo e demonstrou apoio ao jogador. &#8220;Falei com ele no intervalo. Normal que se golpeie emocionalmente quando n\u00e3o se converte um p\u00eanalti. Tem de trabalhar&#8230; Tem de ter personalidade, car\u00e1ter e hierarquia. Isso tudo o Calleri tem. \u00c9 ter calma e pensar no pr\u00f3ximo jogo&#8221;, declarou o t\u00e9cnico, pedindo tranquilidade.<\/p>\n\n\n\n<p>O comandante tamb\u00e9m abordou as vaias vindas das arquibancadas ao final do jogo, direcionadas a ele e aos jogadores. Ele considerou a rea\u00e7\u00e3o dos mais de 37 mil torcedores presentes como natural diante da aus\u00eancia de vit\u00f3ria, mas, ao mesmo tempo, ressaltou a import\u00e2ncia cont\u00ednua do apoio vindo das arquibancadas. &#8220;Sempre vamos necessitar deles, precisamos sempre do apoio deles&#8221;, afirmou Zubeld\u00eda.<\/p>\n","protected":false},"excerpt":{"rendered":"<p>O t\u00e9cnico Luis Zubeld\u00eda concedeu entrevista coletiva no Morumbis ap\u00f3s o S\u00e3o Paulo empatar sem gols com o Sport, na abertura do Campeonato Brasileiro. Durante a conversa com a imprensa, o treinador argentino demonstrou insatisfa\u00e7\u00e3o com o resultado, ademais lamentou a aus\u00eancia de Oscar e comentou as vaias da torcida, bem como a fase de [&hellip;]<\/p>\n","protected":false},"author":28,"featured_media":155699,"comment_status":"open","ping_status":"closed","sticky":false,"template":"","format":"standard","meta":{"footnotes":""},"categories":[151],"tags":[],"class_list":["post-246647","post","type-post","status-publish","format-standard","has-post-thumbnail","hentry","category-sao-paulo"],"yoast_head":"<!-- This site is optimized with the Yoast SEO Premium plugin v24.2 (Yoast SEO v26.9) - https:\/\/yoast.com\/product\/yoast-seo-premium-wordpress\/ -->\n<title>A declara\u00e7\u00e3o de Zubeld\u00eda direcionada a Calleri<\/title>\n<meta name=\"robots\" content=\"index, follow, max-snippet:-1, max-image-preview:large, max-video-preview:-1\" \/>\n<link rel=\"canonical\" href=\"https:\/\/www.gaveanews.com\/index.php\/2025\/03\/30\/a-declaracao-de-zubeldia-direcionada-a-calleri-2\/\" \/>\n<meta property=\"og:locale\" content=\"pt_BR\" \/>\n<meta property=\"og:type\" content=\"article\" \/>\n<meta property=\"og:title\" content=\"A declara\u00e7\u00e3o de Zubeld\u00eda direcionada a Calleri\" \/>\n<meta property=\"og:description\" content=\"O t\u00e9cnico Luis Zubeld\u00eda concedeu entrevista coletiva no Morumbis ap\u00f3s o S\u00e3o Paulo empatar sem gols com o Sport, na abertura do Campeonato Brasileiro. Durante a conversa com a imprensa, o treinador argentino demonstrou insatisfa\u00e7\u00e3o com o resultado, ademais lamentou a aus\u00eancia de Oscar e comentou as vaias da torcida, bem como a fase de [&hellip;]\" \/>\n<meta property=\"og:url\" content=\"https:\/\/www.gaveanews.com\/index.php\/2025\/03\/30\/a-declaracao-de-zubeldia-direcionada-a-calleri-2\/\" \/>\n<meta property=\"og:site_name\" content=\"G\u00e1vea News\" \/>\n<meta property=\"article:publisher\" content=\"https:\/\/facebook.com\/gaveaNews\/\" \/>\n<meta property=\"article:published_time\" content=\"2025-03-30T19:40:14+00:00\" \/>\n<meta property=\"og:image\" content=\"https:\/\/www.gaveanews.com\/wp-content\/uploads\/Luis-Francisco-Zubeldia-treinador-do-Sao-Paulo-durante-partida-da-Copa-do-Brasil-2024.webp\" \/>\n\t<meta property=\"og:image:width\" content=\"1333\" \/>\n\t<meta property=\"og:image:height\" content=\"889\" \/>\n\t<meta property=\"og:image:type\" content=\"image\/webp\" \/>\n<meta name=\"author\" content=\"Hudson Pereira\" \/>\n<meta name=\"twitter:card\" content=\"summary_large_image\" \/>\n<meta name=\"twitter:label1\" content=\"Escrito por\" \/>\n\t<meta name=\"twitter:data1\" content=\"Hudson Pereira\" \/>\n\t<meta name=\"twitter:label2\" content=\"Est. tempo de leitura\" \/>\n\t<meta name=\"twitter:data2\" content=\"3 minutos\" \/>\n<script type=\"application\/ld+json\" class=\"yoast-schema-graph\">{\"@context\":\"https:\/\/schema.org\",\"@graph\":[{\"@type\":\"NewsArticle\",\"@id\":\"https:\/\/www.gaveanews.com\/index.php\/2025\/03\/30\/a-declaracao-de-zubeldia-direcionada-a-calleri-2\/#article\",\"isPartOf\":{\"@id\":\"https:\/\/www.gaveanews.com\/index.php\/2025\/03\/30\/a-declaracao-de-zubeldia-direcionada-a-calleri-2\/\"},\"author\":{\"name\":\"Hudson Pereira\",\"@id\":\"https:\/\/www.gaveanews.com\/#\/schema\/person\/bd08f00534b403119b92741a6d469ef0\"},\"headline\":\"A declara\u00e7\u00e3o de Zubeld\u00eda direcionada a Calleri\",\"datePublished\":\"2025-03-30T19:40:14+00:00\",\"mainEntityOfPage\":{\"@id\":\"https:\/\/www.gaveanews.com\/index.php\/2025\/03\/30\/a-declaracao-de-zubeldia-direcionada-a-calleri-2\/\"},\"wordCount\":492,\"commentCount\":0,\"image\":{\"@id\":\"https:\/\/www.gaveanews.com\/index.php\/2025\/03\/30\/a-declaracao-de-zubeldia-direcionada-a-calleri-2\/#primaryimage\"},\"thumbnailUrl\":\"https:\/\/www.gaveanews.com\/wp-content\/uploads\/Luis-Francisco-Zubeldia-treinador-do-Sao-Paulo-durante-partida-da-Copa-do-Brasil-2024.webp\",\"articleSection\":[\"S\u00e3o Paulo\"],\"inLanguage\":\"pt-BR\",\"potentialAction\":[{\"@type\":\"CommentAction\",\"name\":\"Comment\",\"target\":[\"https:\/\/www.gaveanews.com\/index.php\/2025\/03\/30\/a-declaracao-de-zubeldia-direcionada-a-calleri-2\/#respond\"]}],\"copyrightYear\":\"2025\",\"copyrightHolder\":{\"@id\":\"https:\/\/www.gaveanews.com\/#organization\"}},{\"@type\":\"WebPage\",\"@id\":\"https:\/\/www.gaveanews.com\/index.php\/2025\/03\/30\/a-declaracao-de-zubeldia-direcionada-a-calleri-2\/\",\"url\":\"https:\/\/www.gaveanews.com\/index.php\/2025\/03\/30\/a-declaracao-de-zubeldia-direcionada-a-calleri-2\/\",\"name\":\"A declara\u00e7\u00e3o de Zubeld\u00eda direcionada a Calleri\",\"isPartOf\":{\"@id\":\"https:\/\/www.gaveanews.com\/#website\"},\"primaryImageOfPage\":{\"@id\":\"https:\/\/www.gaveanews.com\/index.php\/2025\/03\/30\/a-declaracao-de-zubeldia-direcionada-a-calleri-2\/#primaryimage\"},\"image\":{\"@id\":\"https:\/\/www.gaveanews.com\/index.php\/2025\/03\/30\/a-declaracao-de-zubeldia-direcionada-a-calleri-2\/#primaryimage\"},\"thumbnailUrl\":\"https:\/\/www.gaveanews.com\/wp-content\/uploads\/Luis-Francisco-Zubeldia-treinador-do-Sao-Paulo-durante-partida-da-Copa-do-Brasil-2024.webp\",\"datePublished\":\"2025-03-30T19:40:14+00:00\",\"author\":{\"@id\":\"https:\/\/www.gaveanews.com\/#\/schema\/person\/bd08f00534b403119b92741a6d469ef0\"},\"breadcrumb\":{\"@id\":\"https:\/\/www.gaveanews.com\/index.php\/2025\/03\/30\/a-declaracao-de-zubeldia-direcionada-a-calleri-2\/#breadcrumb\"},\"inLanguage\":\"pt-BR\",\"potentialAction\":[{\"@type\":\"ReadAction\",\"target\":[\"https:\/\/www.gaveanews.com\/index.php\/2025\/03\/30\/a-declaracao-de-zubeldia-direcionada-a-calleri-2\/\"]}]},{\"@type\":\"ImageObject\",\"inLanguage\":\"pt-BR\",\"@id\":\"https:\/\/www.gaveanews.com\/index.php\/2025\/03\/30\/a-declaracao-de-zubeldia-direcionada-a-calleri-2\/#primaryimage\",\"url\":\"https:\/\/www.gaveanews.com\/wp-content\/uploads\/Luis-Francisco-Zubeldia-treinador-do-Sao-Paulo-durante-partida-da-Copa-do-Brasil-2024.webp\",\"contentUrl\":\"https:\/\/www.gaveanews.com\/wp-content\/uploads\/Luis-Francisco-Zubeldia-treinador-do-Sao-Paulo-durante-partida-da-Copa-do-Brasil-2024.webp\",\"width\":1333,\"height\":889,\"caption\":\"Luis Francisco Zubeld\u00eda, treinador do S\u00e3o Paulo durante partida da Copa do Brasil 2024 (Foto: Rubens Chiri e Paulo Pinto\/S\u00e3o Paulo)\"},{\"@type\":\"BreadcrumbList\",\"@id\":\"https:\/\/www.gaveanews.com\/index.php\/2025\/03\/30\/a-declaracao-de-zubeldia-direcionada-a-calleri-2\/#breadcrumb\",\"itemListElement\":[{\"@type\":\"ListItem\",\"position\":1,\"name\":\"Home\",\"item\":\"https:\/\/www.gaveanews.com\/\"},{\"@type\":\"ListItem\",\"position\":2,\"name\":\"A declara\u00e7\u00e3o de Zubeld\u00eda direcionada a Calleri\"}]},{\"@type\":\"WebSite\",\"@id\":\"https:\/\/www.gaveanews.com\/#website\",\"url\":\"https:\/\/www.gaveanews.com\/\",\"name\":\"G\u00e1vea News\",\"description\":\"Veja todas as not\u00edcias sobre o Flamengo: Contrata\u00e7\u00f5es, categorias de base, resultados das partidas, tabela de classifica\u00e7\u00e3o, pr\u00f3ximos jogos!\",\"potentialAction\":[{\"@type\":\"SearchAction\",\"target\":{\"@type\":\"EntryPoint\",\"urlTemplate\":\"https:\/\/www.gaveanews.com\/?s={search_term_string}\"},\"query-input\":{\"@type\":\"PropertyValueSpecification\",\"valueRequired\":true,\"valueName\":\"search_term_string\"}}],\"inLanguage\":\"pt-BR\"},{\"@type\":\"Person\",\"@id\":\"https:\/\/www.gaveanews.com\/#\/schema\/person\/bd08f00534b403119b92741a6d469ef0\",\"name\":\"Hudson Pereira\",\"image\":{\"@type\":\"ImageObject\",\"inLanguage\":\"pt-BR\",\"@id\":\"https:\/\/www.gaveanews.com\/#\/schema\/person\/image\/\",\"url\":\"https:\/\/secure.gravatar.com\/avatar\/ecc491b489e454e510efffc9b23c1052ce5fb4f2e05555768ba65819cd55f03e?s=96&d=mm&r=g\",\"contentUrl\":\"https:\/\/secure.gravatar.com\/avatar\/ecc491b489e454e510efffc9b23c1052ce5fb4f2e05555768ba65819cd55f03e?s=96&d=mm&r=g\",\"caption\":\"Hudson Pereira\"}}]}<\/script>\n<!-- \/ Yoast SEO Premium plugin. -->","yoast_head_json":{"title":"A declara\u00e7\u00e3o de Zubeld\u00eda direcionada a Calleri","robots":{"index":"index","follow":"follow","max-snippet":"max-snippet:-1","max-image-preview":"max-image-preview:large","max-video-preview":"max-video-preview:-1"},"canonical":"https:\/\/www.gaveanews.com\/index.php\/2025\/03\/30\/a-declaracao-de-zubeldia-direcionada-a-calleri-2\/","og_locale":"pt_BR","og_type":"article","og_title":"A declara\u00e7\u00e3o de Zubeld\u00eda direcionada a Calleri","og_description":"O t\u00e9cnico Luis Zubeld\u00eda concedeu entrevista coletiva no Morumbis ap\u00f3s o S\u00e3o Paulo empatar sem gols com o Sport, na abertura do Campeonato Brasileiro. Durante a conversa com a imprensa, o treinador argentino demonstrou insatisfa\u00e7\u00e3o com o resultado, ademais lamentou a aus\u00eancia de Oscar e comentou as vaias da torcida, bem como a fase de [&hellip;]","og_url":"https:\/\/www.gaveanews.com\/index.php\/2025\/03\/30\/a-declaracao-de-zubeldia-direcionada-a-calleri-2\/","og_site_name":"G\u00e1vea News","article_publisher":"https:\/\/facebook.com\/gaveaNews\/","article_published_time":"2025-03-30T19:40:14+00:00","og_image":[{"width":1333,"height":889,"url":"https:\/\/www.gaveanews.com\/wp-content\/uploads\/Luis-Francisco-Zubeldia-treinador-do-Sao-Paulo-durante-partida-da-Copa-do-Brasil-2024.webp","type":"image\/webp"}],"author":"Hudson Pereira","twitter_card":"summary_large_image","twitter_misc":{"Escrito por":"Hudson Pereira","Est. tempo de leitura":"3 minutos"},"schema":{"@context":"https:\/\/schema.org","@graph":[{"@type":"NewsArticle","@id":"https:\/\/www.gaveanews.com\/index.php\/2025\/03\/30\/a-declaracao-de-zubeldia-direcionada-a-calleri-2\/#article","isPartOf":{"@id":"https:\/\/www.gaveanews.com\/index.php\/2025\/03\/30\/a-declaracao-de-zubeldia-direcionada-a-calleri-2\/"},"author":{"name":"Hudson Pereira","@id":"https:\/\/www.gaveanews.com\/#\/schema\/person\/bd08f00534b403119b92741a6d469ef0"},"headline":"A declara\u00e7\u00e3o de Zubeld\u00eda direcionada a Calleri","datePublished":"2025-03-30T19:40:14+00:00","mainEntityOfPage":{"@id":"https:\/\/www.gaveanews.com\/index.php\/2025\/03\/30\/a-declaracao-de-zubeldia-direcionada-a-calleri-2\/"},"wordCount":492,"commentCount":0,"image":{"@id":"https:\/\/www.gaveanews.com\/index.php\/2025\/03\/30\/a-declaracao-de-zubeldia-direcionada-a-calleri-2\/#primaryimage"},"thumbnailUrl":"https:\/\/www.gaveanews.com\/wp-content\/uploads\/Luis-Francisco-Zubeldia-treinador-do-Sao-Paulo-durante-partida-da-Copa-do-Brasil-2024.webp","articleSection":["S\u00e3o Paulo"],"inLanguage":"pt-BR","potentialAction":[{"@type":"CommentAction","name":"Comment","target":["https:\/\/www.gaveanews.com\/index.php\/2025\/03\/30\/a-declaracao-de-zubeldia-direcionada-a-calleri-2\/#respond"]}],"copyrightYear":"2025","copyrightHolder":{"@id":"https:\/\/www.gaveanews.com\/#organization"}},{"@type":"WebPage","@id":"https:\/\/www.gaveanews.com\/index.php\/2025\/03\/30\/a-declaracao-de-zubeldia-direcionada-a-calleri-2\/","url":"https:\/\/www.gaveanews.com\/index.php\/2025\/03\/30\/a-declaracao-de-zubeldia-direcionada-a-calleri-2\/","name":"A declara\u00e7\u00e3o de Zubeld\u00eda direcionada a Calleri","isPartOf":{"@id":"https:\/\/www.gaveanews.com\/#website"},"primaryImageOfPage":{"@id":"https:\/\/www.gaveanews.com\/index.php\/2025\/03\/30\/a-declaracao-de-zubeldia-direcionada-a-calleri-2\/#primaryimage"},"image":{"@id":"https:\/\/www.gaveanews.com\/index.php\/2025\/03\/30\/a-declaracao-de-zubeldia-direcionada-a-calleri-2\/#primaryimage"},"thumbnailUrl":"https:\/\/www.gaveanews.com\/wp-content\/uploads\/Luis-Francisco-Zubeldia-treinador-do-Sao-Paulo-durante-partida-da-Copa-do-Brasil-2024.webp","datePublished":"2025-03-30T19:40:14+00:00","author":{"@id":"https:\/\/www.gaveanews.com\/#\/schema\/person\/bd08f00534b403119b92741a6d469ef0"},"breadcrumb":{"@id":"https:\/\/www.gaveanews.com\/index.php\/2025\/03\/30\/a-declaracao-de-zubeldia-direcionada-a-calleri-2\/#breadcrumb"},"inLanguage":"pt-BR","potentialAction":[{"@type":"ReadAction","target":["https:\/\/www.gaveanews.com\/index.php\/2025\/03\/30\/a-declaracao-de-zubeldia-direcionada-a-calleri-2\/"]}]},{"@type":"ImageObject","inLanguage":"pt-BR","@id":"https:\/\/www.gaveanews.com\/index.php\/2025\/03\/30\/a-declaracao-de-zubeldia-direcionada-a-calleri-2\/#primaryimage","url":"https:\/\/www.gaveanews.com\/wp-content\/uploads\/Luis-Francisco-Zubeldia-treinador-do-Sao-Paulo-durante-partida-da-Copa-do-Brasil-2024.webp","contentUrl":"https:\/\/www.gaveanews.com\/wp-content\/uploads\/Luis-Francisco-Zubeldia-treinador-do-Sao-Paulo-durante-partida-da-Copa-do-Brasil-2024.webp","width":1333,"height":889,"caption":"Luis Francisco Zubeld\u00eda, treinador do S\u00e3o Paulo durante partida da Copa do Brasil 2024 (Foto: Rubens Chiri e Paulo Pinto\/S\u00e3o Paulo)"},{"@type":"BreadcrumbList","@id":"https:\/\/www.gaveanews.com\/index.php\/2025\/03\/30\/a-declaracao-de-zubeldia-direcionada-a-calleri-2\/#breadcrumb","itemListElement":[{"@type":"ListItem","position":1,"name":"Home","item":"https:\/\/www.gaveanews.com\/"},{"@type":"ListItem","position":2,"name":"A declara\u00e7\u00e3o de Zubeld\u00eda direcionada a Calleri"}]},{"@type":"WebSite","@id":"https:\/\/www.gaveanews.com\/#website","url":"https:\/\/www.gaveanews.com\/","name":"G\u00e1vea News","description":"Veja todas as not\u00edcias sobre o Flamengo: Contrata\u00e7\u00f5es, categorias de base, resultados das partidas, tabela de classifica\u00e7\u00e3o, pr\u00f3ximos jogos!","potentialAction":[{"@type":"SearchAction","target":{"@type":"EntryPoint","urlTemplate":"https:\/\/www.gaveanews.com\/?s={search_term_string}"},"query-input":{"@type":"PropertyValueSpecification","valueRequired":true,"valueName":"search_term_string"}}],"inLanguage":"pt-BR"},{"@type":"Person","@id":"https:\/\/www.gaveanews.com\/#\/schema\/person\/bd08f00534b403119b92741a6d469ef0","name":"Hudson Pereira","image":{"@type":"ImageObject","inLanguage":"pt-BR","@id":"https:\/\/www.gaveanews.com\/#\/schema\/person\/image\/","url":"https:\/\/secure.gravatar.com\/avatar\/ecc491b489e454e510efffc9b23c1052ce5fb4f2e05555768ba65819cd55f03e?s=96&d=mm&r=g","contentUrl":"https:\/\/secure.gravatar.com\/avatar\/ecc491b489e454e510efffc9b23c1052ce5fb4f2e05555768ba65819cd55f03e?s=96&d=mm&r=g","caption":"Hudson Pereira"}}]}},"_links":{"self":[{"href":"https:\/\/www.gaveanews.com\/index.php\/wp-json\/wp\/v2\/posts\/246647","targetHints":{"allow":["GET"]}}],"collection":[{"href":"https:\/\/www.gaveanews.com\/index.php\/wp-json\/wp\/v2\/posts"}],"about":[{"href":"https:\/\/www.gaveanews.com\/index.php\/wp-json\/wp\/v2\/types\/post"}],"author":[{"embeddable":true,"href":"https:\/\/www.gaveanews.com\/index.php\/wp-json\/wp\/v2\/users\/28"}],"replies":[{"embeddable":true,"href":"https:\/\/www.gaveanews.com\/index.php\/wp-json\/wp\/v2\/comments?post=246647"}],"version-history":[{"count":1,"href":"https:\/\/www.gaveanews.com\/index.php\/wp-json\/wp\/v2\/posts\/246647\/revisions"}],"predecessor-version":[{"id":246648,"href":"https:\/\/www.gaveanews.com\/index.php\/wp-json\/wp\/v2\/posts\/246647\/revisions\/246648"}],"wp:featuredmedia":[{"embeddable":true,"href":"https:\/\/www.gaveanews.com\/index.php\/wp-json\/wp\/v2\/media\/155699"}],"wp:attachment":[{"href":"https:\/\/www.gaveanews.com\/index.php\/wp-json\/wp\/v2\/media?parent=246647"}],"wp:term":[{"taxonomy":"category","embeddable":true,"href":"https:\/\/www.gaveanews.com\/index.php\/wp-json\/wp\/v2\/categories?post=246647"},{"taxonomy":"post_tag","embeddable":true,"href":"https:\/\/www.gaveanews.com\/index.php\/wp-json\/wp\/v2\/tags?post=246647"}],"curies":[{"name":"wp","href":"https:\/\/api.w.org\/{rel}","templated":true}]}}