{"id":246649,"date":"2025-03-30T16:45:05","date_gmt":"2025-03-30T19:45:05","guid":{"rendered":"https:\/\/www.gaveanews.com\/?p=246649"},"modified":"2025-03-30T16:37:46","modified_gmt":"2025-03-30T19:37:46","slug":"a-reacao-polemica-de-luciano-ao-ser-substituido-no-sao-paulo","status":"publish","type":"post","link":"https:\/\/www.gaveanews.com\/index.php\/2025\/03\/30\/a-reacao-polemica-de-luciano-ao-ser-substituido-no-sao-paulo\/","title":{"rendered":"A rea\u00e7\u00e3o pol\u00eamica de Luciano ao ser substitu\u00eddo no S\u00e3o Paulo"},"content":{"rendered":"\n<p>O S\u00e3o Paulo iniciou sua jornada no Campeonato Brasileiro com um empate sem gols diante do Sport, em partida disputada no Morumbi. Contudo, um dos lances que marcou o jogo n\u00e3o envolveu a bola, mas sim a rea\u00e7\u00e3o do atacante Luciano ao ser retirado de campo.<\/p>\n\n\n\n<p>O jogador demonstrou sua frustra\u00e7\u00e3o de forma expl\u00edcita no momento da substitui\u00e7\u00e3o. Assim que deixou o gramado, Luciano dirigiu-se ao banco de reservas e desferiu tapas no local, pois estava visivelmente insatisfeito com a decis\u00e3o t\u00e9cnica.<\/p>\n\n\n\n<p>Durante o confronto, o camisa 10 teve uma participa\u00e7\u00e3o discreta, embora tenha sofrido um p\u00eanalti logo no come\u00e7o do primeiro tempo, que Jonathan Calleri acabou desperdi\u00e7ando. Al\u00e9m disso, o atacante n\u00e3o conseguiu criar oportunidades claras para marcar.<\/p>\n\n\n\n<p>Por decis\u00e3o do t\u00e9cnico Lu\u00eds Zubeld\u00eda, Luciano deu lugar a Lucas Ferreira aos 23 minutos da segunda etapa, encerrando, portanto, sua atua\u00e7\u00e3o na estreia do Tricolor na competi\u00e7\u00e3o nacional.<\/p>\n\n\n\n<blockquote class=\"twitter-tweet\"><p lang=\"zxx\" dir=\"ltr\"><a href=\"https:\/\/t.co\/efRvt56jrG\">pic.twitter.com\/efRvt56jrG<\/a><\/p>&mdash; . (@spfcpicss14316) <a href=\"https:\/\/twitter.com\/spfcpicss14316\/status\/1906120277387334125?ref_src=twsrc%5Etfw\">March 29, 2025<\/a><\/blockquote> <script async src=\"https:\/\/platform.twitter.com\/widgets.js\" charset=\"utf-8\"><\/script>\n\n\n\n<h2 class=\"wp-block-heading\" id=\"h-reacao-do-treinador\">Rea\u00e7\u00e3o do treinador<\/h2>\n\n\n\n<p>Ap\u00f3s o t\u00e9rmino da partida, enquanto parte da torcida presente no Morumbi vaiava o desempenho da equipe, jornalistas questionaram o treinador Lu\u00eds Zubeld\u00eda sobre a atitude de Luciano.<\/p>\n\n\n\n<p>O comandante argentino, no entanto, afirmou n\u00e3o ter presenciado o ato do jogador. \u201cN\u00e3o vi (a atitude do Luciano), n\u00e3o sei o que est\u00e1 falando. Quando vai bem, felicitam. Quando vai mal, pressionam. Nada al\u00e9m\u201d, declarou Zubeld\u00eda sobre a rela\u00e7\u00e3o entre desempenho e rea\u00e7\u00f5es externas.<\/p>\n\n\n\n<p>Luciano, que foi o artilheiro do S\u00e3o Paulo na temporada passada com 18 gols, sendo 11 deles no Brasileir\u00e3o, soma quatro gols no ano corrente. Agora, o foco da equipe se volta para a estreia na Conmebol Libertadores, pois na pr\u00f3xima quarta-feira o Tricolor viaja \u00e0 Argentina para enfrentar o Talleres.<\/p>\n\n\n\n<h2 class=\"wp-block-heading\" id=\"h-analise-da-partida-por-zubeldia\">An\u00e1lise da partida por Zubeld\u00eda<\/h2>\n\n\n\n<p>O t\u00e9cnico tamb\u00e9m analisou o desempenho coletivo, lamentando n\u00e3o apenas o p\u00eanalti perdido por Calleri, mas tamb\u00e9m a aus\u00eancia de Oscar, que impactou a estrat\u00e9gia planejada.<\/p>\n\n\n\n<p>Zubeld\u00eda explicou que a indisponibilidade de Oscar, visto que o atleta n\u00e3o se recuperou fisicamente, e a aus\u00eancia de Lucas obrigaram a ajustes t\u00e1ticos. A ideia inicial era buscar um equil\u00edbrio defensivo para, posteriormente, fazer altera\u00e7\u00f5es com jogadores de lado de campo.<\/p>\n\n\n\n<p>\u201cFomos mais verticais no segundo tempo, com mais atitude, dribles, cruzamentos, chutes, mas insuficientes&#8221;, avaliou o t\u00e9cnico. Ele complementou: &#8220;Est\u00e1 claro que o empate n\u00e3o \u00e9 o que busc\u00e1vamos, mas a segunda parte me gostou mais [&#8230;] fomos melhores, mas faltou o gol\u201d, concluiu Zubeld\u00eda, que reconhece as dificuldades atuais para montar a escala\u00e7\u00e3o ideal do S\u00e3o Paulo.<\/p>\n","protected":false},"excerpt":{"rendered":"<p>O S\u00e3o Paulo iniciou sua jornada no Campeonato Brasileiro com um empate sem gols diante do Sport, em partida disputada no Morumbi. Contudo, um dos lances que marcou o jogo n\u00e3o envolveu a bola, mas sim a rea\u00e7\u00e3o do atacante Luciano ao ser retirado de campo. O jogador demonstrou sua frustra\u00e7\u00e3o de forma expl\u00edcita no [&hellip;]<\/p>\n","protected":false},"author":28,"featured_media":159987,"comment_status":"open","ping_status":"closed","sticky":false,"template":"","format":"standard","meta":{"footnotes":""},"categories":[151],"tags":[],"class_list":["post-246649","post","type-post","status-publish","format-standard","has-post-thumbnail","hentry","category-sao-paulo"],"yoast_head":"<!-- This site is optimized with the Yoast SEO Premium plugin v24.2 (Yoast SEO v26.9) - https:\/\/yoast.com\/product\/yoast-seo-premium-wordpress\/ -->\n<title>A rea\u00e7\u00e3o pol\u00eamica de Luciano ao ser substitu\u00eddo no S\u00e3o Paulo<\/title>\n<meta name=\"robots\" content=\"index, follow, max-snippet:-1, max-image-preview:large, max-video-preview:-1\" \/>\n<link rel=\"canonical\" href=\"https:\/\/www.gaveanews.com\/index.php\/2025\/03\/30\/a-reacao-polemica-de-luciano-ao-ser-substituido-no-sao-paulo\/\" \/>\n<meta property=\"og:locale\" content=\"pt_BR\" \/>\n<meta property=\"og:type\" content=\"article\" \/>\n<meta property=\"og:title\" content=\"A rea\u00e7\u00e3o pol\u00eamica de Luciano ao ser substitu\u00eddo no S\u00e3o Paulo\" \/>\n<meta property=\"og:description\" content=\"O S\u00e3o Paulo iniciou sua jornada no Campeonato Brasileiro com um empate sem gols diante do Sport, em partida disputada no Morumbi. Contudo, um dos lances que marcou o jogo n\u00e3o envolveu a bola, mas sim a rea\u00e7\u00e3o do atacante Luciano ao ser retirado de campo. O jogador demonstrou sua frustra\u00e7\u00e3o de forma expl\u00edcita no [&hellip;]\" \/>\n<meta property=\"og:url\" content=\"https:\/\/www.gaveanews.com\/index.php\/2025\/03\/30\/a-reacao-polemica-de-luciano-ao-ser-substituido-no-sao-paulo\/\" \/>\n<meta property=\"og:site_name\" content=\"G\u00e1vea News\" \/>\n<meta property=\"article:publisher\" content=\"https:\/\/facebook.com\/gaveaNews\/\" \/>\n<meta property=\"article:published_time\" content=\"2025-03-30T19:45:05+00:00\" \/>\n<meta property=\"og:image\" content=\"https:\/\/www.gaveanews.com\/wp-content\/uploads\/Luciano-com-a-camisa-do-Sao-Paulo-dem-2023.webp\" \/>\n\t<meta property=\"og:image:width\" content=\"1066\" \/>\n\t<meta property=\"og:image:height\" content=\"710\" \/>\n\t<meta property=\"og:image:type\" content=\"image\/jpeg\" \/>\n<meta name=\"author\" content=\"Hudson Pereira\" \/>\n<meta name=\"twitter:card\" content=\"summary_large_image\" \/>\n<meta name=\"twitter:label1\" content=\"Escrito por\" \/>\n\t<meta name=\"twitter:data1\" content=\"Hudson Pereira\" \/>\n\t<meta name=\"twitter:label2\" content=\"Est. tempo de leitura\" \/>\n\t<meta name=\"twitter:data2\" content=\"3 minutos\" \/>\n<script type=\"application\/ld+json\" class=\"yoast-schema-graph\">{\"@context\":\"https:\/\/schema.org\",\"@graph\":[{\"@type\":\"NewsArticle\",\"@id\":\"https:\/\/www.gaveanews.com\/index.php\/2025\/03\/30\/a-reacao-polemica-de-luciano-ao-ser-substituido-no-sao-paulo\/#article\",\"isPartOf\":{\"@id\":\"https:\/\/www.gaveanews.com\/index.php\/2025\/03\/30\/a-reacao-polemica-de-luciano-ao-ser-substituido-no-sao-paulo\/\"},\"author\":{\"name\":\"Hudson Pereira\",\"@id\":\"https:\/\/www.gaveanews.com\/#\/schema\/person\/bd08f00534b403119b92741a6d469ef0\"},\"headline\":\"A rea\u00e7\u00e3o pol\u00eamica de Luciano ao ser substitu\u00eddo no S\u00e3o Paulo\",\"datePublished\":\"2025-03-30T19:45:05+00:00\",\"mainEntityOfPage\":{\"@id\":\"https:\/\/www.gaveanews.com\/index.php\/2025\/03\/30\/a-reacao-polemica-de-luciano-ao-ser-substituido-no-sao-paulo\/\"},\"wordCount\":478,\"commentCount\":0,\"image\":{\"@id\":\"https:\/\/www.gaveanews.com\/index.php\/2025\/03\/30\/a-reacao-polemica-de-luciano-ao-ser-substituido-no-sao-paulo\/#primaryimage\"},\"thumbnailUrl\":\"https:\/\/www.gaveanews.com\/wp-content\/uploads\/Luciano-com-a-camisa-do-Sao-Paulo-dem-2023.webp\",\"articleSection\":[\"S\u00e3o Paulo\"],\"inLanguage\":\"pt-BR\",\"potentialAction\":[{\"@type\":\"CommentAction\",\"name\":\"Comment\",\"target\":[\"https:\/\/www.gaveanews.com\/index.php\/2025\/03\/30\/a-reacao-polemica-de-luciano-ao-ser-substituido-no-sao-paulo\/#respond\"]}],\"copyrightYear\":\"2025\",\"copyrightHolder\":{\"@id\":\"https:\/\/www.gaveanews.com\/#organization\"}},{\"@type\":\"WebPage\",\"@id\":\"https:\/\/www.gaveanews.com\/index.php\/2025\/03\/30\/a-reacao-polemica-de-luciano-ao-ser-substituido-no-sao-paulo\/\",\"url\":\"https:\/\/www.gaveanews.com\/index.php\/2025\/03\/30\/a-reacao-polemica-de-luciano-ao-ser-substituido-no-sao-paulo\/\",\"name\":\"A rea\u00e7\u00e3o pol\u00eamica de Luciano ao ser substitu\u00eddo no S\u00e3o Paulo\",\"isPartOf\":{\"@id\":\"https:\/\/www.gaveanews.com\/#website\"},\"primaryImageOfPage\":{\"@id\":\"https:\/\/www.gaveanews.com\/index.php\/2025\/03\/30\/a-reacao-polemica-de-luciano-ao-ser-substituido-no-sao-paulo\/#primaryimage\"},\"image\":{\"@id\":\"https:\/\/www.gaveanews.com\/index.php\/2025\/03\/30\/a-reacao-polemica-de-luciano-ao-ser-substituido-no-sao-paulo\/#primaryimage\"},\"thumbnailUrl\":\"https:\/\/www.gaveanews.com\/wp-content\/uploads\/Luciano-com-a-camisa-do-Sao-Paulo-dem-2023.webp\",\"datePublished\":\"2025-03-30T19:45:05+00:00\",\"author\":{\"@id\":\"https:\/\/www.gaveanews.com\/#\/schema\/person\/bd08f00534b403119b92741a6d469ef0\"},\"breadcrumb\":{\"@id\":\"https:\/\/www.gaveanews.com\/index.php\/2025\/03\/30\/a-reacao-polemica-de-luciano-ao-ser-substituido-no-sao-paulo\/#breadcrumb\"},\"inLanguage\":\"pt-BR\",\"potentialAction\":[{\"@type\":\"ReadAction\",\"target\":[\"https:\/\/www.gaveanews.com\/index.php\/2025\/03\/30\/a-reacao-polemica-de-luciano-ao-ser-substituido-no-sao-paulo\/\"]}]},{\"@type\":\"ImageObject\",\"inLanguage\":\"pt-BR\",\"@id\":\"https:\/\/www.gaveanews.com\/index.php\/2025\/03\/30\/a-reacao-polemica-de-luciano-ao-ser-substituido-no-sao-paulo\/#primaryimage\",\"url\":\"https:\/\/www.gaveanews.com\/wp-content\/uploads\/Luciano-com-a-camisa-do-Sao-Paulo-dem-2023.webp\",\"contentUrl\":\"https:\/\/www.gaveanews.com\/wp-content\/uploads\/Luciano-com-a-camisa-do-Sao-Paulo-dem-2023.webp\",\"width\":1066,\"height\":710,\"caption\":\"Luciano com a camisa do S\u00e3o Paulo em 2023 (Foto: Reprodu\u00e7\u00e3o\/Instagram)\"},{\"@type\":\"BreadcrumbList\",\"@id\":\"https:\/\/www.gaveanews.com\/index.php\/2025\/03\/30\/a-reacao-polemica-de-luciano-ao-ser-substituido-no-sao-paulo\/#breadcrumb\",\"itemListElement\":[{\"@type\":\"ListItem\",\"position\":1,\"name\":\"Home\",\"item\":\"https:\/\/www.gaveanews.com\/\"},{\"@type\":\"ListItem\",\"position\":2,\"name\":\"A rea\u00e7\u00e3o pol\u00eamica de Luciano ao ser substitu\u00eddo no S\u00e3o Paulo\"}]},{\"@type\":\"WebSite\",\"@id\":\"https:\/\/www.gaveanews.com\/#website\",\"url\":\"https:\/\/www.gaveanews.com\/\",\"name\":\"G\u00e1vea News\",\"description\":\"Veja todas as not\u00edcias sobre o Flamengo: Contrata\u00e7\u00f5es, categorias de base, resultados das partidas, tabela de classifica\u00e7\u00e3o, pr\u00f3ximos jogos!\",\"potentialAction\":[{\"@type\":\"SearchAction\",\"target\":{\"@type\":\"EntryPoint\",\"urlTemplate\":\"https:\/\/www.gaveanews.com\/?s={search_term_string}\"},\"query-input\":{\"@type\":\"PropertyValueSpecification\",\"valueRequired\":true,\"valueName\":\"search_term_string\"}}],\"inLanguage\":\"pt-BR\"},{\"@type\":\"Person\",\"@id\":\"https:\/\/www.gaveanews.com\/#\/schema\/person\/bd08f00534b403119b92741a6d469ef0\",\"name\":\"Hudson Pereira\",\"image\":{\"@type\":\"ImageObject\",\"inLanguage\":\"pt-BR\",\"@id\":\"https:\/\/www.gaveanews.com\/#\/schema\/person\/image\/\",\"url\":\"https:\/\/secure.gravatar.com\/avatar\/ecc491b489e454e510efffc9b23c1052ce5fb4f2e05555768ba65819cd55f03e?s=96&d=mm&r=g\",\"contentUrl\":\"https:\/\/secure.gravatar.com\/avatar\/ecc491b489e454e510efffc9b23c1052ce5fb4f2e05555768ba65819cd55f03e?s=96&d=mm&r=g\",\"caption\":\"Hudson Pereira\"}}]}<\/script>\n<!-- \/ Yoast SEO Premium plugin. -->","yoast_head_json":{"title":"A rea\u00e7\u00e3o pol\u00eamica de Luciano ao ser substitu\u00eddo no S\u00e3o Paulo","robots":{"index":"index","follow":"follow","max-snippet":"max-snippet:-1","max-image-preview":"max-image-preview:large","max-video-preview":"max-video-preview:-1"},"canonical":"https:\/\/www.gaveanews.com\/index.php\/2025\/03\/30\/a-reacao-polemica-de-luciano-ao-ser-substituido-no-sao-paulo\/","og_locale":"pt_BR","og_type":"article","og_title":"A rea\u00e7\u00e3o pol\u00eamica de Luciano ao ser substitu\u00eddo no S\u00e3o Paulo","og_description":"O S\u00e3o Paulo iniciou sua jornada no Campeonato Brasileiro com um empate sem gols diante do Sport, em partida disputada no Morumbi. Contudo, um dos lances que marcou o jogo n\u00e3o envolveu a bola, mas sim a rea\u00e7\u00e3o do atacante Luciano ao ser retirado de campo. O jogador demonstrou sua frustra\u00e7\u00e3o de forma expl\u00edcita no [&hellip;]","og_url":"https:\/\/www.gaveanews.com\/index.php\/2025\/03\/30\/a-reacao-polemica-de-luciano-ao-ser-substituido-no-sao-paulo\/","og_site_name":"G\u00e1vea News","article_publisher":"https:\/\/facebook.com\/gaveaNews\/","article_published_time":"2025-03-30T19:45:05+00:00","og_image":[{"width":1066,"height":710,"url":"https:\/\/www.gaveanews.com\/wp-content\/uploads\/Luciano-com-a-camisa-do-Sao-Paulo-dem-2023.webp","type":"image\/jpeg"}],"author":"Hudson Pereira","twitter_card":"summary_large_image","twitter_misc":{"Escrito por":"Hudson Pereira","Est. tempo de leitura":"3 minutos"},"schema":{"@context":"https:\/\/schema.org","@graph":[{"@type":"NewsArticle","@id":"https:\/\/www.gaveanews.com\/index.php\/2025\/03\/30\/a-reacao-polemica-de-luciano-ao-ser-substituido-no-sao-paulo\/#article","isPartOf":{"@id":"https:\/\/www.gaveanews.com\/index.php\/2025\/03\/30\/a-reacao-polemica-de-luciano-ao-ser-substituido-no-sao-paulo\/"},"author":{"name":"Hudson Pereira","@id":"https:\/\/www.gaveanews.com\/#\/schema\/person\/bd08f00534b403119b92741a6d469ef0"},"headline":"A rea\u00e7\u00e3o pol\u00eamica de Luciano ao ser substitu\u00eddo no S\u00e3o Paulo","datePublished":"2025-03-30T19:45:05+00:00","mainEntityOfPage":{"@id":"https:\/\/www.gaveanews.com\/index.php\/2025\/03\/30\/a-reacao-polemica-de-luciano-ao-ser-substituido-no-sao-paulo\/"},"wordCount":478,"commentCount":0,"image":{"@id":"https:\/\/www.gaveanews.com\/index.php\/2025\/03\/30\/a-reacao-polemica-de-luciano-ao-ser-substituido-no-sao-paulo\/#primaryimage"},"thumbnailUrl":"https:\/\/www.gaveanews.com\/wp-content\/uploads\/Luciano-com-a-camisa-do-Sao-Paulo-dem-2023.webp","articleSection":["S\u00e3o Paulo"],"inLanguage":"pt-BR","potentialAction":[{"@type":"CommentAction","name":"Comment","target":["https:\/\/www.gaveanews.com\/index.php\/2025\/03\/30\/a-reacao-polemica-de-luciano-ao-ser-substituido-no-sao-paulo\/#respond"]}],"copyrightYear":"2025","copyrightHolder":{"@id":"https:\/\/www.gaveanews.com\/#organization"}},{"@type":"WebPage","@id":"https:\/\/www.gaveanews.com\/index.php\/2025\/03\/30\/a-reacao-polemica-de-luciano-ao-ser-substituido-no-sao-paulo\/","url":"https:\/\/www.gaveanews.com\/index.php\/2025\/03\/30\/a-reacao-polemica-de-luciano-ao-ser-substituido-no-sao-paulo\/","name":"A rea\u00e7\u00e3o pol\u00eamica de Luciano ao ser substitu\u00eddo no S\u00e3o Paulo","isPartOf":{"@id":"https:\/\/www.gaveanews.com\/#website"},"primaryImageOfPage":{"@id":"https:\/\/www.gaveanews.com\/index.php\/2025\/03\/30\/a-reacao-polemica-de-luciano-ao-ser-substituido-no-sao-paulo\/#primaryimage"},"image":{"@id":"https:\/\/www.gaveanews.com\/index.php\/2025\/03\/30\/a-reacao-polemica-de-luciano-ao-ser-substituido-no-sao-paulo\/#primaryimage"},"thumbnailUrl":"https:\/\/www.gaveanews.com\/wp-content\/uploads\/Luciano-com-a-camisa-do-Sao-Paulo-dem-2023.webp","datePublished":"2025-03-30T19:45:05+00:00","author":{"@id":"https:\/\/www.gaveanews.com\/#\/schema\/person\/bd08f00534b403119b92741a6d469ef0"},"breadcrumb":{"@id":"https:\/\/www.gaveanews.com\/index.php\/2025\/03\/30\/a-reacao-polemica-de-luciano-ao-ser-substituido-no-sao-paulo\/#breadcrumb"},"inLanguage":"pt-BR","potentialAction":[{"@type":"ReadAction","target":["https:\/\/www.gaveanews.com\/index.php\/2025\/03\/30\/a-reacao-polemica-de-luciano-ao-ser-substituido-no-sao-paulo\/"]}]},{"@type":"ImageObject","inLanguage":"pt-BR","@id":"https:\/\/www.gaveanews.com\/index.php\/2025\/03\/30\/a-reacao-polemica-de-luciano-ao-ser-substituido-no-sao-paulo\/#primaryimage","url":"https:\/\/www.gaveanews.com\/wp-content\/uploads\/Luciano-com-a-camisa-do-Sao-Paulo-dem-2023.webp","contentUrl":"https:\/\/www.gaveanews.com\/wp-content\/uploads\/Luciano-com-a-camisa-do-Sao-Paulo-dem-2023.webp","width":1066,"height":710,"caption":"Luciano com a camisa do S\u00e3o Paulo em 2023 (Foto: Reprodu\u00e7\u00e3o\/Instagram)"},{"@type":"BreadcrumbList","@id":"https:\/\/www.gaveanews.com\/index.php\/2025\/03\/30\/a-reacao-polemica-de-luciano-ao-ser-substituido-no-sao-paulo\/#breadcrumb","itemListElement":[{"@type":"ListItem","position":1,"name":"Home","item":"https:\/\/www.gaveanews.com\/"},{"@type":"ListItem","position":2,"name":"A rea\u00e7\u00e3o pol\u00eamica de Luciano ao ser substitu\u00eddo no S\u00e3o Paulo"}]},{"@type":"WebSite","@id":"https:\/\/www.gaveanews.com\/#website","url":"https:\/\/www.gaveanews.com\/","name":"G\u00e1vea News","description":"Veja todas as not\u00edcias sobre o Flamengo: Contrata\u00e7\u00f5es, categorias de base, resultados das partidas, tabela de classifica\u00e7\u00e3o, pr\u00f3ximos jogos!","potentialAction":[{"@type":"SearchAction","target":{"@type":"EntryPoint","urlTemplate":"https:\/\/www.gaveanews.com\/?s={search_term_string}"},"query-input":{"@type":"PropertyValueSpecification","valueRequired":true,"valueName":"search_term_string"}}],"inLanguage":"pt-BR"},{"@type":"Person","@id":"https:\/\/www.gaveanews.com\/#\/schema\/person\/bd08f00534b403119b92741a6d469ef0","name":"Hudson Pereira","image":{"@type":"ImageObject","inLanguage":"pt-BR","@id":"https:\/\/www.gaveanews.com\/#\/schema\/person\/image\/","url":"https:\/\/secure.gravatar.com\/avatar\/ecc491b489e454e510efffc9b23c1052ce5fb4f2e05555768ba65819cd55f03e?s=96&d=mm&r=g","contentUrl":"https:\/\/secure.gravatar.com\/avatar\/ecc491b489e454e510efffc9b23c1052ce5fb4f2e05555768ba65819cd55f03e?s=96&d=mm&r=g","caption":"Hudson Pereira"}}]}},"_links":{"self":[{"href":"https:\/\/www.gaveanews.com\/index.php\/wp-json\/wp\/v2\/posts\/246649","targetHints":{"allow":["GET"]}}],"collection":[{"href":"https:\/\/www.gaveanews.com\/index.php\/wp-json\/wp\/v2\/posts"}],"about":[{"href":"https:\/\/www.gaveanews.com\/index.php\/wp-json\/wp\/v2\/types\/post"}],"author":[{"embeddable":true,"href":"https:\/\/www.gaveanews.com\/index.php\/wp-json\/wp\/v2\/users\/28"}],"replies":[{"embeddable":true,"href":"https:\/\/www.gaveanews.com\/index.php\/wp-json\/wp\/v2\/comments?post=246649"}],"version-history":[{"count":2,"href":"https:\/\/www.gaveanews.com\/index.php\/wp-json\/wp\/v2\/posts\/246649\/revisions"}],"predecessor-version":[{"id":246651,"href":"https:\/\/www.gaveanews.com\/index.php\/wp-json\/wp\/v2\/posts\/246649\/revisions\/246651"}],"wp:featuredmedia":[{"embeddable":true,"href":"https:\/\/www.gaveanews.com\/index.php\/wp-json\/wp\/v2\/media\/159987"}],"wp:attachment":[{"href":"https:\/\/www.gaveanews.com\/index.php\/wp-json\/wp\/v2\/media?parent=246649"}],"wp:term":[{"taxonomy":"category","embeddable":true,"href":"https:\/\/www.gaveanews.com\/index.php\/wp-json\/wp\/v2\/categories?post=246649"},{"taxonomy":"post_tag","embeddable":true,"href":"https:\/\/www.gaveanews.com\/index.php\/wp-json\/wp\/v2\/tags?post=246649"}],"curies":[{"name":"wp","href":"https:\/\/api.w.org\/{rel}","templated":true}]}}